{"id":1009,"date":"2019-03-31T11:51:00","date_gmt":"2019-03-31T11:51:00","guid":{"rendered":"https:\/\/acompanyamentfamiliar.com\/?p=1009"},"modified":"2025-04-13T11:51:34","modified_gmt":"2025-04-13T11:51:34","slug":"vinculacio-i-reconeixement-una-necessitat-autentica","status":"publish","type":"post","link":"https:\/\/acompanyamentfamiliar.com\/es\/articulos\/vinculacio-i-reconeixement-una-necessitat-autentica\/","title":{"rendered":"VINCULACI\u00d3 I RECONEIXEMENT: UNA NECESSITAT AUT\u00c8NTICA"},"content":{"rendered":"\n<p>Els \u00e9ssers humans necessitem establir un aferrament sa per poder construir una visi\u00f3 del m\u00f3n afable i segura. Si no constru\u00efm aquest vincle, veiem el m\u00f3n com un espai on sobreviure-hi m\u00e9s que viure-hi; estem en alerta constant i gran part de l\u2019energia que aix\u00f2 ens pren, deixa de ser emprada en expandir la nostra capacitat d\u2019aprenentatge i de crear milions de connexions neuronals que formaran, posteriorment, autopistes per on circularan les nostres habilitats, emocions, coneixements, etc. \u00c9s a dir, que la vinculaci\u00f3 sana i forta \u00e9s essencial tamb\u00e9 en aquest proc\u00e9s d\u2019acompanyament als infants, ja que els permet crear una realitat externa prou estable i confiable, alhora que possibilita un terreny f\u00e8rtil en el moment de mirar endins i crear una pr\u00f2pia imatge i autoconcepte.<\/p>\n\n\n\n<p>L\u2019autoconcepte \u00e9s fonamental en la construcci\u00f3 de la pr\u00f2pia identitat com a persones, i contribueix de manera desmesurada en la pr\u00f2pia autoestima. Si tenim un bon aferrament incial, i percebem l\u2019entorn i les persones que ens rodegen com quelcom obert a interacci\u00f3, ens anem obrint progressivament i anem establint contactes i vincles que ens van donant feedback. Amb un lloc segur on retornar quan el m\u00f3n extern se\u2019ns fa massa, anem creant una confian\u00e7a interna de qui som envers l\u2019altr@, qui som envers all\u00f2 conegut i lo desconegut, envers nosaltres mateix@s, etc. Anem creant un ventall de \u201cjos\u201d reals, alhora que anem inventant \u201cjos\u201d possibles en el m\u00f3n del joc simb\u00f2lic. L\u2019autoconcepte s\u2019enriqueix, varia i es flexibilitza com m\u00e9s experi\u00e8ncies tenim; i quant m\u00e9s seguritzades aquestes s\u00f3n, l\u2019infant m\u00e9s segur se sent i explora un ventall m\u00e9s ampli de possibilitats, expandint aix\u00ed les variables que sorgeixen al posar-se davant noves situacions a les que trobar\u00e0 noves maneres de resposta. Aqu\u00ed apareix la creativitat com a tret essencial (no exclusiu) dels \u00e9ssers humans, la capacitat de crear nous camins davant experi\u00e8ncies noves, que aportin una major comprensi\u00f3 del m\u00f3n i un despelgament de les capacitats internes. M\u2019agradaria aqu\u00ed fer refer\u00e8ncia al concepte de Maturana &amp; Varela (bi\u00f2leg i fil\u00f2sof respectivament) que van engendrar per donar nom a aquesta capacitat de tot organisme viu, des del unicel\u00b7lular fins al \u00e9sser m\u00e9s complex \u2013\u00e9sser hum\u00e0- de fer-se a s\u00ed mateix i d\u2019autorregular-se en funci\u00f3 de les pr\u00f2pies necessitats. El terme ve del grec, <em>autopoiesis<\/em>, de l\u2019arrel <em>auto-<\/em>: a s\u00ed mateix, i <em>\u2013poiesis<\/em>: generaci\u00f3, regulaci\u00f3. Doncs crec fermament que les persones tenim aquesta capacitat innata, des de l\u2019estat embrionari, de construir-nos a nosaltres mateix@s, de crear-nos en el m\u00f3n que ens envolta d\u2019una manera sana i sostenible, sempre i quan, ens sentim protegid@s per l\u2019adult de refer\u00e8ncia, en sentim vinculad@s i reconegud@s per l\u2019entorn que ens envolta.<\/p>\n\n\n\n<p>\u00c9s important aqu\u00ed parlar del reconeixement, aquesta necessitat b\u00e0sica dels infants de ser mirats i ser acceptats per ser com s\u00f3n. Si aix\u00f2 no es d\u00f3na, els infants comencen a buscar desesperadament ser vist@s, ser observats pels adults, i \u00e9s en aquest punt on es genera la crida d\u2019atenci\u00f3. Com ja hem dit que els infants s\u00f3n creatius per naturalesa, podem concloure que les maneres de cridar l\u2019atenci\u00f3 seran infinites, depenent del patr\u00f3 comportamental que desenvolupi cada infant, dins d\u2019un eix que es polaritza en la submissi\u00f3 o la rebeldia. \u00c9s important aqu\u00ed fer \u00e8mfasis en la mirada de l\u2019adult, \u00e9s a dir, de quina manera mirem als infants, qu\u00e8 els transmetem, si som capa\u00e7@s de tenir una mirada neutra i amorosa envers elles i ells, o si per el contrari, tenim prejudicis i concepcions del m\u00f3n fixes i dogm\u00e0tiques i aix\u00ed els ho transmetem. Quan m\u00e9s obert@s a estem a deixar-nos sorprendre per la capacitat dels infants a l\u2019hora de categortizar el m\u00f3n que els envolta, i quan m\u00e9s capa\u00e7@s siguem de tenir aquesta mirada i aquesta escolta amorosa i activa que els reconeix com a persones \u00edntegres, m\u00e9s se sentiran reconegud@s pels adults i no hauran d\u2019inventar estrat\u00e8gies per tal de fer-se veure, la majoria dels cops, a costa de deixar de ser qui realment s\u00f3n per ser all\u00f2 que els adults acatem o aplaudim.<\/p>\n\n\n\n<p><strong>Elisenda Pascual i Mart\u00ed<\/strong><\/p>\n\n\n\n<p>Psic\u00f2loga a Acompanyament Familiar<\/p>\n","protected":false},"excerpt":{"rendered":"<p>Els \u00e9ssers humans necessitem establir un aferrament sa per poder construir una visi\u00f3 del m\u00f3n afable i segura. Si no constru\u00efm aquest vincle, veiem el m\u00f3n com un espai on sobreviure-hi m\u00e9s que viure-hi; estem en alerta constant i gran part de l\u2019energia que aix\u00f2 ens pren, deixa de ser emprada en expandir la nostra [&hellip;]<\/p>\n","protected":false},"author":1,"featured_media":1011,"comment_status":"closed","ping_status":"closed","sticky":false,"template":"","format":"standard","meta":{"footnotes":""},"categories":[9],"tags":[],"class_list":["post-1009","post","type-post","status-publish","format-standard","has-post-thumbnail","hentry","category-articulos"],"yoast_head":"<!-- This site is optimized with the Yoast SEO plugin v26.8 - https:\/\/yoast.com\/product\/yoast-seo-wordpress\/ -->\n<title>VINCULACI\u00d3 I RECONEIXEMENT: UNA NECESSITAT AUT\u00c8NTICA - Acompanyament Familiar<\/title>\n<meta name=\"robots\" content=\"index, follow, max-snippet:-1, max-image-preview:large, max-video-preview:-1\" \/>\n<link rel=\"canonical\" href=\"https:\/\/acompanyamentfamiliar.com\/es\/articulos\/vinculacio-i-reconeixement-una-necessitat-autentica\/\" \/>\n<meta property=\"og:locale\" content=\"es_ES\" \/>\n<meta property=\"og:type\" content=\"article\" \/>\n<meta property=\"og:title\" content=\"VINCULACI\u00d3 I RECONEIXEMENT: UNA NECESSITAT AUT\u00c8NTICA - Acompanyament Familiar\" \/>\n<meta property=\"og:description\" content=\"Els \u00e9ssers humans necessitem establir un aferrament sa per poder construir una visi\u00f3 del m\u00f3n afable i segura. Si no constru\u00efm aquest vincle, veiem el m\u00f3n com un espai on sobreviure-hi m\u00e9s que viure-hi; estem en alerta constant i gran part de l\u2019energia que aix\u00f2 ens pren, deixa de ser emprada en expandir la nostra [&hellip;]\" \/>\n<meta property=\"og:url\" content=\"https:\/\/acompanyamentfamiliar.com\/es\/articulos\/vinculacio-i-reconeixement-una-necessitat-autentica\/\" \/>\n<meta property=\"og:site_name\" content=\"Acompanyament Familiar\" \/>\n<meta property=\"article:published_time\" content=\"2019-03-31T11:51:00+00:00\" \/>\n<meta property=\"article:modified_time\" content=\"2025-04-13T11:51:34+00:00\" \/>\n<meta property=\"og:image\" content=\"https:\/\/acompanyamentfamiliar.com\/wp-content\/uploads\/2025\/04\/vinculacion-y-reconocimiento.jpg\" \/>\n\t<meta property=\"og:image:width\" content=\"300\" \/>\n\t<meta property=\"og:image:height\" content=\"149\" \/>\n\t<meta property=\"og:image:type\" content=\"image\/jpeg\" \/>\n<meta name=\"author\" content=\"admin\" \/>\n<meta name=\"twitter:card\" content=\"summary_large_image\" \/>\n<meta name=\"twitter:label1\" content=\"Escrito por\" \/>\n\t<meta name=\"twitter:data1\" content=\"admin\" \/>\n\t<meta name=\"twitter:label2\" content=\"Tiempo de lectura\" \/>\n\t<meta name=\"twitter:data2\" content=\"4 minutos\" \/>\n<script type=\"application\/ld+json\" class=\"yoast-schema-graph\">{\"@context\":\"https:\/\/schema.org\",\"@graph\":[{\"@type\":\"Article\",\"@id\":\"https:\/\/acompanyamentfamiliar.com\/es\/articulos\/vinculacio-i-reconeixement-una-necessitat-autentica\/#article\",\"isPartOf\":{\"@id\":\"https:\/\/acompanyamentfamiliar.com\/es\/articulos\/vinculacio-i-reconeixement-una-necessitat-autentica\/\"},\"author\":{\"name\":\"admin\",\"@id\":\"https:\/\/acompanyamentfamiliar.com\/es\/#\/schema\/person\/2cd1d7b797c09f8e73d0ab6b36585040\"},\"headline\":\"VINCULACI\u00d3 I RECONEIXEMENT: UNA NECESSITAT AUT\u00c8NTICA\",\"datePublished\":\"2019-03-31T11:51:00+00:00\",\"dateModified\":\"2025-04-13T11:51:34+00:00\",\"mainEntityOfPage\":{\"@id\":\"https:\/\/acompanyamentfamiliar.com\/es\/articulos\/vinculacio-i-reconeixement-una-necessitat-autentica\/\"},\"wordCount\":757,\"publisher\":{\"@id\":\"https:\/\/acompanyamentfamiliar.com\/es\/#organization\"},\"image\":{\"@id\":\"https:\/\/acompanyamentfamiliar.com\/es\/articulos\/vinculacio-i-reconeixement-una-necessitat-autentica\/#primaryimage\"},\"thumbnailUrl\":\"https:\/\/acompanyamentfamiliar.com\/wp-content\/uploads\/2025\/04\/vinculacion-y-reconocimiento.jpg\",\"articleSection\":[\"Art\u00edculos\"],\"inLanguage\":\"es\"},{\"@type\":\"WebPage\",\"@id\":\"https:\/\/acompanyamentfamiliar.com\/es\/articulos\/vinculacio-i-reconeixement-una-necessitat-autentica\/\",\"url\":\"https:\/\/acompanyamentfamiliar.com\/es\/articulos\/vinculacio-i-reconeixement-una-necessitat-autentica\/\",\"name\":\"VINCULACI\u00d3 I RECONEIXEMENT: UNA NECESSITAT AUT\u00c8NTICA - Acompanyament Familiar\",\"isPartOf\":{\"@id\":\"https:\/\/acompanyamentfamiliar.com\/es\/#website\"},\"primaryImageOfPage\":{\"@id\":\"https:\/\/acompanyamentfamiliar.com\/es\/articulos\/vinculacio-i-reconeixement-una-necessitat-autentica\/#primaryimage\"},\"image\":{\"@id\":\"https:\/\/acompanyamentfamiliar.com\/es\/articulos\/vinculacio-i-reconeixement-una-necessitat-autentica\/#primaryimage\"},\"thumbnailUrl\":\"https:\/\/acompanyamentfamiliar.com\/wp-content\/uploads\/2025\/04\/vinculacion-y-reconocimiento.jpg\",\"datePublished\":\"2019-03-31T11:51:00+00:00\",\"dateModified\":\"2025-04-13T11:51:34+00:00\",\"breadcrumb\":{\"@id\":\"https:\/\/acompanyamentfamiliar.com\/es\/articulos\/vinculacio-i-reconeixement-una-necessitat-autentica\/#breadcrumb\"},\"inLanguage\":\"es\",\"potentialAction\":[{\"@type\":\"ReadAction\",\"target\":[\"https:\/\/acompanyamentfamiliar.com\/es\/articulos\/vinculacio-i-reconeixement-una-necessitat-autentica\/\"]}]},{\"@type\":\"ImageObject\",\"inLanguage\":\"es\",\"@id\":\"https:\/\/acompanyamentfamiliar.com\/es\/articulos\/vinculacio-i-reconeixement-una-necessitat-autentica\/#primaryimage\",\"url\":\"https:\/\/acompanyamentfamiliar.com\/wp-content\/uploads\/2025\/04\/vinculacion-y-reconocimiento.jpg\",\"contentUrl\":\"https:\/\/acompanyamentfamiliar.com\/wp-content\/uploads\/2025\/04\/vinculacion-y-reconocimiento.jpg\",\"width\":300,\"height\":149,\"caption\":\"Blog Acompanyament Familiar\"},{\"@type\":\"BreadcrumbList\",\"@id\":\"https:\/\/acompanyamentfamiliar.com\/es\/articulos\/vinculacio-i-reconeixement-una-necessitat-autentica\/#breadcrumb\",\"itemListElement\":[{\"@type\":\"ListItem\",\"position\":1,\"name\":\"Portada\",\"item\":\"https:\/\/acompanyamentfamiliar.com\/es\/\"},{\"@type\":\"ListItem\",\"position\":2,\"name\":\"VINCULACI\u00d3 I RECONEIXEMENT: UNA NECESSITAT AUT\u00c8NTICA\"}]},{\"@type\":\"WebSite\",\"@id\":\"https:\/\/acompanyamentfamiliar.com\/es\/#website\",\"url\":\"https:\/\/acompanyamentfamiliar.com\/es\/\",\"name\":\"Acompanyament Familiar\",\"description\":\"Psic\u00f3logas en Barcelona: Acompa\u00f1amiento familiar\",\"publisher\":{\"@id\":\"https:\/\/acompanyamentfamiliar.com\/es\/#organization\"},\"potentialAction\":[{\"@type\":\"SearchAction\",\"target\":{\"@type\":\"EntryPoint\",\"urlTemplate\":\"https:\/\/acompanyamentfamiliar.com\/es\/?s={search_term_string}\"},\"query-input\":{\"@type\":\"PropertyValueSpecification\",\"valueRequired\":true,\"valueName\":\"search_term_string\"}}],\"inLanguage\":\"es\"},{\"@type\":\"Organization\",\"@id\":\"https:\/\/acompanyamentfamiliar.com\/es\/#organization\",\"name\":\"Acompanyament Familiar\",\"url\":\"https:\/\/acompanyamentfamiliar.com\/es\/\",\"logo\":{\"@type\":\"ImageObject\",\"inLanguage\":\"es\",\"@id\":\"https:\/\/acompanyamentfamiliar.com\/es\/#\/schema\/logo\/image\/\",\"url\":\"https:\/\/acompanyamentfamiliar.com\/wp-content\/uploads\/2025\/03\/logo_acompanyamnet_familiar.png\",\"contentUrl\":\"https:\/\/acompanyamentfamiliar.com\/wp-content\/uploads\/2025\/03\/logo_acompanyamnet_familiar.png\",\"width\":241,\"height\":126,\"caption\":\"Acompanyament Familiar\"},\"image\":{\"@id\":\"https:\/\/acompanyamentfamiliar.com\/es\/#\/schema\/logo\/image\/\"}},{\"@type\":\"Person\",\"@id\":\"https:\/\/acompanyamentfamiliar.com\/es\/#\/schema\/person\/2cd1d7b797c09f8e73d0ab6b36585040\",\"name\":\"admin\",\"image\":{\"@type\":\"ImageObject\",\"inLanguage\":\"es\",\"@id\":\"https:\/\/acompanyamentfamiliar.com\/es\/#\/schema\/person\/image\/\",\"url\":\"https:\/\/secure.gravatar.com\/avatar\/073937bd7f1a8c2904d9fa1ec5e3919f37a465744fcb187f31d4ddf76bcbd0d0?s=96&d=mm&r=g\",\"contentUrl\":\"https:\/\/secure.gravatar.com\/avatar\/073937bd7f1a8c2904d9fa1ec5e3919f37a465744fcb187f31d4ddf76bcbd0d0?s=96&d=mm&r=g\",\"caption\":\"admin\"},\"sameAs\":[\"https:\/\/acompanyamentfamiliar.com\"],\"url\":\"https:\/\/acompanyamentfamiliar.com\/es\/author\/admin\/\"}]}<\/script>\n<!-- \/ Yoast SEO plugin. -->","yoast_head_json":{"title":"VINCULACI\u00d3 I RECONEIXEMENT: UNA NECESSITAT AUT\u00c8NTICA - Acompanyament Familiar","robots":{"index":"index","follow":"follow","max-snippet":"max-snippet:-1","max-image-preview":"max-image-preview:large","max-video-preview":"max-video-preview:-1"},"canonical":"https:\/\/acompanyamentfamiliar.com\/es\/articulos\/vinculacio-i-reconeixement-una-necessitat-autentica\/","og_locale":"es_ES","og_type":"article","og_title":"VINCULACI\u00d3 I RECONEIXEMENT: UNA NECESSITAT AUT\u00c8NTICA - Acompanyament Familiar","og_description":"Els \u00e9ssers humans necessitem establir un aferrament sa per poder construir una visi\u00f3 del m\u00f3n afable i segura. Si no constru\u00efm aquest vincle, veiem el m\u00f3n com un espai on sobreviure-hi m\u00e9s que viure-hi; estem en alerta constant i gran part de l\u2019energia que aix\u00f2 ens pren, deixa de ser emprada en expandir la nostra [&hellip;]","og_url":"https:\/\/acompanyamentfamiliar.com\/es\/articulos\/vinculacio-i-reconeixement-una-necessitat-autentica\/","og_site_name":"Acompanyament Familiar","article_published_time":"2019-03-31T11:51:00+00:00","article_modified_time":"2025-04-13T11:51:34+00:00","og_image":[{"width":300,"height":149,"url":"https:\/\/acompanyamentfamiliar.com\/wp-content\/uploads\/2025\/04\/vinculacion-y-reconocimiento.jpg","type":"image\/jpeg"}],"author":"admin","twitter_card":"summary_large_image","twitter_misc":{"Escrito por":"admin","Tiempo de lectura":"4 minutos"},"schema":{"@context":"https:\/\/schema.org","@graph":[{"@type":"Article","@id":"https:\/\/acompanyamentfamiliar.com\/es\/articulos\/vinculacio-i-reconeixement-una-necessitat-autentica\/#article","isPartOf":{"@id":"https:\/\/acompanyamentfamiliar.com\/es\/articulos\/vinculacio-i-reconeixement-una-necessitat-autentica\/"},"author":{"name":"admin","@id":"https:\/\/acompanyamentfamiliar.com\/es\/#\/schema\/person\/2cd1d7b797c09f8e73d0ab6b36585040"},"headline":"VINCULACI\u00d3 I RECONEIXEMENT: UNA NECESSITAT AUT\u00c8NTICA","datePublished":"2019-03-31T11:51:00+00:00","dateModified":"2025-04-13T11:51:34+00:00","mainEntityOfPage":{"@id":"https:\/\/acompanyamentfamiliar.com\/es\/articulos\/vinculacio-i-reconeixement-una-necessitat-autentica\/"},"wordCount":757,"publisher":{"@id":"https:\/\/acompanyamentfamiliar.com\/es\/#organization"},"image":{"@id":"https:\/\/acompanyamentfamiliar.com\/es\/articulos\/vinculacio-i-reconeixement-una-necessitat-autentica\/#primaryimage"},"thumbnailUrl":"https:\/\/acompanyamentfamiliar.com\/wp-content\/uploads\/2025\/04\/vinculacion-y-reconocimiento.jpg","articleSection":["Art\u00edculos"],"inLanguage":"es"},{"@type":"WebPage","@id":"https:\/\/acompanyamentfamiliar.com\/es\/articulos\/vinculacio-i-reconeixement-una-necessitat-autentica\/","url":"https:\/\/acompanyamentfamiliar.com\/es\/articulos\/vinculacio-i-reconeixement-una-necessitat-autentica\/","name":"VINCULACI\u00d3 I RECONEIXEMENT: UNA NECESSITAT AUT\u00c8NTICA - Acompanyament Familiar","isPartOf":{"@id":"https:\/\/acompanyamentfamiliar.com\/es\/#website"},"primaryImageOfPage":{"@id":"https:\/\/acompanyamentfamiliar.com\/es\/articulos\/vinculacio-i-reconeixement-una-necessitat-autentica\/#primaryimage"},"image":{"@id":"https:\/\/acompanyamentfamiliar.com\/es\/articulos\/vinculacio-i-reconeixement-una-necessitat-autentica\/#primaryimage"},"thumbnailUrl":"https:\/\/acompanyamentfamiliar.com\/wp-content\/uploads\/2025\/04\/vinculacion-y-reconocimiento.jpg","datePublished":"2019-03-31T11:51:00+00:00","dateModified":"2025-04-13T11:51:34+00:00","breadcrumb":{"@id":"https:\/\/acompanyamentfamiliar.com\/es\/articulos\/vinculacio-i-reconeixement-una-necessitat-autentica\/#breadcrumb"},"inLanguage":"es","potentialAction":[{"@type":"ReadAction","target":["https:\/\/acompanyamentfamiliar.com\/es\/articulos\/vinculacio-i-reconeixement-una-necessitat-autentica\/"]}]},{"@type":"ImageObject","inLanguage":"es","@id":"https:\/\/acompanyamentfamiliar.com\/es\/articulos\/vinculacio-i-reconeixement-una-necessitat-autentica\/#primaryimage","url":"https:\/\/acompanyamentfamiliar.com\/wp-content\/uploads\/2025\/04\/vinculacion-y-reconocimiento.jpg","contentUrl":"https:\/\/acompanyamentfamiliar.com\/wp-content\/uploads\/2025\/04\/vinculacion-y-reconocimiento.jpg","width":300,"height":149,"caption":"Blog Acompanyament Familiar"},{"@type":"BreadcrumbList","@id":"https:\/\/acompanyamentfamiliar.com\/es\/articulos\/vinculacio-i-reconeixement-una-necessitat-autentica\/#breadcrumb","itemListElement":[{"@type":"ListItem","position":1,"name":"Portada","item":"https:\/\/acompanyamentfamiliar.com\/es\/"},{"@type":"ListItem","position":2,"name":"VINCULACI\u00d3 I RECONEIXEMENT: UNA NECESSITAT AUT\u00c8NTICA"}]},{"@type":"WebSite","@id":"https:\/\/acompanyamentfamiliar.com\/es\/#website","url":"https:\/\/acompanyamentfamiliar.com\/es\/","name":"Acompanyament Familiar","description":"Psic\u00f3logas en Barcelona: Acompa\u00f1amiento familiar","publisher":{"@id":"https:\/\/acompanyamentfamiliar.com\/es\/#organization"},"potentialAction":[{"@type":"SearchAction","target":{"@type":"EntryPoint","urlTemplate":"https:\/\/acompanyamentfamiliar.com\/es\/?s={search_term_string}"},"query-input":{"@type":"PropertyValueSpecification","valueRequired":true,"valueName":"search_term_string"}}],"inLanguage":"es"},{"@type":"Organization","@id":"https:\/\/acompanyamentfamiliar.com\/es\/#organization","name":"Acompanyament Familiar","url":"https:\/\/acompanyamentfamiliar.com\/es\/","logo":{"@type":"ImageObject","inLanguage":"es","@id":"https:\/\/acompanyamentfamiliar.com\/es\/#\/schema\/logo\/image\/","url":"https:\/\/acompanyamentfamiliar.com\/wp-content\/uploads\/2025\/03\/logo_acompanyamnet_familiar.png","contentUrl":"https:\/\/acompanyamentfamiliar.com\/wp-content\/uploads\/2025\/03\/logo_acompanyamnet_familiar.png","width":241,"height":126,"caption":"Acompanyament Familiar"},"image":{"@id":"https:\/\/acompanyamentfamiliar.com\/es\/#\/schema\/logo\/image\/"}},{"@type":"Person","@id":"https:\/\/acompanyamentfamiliar.com\/es\/#\/schema\/person\/2cd1d7b797c09f8e73d0ab6b36585040","name":"admin","image":{"@type":"ImageObject","inLanguage":"es","@id":"https:\/\/acompanyamentfamiliar.com\/es\/#\/schema\/person\/image\/","url":"https:\/\/secure.gravatar.com\/avatar\/073937bd7f1a8c2904d9fa1ec5e3919f37a465744fcb187f31d4ddf76bcbd0d0?s=96&d=mm&r=g","contentUrl":"https:\/\/secure.gravatar.com\/avatar\/073937bd7f1a8c2904d9fa1ec5e3919f37a465744fcb187f31d4ddf76bcbd0d0?s=96&d=mm&r=g","caption":"admin"},"sameAs":["https:\/\/acompanyamentfamiliar.com"],"url":"https:\/\/acompanyamentfamiliar.com\/es\/author\/admin\/"}]}},"_links":{"self":[{"href":"https:\/\/acompanyamentfamiliar.com\/es\/wp-json\/wp\/v2\/posts\/1009","targetHints":{"allow":["GET"]}}],"collection":[{"href":"https:\/\/acompanyamentfamiliar.com\/es\/wp-json\/wp\/v2\/posts"}],"about":[{"href":"https:\/\/acompanyamentfamiliar.com\/es\/wp-json\/wp\/v2\/types\/post"}],"author":[{"embeddable":true,"href":"https:\/\/acompanyamentfamiliar.com\/es\/wp-json\/wp\/v2\/users\/1"}],"replies":[{"embeddable":true,"href":"https:\/\/acompanyamentfamiliar.com\/es\/wp-json\/wp\/v2\/comments?post=1009"}],"version-history":[{"count":1,"href":"https:\/\/acompanyamentfamiliar.com\/es\/wp-json\/wp\/v2\/posts\/1009\/revisions"}],"predecessor-version":[{"id":1010,"href":"https:\/\/acompanyamentfamiliar.com\/es\/wp-json\/wp\/v2\/posts\/1009\/revisions\/1010"}],"wp:featuredmedia":[{"embeddable":true,"href":"https:\/\/acompanyamentfamiliar.com\/es\/wp-json\/wp\/v2\/media\/1011"}],"wp:attachment":[{"href":"https:\/\/acompanyamentfamiliar.com\/es\/wp-json\/wp\/v2\/media?parent=1009"}],"wp:term":[{"taxonomy":"category","embeddable":true,"href":"https:\/\/acompanyamentfamiliar.com\/es\/wp-json\/wp\/v2\/categories?post=1009"},{"taxonomy":"post_tag","embeddable":true,"href":"https:\/\/acompanyamentfamiliar.com\/es\/wp-json\/wp\/v2\/tags?post=1009"}],"curies":[{"name":"wp","href":"https:\/\/api.w.org\/{rel}","templated":true}]}}