{"id":1014,"date":"2019-03-01T11:52:00","date_gmt":"2019-03-01T11:52:00","guid":{"rendered":"https:\/\/acompanyamentfamiliar.com\/?p=1014"},"modified":"2025-04-13T12:36:41","modified_gmt":"2025-04-13T12:36:41","slug":"el-acoso-infantil","status":"publish","type":"post","link":"https:\/\/acompanyamentfamiliar.com\/es\/articulos\/el-acoso-infantil\/","title":{"rendered":"EL ACOSO INFANTIL"},"content":{"rendered":"\n<p>El fen\u00f3meno del acoso escolar se ha convertido, en la \u00faltima d\u00e9cada, sobre todo, en motivo de preocupaci\u00f3n por parte de instituciones escolares y familias. Des de que me aproximo a las escuelas y AFAs a poder conversar sobre ello, me he dado cuenta de que&nbsp;<strong>la perpetuaci\u00f3n del acoso escolar radica en la mala comprensi\u00f3n que tenemos de este tipo de situaciones<\/strong>. Aqu\u00ed os voy a listar algunas de las ideas err\u00f3neas que secundan la perpetuaci\u00f3n de este fen\u00f3meno:<\/p>\n\n\n\n<p><em>El acoso escolar\u2026<\/em><\/p>\n\n\n\n<ul class=\"wp-block-list\">\n<li><em>\u201ces cosa de ni\u00f1xs\u201d<\/em><\/li>\n<\/ul>\n\n\n\n<p>si bien es cierto que quienes lo sufren son lxs ni\u00f1xs, el acoso escolar tiene un fondo mucho m\u00e1s profundo que el que puede nacer de las criaturas o adolescentes.&nbsp;<strong>Los comportamientos disruptivos que se dan en este tipo de din\u00e1micas t\u00f3xicas tienen la ra\u00edz en la forma de criar y acompa\u00f1ar sus primeros a\u00f1os de vida<\/strong>, c\u00f3mo les ponemos los&nbsp;l\u00edmites, qu\u00e9 presencia les ofrecemos, c\u00f3mo gestionamos sus juegos de poder, etc.<\/p>\n\n\n\n<ul class=\"wp-block-list\">\n<li><em>\u201cha pasado siempre\u201d<\/em><\/li>\n<\/ul>\n\n\n\n<p>s\u00ed, claro.&nbsp;<strong>El dolor en la infancia es la herida que arrastramos como humanidad<\/strong>; es el fuego que alimenta el caos planetario. Que las cosas hayan pasado siempre no tiene porqu\u00e9 significar que sean positivas o sanas. De hecho, opino que cada vez tomamos m\u00e1s conciencia como adultxs acompa\u00f1antes de aquello que no genera salud y tratamos de ponerle remedio. Es por eso por lo que parece que actualmente existan m\u00e1s casos de acoso escolar y no es as\u00ed. Lo que s\u00ed sucede es que ahora nuestra mirada est\u00e1 m\u00e1s afinada y podemos detectar qu\u00e9 es realmente lo que sucede en este tipo de fen\u00f3meno.<\/p>\n\n\n\n<ul class=\"wp-block-list\">\n<li><em>\u201cel\/la que maltrata es malx\u201d<\/em><\/li>\n<\/ul>\n\n\n\n<p>seguimos viendo el acoso escolar en t\u00e9rminos de \u201cbuenxs\u201d y \u201cmalxs\u201d. El\/la que recibe es considerado como una v\u00edctima, y el\/la que genera dolor, unx agresorx. Hasta que sigamos dualizando este tipo de situaciones no podremos salir de la rueda de h\u00e1mster que perpet\u00faa el acoso. Si observamos en t\u00e9rminos emocionales el fen\u00f3meno del acoso escolar, detectaremos r\u00e1pidamente que&nbsp;<strong>todas las figuras que toman lugar en esta din\u00e1mica son<\/strong>&nbsp;<strong>v\u00edctimas<\/strong>; por un lado, tenemos a aquellxs que reciben el dolor, la exclusi\u00f3n, las burlas, los golpes, etc. Aqu\u00ed est\u00e1 claro que podemos llamarles v\u00edctimas porqu\u00e9 encaja con la definici\u00f3n consensuada de lo que socialmente se considera una v\u00edctima. Pero si nos fijamos en las personas que perpetran el acoso escolar, veremos que el inmenso dolor interno con el que viven (sea por abandono, maltrato, abuso, sobreprotecci\u00f3n, etc.) les genera un deseo de ocasionarlo fuero. De esta forma, una v\u00edctima, genera otra v\u00edctima.<\/p>\n\n\n\n<ul class=\"wp-block-list\">\n<li><em>\u201cas\u00ed se curten\u201d<\/em><\/li>\n<\/ul>\n\n\n\n<p>la creencia que la Vida es dura y que mejor endurecerse en la infancia para estar preparadxs para la etapa adulta, es, a mi pesar, bastante extendida. La Vida no es dura, es Vida, con cosas maravillosas, y cosas dur\u00edsimas.&nbsp;<strong>\u201cCurtir\u201d a una criatura para que est\u00e9 preparada, no har\u00e1 m\u00e1s que hacerla inmune al dolor y al abuso<\/strong>. La infancia deber\u00eda ser una etapa donde recibir amor, afecto, respeto, educar en el consentimiento y en la salud mental, para as\u00ed poder identificar con m\u00e1s destreza aquellas situaciones t\u00f3xicas con las que nos vamos a cruzar. Sin amor propio, toleramos m\u00e1s malos tratos que si nos amamos, respetamos y sabemos lo que nos gusta. Conseguirlo depende de que nos lo hayan ofrecido y permitido en edades tempranas, donde instauramos el registro de tolerancia al amor o, por lo contrario, tolerancia al dolor.<\/p>\n\n\n\n<ul class=\"wp-block-list\">\n<li><em>\u201cel problema es de la escuela\u201d<\/em><\/li>\n<\/ul>\n\n\n\n<p>si has le\u00eddo hasta aqu\u00ed, te habr\u00e1s dado cuenta de que&nbsp;<strong>el acoso escolar empieza mucho antes que las criaturas den el salto al mundo escolar<\/strong>. Cierto es que la interacci\u00f3n con iguales genera espacios y din\u00e1micas donde pueden aflorar este tipo de comportamientos y fen\u00f3menos, ahora bien, creer que el entorno es el generador del conflicto es totalmente falso. Es precisamente este entorno el que permite que emerjan los dolores varios de los que hemos hablado, y por este motivo requiere que los sistemas educativos revisen sus tolerancias, sus estructuras y la forma en como se acompa\u00f1an emocionalmente los conflictos y situaciones entre iguales. De todas formas, sin un enlace de cooperaci\u00f3n con la familia, el acoso escolar s\u00f3lo se va a trasladar de la escuela a una actividad extraescolar, o a otras esferas de la Vida de esx ni\u00f1x.<\/p>\n\n\n\n<h3 class=\"wp-block-heading\"><strong>SI QUIERES PROFUNDIZAR M\u00c1S EN ESTA TEM\u00c1TICA Y PODER OBSERVARLA DESDE UN FOCO DISTINTO, TE INVITO A QUE TE CONECTES EL PR\u00d3XIMO MARTES 5 DE MARZO A LAS 21H (HORA DE BARCELONA) PARA UN DIRECTO SOBRE ESTA TEM\u00c1TICA.<\/strong><\/h3>\n\n\n\n<h3 class=\"wp-block-heading\"><strong>PUEDES DEJAR TUS DUDAS Y\/O PREGUNTAS AQU\u00cd DEBAJO Y TE LAS RESPONDER\u00c9 ENCANTADA.<\/strong><\/h3>\n\n\n\n<h3 class=\"wp-block-heading\"><strong>PUEDES CONECTARTE A:<\/strong><\/h3>\n\n\n\n<h3 class=\"wp-block-heading\"><strong>FBK:&nbsp;<\/strong><a href=\"https:\/\/www.facebook.com\/psicologiarespetuosa\" target=\"_blank\" rel=\"noreferrer noopener\"><strong>HTTPS:\/\/WWW.FACEBOOK.COM\/PSICOLOGIARESPETUOSA<\/strong><\/a><\/h3>\n\n\n\n<h3 class=\"wp-block-heading\"><strong>INSTAGRAM:&nbsp;<\/strong><a href=\"https:\/\/www.instagram.com\/elisendapascualmarti\/\" target=\"_blank\" rel=\"noreferrer noopener\"><strong>@ELISENDAPASCUALMARTI<\/strong><\/a><\/h3>\n\n\n\n<p>Elisenda Pascual i Mart\u00ed<\/p>\n\n\n\n<p>Psic\u00f3loga y psicoterapeuta<\/p>\n\n\n\n<p>Directora de Acompanyament Familiar<\/p>\n","protected":false},"excerpt":{"rendered":"<p>El fen\u00f3meno del acoso escolar se ha convertido, en la \u00faltima d\u00e9cada, sobre todo, en motivo de preocupaci\u00f3n por parte de instituciones escolares y familias. Des de que me aproximo a las escuelas y AFAs a poder conversar sobre ello, me he dado cuenta de que&nbsp;la perpetuaci\u00f3n del acoso escolar radica en la mala comprensi\u00f3n [&hellip;]<\/p>\n","protected":false},"author":1,"featured_media":1133,"comment_status":"closed","ping_status":"closed","sticky":false,"template":"","format":"standard","meta":{"footnotes":""},"categories":[9],"tags":[],"class_list":["post-1014","post","type-post","status-publish","format-standard","has-post-thumbnail","hentry","category-articulos"],"yoast_head":"<!-- This site is optimized with the Yoast SEO plugin v26.8 - https:\/\/yoast.com\/product\/yoast-seo-wordpress\/ -->\n<title>EL ACOSO INFANTIL - Acompanyament Familiar<\/title>\n<meta name=\"robots\" content=\"index, follow, max-snippet:-1, max-image-preview:large, max-video-preview:-1\" \/>\n<link rel=\"canonical\" href=\"https:\/\/acompanyamentfamiliar.com\/es\/articulos\/el-acoso-infantil\/\" \/>\n<meta property=\"og:locale\" content=\"es_ES\" \/>\n<meta property=\"og:type\" content=\"article\" \/>\n<meta property=\"og:title\" content=\"EL ACOSO INFANTIL - Acompanyament Familiar\" \/>\n<meta property=\"og:description\" content=\"El fen\u00f3meno del acoso escolar se ha convertido, en la \u00faltima d\u00e9cada, sobre todo, en motivo de preocupaci\u00f3n por parte de instituciones escolares y familias. Des de que me aproximo a las escuelas y AFAs a poder conversar sobre ello, me he dado cuenta de que&nbsp;la perpetuaci\u00f3n del acoso escolar radica en la mala comprensi\u00f3n [&hellip;]\" \/>\n<meta property=\"og:url\" content=\"https:\/\/acompanyamentfamiliar.com\/es\/articulos\/el-acoso-infantil\/\" \/>\n<meta property=\"og:site_name\" content=\"Acompanyament Familiar\" \/>\n<meta property=\"article:published_time\" content=\"2019-03-01T11:52:00+00:00\" \/>\n<meta property=\"article:modified_time\" content=\"2025-04-13T12:36:41+00:00\" \/>\n<meta property=\"og:image\" content=\"https:\/\/acompanyamentfamiliar.com\/wp-content\/uploads\/2019\/03\/acoso-infantil.jpeg\" \/>\n\t<meta property=\"og:image:width\" content=\"645\" \/>\n\t<meta property=\"og:image:height\" content=\"320\" \/>\n\t<meta property=\"og:image:type\" content=\"image\/jpeg\" \/>\n<meta name=\"author\" content=\"admin\" \/>\n<meta name=\"twitter:card\" content=\"summary_large_image\" \/>\n<meta name=\"twitter:label1\" content=\"Escrito por\" \/>\n\t<meta name=\"twitter:data1\" content=\"admin\" \/>\n\t<meta name=\"twitter:label2\" content=\"Tiempo de lectura\" \/>\n\t<meta name=\"twitter:data2\" content=\"4 minutos\" \/>\n<script type=\"application\/ld+json\" class=\"yoast-schema-graph\">{\"@context\":\"https:\/\/schema.org\",\"@graph\":[{\"@type\":\"Article\",\"@id\":\"https:\/\/acompanyamentfamiliar.com\/es\/articulos\/el-acoso-infantil\/#article\",\"isPartOf\":{\"@id\":\"https:\/\/acompanyamentfamiliar.com\/es\/articulos\/el-acoso-infantil\/\"},\"author\":{\"name\":\"admin\",\"@id\":\"https:\/\/acompanyamentfamiliar.com\/es\/#\/schema\/person\/2cd1d7b797c09f8e73d0ab6b36585040\"},\"headline\":\"EL ACOSO INFANTIL\",\"datePublished\":\"2019-03-01T11:52:00+00:00\",\"dateModified\":\"2025-04-13T12:36:41+00:00\",\"mainEntityOfPage\":{\"@id\":\"https:\/\/acompanyamentfamiliar.com\/es\/articulos\/el-acoso-infantil\/\"},\"wordCount\":866,\"publisher\":{\"@id\":\"https:\/\/acompanyamentfamiliar.com\/es\/#organization\"},\"image\":{\"@id\":\"https:\/\/acompanyamentfamiliar.com\/es\/articulos\/el-acoso-infantil\/#primaryimage\"},\"thumbnailUrl\":\"https:\/\/acompanyamentfamiliar.com\/wp-content\/uploads\/2019\/03\/acoso-infantil.jpeg\",\"articleSection\":[\"Art\u00edculos\"],\"inLanguage\":\"es\"},{\"@type\":\"WebPage\",\"@id\":\"https:\/\/acompanyamentfamiliar.com\/es\/articulos\/el-acoso-infantil\/\",\"url\":\"https:\/\/acompanyamentfamiliar.com\/es\/articulos\/el-acoso-infantil\/\",\"name\":\"EL ACOSO INFANTIL - Acompanyament Familiar\",\"isPartOf\":{\"@id\":\"https:\/\/acompanyamentfamiliar.com\/es\/#website\"},\"primaryImageOfPage\":{\"@id\":\"https:\/\/acompanyamentfamiliar.com\/es\/articulos\/el-acoso-infantil\/#primaryimage\"},\"image\":{\"@id\":\"https:\/\/acompanyamentfamiliar.com\/es\/articulos\/el-acoso-infantil\/#primaryimage\"},\"thumbnailUrl\":\"https:\/\/acompanyamentfamiliar.com\/wp-content\/uploads\/2019\/03\/acoso-infantil.jpeg\",\"datePublished\":\"2019-03-01T11:52:00+00:00\",\"dateModified\":\"2025-04-13T12:36:41+00:00\",\"breadcrumb\":{\"@id\":\"https:\/\/acompanyamentfamiliar.com\/es\/articulos\/el-acoso-infantil\/#breadcrumb\"},\"inLanguage\":\"es\",\"potentialAction\":[{\"@type\":\"ReadAction\",\"target\":[\"https:\/\/acompanyamentfamiliar.com\/es\/articulos\/el-acoso-infantil\/\"]}]},{\"@type\":\"ImageObject\",\"inLanguage\":\"es\",\"@id\":\"https:\/\/acompanyamentfamiliar.com\/es\/articulos\/el-acoso-infantil\/#primaryimage\",\"url\":\"https:\/\/acompanyamentfamiliar.com\/wp-content\/uploads\/2019\/03\/acoso-infantil.jpeg\",\"contentUrl\":\"https:\/\/acompanyamentfamiliar.com\/wp-content\/uploads\/2019\/03\/acoso-infantil.jpeg\",\"width\":645,\"height\":320,\"caption\":\"Acoso infantil Blog Acompanyament Familiar\"},{\"@type\":\"BreadcrumbList\",\"@id\":\"https:\/\/acompanyamentfamiliar.com\/es\/articulos\/el-acoso-infantil\/#breadcrumb\",\"itemListElement\":[{\"@type\":\"ListItem\",\"position\":1,\"name\":\"Portada\",\"item\":\"https:\/\/acompanyamentfamiliar.com\/es\/\"},{\"@type\":\"ListItem\",\"position\":2,\"name\":\"EL ACOSO INFANTIL\"}]},{\"@type\":\"WebSite\",\"@id\":\"https:\/\/acompanyamentfamiliar.com\/es\/#website\",\"url\":\"https:\/\/acompanyamentfamiliar.com\/es\/\",\"name\":\"Acompanyament Familiar\",\"description\":\"Psic\u00f3logas en Barcelona: Acompa\u00f1amiento familiar\",\"publisher\":{\"@id\":\"https:\/\/acompanyamentfamiliar.com\/es\/#organization\"},\"potentialAction\":[{\"@type\":\"SearchAction\",\"target\":{\"@type\":\"EntryPoint\",\"urlTemplate\":\"https:\/\/acompanyamentfamiliar.com\/es\/?s={search_term_string}\"},\"query-input\":{\"@type\":\"PropertyValueSpecification\",\"valueRequired\":true,\"valueName\":\"search_term_string\"}}],\"inLanguage\":\"es\"},{\"@type\":\"Organization\",\"@id\":\"https:\/\/acompanyamentfamiliar.com\/es\/#organization\",\"name\":\"Acompanyament Familiar\",\"url\":\"https:\/\/acompanyamentfamiliar.com\/es\/\",\"logo\":{\"@type\":\"ImageObject\",\"inLanguage\":\"es\",\"@id\":\"https:\/\/acompanyamentfamiliar.com\/es\/#\/schema\/logo\/image\/\",\"url\":\"https:\/\/acompanyamentfamiliar.com\/wp-content\/uploads\/2025\/03\/logo_acompanyamnet_familiar.png\",\"contentUrl\":\"https:\/\/acompanyamentfamiliar.com\/wp-content\/uploads\/2025\/03\/logo_acompanyamnet_familiar.png\",\"width\":241,\"height\":126,\"caption\":\"Acompanyament Familiar\"},\"image\":{\"@id\":\"https:\/\/acompanyamentfamiliar.com\/es\/#\/schema\/logo\/image\/\"}},{\"@type\":\"Person\",\"@id\":\"https:\/\/acompanyamentfamiliar.com\/es\/#\/schema\/person\/2cd1d7b797c09f8e73d0ab6b36585040\",\"name\":\"admin\",\"image\":{\"@type\":\"ImageObject\",\"inLanguage\":\"es\",\"@id\":\"https:\/\/acompanyamentfamiliar.com\/es\/#\/schema\/person\/image\/\",\"url\":\"https:\/\/secure.gravatar.com\/avatar\/073937bd7f1a8c2904d9fa1ec5e3919f37a465744fcb187f31d4ddf76bcbd0d0?s=96&d=mm&r=g\",\"contentUrl\":\"https:\/\/secure.gravatar.com\/avatar\/073937bd7f1a8c2904d9fa1ec5e3919f37a465744fcb187f31d4ddf76bcbd0d0?s=96&d=mm&r=g\",\"caption\":\"admin\"},\"sameAs\":[\"https:\/\/acompanyamentfamiliar.com\"],\"url\":\"https:\/\/acompanyamentfamiliar.com\/es\/author\/admin\/\"}]}<\/script>\n<!-- \/ Yoast SEO plugin. -->","yoast_head_json":{"title":"EL ACOSO INFANTIL - Acompanyament Familiar","robots":{"index":"index","follow":"follow","max-snippet":"max-snippet:-1","max-image-preview":"max-image-preview:large","max-video-preview":"max-video-preview:-1"},"canonical":"https:\/\/acompanyamentfamiliar.com\/es\/articulos\/el-acoso-infantil\/","og_locale":"es_ES","og_type":"article","og_title":"EL ACOSO INFANTIL - Acompanyament Familiar","og_description":"El fen\u00f3meno del acoso escolar se ha convertido, en la \u00faltima d\u00e9cada, sobre todo, en motivo de preocupaci\u00f3n por parte de instituciones escolares y familias. Des de que me aproximo a las escuelas y AFAs a poder conversar sobre ello, me he dado cuenta de que&nbsp;la perpetuaci\u00f3n del acoso escolar radica en la mala comprensi\u00f3n [&hellip;]","og_url":"https:\/\/acompanyamentfamiliar.com\/es\/articulos\/el-acoso-infantil\/","og_site_name":"Acompanyament Familiar","article_published_time":"2019-03-01T11:52:00+00:00","article_modified_time":"2025-04-13T12:36:41+00:00","og_image":[{"width":645,"height":320,"url":"https:\/\/acompanyamentfamiliar.com\/wp-content\/uploads\/2019\/03\/acoso-infantil.jpeg","type":"image\/jpeg"}],"author":"admin","twitter_card":"summary_large_image","twitter_misc":{"Escrito por":"admin","Tiempo de lectura":"4 minutos"},"schema":{"@context":"https:\/\/schema.org","@graph":[{"@type":"Article","@id":"https:\/\/acompanyamentfamiliar.com\/es\/articulos\/el-acoso-infantil\/#article","isPartOf":{"@id":"https:\/\/acompanyamentfamiliar.com\/es\/articulos\/el-acoso-infantil\/"},"author":{"name":"admin","@id":"https:\/\/acompanyamentfamiliar.com\/es\/#\/schema\/person\/2cd1d7b797c09f8e73d0ab6b36585040"},"headline":"EL ACOSO INFANTIL","datePublished":"2019-03-01T11:52:00+00:00","dateModified":"2025-04-13T12:36:41+00:00","mainEntityOfPage":{"@id":"https:\/\/acompanyamentfamiliar.com\/es\/articulos\/el-acoso-infantil\/"},"wordCount":866,"publisher":{"@id":"https:\/\/acompanyamentfamiliar.com\/es\/#organization"},"image":{"@id":"https:\/\/acompanyamentfamiliar.com\/es\/articulos\/el-acoso-infantil\/#primaryimage"},"thumbnailUrl":"https:\/\/acompanyamentfamiliar.com\/wp-content\/uploads\/2019\/03\/acoso-infantil.jpeg","articleSection":["Art\u00edculos"],"inLanguage":"es"},{"@type":"WebPage","@id":"https:\/\/acompanyamentfamiliar.com\/es\/articulos\/el-acoso-infantil\/","url":"https:\/\/acompanyamentfamiliar.com\/es\/articulos\/el-acoso-infantil\/","name":"EL ACOSO INFANTIL - Acompanyament Familiar","isPartOf":{"@id":"https:\/\/acompanyamentfamiliar.com\/es\/#website"},"primaryImageOfPage":{"@id":"https:\/\/acompanyamentfamiliar.com\/es\/articulos\/el-acoso-infantil\/#primaryimage"},"image":{"@id":"https:\/\/acompanyamentfamiliar.com\/es\/articulos\/el-acoso-infantil\/#primaryimage"},"thumbnailUrl":"https:\/\/acompanyamentfamiliar.com\/wp-content\/uploads\/2019\/03\/acoso-infantil.jpeg","datePublished":"2019-03-01T11:52:00+00:00","dateModified":"2025-04-13T12:36:41+00:00","breadcrumb":{"@id":"https:\/\/acompanyamentfamiliar.com\/es\/articulos\/el-acoso-infantil\/#breadcrumb"},"inLanguage":"es","potentialAction":[{"@type":"ReadAction","target":["https:\/\/acompanyamentfamiliar.com\/es\/articulos\/el-acoso-infantil\/"]}]},{"@type":"ImageObject","inLanguage":"es","@id":"https:\/\/acompanyamentfamiliar.com\/es\/articulos\/el-acoso-infantil\/#primaryimage","url":"https:\/\/acompanyamentfamiliar.com\/wp-content\/uploads\/2019\/03\/acoso-infantil.jpeg","contentUrl":"https:\/\/acompanyamentfamiliar.com\/wp-content\/uploads\/2019\/03\/acoso-infantil.jpeg","width":645,"height":320,"caption":"Acoso infantil Blog Acompanyament Familiar"},{"@type":"BreadcrumbList","@id":"https:\/\/acompanyamentfamiliar.com\/es\/articulos\/el-acoso-infantil\/#breadcrumb","itemListElement":[{"@type":"ListItem","position":1,"name":"Portada","item":"https:\/\/acompanyamentfamiliar.com\/es\/"},{"@type":"ListItem","position":2,"name":"EL ACOSO INFANTIL"}]},{"@type":"WebSite","@id":"https:\/\/acompanyamentfamiliar.com\/es\/#website","url":"https:\/\/acompanyamentfamiliar.com\/es\/","name":"Acompanyament Familiar","description":"Psic\u00f3logas en Barcelona: Acompa\u00f1amiento familiar","publisher":{"@id":"https:\/\/acompanyamentfamiliar.com\/es\/#organization"},"potentialAction":[{"@type":"SearchAction","target":{"@type":"EntryPoint","urlTemplate":"https:\/\/acompanyamentfamiliar.com\/es\/?s={search_term_string}"},"query-input":{"@type":"PropertyValueSpecification","valueRequired":true,"valueName":"search_term_string"}}],"inLanguage":"es"},{"@type":"Organization","@id":"https:\/\/acompanyamentfamiliar.com\/es\/#organization","name":"Acompanyament Familiar","url":"https:\/\/acompanyamentfamiliar.com\/es\/","logo":{"@type":"ImageObject","inLanguage":"es","@id":"https:\/\/acompanyamentfamiliar.com\/es\/#\/schema\/logo\/image\/","url":"https:\/\/acompanyamentfamiliar.com\/wp-content\/uploads\/2025\/03\/logo_acompanyamnet_familiar.png","contentUrl":"https:\/\/acompanyamentfamiliar.com\/wp-content\/uploads\/2025\/03\/logo_acompanyamnet_familiar.png","width":241,"height":126,"caption":"Acompanyament Familiar"},"image":{"@id":"https:\/\/acompanyamentfamiliar.com\/es\/#\/schema\/logo\/image\/"}},{"@type":"Person","@id":"https:\/\/acompanyamentfamiliar.com\/es\/#\/schema\/person\/2cd1d7b797c09f8e73d0ab6b36585040","name":"admin","image":{"@type":"ImageObject","inLanguage":"es","@id":"https:\/\/acompanyamentfamiliar.com\/es\/#\/schema\/person\/image\/","url":"https:\/\/secure.gravatar.com\/avatar\/073937bd7f1a8c2904d9fa1ec5e3919f37a465744fcb187f31d4ddf76bcbd0d0?s=96&d=mm&r=g","contentUrl":"https:\/\/secure.gravatar.com\/avatar\/073937bd7f1a8c2904d9fa1ec5e3919f37a465744fcb187f31d4ddf76bcbd0d0?s=96&d=mm&r=g","caption":"admin"},"sameAs":["https:\/\/acompanyamentfamiliar.com"],"url":"https:\/\/acompanyamentfamiliar.com\/es\/author\/admin\/"}]}},"_links":{"self":[{"href":"https:\/\/acompanyamentfamiliar.com\/es\/wp-json\/wp\/v2\/posts\/1014","targetHints":{"allow":["GET"]}}],"collection":[{"href":"https:\/\/acompanyamentfamiliar.com\/es\/wp-json\/wp\/v2\/posts"}],"about":[{"href":"https:\/\/acompanyamentfamiliar.com\/es\/wp-json\/wp\/v2\/types\/post"}],"author":[{"embeddable":true,"href":"https:\/\/acompanyamentfamiliar.com\/es\/wp-json\/wp\/v2\/users\/1"}],"replies":[{"embeddable":true,"href":"https:\/\/acompanyamentfamiliar.com\/es\/wp-json\/wp\/v2\/comments?post=1014"}],"version-history":[{"count":1,"href":"https:\/\/acompanyamentfamiliar.com\/es\/wp-json\/wp\/v2\/posts\/1014\/revisions"}],"predecessor-version":[{"id":1015,"href":"https:\/\/acompanyamentfamiliar.com\/es\/wp-json\/wp\/v2\/posts\/1014\/revisions\/1015"}],"wp:featuredmedia":[{"embeddable":true,"href":"https:\/\/acompanyamentfamiliar.com\/es\/wp-json\/wp\/v2\/media\/1133"}],"wp:attachment":[{"href":"https:\/\/acompanyamentfamiliar.com\/es\/wp-json\/wp\/v2\/media?parent=1014"}],"wp:term":[{"taxonomy":"category","embeddable":true,"href":"https:\/\/acompanyamentfamiliar.com\/es\/wp-json\/wp\/v2\/categories?post=1014"},{"taxonomy":"post_tag","embeddable":true,"href":"https:\/\/acompanyamentfamiliar.com\/es\/wp-json\/wp\/v2\/tags?post=1014"}],"curies":[{"name":"wp","href":"https:\/\/api.w.org\/{rel}","templated":true}]}}