{"id":1016,"date":"2019-01-27T11:53:00","date_gmt":"2019-01-27T11:53:00","guid":{"rendered":"https:\/\/acompanyamentfamiliar.com\/?p=1016"},"modified":"2025-04-13T11:53:49","modified_gmt":"2025-04-13T11:53:49","slug":"la-frustracion-infantil","status":"publish","type":"post","link":"https:\/\/acompanyamentfamiliar.com\/es\/articulos\/la-frustracion-infantil\/","title":{"rendered":"LA FRUSTRACI\u00d3N INFANTIL"},"content":{"rendered":"\n<p>Hoy me gustar\u00eda tocar uno de los temas, para m\u00ed, m\u00e1s importantes y centrales en el acompa\u00f1amiento infantil. Ya me hab\u00e9is escuchado muchas veces decir lo crucial que es poder sostener la frustraci\u00f3n de nuestras criaturas a lo largo de su desarrollo, y es que la construcci\u00f3n de la fortaleza ante las adversidades vitales, radica en estos primeros amagos infantiles de queja por no obtener lo que les gusta o desean.<\/p>\n\n\n\n<p>Conocida es la importancia de la&nbsp;<strong>etapa infantil<\/strong>&nbsp;en el desarrollo de las personas; en estos a\u00f1os tan sensibles, forjamos la base de nuestra futura personalidad. Esta estructura sobre la cual vamos a construirnos, deber\u00eda ser objeto de mirada, de atenci\u00f3n y de cuido de TODOS los estamentos sociales y culturales. Lejos quedan, pero, las pol\u00edticas de conciliaci\u00f3n, la prioridad en el v\u00ednculo primario y todas aquellas facetas sociales que se relacionen con el cuido a la Vida.<\/p>\n\n\n\n<p>La&nbsp;<strong>frustraci\u00f3n&nbsp;<\/strong>forma parte de nuestra vida. Adquirir las herramientas para gestionarla, deber\u00eda ser una prioridad de las adultas acompa\u00f1antes en el acompa\u00f1amiento del desarrollo infantil extrauternio. D\u00e9jame recordarte que en los incios de la Vida fuera del \u00fatero, el beb\u00e9 todav\u00eda est\u00e1 en proceso de formaci\u00f3n y desarrollo. Es por eso que hablamos del embarazo extrauterino. \u00c9ste termina cuando la criatura ya puede ingerir s\u00f3lido y se desplaza (que no camina) por sus propios medios. El embarazo humano, en sus 18 meses de totalidad, comprende el embarazo intrauterino, y el extrauterino. En ambas fases de esta etapa vital, el beb\u00e9&nbsp;<strong>no deber\u00eda experimentar frustraciones que no pueda sostener<\/strong>&nbsp;y que no sean adecuadas con su&nbsp;<a href=\"http:\/\/acompanyamentfamiliar.com\/es\/por-que-mi-hijx-me-lo-pide-todo-lloriqueando\/\" target=\"_blank\" rel=\"noreferrer noopener\">etapa ocular<\/a>. En este momento de su evoluci\u00f3n, el ser humano es totalmente dependiente de la persona gestante y&nbsp;<strong>necesita<\/strong>&nbsp;el contacto con el cuerpo que conoce para sentirse en seguridad (el olor, el latido del coraz\u00f3n, etc.) y obtener el alimento. Fijaros que en esta etapa exterogestante, la gran mayor\u00eda de los beb\u00e9s son obligados a separarse de sus madres debido a las pol\u00edticas de conciliaci\u00f3n. Aunque los beb\u00e9 se queden con personas suficientemente amorosas, su&nbsp;<strong>salud<\/strong>&nbsp;radica en estar en contacto con su madre para terminar de forma \u00f3ptima su propio desarrollo. Esta primera frustraci\u00f3n a la que les sometemos no cuida su bienestar. Es por esto que los beb\u00e9s sanos deben poder expresarlo con llantos, malestares y agitaci\u00f3n, en un principio, para acabar acomod\u00e1ndose al dolor de esta p\u00e9rdida temprana. La queja reiterada es demasiado desgastante para mantenerla en el tiempo y pronto aprenden a&nbsp;<strong>conformarse<\/strong>. Es en estos momentos, cuando puede inscribirse un registro de \u201cconformaci\u00f3n\u201d con el dolor por frustraci\u00f3n. Al no tener recursos para salir de ello, esas criaturas comprenden que&nbsp;<strong>domesticarse<\/strong>&nbsp;es la \u00fanica forma de sobrevivir. Duro visto as\u00ed, \u00bfverdad? Y despu\u00e9s nos preguntamos por qu\u00e9 el mundo va como va. Quien diga que la forma como nos criaban no era tan mala y no generaba malestares, es porqu\u00e9 no lee la prensa o mira las noticias. Una mala gesti\u00f3n de la&nbsp;<strong>frustraci\u00f3n infantil<\/strong>&nbsp;puede generar dolor, trauma y, como veremos ahora, despotismo, narcisismo y egolatr\u00eda (entre otras muchas patolog\u00edas).<\/p>\n\n\n\n<p>Cuando las criaturas acaban su embarazo extrauterino, paulatinamente, van tomando confianza en sus capacidades y, siempre que hayan tenido un sost\u00e9n seguro en su etapa previa, tendr\u00e1n ganas de lanzarse a explorar el mundo (que en esos primeros momentos son 3m alrededor de la figura maternante, \u00a1no os imagin\u00e9is nada m\u00e1s lejos!). En esta interacci\u00f3n con el entorno, el beb\u00e9 empieza a tomar conciencia de sus movimientos y de la gesti\u00f3n que implica el poder generar desplazamiento. De la misma forma que cuando era m\u00e1s peque\u00f1x y quer\u00eda agarrarse el pie, la mano, darse la vuelta, etc. todo lo que implica novedad, puede reportar&nbsp;<strong>frustraci\u00f3n<\/strong>. Antes estos tipos de problemas naturales, sanos y adecuados, es importante que las personas adultas que acompa\u00f1amos, nos preguntemos qu\u00e9 es lo que nos mueve su aprendizaje cuando les genera<strong>&nbsp;malestar<\/strong>.<\/p>\n\n\n\n<p><strong><em>\u00bfLo puedo sostener?<\/em><\/strong><\/p>\n\n\n\n<p><strong><em>\u00bfMe sabe mal que no se salga con la suya?<\/em><\/strong><\/p>\n\n\n\n<p><strong><em>\u00bfConcibo el malestar de la frustraci\u00f3n como algo a evitar?<\/em><\/strong><\/p>\n\n\n\n<p>Es muy importante que te preguntes&nbsp;<strong>qu\u00e9 te sucede cuando ves a tu criatura frustrarse porqu\u00e9 no puede conseguir algo que desea<\/strong>. De verdad, hazte esta pregunta y resp\u00f3ndete con sinceridad. Te va a dar una pista muy grande para darte cuenta de tus reacciones antes estas situaciones. De esta forma vas a poder decidir si estar\u00eda bien tomar distancia o, por el contrario, tomar cercan\u00eda.<\/p>\n\n\n\n<p>Cuando habl\u00e1bamos de la&nbsp;autonom\u00eda infantil&nbsp;ya anunci\u00e9 ciertos tipos de acompa\u00f1amiento que parecen adecuados, pero que en el fondo son \u201cfalsas autonom\u00edas\u201d. Si te acuerdas, estaban las personas que antes situaciones dif\u00edciles de sus criaturas se alteraban y no permit\u00edan que \u00e9stas se tomaran un tiempo para frustarse y descargarse, para luego, encontrar un nuevo camino de resoluci\u00f3n de la dificultad. Era el modelo&nbsp;<strong>sobreprotector<\/strong>. Si tu hijx se quiere poner un zapato y no lo logra, se enfada, llora y no puede, antes de intervenir, acompa\u00f1a su emoci\u00f3n. Puedes acercarte, ponerte a su lado y decirle algo as\u00ed: \u201c<em>veo que tienes ganas de ponerte este zapato y te est\u00e1 costando<\/em>\u201d. Sost\u00e9n esta situaci\u00f3n un rato y deja que tu hijx descargue su frustraci\u00f3n. Ni el zapato es malo, ni \u00e9l es in\u00fatil. Est\u00e1 aprendiendo. Es su camino hacia la autonom\u00eda REAL.&nbsp;<strong>Si me precipito e intervengo, estoy interfiriendo en la oportunidad coherente y adecuada para ense\u00f1arle a gestionar su frustraci\u00f3n.<\/strong>&nbsp;Su deseo era ponerse el zapato. \u00a1Dejemos que encuentre la forma de alcanzarlo! Y si no puede con ello, all\u00ed estaremos nostrxs, dispuestxs a sostener su malestar y ofreci\u00e9ndolo apoyo si as\u00ed nos lo pide<strong>. Intervenir constantemente le har\u00e1 creerse que no tiene aptitudes para las frustraciones adecuadas&nbsp;<\/strong>(se est\u00e1 poniendo un zapato, \u00a1no le pides que fabrique uno!)&nbsp;<strong>y puede que establezca la creencia interna de incapacidad<\/strong>. Vamos a generar una persona que va a estar buscando constantemente alguien que le resuelva los problemas, ya sea a costa de sentirse inferior, o por sentir que siempre as\u00ed ha sido, y as\u00ed debe ser.<\/p>\n\n\n\n<p>Si por el contrario sus incomodidades y frustraciones te provocan risa, le fuerzas constantemente a \u201cespabilarse solx\u201d y no atiendes a su malestar cuando lo expresa, est\u00e1s ajust\u00e1ndote a un patr\u00f3n de&nbsp;<strong>pseudoautonom\u00eda por abandono.<\/strong>&nbsp;Lo que se deriva de ello, es que tu hijx aprenda que la&nbsp;<strong>frustraci\u00f3n es una monta\u00f1a que hay que subir siempre en solitud y con dolor<\/strong>. Cuando una criatura, de forma reiterada, es colocada en un lugar no adecuado para ella, genera un patr\u00f3n de rigidez y fortaleza ante la vida que barre por completo su necesidad de apertura, cobijo y suavidad. Recuerda que las criaturas est\u00e1n en proceso de desarrollo y hay una grand\u00edsima lista de cosas que no saben hacer todav\u00eda. Como personas adultas acompa\u00f1antes debemos conocer qu\u00e9 es adecuado y qu\u00e9 no en cada etapa de su desarrollo para no acabar coloc\u00e1ndoles en situaciones demasiado cargantes. Ense\u00f1arles que \u201c<em>la vida es dura<\/em>\u201d cuando deber\u00edan sentir que es amorosa, es adelantarse en su evoluci\u00f3n.<\/p>\n\n\n\n<h3 class=\"wp-block-heading\"><strong>Si te apetece compartir un poco m\u00e1s acerca de la frustraci\u00f3n, te espero en el&nbsp;DIRECTO&nbsp;del pr\u00f3ximo&nbsp;Martes 19 de febrero a las 21h.<\/strong><\/h3>\n\n\n\n<h3 class=\"wp-block-heading\"><strong>Te animo a que dejes tus preguntas aqu\u00ed debajo para poder respond\u00e9rtelas en vivo.<\/strong><\/h3>\n\n\n\n<h3 class=\"wp-block-heading\"><strong>Puedes conectarte a:<\/strong><\/h3>\n\n\n\n<h5 class=\"wp-block-heading\"><strong>FBK:&nbsp;<\/strong><a href=\"https:\/\/www.facebook.com\/psicologiarespetuosa\" target=\"_blank\" rel=\"noreferrer noopener\"><strong>https:\/\/www.facebook.com\/psicologiarespetuosa<\/strong><\/a><\/h5>\n\n\n\n<h5 class=\"wp-block-heading\"><strong>Instagram:&nbsp;<\/strong><a href=\"https:\/\/www.instagram.com\/elisendapascualmarti\/\" target=\"_blank\" rel=\"noreferrer noopener\"><strong>@elisendapascualmarti<\/strong><\/a><\/h5>\n\n\n\n<h5 class=\"wp-block-heading\"><strong>\u00bfCu\u00e1ndo? MARTES&nbsp;19 de FEBRERO DE 21H A 22H<\/strong><\/h5>\n\n\n\n<p><strong>Elisenda Pascual i Mart\u00ed<\/strong><\/p>\n\n\n\n<p>Psic\u00f3loga, psicoterapeuta y escritora<\/p>\n\n\n\n<p>Fundadora y directora de Acompa\u00f1amiento Familiar<\/p>\n\n\n\n<p><em>elisenda@acompanyamentfamiliar.com<\/em><\/p>\n","protected":false},"excerpt":{"rendered":"<p>Hoy me gustar\u00eda tocar uno de los temas, para m\u00ed, m\u00e1s importantes y centrales en el acompa\u00f1amiento infantil. Ya me hab\u00e9is escuchado muchas veces decir lo crucial que es poder sostener la frustraci\u00f3n de nuestras criaturas a lo largo de su desarrollo, y es que la construcci\u00f3n de la fortaleza ante las adversidades vitales, radica [&hellip;]<\/p>\n","protected":false},"author":1,"featured_media":1018,"comment_status":"closed","ping_status":"closed","sticky":false,"template":"","format":"standard","meta":{"footnotes":""},"categories":[9],"tags":[],"class_list":["post-1016","post","type-post","status-publish","format-standard","has-post-thumbnail","hentry","category-articulos"],"yoast_head":"<!-- This site is optimized with the Yoast SEO plugin v26.8 - https:\/\/yoast.com\/product\/yoast-seo-wordpress\/ -->\n<title>LA FRUSTRACI\u00d3N INFANTIL - Acompanyament Familiar<\/title>\n<meta name=\"robots\" content=\"index, follow, max-snippet:-1, max-image-preview:large, max-video-preview:-1\" \/>\n<link rel=\"canonical\" href=\"https:\/\/acompanyamentfamiliar.com\/es\/articulos\/la-frustracion-infantil\/\" \/>\n<meta property=\"og:locale\" content=\"es_ES\" \/>\n<meta property=\"og:type\" content=\"article\" \/>\n<meta property=\"og:title\" content=\"LA FRUSTRACI\u00d3N INFANTIL - Acompanyament Familiar\" \/>\n<meta property=\"og:description\" content=\"Hoy me gustar\u00eda tocar uno de los temas, para m\u00ed, m\u00e1s importantes y centrales en el acompa\u00f1amiento infantil. Ya me hab\u00e9is escuchado muchas veces decir lo crucial que es poder sostener la frustraci\u00f3n de nuestras criaturas a lo largo de su desarrollo, y es que la construcci\u00f3n de la fortaleza ante las adversidades vitales, radica [&hellip;]\" \/>\n<meta property=\"og:url\" content=\"https:\/\/acompanyamentfamiliar.com\/es\/articulos\/la-frustracion-infantil\/\" \/>\n<meta property=\"og:site_name\" content=\"Acompanyament Familiar\" \/>\n<meta property=\"article:published_time\" content=\"2019-01-27T11:53:00+00:00\" \/>\n<meta property=\"article:modified_time\" content=\"2025-04-13T11:53:49+00:00\" \/>\n<meta property=\"og:image\" content=\"https:\/\/acompanyamentfamiliar.com\/wp-content\/uploads\/2025\/04\/frustracion-infantil.jpeg\" \/>\n\t<meta property=\"og:image:width\" content=\"645\" \/>\n\t<meta property=\"og:image:height\" content=\"320\" \/>\n\t<meta property=\"og:image:type\" content=\"image\/jpeg\" \/>\n<meta name=\"author\" content=\"admin\" \/>\n<meta name=\"twitter:card\" content=\"summary_large_image\" \/>\n<meta name=\"twitter:label1\" content=\"Escrito por\" \/>\n\t<meta name=\"twitter:data1\" content=\"admin\" \/>\n\t<meta name=\"twitter:label2\" content=\"Tiempo de lectura\" \/>\n\t<meta name=\"twitter:data2\" content=\"6 minutos\" \/>\n<script type=\"application\/ld+json\" class=\"yoast-schema-graph\">{\"@context\":\"https:\/\/schema.org\",\"@graph\":[{\"@type\":\"Article\",\"@id\":\"https:\/\/acompanyamentfamiliar.com\/es\/articulos\/la-frustracion-infantil\/#article\",\"isPartOf\":{\"@id\":\"https:\/\/acompanyamentfamiliar.com\/es\/articulos\/la-frustracion-infantil\/\"},\"author\":{\"name\":\"admin\",\"@id\":\"https:\/\/acompanyamentfamiliar.com\/es\/#\/schema\/person\/2cd1d7b797c09f8e73d0ab6b36585040\"},\"headline\":\"LA FRUSTRACI\u00d3N INFANTIL\",\"datePublished\":\"2019-01-27T11:53:00+00:00\",\"dateModified\":\"2025-04-13T11:53:49+00:00\",\"mainEntityOfPage\":{\"@id\":\"https:\/\/acompanyamentfamiliar.com\/es\/articulos\/la-frustracion-infantil\/\"},\"wordCount\":1371,\"publisher\":{\"@id\":\"https:\/\/acompanyamentfamiliar.com\/es\/#organization\"},\"image\":{\"@id\":\"https:\/\/acompanyamentfamiliar.com\/es\/articulos\/la-frustracion-infantil\/#primaryimage\"},\"thumbnailUrl\":\"https:\/\/acompanyamentfamiliar.com\/wp-content\/uploads\/2025\/04\/frustracion-infantil.jpeg\",\"articleSection\":[\"Art\u00edculos\"],\"inLanguage\":\"es\"},{\"@type\":\"WebPage\",\"@id\":\"https:\/\/acompanyamentfamiliar.com\/es\/articulos\/la-frustracion-infantil\/\",\"url\":\"https:\/\/acompanyamentfamiliar.com\/es\/articulos\/la-frustracion-infantil\/\",\"name\":\"LA FRUSTRACI\u00d3N INFANTIL - Acompanyament Familiar\",\"isPartOf\":{\"@id\":\"https:\/\/acompanyamentfamiliar.com\/es\/#website\"},\"primaryImageOfPage\":{\"@id\":\"https:\/\/acompanyamentfamiliar.com\/es\/articulos\/la-frustracion-infantil\/#primaryimage\"},\"image\":{\"@id\":\"https:\/\/acompanyamentfamiliar.com\/es\/articulos\/la-frustracion-infantil\/#primaryimage\"},\"thumbnailUrl\":\"https:\/\/acompanyamentfamiliar.com\/wp-content\/uploads\/2025\/04\/frustracion-infantil.jpeg\",\"datePublished\":\"2019-01-27T11:53:00+00:00\",\"dateModified\":\"2025-04-13T11:53:49+00:00\",\"breadcrumb\":{\"@id\":\"https:\/\/acompanyamentfamiliar.com\/es\/articulos\/la-frustracion-infantil\/#breadcrumb\"},\"inLanguage\":\"es\",\"potentialAction\":[{\"@type\":\"ReadAction\",\"target\":[\"https:\/\/acompanyamentfamiliar.com\/es\/articulos\/la-frustracion-infantil\/\"]}]},{\"@type\":\"ImageObject\",\"inLanguage\":\"es\",\"@id\":\"https:\/\/acompanyamentfamiliar.com\/es\/articulos\/la-frustracion-infantil\/#primaryimage\",\"url\":\"https:\/\/acompanyamentfamiliar.com\/wp-content\/uploads\/2025\/04\/frustracion-infantil.jpeg\",\"contentUrl\":\"https:\/\/acompanyamentfamiliar.com\/wp-content\/uploads\/2025\/04\/frustracion-infantil.jpeg\",\"width\":645,\"height\":320,\"caption\":\"Blog Acompanyament Familiar\"},{\"@type\":\"BreadcrumbList\",\"@id\":\"https:\/\/acompanyamentfamiliar.com\/es\/articulos\/la-frustracion-infantil\/#breadcrumb\",\"itemListElement\":[{\"@type\":\"ListItem\",\"position\":1,\"name\":\"Portada\",\"item\":\"https:\/\/acompanyamentfamiliar.com\/es\/\"},{\"@type\":\"ListItem\",\"position\":2,\"name\":\"LA FRUSTRACI\u00d3N INFANTIL\"}]},{\"@type\":\"WebSite\",\"@id\":\"https:\/\/acompanyamentfamiliar.com\/es\/#website\",\"url\":\"https:\/\/acompanyamentfamiliar.com\/es\/\",\"name\":\"Acompanyament Familiar\",\"description\":\"Psic\u00f3logas en Barcelona: Acompa\u00f1amiento familiar\",\"publisher\":{\"@id\":\"https:\/\/acompanyamentfamiliar.com\/es\/#organization\"},\"potentialAction\":[{\"@type\":\"SearchAction\",\"target\":{\"@type\":\"EntryPoint\",\"urlTemplate\":\"https:\/\/acompanyamentfamiliar.com\/es\/?s={search_term_string}\"},\"query-input\":{\"@type\":\"PropertyValueSpecification\",\"valueRequired\":true,\"valueName\":\"search_term_string\"}}],\"inLanguage\":\"es\"},{\"@type\":\"Organization\",\"@id\":\"https:\/\/acompanyamentfamiliar.com\/es\/#organization\",\"name\":\"Acompanyament Familiar\",\"url\":\"https:\/\/acompanyamentfamiliar.com\/es\/\",\"logo\":{\"@type\":\"ImageObject\",\"inLanguage\":\"es\",\"@id\":\"https:\/\/acompanyamentfamiliar.com\/es\/#\/schema\/logo\/image\/\",\"url\":\"https:\/\/acompanyamentfamiliar.com\/wp-content\/uploads\/2025\/03\/logo_acompanyamnet_familiar.png\",\"contentUrl\":\"https:\/\/acompanyamentfamiliar.com\/wp-content\/uploads\/2025\/03\/logo_acompanyamnet_familiar.png\",\"width\":241,\"height\":126,\"caption\":\"Acompanyament Familiar\"},\"image\":{\"@id\":\"https:\/\/acompanyamentfamiliar.com\/es\/#\/schema\/logo\/image\/\"}},{\"@type\":\"Person\",\"@id\":\"https:\/\/acompanyamentfamiliar.com\/es\/#\/schema\/person\/2cd1d7b797c09f8e73d0ab6b36585040\",\"name\":\"admin\",\"image\":{\"@type\":\"ImageObject\",\"inLanguage\":\"es\",\"@id\":\"https:\/\/acompanyamentfamiliar.com\/es\/#\/schema\/person\/image\/\",\"url\":\"https:\/\/secure.gravatar.com\/avatar\/073937bd7f1a8c2904d9fa1ec5e3919f37a465744fcb187f31d4ddf76bcbd0d0?s=96&d=mm&r=g\",\"contentUrl\":\"https:\/\/secure.gravatar.com\/avatar\/073937bd7f1a8c2904d9fa1ec5e3919f37a465744fcb187f31d4ddf76bcbd0d0?s=96&d=mm&r=g\",\"caption\":\"admin\"},\"sameAs\":[\"https:\/\/acompanyamentfamiliar.com\"],\"url\":\"https:\/\/acompanyamentfamiliar.com\/es\/author\/admin\/\"}]}<\/script>\n<!-- \/ Yoast SEO plugin. -->","yoast_head_json":{"title":"LA FRUSTRACI\u00d3N INFANTIL - Acompanyament Familiar","robots":{"index":"index","follow":"follow","max-snippet":"max-snippet:-1","max-image-preview":"max-image-preview:large","max-video-preview":"max-video-preview:-1"},"canonical":"https:\/\/acompanyamentfamiliar.com\/es\/articulos\/la-frustracion-infantil\/","og_locale":"es_ES","og_type":"article","og_title":"LA FRUSTRACI\u00d3N INFANTIL - Acompanyament Familiar","og_description":"Hoy me gustar\u00eda tocar uno de los temas, para m\u00ed, m\u00e1s importantes y centrales en el acompa\u00f1amiento infantil. Ya me hab\u00e9is escuchado muchas veces decir lo crucial que es poder sostener la frustraci\u00f3n de nuestras criaturas a lo largo de su desarrollo, y es que la construcci\u00f3n de la fortaleza ante las adversidades vitales, radica [&hellip;]","og_url":"https:\/\/acompanyamentfamiliar.com\/es\/articulos\/la-frustracion-infantil\/","og_site_name":"Acompanyament Familiar","article_published_time":"2019-01-27T11:53:00+00:00","article_modified_time":"2025-04-13T11:53:49+00:00","og_image":[{"width":645,"height":320,"url":"https:\/\/acompanyamentfamiliar.com\/wp-content\/uploads\/2025\/04\/frustracion-infantil.jpeg","type":"image\/jpeg"}],"author":"admin","twitter_card":"summary_large_image","twitter_misc":{"Escrito por":"admin","Tiempo de lectura":"6 minutos"},"schema":{"@context":"https:\/\/schema.org","@graph":[{"@type":"Article","@id":"https:\/\/acompanyamentfamiliar.com\/es\/articulos\/la-frustracion-infantil\/#article","isPartOf":{"@id":"https:\/\/acompanyamentfamiliar.com\/es\/articulos\/la-frustracion-infantil\/"},"author":{"name":"admin","@id":"https:\/\/acompanyamentfamiliar.com\/es\/#\/schema\/person\/2cd1d7b797c09f8e73d0ab6b36585040"},"headline":"LA FRUSTRACI\u00d3N INFANTIL","datePublished":"2019-01-27T11:53:00+00:00","dateModified":"2025-04-13T11:53:49+00:00","mainEntityOfPage":{"@id":"https:\/\/acompanyamentfamiliar.com\/es\/articulos\/la-frustracion-infantil\/"},"wordCount":1371,"publisher":{"@id":"https:\/\/acompanyamentfamiliar.com\/es\/#organization"},"image":{"@id":"https:\/\/acompanyamentfamiliar.com\/es\/articulos\/la-frustracion-infantil\/#primaryimage"},"thumbnailUrl":"https:\/\/acompanyamentfamiliar.com\/wp-content\/uploads\/2025\/04\/frustracion-infantil.jpeg","articleSection":["Art\u00edculos"],"inLanguage":"es"},{"@type":"WebPage","@id":"https:\/\/acompanyamentfamiliar.com\/es\/articulos\/la-frustracion-infantil\/","url":"https:\/\/acompanyamentfamiliar.com\/es\/articulos\/la-frustracion-infantil\/","name":"LA FRUSTRACI\u00d3N INFANTIL - Acompanyament Familiar","isPartOf":{"@id":"https:\/\/acompanyamentfamiliar.com\/es\/#website"},"primaryImageOfPage":{"@id":"https:\/\/acompanyamentfamiliar.com\/es\/articulos\/la-frustracion-infantil\/#primaryimage"},"image":{"@id":"https:\/\/acompanyamentfamiliar.com\/es\/articulos\/la-frustracion-infantil\/#primaryimage"},"thumbnailUrl":"https:\/\/acompanyamentfamiliar.com\/wp-content\/uploads\/2025\/04\/frustracion-infantil.jpeg","datePublished":"2019-01-27T11:53:00+00:00","dateModified":"2025-04-13T11:53:49+00:00","breadcrumb":{"@id":"https:\/\/acompanyamentfamiliar.com\/es\/articulos\/la-frustracion-infantil\/#breadcrumb"},"inLanguage":"es","potentialAction":[{"@type":"ReadAction","target":["https:\/\/acompanyamentfamiliar.com\/es\/articulos\/la-frustracion-infantil\/"]}]},{"@type":"ImageObject","inLanguage":"es","@id":"https:\/\/acompanyamentfamiliar.com\/es\/articulos\/la-frustracion-infantil\/#primaryimage","url":"https:\/\/acompanyamentfamiliar.com\/wp-content\/uploads\/2025\/04\/frustracion-infantil.jpeg","contentUrl":"https:\/\/acompanyamentfamiliar.com\/wp-content\/uploads\/2025\/04\/frustracion-infantil.jpeg","width":645,"height":320,"caption":"Blog Acompanyament Familiar"},{"@type":"BreadcrumbList","@id":"https:\/\/acompanyamentfamiliar.com\/es\/articulos\/la-frustracion-infantil\/#breadcrumb","itemListElement":[{"@type":"ListItem","position":1,"name":"Portada","item":"https:\/\/acompanyamentfamiliar.com\/es\/"},{"@type":"ListItem","position":2,"name":"LA FRUSTRACI\u00d3N INFANTIL"}]},{"@type":"WebSite","@id":"https:\/\/acompanyamentfamiliar.com\/es\/#website","url":"https:\/\/acompanyamentfamiliar.com\/es\/","name":"Acompanyament Familiar","description":"Psic\u00f3logas en Barcelona: Acompa\u00f1amiento familiar","publisher":{"@id":"https:\/\/acompanyamentfamiliar.com\/es\/#organization"},"potentialAction":[{"@type":"SearchAction","target":{"@type":"EntryPoint","urlTemplate":"https:\/\/acompanyamentfamiliar.com\/es\/?s={search_term_string}"},"query-input":{"@type":"PropertyValueSpecification","valueRequired":true,"valueName":"search_term_string"}}],"inLanguage":"es"},{"@type":"Organization","@id":"https:\/\/acompanyamentfamiliar.com\/es\/#organization","name":"Acompanyament Familiar","url":"https:\/\/acompanyamentfamiliar.com\/es\/","logo":{"@type":"ImageObject","inLanguage":"es","@id":"https:\/\/acompanyamentfamiliar.com\/es\/#\/schema\/logo\/image\/","url":"https:\/\/acompanyamentfamiliar.com\/wp-content\/uploads\/2025\/03\/logo_acompanyamnet_familiar.png","contentUrl":"https:\/\/acompanyamentfamiliar.com\/wp-content\/uploads\/2025\/03\/logo_acompanyamnet_familiar.png","width":241,"height":126,"caption":"Acompanyament Familiar"},"image":{"@id":"https:\/\/acompanyamentfamiliar.com\/es\/#\/schema\/logo\/image\/"}},{"@type":"Person","@id":"https:\/\/acompanyamentfamiliar.com\/es\/#\/schema\/person\/2cd1d7b797c09f8e73d0ab6b36585040","name":"admin","image":{"@type":"ImageObject","inLanguage":"es","@id":"https:\/\/acompanyamentfamiliar.com\/es\/#\/schema\/person\/image\/","url":"https:\/\/secure.gravatar.com\/avatar\/073937bd7f1a8c2904d9fa1ec5e3919f37a465744fcb187f31d4ddf76bcbd0d0?s=96&d=mm&r=g","contentUrl":"https:\/\/secure.gravatar.com\/avatar\/073937bd7f1a8c2904d9fa1ec5e3919f37a465744fcb187f31d4ddf76bcbd0d0?s=96&d=mm&r=g","caption":"admin"},"sameAs":["https:\/\/acompanyamentfamiliar.com"],"url":"https:\/\/acompanyamentfamiliar.com\/es\/author\/admin\/"}]}},"_links":{"self":[{"href":"https:\/\/acompanyamentfamiliar.com\/es\/wp-json\/wp\/v2\/posts\/1016","targetHints":{"allow":["GET"]}}],"collection":[{"href":"https:\/\/acompanyamentfamiliar.com\/es\/wp-json\/wp\/v2\/posts"}],"about":[{"href":"https:\/\/acompanyamentfamiliar.com\/es\/wp-json\/wp\/v2\/types\/post"}],"author":[{"embeddable":true,"href":"https:\/\/acompanyamentfamiliar.com\/es\/wp-json\/wp\/v2\/users\/1"}],"replies":[{"embeddable":true,"href":"https:\/\/acompanyamentfamiliar.com\/es\/wp-json\/wp\/v2\/comments?post=1016"}],"version-history":[{"count":1,"href":"https:\/\/acompanyamentfamiliar.com\/es\/wp-json\/wp\/v2\/posts\/1016\/revisions"}],"predecessor-version":[{"id":1017,"href":"https:\/\/acompanyamentfamiliar.com\/es\/wp-json\/wp\/v2\/posts\/1016\/revisions\/1017"}],"wp:featuredmedia":[{"embeddable":true,"href":"https:\/\/acompanyamentfamiliar.com\/es\/wp-json\/wp\/v2\/media\/1018"}],"wp:attachment":[{"href":"https:\/\/acompanyamentfamiliar.com\/es\/wp-json\/wp\/v2\/media?parent=1016"}],"wp:term":[{"taxonomy":"category","embeddable":true,"href":"https:\/\/acompanyamentfamiliar.com\/es\/wp-json\/wp\/v2\/categories?post=1016"},{"taxonomy":"post_tag","embeddable":true,"href":"https:\/\/acompanyamentfamiliar.com\/es\/wp-json\/wp\/v2\/tags?post=1016"}],"curies":[{"name":"wp","href":"https:\/\/api.w.org\/{rel}","templated":true}]}}