{"id":1020,"date":"2019-01-27T11:54:00","date_gmt":"2019-01-27T11:54:00","guid":{"rendered":"https:\/\/acompanyamentfamiliar.com\/?p=1020"},"modified":"2025-04-13T11:55:04","modified_gmt":"2025-04-13T11:55:04","slug":"la-sobreproteccion-ninxs-desprotegidxs","status":"publish","type":"post","link":"https:\/\/acompanyamentfamiliar.com\/es\/articulos\/la-sobreproteccion-ninxs-desprotegidxs\/","title":{"rendered":"LA SOBREPROTECCI\u00d3N: NI\u00d1XS DESPROTEGIDXS"},"content":{"rendered":"\n<p>Nuestras abuelas eran mandadas, y nuestros abuelos se sentaban en la mesa a esperar que ellas les trajeran lo que hab\u00edan pedido, a veces, incluso, sin palabras. Las cosas se aprend\u00edan a golpes de dolor y la letra con sangre entraba. El miedo era el mayor aliado de la educaci\u00f3n mediante un socialmente aceptado autoritarismo, porque lxs ni\u00f1xs eran \u201cmalxs\u201d y se ten\u00edan que civilizar mediante la domesticaci\u00f3n en nombre de la cultura.<\/p>\n\n\n\n<p>Estamos apenas empezando a visualizar algo m\u00e1s que un modelo patriarcal, del que venimos.<\/p>\n\n\n\n<p>En este tr\u00e1nsito de una educaci\u00f3n con abuso de poder, controladora, represora a otra educaci\u00f3n que concibe a la ni\u00f1x con respeto por sus procesos vitales, hay ciertos aspectos que se ponen encima de la mesa. No tenemos referentes educativos de c\u00f3mo estamos ejerciendo el poder actualmente. La autoridad sana no es la que pone a la criatura y al adultx en la misma l\u00ednea jer\u00e1rquica -simplemente porque el segundo lleg\u00f3 antes y cuida al que lleg\u00f3 despu\u00e9s-, tampoco permite que la criatura tome decisiones que no puede asumir por incapacidad (por falta de informaci\u00f3n, falta de experiencia, falta de noci\u00f3n del tiempo y del espacio\u2026). Es la persona adulta la que limita lo que deciden lxs ni\u00f1xs.<\/p>\n\n\n\n<p>Es sano que a medida que las criaturas ganan&nbsp;autonom\u00eda, puedan decidir aspectos que les incumben, ajustados a sus capacidades y sin pasarse al otro lado, donde todo es de mantequilla, no hay&nbsp;<a href=\"http:\/\/acompanyamentfamiliar.com\/es\/limites-en-la-crianza\/\" target=\"_blank\" rel=\"noreferrer noopener\">l\u00edmites<\/a>&nbsp;y todo puede ser posible. Decidir ciertas cosas, ajustadas a su edad, insisto, les va bien para ser protagonistas de su desarrollo, empoderarse, crear conexiones neuronales que tengan que ver con el aprendizaje de toma de decisiones, y sobre todo, para que aprendan sobre las consecuencias de sus acciones.<\/p>\n\n\n\n<p>Mar\u00eda, de 14 a\u00f1os, se levanta tarde cada d\u00eda y pierde el autob\u00fas que la lleva a la escuela. Su madre la lleva en coche, para que no llegue tarde, la \u201cpobre\u201d. Y ella, un d\u00eda m\u00e1s, detiene el despertador y sigue durmiendo hasta rozar el l\u00edmite, porque su inconsciente sabe en silencio que su madre, la \u201csalvadora\u201d, la llevar\u00e1. Un buen d\u00eda la madre decide no llevarla m\u00e1s, pues se da cuenta de que le est\u00e1 robando la posibilidad a Mar\u00eda de ser responsable y aut\u00f3noma. Mar\u00eda se enfada mucho y le dice de todo. Da por hecho la \u201cayuda\u201d de mam\u00e1, casi una exigencia que debe ser cumplida. La madre se ha puesto en el papel de&nbsp;<strong>salvadora<\/strong>&nbsp;y Mar\u00eda se lo ha cre\u00eddo, siendo la&nbsp;<strong>v\u00edctima<\/strong>&nbsp;que no puede hacer nada por si misma \u00a1ay si no fuera por su mam\u00e1! \u00a1Ojo! Mar\u00eda se ha puesto&nbsp;en el rol de&nbsp;<strong>agresora<\/strong>&nbsp;el d\u00eda que mam\u00e1 deja de llevarla en coche.<\/p>\n\n\n\n<p>Es necesario que Mar\u00eda pase por el \u201ct\u00fanel\u201d, ese tubo oscuro lleno de decepci\u00f3n para poder salir a la luz del otro lado, habiendo llorado y rabiado, de camino. Ese trayecto, llamado&nbsp;frustraci\u00f3n, le ha permitido confrontar la realidad con la fantas\u00eda. Las cosas no son como ella quiere, y darse cuenta la invita a aceptarlas como son, habiendo pasado el momento adrenal\u00ednico de pataleta natural, que permite el aprendizaje.&nbsp;<\/p>\n\n\n\n<p><strong><em>\u00bfCu\u00e1ntas veces hemos hecho por nuestr@s hij@s aqu\u00e9llo que pod\u00edan hacer por si mism@s?<\/em><\/strong><\/p>\n\n\n\n<p><strong><em>\u00bfCu\u00e1ntos zapatos habremos atado porque era m\u00e1s r\u00e1pido hacerlo nosotr@s?<\/em><\/strong><\/p>\n\n\n\n<p><strong><em>\u00bfCu\u00e1ntas veces habremos cambiado un plan, porque a la ni\u00f1@ no le apetec\u00eda?<\/em><\/strong><\/p>\n\n\n\n<p><strong><em>\u00bfCu\u00e1ntas veces habremos dado una explicaci\u00f3n de c\u00f3mo son las cosas antes de permitir que ell@s hayan experimentado por si mism@s como las perciben?<\/em><\/strong><\/p>\n\n\n\n<p>Con todas estas acciones que emprendemos \u201cen nombre de la ayuda\u201d hacemos entender que el mundo es un lugar hostil del que debo ser protegidx, pues no es posible salir all\u00ed y ensayar, jugar, intentar, caer, levantarme, romper, reconstruir, etc. Infundir miedo corta las alas a la&nbsp;autonom\u00eda, y con ello se instaura el patr\u00f3n de la dependencia: hij@s mayores que a\u00fan llevan la ropa semanal a que la madre se la lave, y ella, lo hace porque es \u201clo normal\u201d.&nbsp;<em>\u00bfEstamos normalizando la dependencia?<\/em><\/p>\n\n\n\n<p>Seguramente hay un beneficio de que lxs propixs hijxs dependan de sus padres. Todo lo que hacemos es mantenido, porque salimos ganando en una parte que compensa. Es posible que como progenitores nos sintamos importantes, \u00fatiles, si nuestrxs hijxs nos necesitan. Es posible que as\u00ed nos ahorremos el aceptar que crecen y que vuelan. Si eso es lo que nos beneficia, estar\u00eda bien preguntarnos qu\u00e9 hueco interior estamos llenando con ellos.&nbsp;<strong>Lxs hijxs no deber\u00edan sentirse culpables por crecer y alzar su vuelo.<\/strong><\/p>\n\n\n\n<p>Tambi\u00e9n puede ser que ahorrar a las criaturas el dolor que trae consigo una frustraci\u00f3n cotidiana, haga que el progenitor se ahorre el dolor que se le actualizar\u00eda en su propio pecho, el cual no se permite revisitar. Por ello corta el est\u00edmulo que puede despertar aquella emoci\u00f3n dormida, recortando las alas expresivas del infante que cr\u00eda y haci\u00e9ndole afrontar s\u00f3lo situaciones de \u00e9xito, d\u00f3nde el ser competente prevalece por encima del \u201cno me ha salido como quer\u00eda, voy a intentarlo de nuevo\u201d, que es lo que permite al infante adquirir aprendizajes y no aposentarse en el trono del rey y la reina acomodad@.&nbsp;<\/p>\n\n\n\n<p>Incluso tambi\u00e9n puede haber detr\u00e1s de la&nbsp;<strong>sobreprotecci\u00f3n<\/strong>&nbsp;de mam\u00e1 y pap\u00e1 el argumento inconsciente \u201c<em>c\u00f3mo lo hago yo, no lo hace nadie<\/em>\u201d que encierra una herida infantil de desconfianza:&nbsp;<strong>el miedo al fluir<\/strong>. Con lo cual es m\u00e1s f\u00e1cil hacer por lx hijx lo que pueden hacer por si mismx, que esperar pacientemente que lo haga y no salga como a mam\u00e1 o pap\u00e1 le gusta o en los tiempos que su impaciencia puede esperar. Incluso puede ser m\u00e1s f\u00e1cil manipularlxs para que lo hagan como mam\u00e1 y pap\u00e1 desean (\u00a1ojo!, digo desean y no necesitan) para evitar as\u00ed un desacuerdo y, por lo tanto, vivir una fant\u00e1stica oportunidad de diferenciaci\u00f3n e individualizaci\u00f3n, necesarias para la&nbsp;autonom\u00eda.<\/p>\n\n\n\n<p>Feliz crianza,<\/p>\n\n\n\n<p>Lara Terradas<\/p>\n\n\n\n<h3 class=\"wp-block-heading\"><strong>SI TE APETECE COMPARTIR UN POCO M\u00c1S ACERCA DE LA SOBREPROTECCI\u00d3N, TE ESPERO EN EL&nbsp;DIRECTO&nbsp;DEL PR\u00d3XIMO&nbsp;MARTES 5 DE FEBRERO A LAS 21H&nbsp;QUE HAR\u00c9 JUNTO A LARA TERRADAS PARA HABLAR, EN M\u00c1S PROFUNDIDAD SOBRE ELLO.&nbsp;<\/strong><\/h3>\n\n\n\n<h3 class=\"wp-block-heading\"><strong>TE ANIMO A QUE DEJES TUS PREGUNTAS AQU\u00cd DEBAJO PARA PODER RESPOND\u00c9RTELAS EN VIVO.<\/strong><\/h3>\n\n\n\n<h3 class=\"wp-block-heading\"><strong>PUEDES CONECTARTE A:<\/strong><\/h3>\n\n\n\n<h5 class=\"wp-block-heading\"><strong>FBK:&nbsp;<\/strong><a href=\"https:\/\/www.facebook.com\/psicologiarespetuosa\" target=\"_blank\" rel=\"noreferrer noopener\"><strong>https:\/\/www.facebook.com\/psicologiarespetuosa<\/strong><\/a><\/h5>\n\n\n\n<h5 class=\"wp-block-heading\"><strong>Instagram:&nbsp;<\/strong><a href=\"https:\/\/www.instagram.com\/elisendapascualmarti\/\" target=\"_blank\" rel=\"noreferrer noopener\"><strong>@elisendapascualmarti<\/strong><\/a><\/h5>\n\n\n\n<h5 class=\"wp-block-heading\"><strong>\u00bfCu\u00e1ndo? MARTES 5 de FEBRERO DE 21H A 22<\/strong>h<\/h5>\n","protected":false},"excerpt":{"rendered":"<p>Nuestras abuelas eran mandadas, y nuestros abuelos se sentaban en la mesa a esperar que ellas les trajeran lo que hab\u00edan pedido, a veces, incluso, sin palabras. Las cosas se aprend\u00edan a golpes de dolor y la letra con sangre entraba. El miedo era el mayor aliado de la educaci\u00f3n mediante un socialmente aceptado autoritarismo, [&hellip;]<\/p>\n","protected":false},"author":1,"featured_media":1022,"comment_status":"closed","ping_status":"closed","sticky":false,"template":"","format":"standard","meta":{"footnotes":""},"categories":[9],"tags":[],"class_list":["post-1020","post","type-post","status-publish","format-standard","has-post-thumbnail","hentry","category-articulos"],"yoast_head":"<!-- This site is optimized with the Yoast SEO plugin v26.8 - https:\/\/yoast.com\/product\/yoast-seo-wordpress\/ -->\n<title>LA SOBREPROTECCI\u00d3N: NI\u00d1XS DESPROTEGIDXS - Acompanyament Familiar<\/title>\n<meta name=\"robots\" content=\"index, follow, max-snippet:-1, max-image-preview:large, max-video-preview:-1\" \/>\n<link rel=\"canonical\" href=\"https:\/\/acompanyamentfamiliar.com\/es\/articulos\/la-sobreproteccion-ninxs-desprotegidxs\/\" \/>\n<meta property=\"og:locale\" content=\"es_ES\" \/>\n<meta property=\"og:type\" content=\"article\" \/>\n<meta property=\"og:title\" content=\"LA SOBREPROTECCI\u00d3N: NI\u00d1XS DESPROTEGIDXS - Acompanyament Familiar\" \/>\n<meta property=\"og:description\" content=\"Nuestras abuelas eran mandadas, y nuestros abuelos se sentaban en la mesa a esperar que ellas les trajeran lo que hab\u00edan pedido, a veces, incluso, sin palabras. Las cosas se aprend\u00edan a golpes de dolor y la letra con sangre entraba. El miedo era el mayor aliado de la educaci\u00f3n mediante un socialmente aceptado autoritarismo, [&hellip;]\" \/>\n<meta property=\"og:url\" content=\"https:\/\/acompanyamentfamiliar.com\/es\/articulos\/la-sobreproteccion-ninxs-desprotegidxs\/\" \/>\n<meta property=\"og:site_name\" content=\"Acompanyament Familiar\" \/>\n<meta property=\"article:published_time\" content=\"2019-01-27T11:54:00+00:00\" \/>\n<meta property=\"article:modified_time\" content=\"2025-04-13T11:55:04+00:00\" \/>\n<meta property=\"og:image\" content=\"https:\/\/acompanyamentfamiliar.com\/wp-content\/uploads\/2019\/01\/sobreproteccion-infancia.jpeg\" \/>\n\t<meta property=\"og:image:width\" content=\"645\" \/>\n\t<meta property=\"og:image:height\" content=\"320\" \/>\n\t<meta property=\"og:image:type\" content=\"image\/jpeg\" \/>\n<meta name=\"author\" content=\"admin\" \/>\n<meta name=\"twitter:card\" content=\"summary_large_image\" \/>\n<meta name=\"twitter:label1\" content=\"Escrito por\" \/>\n\t<meta name=\"twitter:data1\" content=\"admin\" \/>\n\t<meta name=\"twitter:label2\" content=\"Tiempo de lectura\" \/>\n\t<meta name=\"twitter:data2\" content=\"5 minutos\" \/>\n<script type=\"application\/ld+json\" class=\"yoast-schema-graph\">{\"@context\":\"https:\/\/schema.org\",\"@graph\":[{\"@type\":\"Article\",\"@id\":\"https:\/\/acompanyamentfamiliar.com\/es\/articulos\/la-sobreproteccion-ninxs-desprotegidxs\/#article\",\"isPartOf\":{\"@id\":\"https:\/\/acompanyamentfamiliar.com\/es\/articulos\/la-sobreproteccion-ninxs-desprotegidxs\/\"},\"author\":{\"name\":\"admin\",\"@id\":\"https:\/\/acompanyamentfamiliar.com\/es\/#\/schema\/person\/2cd1d7b797c09f8e73d0ab6b36585040\"},\"headline\":\"LA SOBREPROTECCI\u00d3N: NI\u00d1XS DESPROTEGIDXS\",\"datePublished\":\"2019-01-27T11:54:00+00:00\",\"dateModified\":\"2025-04-13T11:55:04+00:00\",\"mainEntityOfPage\":{\"@id\":\"https:\/\/acompanyamentfamiliar.com\/es\/articulos\/la-sobreproteccion-ninxs-desprotegidxs\/\"},\"wordCount\":1172,\"publisher\":{\"@id\":\"https:\/\/acompanyamentfamiliar.com\/es\/#organization\"},\"image\":{\"@id\":\"https:\/\/acompanyamentfamiliar.com\/es\/articulos\/la-sobreproteccion-ninxs-desprotegidxs\/#primaryimage\"},\"thumbnailUrl\":\"https:\/\/acompanyamentfamiliar.com\/wp-content\/uploads\/2019\/01\/sobreproteccion-infancia.jpeg\",\"articleSection\":[\"Art\u00edculos\"],\"inLanguage\":\"es\"},{\"@type\":\"WebPage\",\"@id\":\"https:\/\/acompanyamentfamiliar.com\/es\/articulos\/la-sobreproteccion-ninxs-desprotegidxs\/\",\"url\":\"https:\/\/acompanyamentfamiliar.com\/es\/articulos\/la-sobreproteccion-ninxs-desprotegidxs\/\",\"name\":\"LA SOBREPROTECCI\u00d3N: NI\u00d1XS DESPROTEGIDXS - Acompanyament Familiar\",\"isPartOf\":{\"@id\":\"https:\/\/acompanyamentfamiliar.com\/es\/#website\"},\"primaryImageOfPage\":{\"@id\":\"https:\/\/acompanyamentfamiliar.com\/es\/articulos\/la-sobreproteccion-ninxs-desprotegidxs\/#primaryimage\"},\"image\":{\"@id\":\"https:\/\/acompanyamentfamiliar.com\/es\/articulos\/la-sobreproteccion-ninxs-desprotegidxs\/#primaryimage\"},\"thumbnailUrl\":\"https:\/\/acompanyamentfamiliar.com\/wp-content\/uploads\/2019\/01\/sobreproteccion-infancia.jpeg\",\"datePublished\":\"2019-01-27T11:54:00+00:00\",\"dateModified\":\"2025-04-13T11:55:04+00:00\",\"breadcrumb\":{\"@id\":\"https:\/\/acompanyamentfamiliar.com\/es\/articulos\/la-sobreproteccion-ninxs-desprotegidxs\/#breadcrumb\"},\"inLanguage\":\"es\",\"potentialAction\":[{\"@type\":\"ReadAction\",\"target\":[\"https:\/\/acompanyamentfamiliar.com\/es\/articulos\/la-sobreproteccion-ninxs-desprotegidxs\/\"]}]},{\"@type\":\"ImageObject\",\"inLanguage\":\"es\",\"@id\":\"https:\/\/acompanyamentfamiliar.com\/es\/articulos\/la-sobreproteccion-ninxs-desprotegidxs\/#primaryimage\",\"url\":\"https:\/\/acompanyamentfamiliar.com\/wp-content\/uploads\/2019\/01\/sobreproteccion-infancia.jpeg\",\"contentUrl\":\"https:\/\/acompanyamentfamiliar.com\/wp-content\/uploads\/2019\/01\/sobreproteccion-infancia.jpeg\",\"width\":645,\"height\":320,\"caption\":\"Blog Acompanyament Familiar\"},{\"@type\":\"BreadcrumbList\",\"@id\":\"https:\/\/acompanyamentfamiliar.com\/es\/articulos\/la-sobreproteccion-ninxs-desprotegidxs\/#breadcrumb\",\"itemListElement\":[{\"@type\":\"ListItem\",\"position\":1,\"name\":\"Portada\",\"item\":\"https:\/\/acompanyamentfamiliar.com\/es\/\"},{\"@type\":\"ListItem\",\"position\":2,\"name\":\"LA SOBREPROTECCI\u00d3N: NI\u00d1XS DESPROTEGIDXS\"}]},{\"@type\":\"WebSite\",\"@id\":\"https:\/\/acompanyamentfamiliar.com\/es\/#website\",\"url\":\"https:\/\/acompanyamentfamiliar.com\/es\/\",\"name\":\"Acompanyament Familiar\",\"description\":\"Psic\u00f3logas en Barcelona: Acompa\u00f1amiento familiar\",\"publisher\":{\"@id\":\"https:\/\/acompanyamentfamiliar.com\/es\/#organization\"},\"potentialAction\":[{\"@type\":\"SearchAction\",\"target\":{\"@type\":\"EntryPoint\",\"urlTemplate\":\"https:\/\/acompanyamentfamiliar.com\/es\/?s={search_term_string}\"},\"query-input\":{\"@type\":\"PropertyValueSpecification\",\"valueRequired\":true,\"valueName\":\"search_term_string\"}}],\"inLanguage\":\"es\"},{\"@type\":\"Organization\",\"@id\":\"https:\/\/acompanyamentfamiliar.com\/es\/#organization\",\"name\":\"Acompanyament Familiar\",\"url\":\"https:\/\/acompanyamentfamiliar.com\/es\/\",\"logo\":{\"@type\":\"ImageObject\",\"inLanguage\":\"es\",\"@id\":\"https:\/\/acompanyamentfamiliar.com\/es\/#\/schema\/logo\/image\/\",\"url\":\"https:\/\/acompanyamentfamiliar.com\/wp-content\/uploads\/2025\/03\/logo_acompanyamnet_familiar.png\",\"contentUrl\":\"https:\/\/acompanyamentfamiliar.com\/wp-content\/uploads\/2025\/03\/logo_acompanyamnet_familiar.png\",\"width\":241,\"height\":126,\"caption\":\"Acompanyament Familiar\"},\"image\":{\"@id\":\"https:\/\/acompanyamentfamiliar.com\/es\/#\/schema\/logo\/image\/\"}},{\"@type\":\"Person\",\"@id\":\"https:\/\/acompanyamentfamiliar.com\/es\/#\/schema\/person\/2cd1d7b797c09f8e73d0ab6b36585040\",\"name\":\"admin\",\"image\":{\"@type\":\"ImageObject\",\"inLanguage\":\"es\",\"@id\":\"https:\/\/acompanyamentfamiliar.com\/es\/#\/schema\/person\/image\/\",\"url\":\"https:\/\/secure.gravatar.com\/avatar\/073937bd7f1a8c2904d9fa1ec5e3919f37a465744fcb187f31d4ddf76bcbd0d0?s=96&d=mm&r=g\",\"contentUrl\":\"https:\/\/secure.gravatar.com\/avatar\/073937bd7f1a8c2904d9fa1ec5e3919f37a465744fcb187f31d4ddf76bcbd0d0?s=96&d=mm&r=g\",\"caption\":\"admin\"},\"sameAs\":[\"https:\/\/acompanyamentfamiliar.com\"],\"url\":\"https:\/\/acompanyamentfamiliar.com\/es\/author\/admin\/\"}]}<\/script>\n<!-- \/ Yoast SEO plugin. -->","yoast_head_json":{"title":"LA SOBREPROTECCI\u00d3N: NI\u00d1XS DESPROTEGIDXS - Acompanyament Familiar","robots":{"index":"index","follow":"follow","max-snippet":"max-snippet:-1","max-image-preview":"max-image-preview:large","max-video-preview":"max-video-preview:-1"},"canonical":"https:\/\/acompanyamentfamiliar.com\/es\/articulos\/la-sobreproteccion-ninxs-desprotegidxs\/","og_locale":"es_ES","og_type":"article","og_title":"LA SOBREPROTECCI\u00d3N: NI\u00d1XS DESPROTEGIDXS - Acompanyament Familiar","og_description":"Nuestras abuelas eran mandadas, y nuestros abuelos se sentaban en la mesa a esperar que ellas les trajeran lo que hab\u00edan pedido, a veces, incluso, sin palabras. Las cosas se aprend\u00edan a golpes de dolor y la letra con sangre entraba. El miedo era el mayor aliado de la educaci\u00f3n mediante un socialmente aceptado autoritarismo, [&hellip;]","og_url":"https:\/\/acompanyamentfamiliar.com\/es\/articulos\/la-sobreproteccion-ninxs-desprotegidxs\/","og_site_name":"Acompanyament Familiar","article_published_time":"2019-01-27T11:54:00+00:00","article_modified_time":"2025-04-13T11:55:04+00:00","og_image":[{"width":645,"height":320,"url":"https:\/\/acompanyamentfamiliar.com\/wp-content\/uploads\/2019\/01\/sobreproteccion-infancia.jpeg","type":"image\/jpeg"}],"author":"admin","twitter_card":"summary_large_image","twitter_misc":{"Escrito por":"admin","Tiempo de lectura":"5 minutos"},"schema":{"@context":"https:\/\/schema.org","@graph":[{"@type":"Article","@id":"https:\/\/acompanyamentfamiliar.com\/es\/articulos\/la-sobreproteccion-ninxs-desprotegidxs\/#article","isPartOf":{"@id":"https:\/\/acompanyamentfamiliar.com\/es\/articulos\/la-sobreproteccion-ninxs-desprotegidxs\/"},"author":{"name":"admin","@id":"https:\/\/acompanyamentfamiliar.com\/es\/#\/schema\/person\/2cd1d7b797c09f8e73d0ab6b36585040"},"headline":"LA SOBREPROTECCI\u00d3N: NI\u00d1XS DESPROTEGIDXS","datePublished":"2019-01-27T11:54:00+00:00","dateModified":"2025-04-13T11:55:04+00:00","mainEntityOfPage":{"@id":"https:\/\/acompanyamentfamiliar.com\/es\/articulos\/la-sobreproteccion-ninxs-desprotegidxs\/"},"wordCount":1172,"publisher":{"@id":"https:\/\/acompanyamentfamiliar.com\/es\/#organization"},"image":{"@id":"https:\/\/acompanyamentfamiliar.com\/es\/articulos\/la-sobreproteccion-ninxs-desprotegidxs\/#primaryimage"},"thumbnailUrl":"https:\/\/acompanyamentfamiliar.com\/wp-content\/uploads\/2019\/01\/sobreproteccion-infancia.jpeg","articleSection":["Art\u00edculos"],"inLanguage":"es"},{"@type":"WebPage","@id":"https:\/\/acompanyamentfamiliar.com\/es\/articulos\/la-sobreproteccion-ninxs-desprotegidxs\/","url":"https:\/\/acompanyamentfamiliar.com\/es\/articulos\/la-sobreproteccion-ninxs-desprotegidxs\/","name":"LA SOBREPROTECCI\u00d3N: NI\u00d1XS DESPROTEGIDXS - Acompanyament Familiar","isPartOf":{"@id":"https:\/\/acompanyamentfamiliar.com\/es\/#website"},"primaryImageOfPage":{"@id":"https:\/\/acompanyamentfamiliar.com\/es\/articulos\/la-sobreproteccion-ninxs-desprotegidxs\/#primaryimage"},"image":{"@id":"https:\/\/acompanyamentfamiliar.com\/es\/articulos\/la-sobreproteccion-ninxs-desprotegidxs\/#primaryimage"},"thumbnailUrl":"https:\/\/acompanyamentfamiliar.com\/wp-content\/uploads\/2019\/01\/sobreproteccion-infancia.jpeg","datePublished":"2019-01-27T11:54:00+00:00","dateModified":"2025-04-13T11:55:04+00:00","breadcrumb":{"@id":"https:\/\/acompanyamentfamiliar.com\/es\/articulos\/la-sobreproteccion-ninxs-desprotegidxs\/#breadcrumb"},"inLanguage":"es","potentialAction":[{"@type":"ReadAction","target":["https:\/\/acompanyamentfamiliar.com\/es\/articulos\/la-sobreproteccion-ninxs-desprotegidxs\/"]}]},{"@type":"ImageObject","inLanguage":"es","@id":"https:\/\/acompanyamentfamiliar.com\/es\/articulos\/la-sobreproteccion-ninxs-desprotegidxs\/#primaryimage","url":"https:\/\/acompanyamentfamiliar.com\/wp-content\/uploads\/2019\/01\/sobreproteccion-infancia.jpeg","contentUrl":"https:\/\/acompanyamentfamiliar.com\/wp-content\/uploads\/2019\/01\/sobreproteccion-infancia.jpeg","width":645,"height":320,"caption":"Blog Acompanyament Familiar"},{"@type":"BreadcrumbList","@id":"https:\/\/acompanyamentfamiliar.com\/es\/articulos\/la-sobreproteccion-ninxs-desprotegidxs\/#breadcrumb","itemListElement":[{"@type":"ListItem","position":1,"name":"Portada","item":"https:\/\/acompanyamentfamiliar.com\/es\/"},{"@type":"ListItem","position":2,"name":"LA SOBREPROTECCI\u00d3N: NI\u00d1XS DESPROTEGIDXS"}]},{"@type":"WebSite","@id":"https:\/\/acompanyamentfamiliar.com\/es\/#website","url":"https:\/\/acompanyamentfamiliar.com\/es\/","name":"Acompanyament Familiar","description":"Psic\u00f3logas en Barcelona: Acompa\u00f1amiento familiar","publisher":{"@id":"https:\/\/acompanyamentfamiliar.com\/es\/#organization"},"potentialAction":[{"@type":"SearchAction","target":{"@type":"EntryPoint","urlTemplate":"https:\/\/acompanyamentfamiliar.com\/es\/?s={search_term_string}"},"query-input":{"@type":"PropertyValueSpecification","valueRequired":true,"valueName":"search_term_string"}}],"inLanguage":"es"},{"@type":"Organization","@id":"https:\/\/acompanyamentfamiliar.com\/es\/#organization","name":"Acompanyament Familiar","url":"https:\/\/acompanyamentfamiliar.com\/es\/","logo":{"@type":"ImageObject","inLanguage":"es","@id":"https:\/\/acompanyamentfamiliar.com\/es\/#\/schema\/logo\/image\/","url":"https:\/\/acompanyamentfamiliar.com\/wp-content\/uploads\/2025\/03\/logo_acompanyamnet_familiar.png","contentUrl":"https:\/\/acompanyamentfamiliar.com\/wp-content\/uploads\/2025\/03\/logo_acompanyamnet_familiar.png","width":241,"height":126,"caption":"Acompanyament Familiar"},"image":{"@id":"https:\/\/acompanyamentfamiliar.com\/es\/#\/schema\/logo\/image\/"}},{"@type":"Person","@id":"https:\/\/acompanyamentfamiliar.com\/es\/#\/schema\/person\/2cd1d7b797c09f8e73d0ab6b36585040","name":"admin","image":{"@type":"ImageObject","inLanguage":"es","@id":"https:\/\/acompanyamentfamiliar.com\/es\/#\/schema\/person\/image\/","url":"https:\/\/secure.gravatar.com\/avatar\/073937bd7f1a8c2904d9fa1ec5e3919f37a465744fcb187f31d4ddf76bcbd0d0?s=96&d=mm&r=g","contentUrl":"https:\/\/secure.gravatar.com\/avatar\/073937bd7f1a8c2904d9fa1ec5e3919f37a465744fcb187f31d4ddf76bcbd0d0?s=96&d=mm&r=g","caption":"admin"},"sameAs":["https:\/\/acompanyamentfamiliar.com"],"url":"https:\/\/acompanyamentfamiliar.com\/es\/author\/admin\/"}]}},"_links":{"self":[{"href":"https:\/\/acompanyamentfamiliar.com\/es\/wp-json\/wp\/v2\/posts\/1020","targetHints":{"allow":["GET"]}}],"collection":[{"href":"https:\/\/acompanyamentfamiliar.com\/es\/wp-json\/wp\/v2\/posts"}],"about":[{"href":"https:\/\/acompanyamentfamiliar.com\/es\/wp-json\/wp\/v2\/types\/post"}],"author":[{"embeddable":true,"href":"https:\/\/acompanyamentfamiliar.com\/es\/wp-json\/wp\/v2\/users\/1"}],"replies":[{"embeddable":true,"href":"https:\/\/acompanyamentfamiliar.com\/es\/wp-json\/wp\/v2\/comments?post=1020"}],"version-history":[{"count":1,"href":"https:\/\/acompanyamentfamiliar.com\/es\/wp-json\/wp\/v2\/posts\/1020\/revisions"}],"predecessor-version":[{"id":1021,"href":"https:\/\/acompanyamentfamiliar.com\/es\/wp-json\/wp\/v2\/posts\/1020\/revisions\/1021"}],"wp:featuredmedia":[{"embeddable":true,"href":"https:\/\/acompanyamentfamiliar.com\/es\/wp-json\/wp\/v2\/media\/1022"}],"wp:attachment":[{"href":"https:\/\/acompanyamentfamiliar.com\/es\/wp-json\/wp\/v2\/media?parent=1020"}],"wp:term":[{"taxonomy":"category","embeddable":true,"href":"https:\/\/acompanyamentfamiliar.com\/es\/wp-json\/wp\/v2\/categories?post=1020"},{"taxonomy":"post_tag","embeddable":true,"href":"https:\/\/acompanyamentfamiliar.com\/es\/wp-json\/wp\/v2\/tags?post=1020"}],"curies":[{"name":"wp","href":"https:\/\/api.w.org\/{rel}","templated":true}]}}