{"id":1032,"date":"2018-09-15T11:59:00","date_gmt":"2018-09-15T11:59:00","guid":{"rendered":"https:\/\/acompanyamentfamiliar.com\/?p=1032"},"modified":"2025-04-13T12:35:53","modified_gmt":"2025-04-13T12:35:53","slug":"separaciones-no-deseadas","status":"publish","type":"post","link":"https:\/\/acompanyamentfamiliar.com\/es\/articulos\/separaciones-no-deseadas\/","title":{"rendered":"SEPARACIONES NO DESEADAS"},"content":{"rendered":"\n<p>Lleg\u00f3 Setiembre y comienza el nuevo curso. Despu\u00e9s de meses de vacaciones, las criaturas empezamos de nuevo la aventura de los inicios. Para las m\u00e1s peque\u00f1as, esas que todav\u00eda necesitan mucho la seguridad que brinda el entorno familiar y conocido, esta \u00e9poca puede llegar a ser todo un trasiego, precisamente, por la separaci\u00f3n temprana no deseada.<\/p>\n\n\n\n<p>Las criaturas necesitan sentirse&nbsp;<a href=\"http:\/\/acompanyamentfamiliar.com\/es\/el-reto-de-la-incondicionalidad-en-la-crianza\/\" target=\"_blank\" rel=\"noreferrer noopener\"><strong>seguras<\/strong>,&nbsp;<strong>amadas<\/strong>&nbsp;y&nbsp;<strong>aceptadas<\/strong><\/a>&nbsp;para tener un desarrollo sano y \u00f3ptimo. Estas necesidad son totalmente b\u00e1sicas y aut\u00e9nticas, imprescindibles para poder estar relajadas en el entorno que las contiene y poder as\u00ed expandir al m\u00e1ximo su potencial de descubrir el mundo y aprender de \u00e9l. Cuando alguno de estos factores no est\u00e1 en equilibrio, las criaturas dejas de usar sus sistema interno creado para conectarlas con la Vida, y pasan a activar el sistema de la&nbsp;<strong>supervivencia<\/strong>. Este \u00faltimo circuito interno es com\u00fan con el resto de mam\u00edferos. \u00bfQui\u00e9n no ha visto un gato asustado o un p\u00e1jaro alarmado por nuestra presencia? Pues esta misma forma de estar presentes, activas y alerta es la misma que las criaturas usan cuando sus necesidades primordiales de seguridad, amor y aceptaci\u00f3n no est\u00e1n cubiertas.<\/p>\n\n\n\n<p>Es probable que estos d\u00edas, en las puertas de las guarder\u00edas -incluso en algunos cursos de primaria- hay\u00e1is vivido situaciones de separaci\u00f3n dolorosas. Gritos, l\u00e1grimas, miedo, abrazos inseparables, etc. Cada criatura exprime el recurso que, o bien es m\u00e1s af\u00edn a su temperamento, o bien le funciona mejor para retener, ni que sean una mil\u00e9simas de segundo m\u00e1s, de quien no quiere separarse. Todos y todas sabemos que&nbsp;<a href=\"http:\/\/acompanyamentfamiliar.com\/es\/2987-2\/\" target=\"_blank\" rel=\"noreferrer noopener\">la Vida adulta es compleja<\/a>&nbsp;y que, por veces, debemos tomar decisiones que no nos gustan. Cada cual escoge cual quiere que sea su camino en el tiempo que nos regalan en esta existencia, y cada cual sabe -o deber\u00eda- qu\u00e9 gana y qu\u00e9 pierde en esta elecci\u00f3n. Cuando la decisi\u00f3n incluye esta separaci\u00f3n temprana no deseada con la criatura, cabe estar alerta en las siguientes premisas:<\/p>\n\n\n\n<ul class=\"wp-block-list\">\n<li><strong>\u00a1Ojo con la CULPA!<\/strong>\u00a0Si has decidido dejar a tu criatura en una guarder\u00eda y sabes que no est\u00e1 preparada para ello, os vais a hacer un flaco favor si permites que la culpa penetre en tu reino. La emoci\u00f3n de la culpa lo eclipsa TODO, por lo que cuando vuelvas a establecer un v\u00ednculo f\u00edsico con tu criatura, si acarreas la culpa enganchada a tu coraz\u00f3n, va a amortiguar todo lo maravilloso que quieres ofrecerle y har\u00e1 que lo reciba en menor grado, por lo que va a seguir pidi\u00e9ndotelo con m\u00e1s fuerza.<\/li>\n\n\n\n<li>Debemos aceptar que cuando somos las persona adultas las que empujamos a esta separaci\u00f3n, hemos de\u00a0<strong>sostener la explosi\u00f3n emocional<\/strong>\u00a0que comportar\u00e1 para nuestra criatura. Pretender que lo comprenda a la primera, que se adapte sin darse cuenta o que empatize con nuestra decisi\u00f3n es ciencia ficci\u00f3n. Es m\u00e1s, su alguna criatura lo hace (bueno, lo hace ver) es un s\u00edntoma de falta de salud emocional. Las criaturas sanas son las que cuando algo no les gusta\u00a0<a href=\"http:\/\/acompanyamentfamiliar.com\/es\/les-rabietes\/\" target=\"_blank\" rel=\"noreferrer noopener\">gritan, lloran, se quejan, hacen ruido y lo expresan<\/a>.<\/li>\n\n\n\n<li>Ofrecer en estas\u00a0<strong>primeras semanas de adaptaci\u00f3n una presencia real y sincera en casa<\/strong>\u00a0har\u00e1 que el malestar de separaci\u00f3n que pueda estar sintiendo tenga una compensaci\u00f3n en el \u00e1mbito familiar. Es muy importante que le brindemos la oportunidad de demandarnos m\u00e1s, de vivir alguna regresi\u00f3n y sostenerla, poder hacer planes tranquilos para estar en\u00a0<em>petit comit\u00e9<\/em>\u00b8etc. Tener cuido del espacio le va a proporcionar la calma que necesita para tirar adelante en su adaptaci\u00f3n.<\/li>\n<\/ul>\n\n\n\n<p><strong><em>\u00bfY t\u00fa, c\u00f3mo llevas la adaptaci\u00f3n de tus criaturas?<\/em><\/strong><\/p>\n\n\n\n<p>\u00a1Buen Curso!<\/p>\n\n\n\n<p>Elisenda Pascual<\/p>\n","protected":false},"excerpt":{"rendered":"<p>Lleg\u00f3 Setiembre y comienza el nuevo curso. Despu\u00e9s de meses de vacaciones, las criaturas empezamos de nuevo la aventura de los inicios. Para las m\u00e1s peque\u00f1as, esas que todav\u00eda necesitan mucho la seguridad que brinda el entorno familiar y conocido, esta \u00e9poca puede llegar a ser todo un trasiego, precisamente, por la separaci\u00f3n temprana no [&hellip;]<\/p>\n","protected":false},"author":1,"featured_media":1131,"comment_status":"closed","ping_status":"closed","sticky":false,"template":"","format":"standard","meta":{"footnotes":""},"categories":[9],"tags":[],"class_list":["post-1032","post","type-post","status-publish","format-standard","has-post-thumbnail","hentry","category-articulos"],"yoast_head":"<!-- This site is optimized with the Yoast SEO plugin v26.8 - https:\/\/yoast.com\/product\/yoast-seo-wordpress\/ -->\n<title>SEPARACIONES NO DESEADAS - Acompanyament Familiar<\/title>\n<meta name=\"robots\" content=\"index, follow, max-snippet:-1, max-image-preview:large, max-video-preview:-1\" \/>\n<link rel=\"canonical\" href=\"https:\/\/acompanyamentfamiliar.com\/es\/articulos\/separaciones-no-deseadas\/\" \/>\n<meta property=\"og:locale\" content=\"es_ES\" \/>\n<meta property=\"og:type\" content=\"article\" \/>\n<meta property=\"og:title\" content=\"SEPARACIONES NO DESEADAS - Acompanyament Familiar\" \/>\n<meta property=\"og:description\" content=\"Lleg\u00f3 Setiembre y comienza el nuevo curso. Despu\u00e9s de meses de vacaciones, las criaturas empezamos de nuevo la aventura de los inicios. Para las m\u00e1s peque\u00f1as, esas que todav\u00eda necesitan mucho la seguridad que brinda el entorno familiar y conocido, esta \u00e9poca puede llegar a ser todo un trasiego, precisamente, por la separaci\u00f3n temprana no [&hellip;]\" \/>\n<meta property=\"og:url\" content=\"https:\/\/acompanyamentfamiliar.com\/es\/articulos\/separaciones-no-deseadas\/\" \/>\n<meta property=\"og:site_name\" content=\"Acompanyament Familiar\" \/>\n<meta property=\"article:published_time\" content=\"2018-09-15T11:59:00+00:00\" \/>\n<meta property=\"article:modified_time\" content=\"2025-04-13T12:35:53+00:00\" \/>\n<meta property=\"og:image\" content=\"https:\/\/acompanyamentfamiliar.com\/wp-content\/uploads\/2018\/09\/separaciones-no-deseadas.jpg\" \/>\n\t<meta property=\"og:image:width\" content=\"645\" \/>\n\t<meta property=\"og:image:height\" content=\"320\" \/>\n\t<meta property=\"og:image:type\" content=\"image\/jpeg\" \/>\n<meta name=\"author\" content=\"admin\" \/>\n<meta name=\"twitter:card\" content=\"summary_large_image\" \/>\n<meta name=\"twitter:label1\" content=\"Escrito por\" \/>\n\t<meta name=\"twitter:data1\" content=\"admin\" \/>\n\t<meta name=\"twitter:label2\" content=\"Tiempo de lectura\" \/>\n\t<meta name=\"twitter:data2\" content=\"3 minutos\" \/>\n<script type=\"application\/ld+json\" class=\"yoast-schema-graph\">{\"@context\":\"https:\/\/schema.org\",\"@graph\":[{\"@type\":\"Article\",\"@id\":\"https:\/\/acompanyamentfamiliar.com\/es\/articulos\/separaciones-no-deseadas\/#article\",\"isPartOf\":{\"@id\":\"https:\/\/acompanyamentfamiliar.com\/es\/articulos\/separaciones-no-deseadas\/\"},\"author\":{\"name\":\"admin\",\"@id\":\"https:\/\/acompanyamentfamiliar.com\/es\/#\/schema\/person\/2cd1d7b797c09f8e73d0ab6b36585040\"},\"headline\":\"SEPARACIONES NO DESEADAS\",\"datePublished\":\"2018-09-15T11:59:00+00:00\",\"dateModified\":\"2025-04-13T12:35:53+00:00\",\"mainEntityOfPage\":{\"@id\":\"https:\/\/acompanyamentfamiliar.com\/es\/articulos\/separaciones-no-deseadas\/\"},\"wordCount\":654,\"publisher\":{\"@id\":\"https:\/\/acompanyamentfamiliar.com\/es\/#organization\"},\"image\":{\"@id\":\"https:\/\/acompanyamentfamiliar.com\/es\/articulos\/separaciones-no-deseadas\/#primaryimage\"},\"thumbnailUrl\":\"https:\/\/acompanyamentfamiliar.com\/wp-content\/uploads\/2018\/09\/separaciones-no-deseadas.jpg\",\"articleSection\":[\"Art\u00edculos\"],\"inLanguage\":\"es\"},{\"@type\":\"WebPage\",\"@id\":\"https:\/\/acompanyamentfamiliar.com\/es\/articulos\/separaciones-no-deseadas\/\",\"url\":\"https:\/\/acompanyamentfamiliar.com\/es\/articulos\/separaciones-no-deseadas\/\",\"name\":\"SEPARACIONES NO DESEADAS - Acompanyament Familiar\",\"isPartOf\":{\"@id\":\"https:\/\/acompanyamentfamiliar.com\/es\/#website\"},\"primaryImageOfPage\":{\"@id\":\"https:\/\/acompanyamentfamiliar.com\/es\/articulos\/separaciones-no-deseadas\/#primaryimage\"},\"image\":{\"@id\":\"https:\/\/acompanyamentfamiliar.com\/es\/articulos\/separaciones-no-deseadas\/#primaryimage\"},\"thumbnailUrl\":\"https:\/\/acompanyamentfamiliar.com\/wp-content\/uploads\/2018\/09\/separaciones-no-deseadas.jpg\",\"datePublished\":\"2018-09-15T11:59:00+00:00\",\"dateModified\":\"2025-04-13T12:35:53+00:00\",\"breadcrumb\":{\"@id\":\"https:\/\/acompanyamentfamiliar.com\/es\/articulos\/separaciones-no-deseadas\/#breadcrumb\"},\"inLanguage\":\"es\",\"potentialAction\":[{\"@type\":\"ReadAction\",\"target\":[\"https:\/\/acompanyamentfamiliar.com\/es\/articulos\/separaciones-no-deseadas\/\"]}]},{\"@type\":\"ImageObject\",\"inLanguage\":\"es\",\"@id\":\"https:\/\/acompanyamentfamiliar.com\/es\/articulos\/separaciones-no-deseadas\/#primaryimage\",\"url\":\"https:\/\/acompanyamentfamiliar.com\/wp-content\/uploads\/2018\/09\/separaciones-no-deseadas.jpg\",\"contentUrl\":\"https:\/\/acompanyamentfamiliar.com\/wp-content\/uploads\/2018\/09\/separaciones-no-deseadas.jpg\",\"width\":645,\"height\":320,\"caption\":\"Separaciones no deseadas Blog Acompanyament Familiar\"},{\"@type\":\"BreadcrumbList\",\"@id\":\"https:\/\/acompanyamentfamiliar.com\/es\/articulos\/separaciones-no-deseadas\/#breadcrumb\",\"itemListElement\":[{\"@type\":\"ListItem\",\"position\":1,\"name\":\"Portada\",\"item\":\"https:\/\/acompanyamentfamiliar.com\/es\/\"},{\"@type\":\"ListItem\",\"position\":2,\"name\":\"SEPARACIONES NO DESEADAS\"}]},{\"@type\":\"WebSite\",\"@id\":\"https:\/\/acompanyamentfamiliar.com\/es\/#website\",\"url\":\"https:\/\/acompanyamentfamiliar.com\/es\/\",\"name\":\"Acompanyament Familiar\",\"description\":\"Psic\u00f3logas en Barcelona: Acompa\u00f1amiento familiar\",\"publisher\":{\"@id\":\"https:\/\/acompanyamentfamiliar.com\/es\/#organization\"},\"potentialAction\":[{\"@type\":\"SearchAction\",\"target\":{\"@type\":\"EntryPoint\",\"urlTemplate\":\"https:\/\/acompanyamentfamiliar.com\/es\/?s={search_term_string}\"},\"query-input\":{\"@type\":\"PropertyValueSpecification\",\"valueRequired\":true,\"valueName\":\"search_term_string\"}}],\"inLanguage\":\"es\"},{\"@type\":\"Organization\",\"@id\":\"https:\/\/acompanyamentfamiliar.com\/es\/#organization\",\"name\":\"Acompanyament Familiar\",\"url\":\"https:\/\/acompanyamentfamiliar.com\/es\/\",\"logo\":{\"@type\":\"ImageObject\",\"inLanguage\":\"es\",\"@id\":\"https:\/\/acompanyamentfamiliar.com\/es\/#\/schema\/logo\/image\/\",\"url\":\"https:\/\/acompanyamentfamiliar.com\/wp-content\/uploads\/2025\/03\/logo_acompanyamnet_familiar.png\",\"contentUrl\":\"https:\/\/acompanyamentfamiliar.com\/wp-content\/uploads\/2025\/03\/logo_acompanyamnet_familiar.png\",\"width\":241,\"height\":126,\"caption\":\"Acompanyament Familiar\"},\"image\":{\"@id\":\"https:\/\/acompanyamentfamiliar.com\/es\/#\/schema\/logo\/image\/\"}},{\"@type\":\"Person\",\"@id\":\"https:\/\/acompanyamentfamiliar.com\/es\/#\/schema\/person\/2cd1d7b797c09f8e73d0ab6b36585040\",\"name\":\"admin\",\"image\":{\"@type\":\"ImageObject\",\"inLanguage\":\"es\",\"@id\":\"https:\/\/acompanyamentfamiliar.com\/es\/#\/schema\/person\/image\/\",\"url\":\"https:\/\/secure.gravatar.com\/avatar\/073937bd7f1a8c2904d9fa1ec5e3919f37a465744fcb187f31d4ddf76bcbd0d0?s=96&d=mm&r=g\",\"contentUrl\":\"https:\/\/secure.gravatar.com\/avatar\/073937bd7f1a8c2904d9fa1ec5e3919f37a465744fcb187f31d4ddf76bcbd0d0?s=96&d=mm&r=g\",\"caption\":\"admin\"},\"sameAs\":[\"https:\/\/acompanyamentfamiliar.com\"],\"url\":\"https:\/\/acompanyamentfamiliar.com\/es\/author\/admin\/\"}]}<\/script>\n<!-- \/ Yoast SEO plugin. -->","yoast_head_json":{"title":"SEPARACIONES NO DESEADAS - Acompanyament Familiar","robots":{"index":"index","follow":"follow","max-snippet":"max-snippet:-1","max-image-preview":"max-image-preview:large","max-video-preview":"max-video-preview:-1"},"canonical":"https:\/\/acompanyamentfamiliar.com\/es\/articulos\/separaciones-no-deseadas\/","og_locale":"es_ES","og_type":"article","og_title":"SEPARACIONES NO DESEADAS - Acompanyament Familiar","og_description":"Lleg\u00f3 Setiembre y comienza el nuevo curso. Despu\u00e9s de meses de vacaciones, las criaturas empezamos de nuevo la aventura de los inicios. Para las m\u00e1s peque\u00f1as, esas que todav\u00eda necesitan mucho la seguridad que brinda el entorno familiar y conocido, esta \u00e9poca puede llegar a ser todo un trasiego, precisamente, por la separaci\u00f3n temprana no [&hellip;]","og_url":"https:\/\/acompanyamentfamiliar.com\/es\/articulos\/separaciones-no-deseadas\/","og_site_name":"Acompanyament Familiar","article_published_time":"2018-09-15T11:59:00+00:00","article_modified_time":"2025-04-13T12:35:53+00:00","og_image":[{"width":645,"height":320,"url":"https:\/\/acompanyamentfamiliar.com\/wp-content\/uploads\/2018\/09\/separaciones-no-deseadas.jpg","type":"image\/jpeg"}],"author":"admin","twitter_card":"summary_large_image","twitter_misc":{"Escrito por":"admin","Tiempo de lectura":"3 minutos"},"schema":{"@context":"https:\/\/schema.org","@graph":[{"@type":"Article","@id":"https:\/\/acompanyamentfamiliar.com\/es\/articulos\/separaciones-no-deseadas\/#article","isPartOf":{"@id":"https:\/\/acompanyamentfamiliar.com\/es\/articulos\/separaciones-no-deseadas\/"},"author":{"name":"admin","@id":"https:\/\/acompanyamentfamiliar.com\/es\/#\/schema\/person\/2cd1d7b797c09f8e73d0ab6b36585040"},"headline":"SEPARACIONES NO DESEADAS","datePublished":"2018-09-15T11:59:00+00:00","dateModified":"2025-04-13T12:35:53+00:00","mainEntityOfPage":{"@id":"https:\/\/acompanyamentfamiliar.com\/es\/articulos\/separaciones-no-deseadas\/"},"wordCount":654,"publisher":{"@id":"https:\/\/acompanyamentfamiliar.com\/es\/#organization"},"image":{"@id":"https:\/\/acompanyamentfamiliar.com\/es\/articulos\/separaciones-no-deseadas\/#primaryimage"},"thumbnailUrl":"https:\/\/acompanyamentfamiliar.com\/wp-content\/uploads\/2018\/09\/separaciones-no-deseadas.jpg","articleSection":["Art\u00edculos"],"inLanguage":"es"},{"@type":"WebPage","@id":"https:\/\/acompanyamentfamiliar.com\/es\/articulos\/separaciones-no-deseadas\/","url":"https:\/\/acompanyamentfamiliar.com\/es\/articulos\/separaciones-no-deseadas\/","name":"SEPARACIONES NO DESEADAS - Acompanyament Familiar","isPartOf":{"@id":"https:\/\/acompanyamentfamiliar.com\/es\/#website"},"primaryImageOfPage":{"@id":"https:\/\/acompanyamentfamiliar.com\/es\/articulos\/separaciones-no-deseadas\/#primaryimage"},"image":{"@id":"https:\/\/acompanyamentfamiliar.com\/es\/articulos\/separaciones-no-deseadas\/#primaryimage"},"thumbnailUrl":"https:\/\/acompanyamentfamiliar.com\/wp-content\/uploads\/2018\/09\/separaciones-no-deseadas.jpg","datePublished":"2018-09-15T11:59:00+00:00","dateModified":"2025-04-13T12:35:53+00:00","breadcrumb":{"@id":"https:\/\/acompanyamentfamiliar.com\/es\/articulos\/separaciones-no-deseadas\/#breadcrumb"},"inLanguage":"es","potentialAction":[{"@type":"ReadAction","target":["https:\/\/acompanyamentfamiliar.com\/es\/articulos\/separaciones-no-deseadas\/"]}]},{"@type":"ImageObject","inLanguage":"es","@id":"https:\/\/acompanyamentfamiliar.com\/es\/articulos\/separaciones-no-deseadas\/#primaryimage","url":"https:\/\/acompanyamentfamiliar.com\/wp-content\/uploads\/2018\/09\/separaciones-no-deseadas.jpg","contentUrl":"https:\/\/acompanyamentfamiliar.com\/wp-content\/uploads\/2018\/09\/separaciones-no-deseadas.jpg","width":645,"height":320,"caption":"Separaciones no deseadas Blog Acompanyament Familiar"},{"@type":"BreadcrumbList","@id":"https:\/\/acompanyamentfamiliar.com\/es\/articulos\/separaciones-no-deseadas\/#breadcrumb","itemListElement":[{"@type":"ListItem","position":1,"name":"Portada","item":"https:\/\/acompanyamentfamiliar.com\/es\/"},{"@type":"ListItem","position":2,"name":"SEPARACIONES NO DESEADAS"}]},{"@type":"WebSite","@id":"https:\/\/acompanyamentfamiliar.com\/es\/#website","url":"https:\/\/acompanyamentfamiliar.com\/es\/","name":"Acompanyament Familiar","description":"Psic\u00f3logas en Barcelona: Acompa\u00f1amiento familiar","publisher":{"@id":"https:\/\/acompanyamentfamiliar.com\/es\/#organization"},"potentialAction":[{"@type":"SearchAction","target":{"@type":"EntryPoint","urlTemplate":"https:\/\/acompanyamentfamiliar.com\/es\/?s={search_term_string}"},"query-input":{"@type":"PropertyValueSpecification","valueRequired":true,"valueName":"search_term_string"}}],"inLanguage":"es"},{"@type":"Organization","@id":"https:\/\/acompanyamentfamiliar.com\/es\/#organization","name":"Acompanyament Familiar","url":"https:\/\/acompanyamentfamiliar.com\/es\/","logo":{"@type":"ImageObject","inLanguage":"es","@id":"https:\/\/acompanyamentfamiliar.com\/es\/#\/schema\/logo\/image\/","url":"https:\/\/acompanyamentfamiliar.com\/wp-content\/uploads\/2025\/03\/logo_acompanyamnet_familiar.png","contentUrl":"https:\/\/acompanyamentfamiliar.com\/wp-content\/uploads\/2025\/03\/logo_acompanyamnet_familiar.png","width":241,"height":126,"caption":"Acompanyament Familiar"},"image":{"@id":"https:\/\/acompanyamentfamiliar.com\/es\/#\/schema\/logo\/image\/"}},{"@type":"Person","@id":"https:\/\/acompanyamentfamiliar.com\/es\/#\/schema\/person\/2cd1d7b797c09f8e73d0ab6b36585040","name":"admin","image":{"@type":"ImageObject","inLanguage":"es","@id":"https:\/\/acompanyamentfamiliar.com\/es\/#\/schema\/person\/image\/","url":"https:\/\/secure.gravatar.com\/avatar\/073937bd7f1a8c2904d9fa1ec5e3919f37a465744fcb187f31d4ddf76bcbd0d0?s=96&d=mm&r=g","contentUrl":"https:\/\/secure.gravatar.com\/avatar\/073937bd7f1a8c2904d9fa1ec5e3919f37a465744fcb187f31d4ddf76bcbd0d0?s=96&d=mm&r=g","caption":"admin"},"sameAs":["https:\/\/acompanyamentfamiliar.com"],"url":"https:\/\/acompanyamentfamiliar.com\/es\/author\/admin\/"}]}},"_links":{"self":[{"href":"https:\/\/acompanyamentfamiliar.com\/es\/wp-json\/wp\/v2\/posts\/1032","targetHints":{"allow":["GET"]}}],"collection":[{"href":"https:\/\/acompanyamentfamiliar.com\/es\/wp-json\/wp\/v2\/posts"}],"about":[{"href":"https:\/\/acompanyamentfamiliar.com\/es\/wp-json\/wp\/v2\/types\/post"}],"author":[{"embeddable":true,"href":"https:\/\/acompanyamentfamiliar.com\/es\/wp-json\/wp\/v2\/users\/1"}],"replies":[{"embeddable":true,"href":"https:\/\/acompanyamentfamiliar.com\/es\/wp-json\/wp\/v2\/comments?post=1032"}],"version-history":[{"count":1,"href":"https:\/\/acompanyamentfamiliar.com\/es\/wp-json\/wp\/v2\/posts\/1032\/revisions"}],"predecessor-version":[{"id":1033,"href":"https:\/\/acompanyamentfamiliar.com\/es\/wp-json\/wp\/v2\/posts\/1032\/revisions\/1033"}],"wp:featuredmedia":[{"embeddable":true,"href":"https:\/\/acompanyamentfamiliar.com\/es\/wp-json\/wp\/v2\/media\/1131"}],"wp:attachment":[{"href":"https:\/\/acompanyamentfamiliar.com\/es\/wp-json\/wp\/v2\/media?parent=1032"}],"wp:term":[{"taxonomy":"category","embeddable":true,"href":"https:\/\/acompanyamentfamiliar.com\/es\/wp-json\/wp\/v2\/categories?post=1032"},{"taxonomy":"post_tag","embeddable":true,"href":"https:\/\/acompanyamentfamiliar.com\/es\/wp-json\/wp\/v2\/tags?post=1032"}],"curies":[{"name":"wp","href":"https:\/\/api.w.org\/{rel}","templated":true}]}}