{"id":1034,"date":"2018-09-08T12:00:00","date_gmt":"2018-09-08T12:00:00","guid":{"rendered":"https:\/\/acompanyamentfamiliar.com\/?p=1034"},"modified":"2025-04-13T12:00:46","modified_gmt":"2025-04-13T12:00:46","slug":"la-magia-del-nuevo-curso","status":"publish","type":"post","link":"https:\/\/acompanyamentfamiliar.com\/es\/articulos\/la-magia-del-nuevo-curso\/","title":{"rendered":"LA MAGIA DEL NUEVO CURSO"},"content":{"rendered":"\n<p>Lleg\u00f3 Setiembre, el mes m\u00e1s movido del a\u00f1o. \u00a1Vaya!, dir\u00e1s, tan fuerte no va la cosa, \u00bfno?. Bueno, pues d\u00e9jame decirte que en lo que llevamos de mes -apenas una semana mientras escribo estas l\u00edneas- he recibido m\u00e1s consultas sobre&nbsp;acompa\u00f1amiento familiar, que en los meses precederos (sin contar Agosto, \u00a1claro!).<\/p>\n\n\n\n<p>Setiembre es el mes en el que el sistema neoliberal se reactiva: escuela, compra de libros, consumo de todo tipo: ropa, chandal, batas, zapatos, mochila, etc. No soy economista y no he mirado las estad\u00edsticas de ventas, pero me inclino a pensar que si Setiembre mueve tanto, alguna raz\u00f3n debe tener para existir en el calendario.<\/p>\n\n\n\n<p>Para muchas es el mes de recuperar el ritmo, el comp\u00e1s que tanto os coloca y os ayuda en vuestro d\u00eda a d\u00eda: ni\u00f1xs escolarizadxs, rutina, horarios,&nbsp;trabajo\u2026 \u00a1y si!, hay a qui\u00e9n todo esto le proporciona un anclaje y le da seguridad.<\/p>\n\n\n\n<p>Para otras muchas, es el mes que recuerda que no somos libres, que hay unas obligaciones, unos&nbsp;<em>tempos<\/em>&nbsp;que muchas veces no marcamos nosotras: tr\u00e1fico, retrasos de trenes, colas, prisas, ma\u00f1anas estresantes, noches cortas, etc.<\/p>\n\n\n\n<p>Seas del sector que seas, me gustar\u00eda que pudieras empezar este nuevo curso escolar (en el que los servicios de transporte p\u00fablico y horarios comerciales recuperan su \u201cnormalidad\u201d) recordando algo importante:<\/p>\n\n\n\n<ul class=\"wp-block-list\">\n<li>Cada mes es\u00a0<strong>\u00fanico<\/strong>; Setiembre existe en el calendario y es un mes como cualquier otro. Igual que en Diciembre llegan las Navidades, en Mayo el \u201cd\u00eda del trabajo\u201d, pues en Setiembre tenemos la \u201c<a href=\"http:\/\/acompanyamentfamiliar.com\/es\/2987-2\/\" target=\"_blank\" rel=\"noreferrer noopener\">movida escolar y laboral<\/a>\u201d. Si tratamos de tomarnos los acontecimientos como lo que son: acontecimientos -y no condenas o regalos-, podremos tolerar mucho m\u00e1s cada uno de nuestros meses solares.<\/li>\n\n\n\n<li>El verano pas\u00f3, y deja lugar al oto\u00f1o. Tambi\u00e9n las\u00a0estaciones\u00a0nos permiten reconectar con la\u00a0<a href=\"http:\/\/acompanyamentfamiliar.com\/es\/las-festividades-y-los-ciclos-naturales-2\/\" target=\"_blank\" rel=\"noreferrer noopener\">ciclicidad<\/a>\u00a0de nuestra Vida. Despu\u00e9s de la expansi\u00f3n -mojitos, playa, viajes, trasnochadas,etc.- de un mes donde el clima invita a hacerlo, conviene que, a su ritmo, vaya llegando el oto\u00f1o para recordarnos que, igual que para fuera, podemos vivir para dentro.<\/li>\n\n\n\n<li>Este es un mes de\u00a0<strong>inicios<\/strong>. Puedes aprovechar el impulso que genera Setiembre -mucho m\u00e1s que Enero dir\u00eda yo- para proyectar nuevas\u00a0<strong>metas<\/strong>\u00a0y\u00a0<strong>objetivos<\/strong>\u00a0que tengas para este ciclo que empieza. \u00bfTe apetece formarte? \u00bfHacer m\u00e1s deporte? \u00bfOrganizarte mejor? \u00bfCuidarte m\u00e1s? Date unos d\u00edas para pensarlo y comprom\u00e9tete con lo que sue\u00f1as. \u00a1Ver\u00e1s que a gusto te sientes con el paso de los d\u00edas!<\/li>\n\n\n\n<li>Setiembre es un momento en el que el v\u00ednculo con tus hijos se vuelve a hacer m\u00e1s presente. Esta rutina de la que hablaba pone de manifiesto la necesidad de\u00a0<strong>l\u00edmites<\/strong>\u00a0y\u00a0<strong>mirada<\/strong>\u00a0de la que siempre hablo. En verano -ya sea porqu\u00e9 nos hemos relajado, porqu\u00e9 ha habido campamentos, abuelos, el pueblo, etc.- tendemos a estar m\u00e1s laxas con relaci\u00f3n a la crianza. En muchos casos esto puede ser muy positivo -sobre todo si eres una mapadre r\u00edgida y estricta-; en otros, por el contrario, puede ser dif\u00edcil volver a recuperar esos tempos, esos pactos familiares y ese\u00a0<em>flow<\/em>\u00a0que antes de la locura de Agosto se respiraba en casa.<\/li>\n<\/ul>\n\n\n\n<p>Sea como sea tu realidad este mes, te animo a que siempre mantengas la ilusi\u00f3n ante los cambios y el coraz\u00f3n abierto para seguir creciendo junto a tus peques.<\/p>\n\n\n\n<p>Buena&nbsp;<em>reentr\u00e9<\/em>!<\/p>\n\n\n\n<p>Elisenda Pascual<\/p>\n","protected":false},"excerpt":{"rendered":"<p>Lleg\u00f3 Setiembre, el mes m\u00e1s movido del a\u00f1o. \u00a1Vaya!, dir\u00e1s, tan fuerte no va la cosa, \u00bfno?. Bueno, pues d\u00e9jame decirte que en lo que llevamos de mes -apenas una semana mientras escribo estas l\u00edneas- he recibido m\u00e1s consultas sobre&nbsp;acompa\u00f1amiento familiar, que en los meses precederos (sin contar Agosto, \u00a1claro!). Setiembre es el mes en [&hellip;]<\/p>\n","protected":false},"author":1,"featured_media":1036,"comment_status":"closed","ping_status":"closed","sticky":false,"template":"","format":"standard","meta":{"footnotes":""},"categories":[9],"tags":[],"class_list":["post-1034","post","type-post","status-publish","format-standard","has-post-thumbnail","hentry","category-articulos"],"yoast_head":"<!-- This site is optimized with the Yoast SEO plugin v26.8 - https:\/\/yoast.com\/product\/yoast-seo-wordpress\/ -->\n<title>LA MAGIA DEL NUEVO CURSO - Acompanyament Familiar<\/title>\n<meta name=\"robots\" content=\"index, follow, max-snippet:-1, max-image-preview:large, max-video-preview:-1\" \/>\n<link rel=\"canonical\" href=\"https:\/\/acompanyamentfamiliar.com\/es\/articulos\/la-magia-del-nuevo-curso\/\" \/>\n<meta property=\"og:locale\" content=\"es_ES\" \/>\n<meta property=\"og:type\" content=\"article\" \/>\n<meta property=\"og:title\" content=\"LA MAGIA DEL NUEVO CURSO - Acompanyament Familiar\" \/>\n<meta property=\"og:description\" content=\"Lleg\u00f3 Setiembre, el mes m\u00e1s movido del a\u00f1o. \u00a1Vaya!, dir\u00e1s, tan fuerte no va la cosa, \u00bfno?. Bueno, pues d\u00e9jame decirte que en lo que llevamos de mes -apenas una semana mientras escribo estas l\u00edneas- he recibido m\u00e1s consultas sobre&nbsp;acompa\u00f1amiento familiar, que en los meses precederos (sin contar Agosto, \u00a1claro!). Setiembre es el mes en [&hellip;]\" \/>\n<meta property=\"og:url\" content=\"https:\/\/acompanyamentfamiliar.com\/es\/articulos\/la-magia-del-nuevo-curso\/\" \/>\n<meta property=\"og:site_name\" content=\"Acompanyament Familiar\" \/>\n<meta property=\"article:published_time\" content=\"2018-09-08T12:00:00+00:00\" \/>\n<meta property=\"article:modified_time\" content=\"2025-04-13T12:00:46+00:00\" \/>\n<meta property=\"og:image\" content=\"https:\/\/acompanyamentfamiliar.com\/wp-content\/uploads\/2018\/09\/magia-nuevo-curso.jpg\" \/>\n\t<meta property=\"og:image:width\" content=\"645\" \/>\n\t<meta property=\"og:image:height\" content=\"320\" \/>\n\t<meta property=\"og:image:type\" content=\"image\/jpeg\" \/>\n<meta name=\"author\" content=\"admin\" \/>\n<meta name=\"twitter:card\" content=\"summary_large_image\" \/>\n<meta name=\"twitter:label1\" content=\"Escrito por\" \/>\n\t<meta name=\"twitter:data1\" content=\"admin\" \/>\n\t<meta name=\"twitter:label2\" content=\"Tiempo de lectura\" \/>\n\t<meta name=\"twitter:data2\" content=\"3 minutos\" \/>\n<script type=\"application\/ld+json\" class=\"yoast-schema-graph\">{\"@context\":\"https:\/\/schema.org\",\"@graph\":[{\"@type\":\"Article\",\"@id\":\"https:\/\/acompanyamentfamiliar.com\/es\/articulos\/la-magia-del-nuevo-curso\/#article\",\"isPartOf\":{\"@id\":\"https:\/\/acompanyamentfamiliar.com\/es\/articulos\/la-magia-del-nuevo-curso\/\"},\"author\":{\"name\":\"admin\",\"@id\":\"https:\/\/acompanyamentfamiliar.com\/es\/#\/schema\/person\/2cd1d7b797c09f8e73d0ab6b36585040\"},\"headline\":\"LA MAGIA DEL NUEVO CURSO\",\"datePublished\":\"2018-09-08T12:00:00+00:00\",\"dateModified\":\"2025-04-13T12:00:46+00:00\",\"mainEntityOfPage\":{\"@id\":\"https:\/\/acompanyamentfamiliar.com\/es\/articulos\/la-magia-del-nuevo-curso\/\"},\"wordCount\":602,\"publisher\":{\"@id\":\"https:\/\/acompanyamentfamiliar.com\/es\/#organization\"},\"image\":{\"@id\":\"https:\/\/acompanyamentfamiliar.com\/es\/articulos\/la-magia-del-nuevo-curso\/#primaryimage\"},\"thumbnailUrl\":\"https:\/\/acompanyamentfamiliar.com\/wp-content\/uploads\/2018\/09\/magia-nuevo-curso.jpg\",\"articleSection\":[\"Art\u00edculos\"],\"inLanguage\":\"es\"},{\"@type\":\"WebPage\",\"@id\":\"https:\/\/acompanyamentfamiliar.com\/es\/articulos\/la-magia-del-nuevo-curso\/\",\"url\":\"https:\/\/acompanyamentfamiliar.com\/es\/articulos\/la-magia-del-nuevo-curso\/\",\"name\":\"LA MAGIA DEL NUEVO CURSO - Acompanyament Familiar\",\"isPartOf\":{\"@id\":\"https:\/\/acompanyamentfamiliar.com\/es\/#website\"},\"primaryImageOfPage\":{\"@id\":\"https:\/\/acompanyamentfamiliar.com\/es\/articulos\/la-magia-del-nuevo-curso\/#primaryimage\"},\"image\":{\"@id\":\"https:\/\/acompanyamentfamiliar.com\/es\/articulos\/la-magia-del-nuevo-curso\/#primaryimage\"},\"thumbnailUrl\":\"https:\/\/acompanyamentfamiliar.com\/wp-content\/uploads\/2018\/09\/magia-nuevo-curso.jpg\",\"datePublished\":\"2018-09-08T12:00:00+00:00\",\"dateModified\":\"2025-04-13T12:00:46+00:00\",\"breadcrumb\":{\"@id\":\"https:\/\/acompanyamentfamiliar.com\/es\/articulos\/la-magia-del-nuevo-curso\/#breadcrumb\"},\"inLanguage\":\"es\",\"potentialAction\":[{\"@type\":\"ReadAction\",\"target\":[\"https:\/\/acompanyamentfamiliar.com\/es\/articulos\/la-magia-del-nuevo-curso\/\"]}]},{\"@type\":\"ImageObject\",\"inLanguage\":\"es\",\"@id\":\"https:\/\/acompanyamentfamiliar.com\/es\/articulos\/la-magia-del-nuevo-curso\/#primaryimage\",\"url\":\"https:\/\/acompanyamentfamiliar.com\/wp-content\/uploads\/2018\/09\/magia-nuevo-curso.jpg\",\"contentUrl\":\"https:\/\/acompanyamentfamiliar.com\/wp-content\/uploads\/2018\/09\/magia-nuevo-curso.jpg\",\"width\":645,\"height\":320,\"caption\":\"Blog Acompanyament Familiar\"},{\"@type\":\"BreadcrumbList\",\"@id\":\"https:\/\/acompanyamentfamiliar.com\/es\/articulos\/la-magia-del-nuevo-curso\/#breadcrumb\",\"itemListElement\":[{\"@type\":\"ListItem\",\"position\":1,\"name\":\"Portada\",\"item\":\"https:\/\/acompanyamentfamiliar.com\/es\/\"},{\"@type\":\"ListItem\",\"position\":2,\"name\":\"LA MAGIA DEL NUEVO CURSO\"}]},{\"@type\":\"WebSite\",\"@id\":\"https:\/\/acompanyamentfamiliar.com\/es\/#website\",\"url\":\"https:\/\/acompanyamentfamiliar.com\/es\/\",\"name\":\"Acompanyament Familiar\",\"description\":\"Psic\u00f3logas en Barcelona: Acompa\u00f1amiento familiar\",\"publisher\":{\"@id\":\"https:\/\/acompanyamentfamiliar.com\/es\/#organization\"},\"potentialAction\":[{\"@type\":\"SearchAction\",\"target\":{\"@type\":\"EntryPoint\",\"urlTemplate\":\"https:\/\/acompanyamentfamiliar.com\/es\/?s={search_term_string}\"},\"query-input\":{\"@type\":\"PropertyValueSpecification\",\"valueRequired\":true,\"valueName\":\"search_term_string\"}}],\"inLanguage\":\"es\"},{\"@type\":\"Organization\",\"@id\":\"https:\/\/acompanyamentfamiliar.com\/es\/#organization\",\"name\":\"Acompanyament Familiar\",\"url\":\"https:\/\/acompanyamentfamiliar.com\/es\/\",\"logo\":{\"@type\":\"ImageObject\",\"inLanguage\":\"es\",\"@id\":\"https:\/\/acompanyamentfamiliar.com\/es\/#\/schema\/logo\/image\/\",\"url\":\"https:\/\/acompanyamentfamiliar.com\/wp-content\/uploads\/2025\/03\/logo_acompanyamnet_familiar.png\",\"contentUrl\":\"https:\/\/acompanyamentfamiliar.com\/wp-content\/uploads\/2025\/03\/logo_acompanyamnet_familiar.png\",\"width\":241,\"height\":126,\"caption\":\"Acompanyament Familiar\"},\"image\":{\"@id\":\"https:\/\/acompanyamentfamiliar.com\/es\/#\/schema\/logo\/image\/\"}},{\"@type\":\"Person\",\"@id\":\"https:\/\/acompanyamentfamiliar.com\/es\/#\/schema\/person\/2cd1d7b797c09f8e73d0ab6b36585040\",\"name\":\"admin\",\"image\":{\"@type\":\"ImageObject\",\"inLanguage\":\"es\",\"@id\":\"https:\/\/acompanyamentfamiliar.com\/es\/#\/schema\/person\/image\/\",\"url\":\"https:\/\/secure.gravatar.com\/avatar\/073937bd7f1a8c2904d9fa1ec5e3919f37a465744fcb187f31d4ddf76bcbd0d0?s=96&d=mm&r=g\",\"contentUrl\":\"https:\/\/secure.gravatar.com\/avatar\/073937bd7f1a8c2904d9fa1ec5e3919f37a465744fcb187f31d4ddf76bcbd0d0?s=96&d=mm&r=g\",\"caption\":\"admin\"},\"sameAs\":[\"https:\/\/acompanyamentfamiliar.com\"],\"url\":\"https:\/\/acompanyamentfamiliar.com\/es\/author\/admin\/\"}]}<\/script>\n<!-- \/ Yoast SEO plugin. -->","yoast_head_json":{"title":"LA MAGIA DEL NUEVO CURSO - Acompanyament Familiar","robots":{"index":"index","follow":"follow","max-snippet":"max-snippet:-1","max-image-preview":"max-image-preview:large","max-video-preview":"max-video-preview:-1"},"canonical":"https:\/\/acompanyamentfamiliar.com\/es\/articulos\/la-magia-del-nuevo-curso\/","og_locale":"es_ES","og_type":"article","og_title":"LA MAGIA DEL NUEVO CURSO - Acompanyament Familiar","og_description":"Lleg\u00f3 Setiembre, el mes m\u00e1s movido del a\u00f1o. \u00a1Vaya!, dir\u00e1s, tan fuerte no va la cosa, \u00bfno?. Bueno, pues d\u00e9jame decirte que en lo que llevamos de mes -apenas una semana mientras escribo estas l\u00edneas- he recibido m\u00e1s consultas sobre&nbsp;acompa\u00f1amiento familiar, que en los meses precederos (sin contar Agosto, \u00a1claro!). Setiembre es el mes en [&hellip;]","og_url":"https:\/\/acompanyamentfamiliar.com\/es\/articulos\/la-magia-del-nuevo-curso\/","og_site_name":"Acompanyament Familiar","article_published_time":"2018-09-08T12:00:00+00:00","article_modified_time":"2025-04-13T12:00:46+00:00","og_image":[{"width":645,"height":320,"url":"https:\/\/acompanyamentfamiliar.com\/wp-content\/uploads\/2018\/09\/magia-nuevo-curso.jpg","type":"image\/jpeg"}],"author":"admin","twitter_card":"summary_large_image","twitter_misc":{"Escrito por":"admin","Tiempo de lectura":"3 minutos"},"schema":{"@context":"https:\/\/schema.org","@graph":[{"@type":"Article","@id":"https:\/\/acompanyamentfamiliar.com\/es\/articulos\/la-magia-del-nuevo-curso\/#article","isPartOf":{"@id":"https:\/\/acompanyamentfamiliar.com\/es\/articulos\/la-magia-del-nuevo-curso\/"},"author":{"name":"admin","@id":"https:\/\/acompanyamentfamiliar.com\/es\/#\/schema\/person\/2cd1d7b797c09f8e73d0ab6b36585040"},"headline":"LA MAGIA DEL NUEVO CURSO","datePublished":"2018-09-08T12:00:00+00:00","dateModified":"2025-04-13T12:00:46+00:00","mainEntityOfPage":{"@id":"https:\/\/acompanyamentfamiliar.com\/es\/articulos\/la-magia-del-nuevo-curso\/"},"wordCount":602,"publisher":{"@id":"https:\/\/acompanyamentfamiliar.com\/es\/#organization"},"image":{"@id":"https:\/\/acompanyamentfamiliar.com\/es\/articulos\/la-magia-del-nuevo-curso\/#primaryimage"},"thumbnailUrl":"https:\/\/acompanyamentfamiliar.com\/wp-content\/uploads\/2018\/09\/magia-nuevo-curso.jpg","articleSection":["Art\u00edculos"],"inLanguage":"es"},{"@type":"WebPage","@id":"https:\/\/acompanyamentfamiliar.com\/es\/articulos\/la-magia-del-nuevo-curso\/","url":"https:\/\/acompanyamentfamiliar.com\/es\/articulos\/la-magia-del-nuevo-curso\/","name":"LA MAGIA DEL NUEVO CURSO - Acompanyament Familiar","isPartOf":{"@id":"https:\/\/acompanyamentfamiliar.com\/es\/#website"},"primaryImageOfPage":{"@id":"https:\/\/acompanyamentfamiliar.com\/es\/articulos\/la-magia-del-nuevo-curso\/#primaryimage"},"image":{"@id":"https:\/\/acompanyamentfamiliar.com\/es\/articulos\/la-magia-del-nuevo-curso\/#primaryimage"},"thumbnailUrl":"https:\/\/acompanyamentfamiliar.com\/wp-content\/uploads\/2018\/09\/magia-nuevo-curso.jpg","datePublished":"2018-09-08T12:00:00+00:00","dateModified":"2025-04-13T12:00:46+00:00","breadcrumb":{"@id":"https:\/\/acompanyamentfamiliar.com\/es\/articulos\/la-magia-del-nuevo-curso\/#breadcrumb"},"inLanguage":"es","potentialAction":[{"@type":"ReadAction","target":["https:\/\/acompanyamentfamiliar.com\/es\/articulos\/la-magia-del-nuevo-curso\/"]}]},{"@type":"ImageObject","inLanguage":"es","@id":"https:\/\/acompanyamentfamiliar.com\/es\/articulos\/la-magia-del-nuevo-curso\/#primaryimage","url":"https:\/\/acompanyamentfamiliar.com\/wp-content\/uploads\/2018\/09\/magia-nuevo-curso.jpg","contentUrl":"https:\/\/acompanyamentfamiliar.com\/wp-content\/uploads\/2018\/09\/magia-nuevo-curso.jpg","width":645,"height":320,"caption":"Blog Acompanyament Familiar"},{"@type":"BreadcrumbList","@id":"https:\/\/acompanyamentfamiliar.com\/es\/articulos\/la-magia-del-nuevo-curso\/#breadcrumb","itemListElement":[{"@type":"ListItem","position":1,"name":"Portada","item":"https:\/\/acompanyamentfamiliar.com\/es\/"},{"@type":"ListItem","position":2,"name":"LA MAGIA DEL NUEVO CURSO"}]},{"@type":"WebSite","@id":"https:\/\/acompanyamentfamiliar.com\/es\/#website","url":"https:\/\/acompanyamentfamiliar.com\/es\/","name":"Acompanyament Familiar","description":"Psic\u00f3logas en Barcelona: Acompa\u00f1amiento familiar","publisher":{"@id":"https:\/\/acompanyamentfamiliar.com\/es\/#organization"},"potentialAction":[{"@type":"SearchAction","target":{"@type":"EntryPoint","urlTemplate":"https:\/\/acompanyamentfamiliar.com\/es\/?s={search_term_string}"},"query-input":{"@type":"PropertyValueSpecification","valueRequired":true,"valueName":"search_term_string"}}],"inLanguage":"es"},{"@type":"Organization","@id":"https:\/\/acompanyamentfamiliar.com\/es\/#organization","name":"Acompanyament Familiar","url":"https:\/\/acompanyamentfamiliar.com\/es\/","logo":{"@type":"ImageObject","inLanguage":"es","@id":"https:\/\/acompanyamentfamiliar.com\/es\/#\/schema\/logo\/image\/","url":"https:\/\/acompanyamentfamiliar.com\/wp-content\/uploads\/2025\/03\/logo_acompanyamnet_familiar.png","contentUrl":"https:\/\/acompanyamentfamiliar.com\/wp-content\/uploads\/2025\/03\/logo_acompanyamnet_familiar.png","width":241,"height":126,"caption":"Acompanyament Familiar"},"image":{"@id":"https:\/\/acompanyamentfamiliar.com\/es\/#\/schema\/logo\/image\/"}},{"@type":"Person","@id":"https:\/\/acompanyamentfamiliar.com\/es\/#\/schema\/person\/2cd1d7b797c09f8e73d0ab6b36585040","name":"admin","image":{"@type":"ImageObject","inLanguage":"es","@id":"https:\/\/acompanyamentfamiliar.com\/es\/#\/schema\/person\/image\/","url":"https:\/\/secure.gravatar.com\/avatar\/073937bd7f1a8c2904d9fa1ec5e3919f37a465744fcb187f31d4ddf76bcbd0d0?s=96&d=mm&r=g","contentUrl":"https:\/\/secure.gravatar.com\/avatar\/073937bd7f1a8c2904d9fa1ec5e3919f37a465744fcb187f31d4ddf76bcbd0d0?s=96&d=mm&r=g","caption":"admin"},"sameAs":["https:\/\/acompanyamentfamiliar.com"],"url":"https:\/\/acompanyamentfamiliar.com\/es\/author\/admin\/"}]}},"_links":{"self":[{"href":"https:\/\/acompanyamentfamiliar.com\/es\/wp-json\/wp\/v2\/posts\/1034","targetHints":{"allow":["GET"]}}],"collection":[{"href":"https:\/\/acompanyamentfamiliar.com\/es\/wp-json\/wp\/v2\/posts"}],"about":[{"href":"https:\/\/acompanyamentfamiliar.com\/es\/wp-json\/wp\/v2\/types\/post"}],"author":[{"embeddable":true,"href":"https:\/\/acompanyamentfamiliar.com\/es\/wp-json\/wp\/v2\/users\/1"}],"replies":[{"embeddable":true,"href":"https:\/\/acompanyamentfamiliar.com\/es\/wp-json\/wp\/v2\/comments?post=1034"}],"version-history":[{"count":1,"href":"https:\/\/acompanyamentfamiliar.com\/es\/wp-json\/wp\/v2\/posts\/1034\/revisions"}],"predecessor-version":[{"id":1035,"href":"https:\/\/acompanyamentfamiliar.com\/es\/wp-json\/wp\/v2\/posts\/1034\/revisions\/1035"}],"wp:featuredmedia":[{"embeddable":true,"href":"https:\/\/acompanyamentfamiliar.com\/es\/wp-json\/wp\/v2\/media\/1036"}],"wp:attachment":[{"href":"https:\/\/acompanyamentfamiliar.com\/es\/wp-json\/wp\/v2\/media?parent=1034"}],"wp:term":[{"taxonomy":"category","embeddable":true,"href":"https:\/\/acompanyamentfamiliar.com\/es\/wp-json\/wp\/v2\/categories?post=1034"},{"taxonomy":"post_tag","embeddable":true,"href":"https:\/\/acompanyamentfamiliar.com\/es\/wp-json\/wp\/v2\/tags?post=1034"}],"curies":[{"name":"wp","href":"https:\/\/api.w.org\/{rel}","templated":true}]}}