{"id":1054,"date":"2014-10-23T12:07:00","date_gmt":"2014-10-23T12:07:00","guid":{"rendered":"https:\/\/acompanyamentfamiliar.com\/?p=1054"},"modified":"2025-04-13T12:08:24","modified_gmt":"2025-04-13T12:08:24","slug":"el-genero-en-la-infancia","status":"publish","type":"post","link":"https:\/\/acompanyamentfamiliar.com\/es\/articulos\/el-genero-en-la-infancia\/","title":{"rendered":"EL G\u00c9NERO EN LA INFANCIA"},"content":{"rendered":"\n<figure class=\"wp-block-image\"><a href=\"http:\/\/2.bp.blogspot.com\/-8BWvGewjR78\/VEk3c5uORDI\/AAAAAAAAAXI\/-q_HQClxymg\/s1600\/23GRAY-articleLarge.jpg\" target=\"_blank\" rel=\"noreferrer noopener\"><img decoding=\"async\" src=\"https:\/\/2.bp.blogspot.com\/-8BWvGewjR78\/VEk3c5uORDI\/AAAAAAAAAXI\/-q_HQClxymg\/s1600\/23GRAY-articleLarge.jpg\" alt=\"\"\/><\/a><\/figure>\n\n\n\n<p>Imatge: www.nytimes.com<\/p>\n\n\n\n<p>L@s ni\u00f1@s, durante su proceso de desarrollo, van conform\u00e1ndose en \u00e1mbitos diversos y variados. Uno de ellos es el como aterrizan la expresi\u00f3n social de su sexualidad. Hist\u00f3ricamente el g\u00e9nero ha venido definido por la genitalidad: pene significaba ser hombre, y vulva significaba ser mujer. Hombre y mujer eran \u2013y siguen si\u00e9ndolo en la mayor\u00eda de \u00e1mbitos sociales- palabras que acotan un rol, una manera de vestir, de actuar, de ser y de estar en el mundo, a qu\u00e9 profesiones dedicarse, etc. Desde Acompanyament Familiar nos parece importante cuestionar estos preceptos sociales b\u00e1sicos explorando, desde el \u00e1mbito de la educaci\u00f3n respetuosa, las tendencias, inclinaciones y exploraciones que l@s ni\u00f1@s realizan en su d\u00eda a d\u00eda para poder observar como son influenciad@s por los mandatos familiares, sociales y culturales. Estos mandatos, aunque muy sutiles e impl\u00edcitos en muchas ocasiones, calan de una manera culpidora en el desarrollo del patr\u00f3n de g\u00e9nero de l@s m\u00e1s peque\u00f1@s. De esta manera como l@s adult@s que l@s acompa\u00f1amos actuamos, nos vestimos, nos movemos, pensamos, verbalizamos lo que nos sucede, como lo decimos y qu\u00e9 no decimos, etc. es lo que les traspasamos.<\/p>\n\n\n\n<p>Otro factor importante en la conformaci\u00f3n del rol de g\u00e9nero son los mensajes que reciben a trav\u00e9s de la sociedad que les rodea: la escuela, la TV, la familia, el parque, l@s amig@s, etc. Es muy complejo poder filtrar toda la informaci\u00f3n que reciben l@s ni\u00f1@s en su d\u00eda a d\u00eda y puede llegar a ser extenuante y muy frustrante para una familia con la conciencia de cuidar lo que les llega a sus hij@s. De todas formas, es importante saber que desde la teor\u00eda del An\u00e1lisis Transaccional de Berne \u2013que explica la conformaci\u00f3n de la personalidad- hay una clara correlaci\u00f3n entre los mensajes mapaternos y los introyectos que integra l@ ni\u00f1@. De esta manera podemos afirmar que los mensajes maparentales que se dan en la primera infancia son los m\u00e1s determinantes para que l@s ni\u00f1@s escriban su gui\u00f3n de Vida. Sabemos que la educaci\u00f3n que se da en los primeros 7 a\u00f1os de Vida es la que sienta las bases para un futuro desarrollo de ese ser humano, y sobre estos cimientos se construye el tejido personal que va a conformar quienes somos como seres adultos. En sesiones de terapia he comprobado lo complejo de re-escribir nuestra Vida. Hay que ir al fondo de nuestro caj\u00f3n de sastre, all\u00ed donde yace nuestra infancia, para poder transformar y rehacer este gui\u00f3n que, seg\u00fan Berne, redactamos durante los primeros a\u00f1os de Vida. Esto es importante para tener en cuenta ya que los mensajes mapaternos y de l@s adult@s cercanos de referencia son los que van a formar parte de estos mensajes interiorizados sobre los que construiremos nuestra visi\u00f3n del mundo.<\/p>\n\n\n\n<p><strong>Como padres y madres podemos cuestionarnos c\u00f3mo vivimos el g\u00e9nero, qu\u00e9 nos hemos permitido explorar, qu\u00e9 roles hemos adoptado o transguedido, etc., y una vez analizad@s, podemos cuidar qu\u00e9 transmitimos, desde donde lo hacemos y qui\u00e9n nos mand\u00f3 a nosotr@s mismos este tipo de mensajes sobre el g\u00e9nero para saber si queremos seguir perpetuando la herencia familiar a las generaciones que nos siguen.<\/strong><\/p>\n\n\n\n<figure class=\"wp-block-image\"><a href=\"http:\/\/4.bp.blogspot.com\/-OyfMd2_OtNo\/VEk3jZrSXFI\/AAAAAAAAAXQ\/sggj0uMBAlc\/s1600\/women-149577_640.png\" target=\"_blank\" rel=\"noreferrer noopener\"><img decoding=\"async\" src=\"https:\/\/4.bp.blogspot.com\/-OyfMd2_OtNo\/VEk3jZrSXFI\/AAAAAAAAAXQ\/sggj0uMBAlc\/s1600\/women-149577_640.png\" alt=\"\"\/><\/a><\/figure>\n","protected":false},"excerpt":{"rendered":"<p>Imatge: www.nytimes.com L@s ni\u00f1@s, durante su proceso de desarrollo, van conform\u00e1ndose en \u00e1mbitos diversos y variados. Uno de ellos es el como aterrizan la expresi\u00f3n social de su sexualidad. Hist\u00f3ricamente el g\u00e9nero ha venido definido por la genitalidad: pene significaba ser hombre, y vulva significaba ser mujer. Hombre y mujer eran \u2013y siguen si\u00e9ndolo en [&hellip;]<\/p>\n","protected":false},"author":1,"featured_media":1056,"comment_status":"closed","ping_status":"closed","sticky":false,"template":"","format":"standard","meta":{"footnotes":""},"categories":[9],"tags":[],"class_list":["post-1054","post","type-post","status-publish","format-standard","has-post-thumbnail","hentry","category-articulos"],"yoast_head":"<!-- This site is optimized with the Yoast SEO plugin v26.8 - https:\/\/yoast.com\/product\/yoast-seo-wordpress\/ -->\n<title>EL G\u00c9NERO EN LA INFANCIA - Acompanyament Familiar<\/title>\n<meta name=\"robots\" content=\"index, follow, max-snippet:-1, max-image-preview:large, max-video-preview:-1\" \/>\n<link rel=\"canonical\" href=\"https:\/\/acompanyamentfamiliar.com\/es\/articulos\/el-genero-en-la-infancia\/\" \/>\n<meta property=\"og:locale\" content=\"es_ES\" \/>\n<meta property=\"og:type\" content=\"article\" \/>\n<meta property=\"og:title\" content=\"EL G\u00c9NERO EN LA INFANCIA - Acompanyament Familiar\" \/>\n<meta property=\"og:description\" content=\"Imatge: www.nytimes.com L@s ni\u00f1@s, durante su proceso de desarrollo, van conform\u00e1ndose en \u00e1mbitos diversos y variados. Uno de ellos es el como aterrizan la expresi\u00f3n social de su sexualidad. Hist\u00f3ricamente el g\u00e9nero ha venido definido por la genitalidad: pene significaba ser hombre, y vulva significaba ser mujer. Hombre y mujer eran \u2013y siguen si\u00e9ndolo en [&hellip;]\" \/>\n<meta property=\"og:url\" content=\"https:\/\/acompanyamentfamiliar.com\/es\/articulos\/el-genero-en-la-infancia\/\" \/>\n<meta property=\"og:site_name\" content=\"Acompanyament Familiar\" \/>\n<meta property=\"article:published_time\" content=\"2014-10-23T12:07:00+00:00\" \/>\n<meta property=\"article:modified_time\" content=\"2025-04-13T12:08:24+00:00\" \/>\n<meta property=\"og:image\" content=\"https:\/\/acompanyamentfamiliar.com\/wp-content\/uploads\/2014\/10\/genero-infancia.jpg\" \/>\n\t<meta property=\"og:image:width\" content=\"300\" \/>\n\t<meta property=\"og:image:height\" content=\"149\" \/>\n\t<meta property=\"og:image:type\" content=\"image\/jpeg\" \/>\n<meta name=\"author\" content=\"admin\" \/>\n<meta name=\"twitter:card\" content=\"summary_large_image\" \/>\n<meta name=\"twitter:label1\" content=\"Escrito por\" \/>\n\t<meta name=\"twitter:data1\" content=\"admin\" \/>\n\t<meta name=\"twitter:label2\" content=\"Tiempo de lectura\" \/>\n\t<meta name=\"twitter:data2\" content=\"3 minutos\" \/>\n<script type=\"application\/ld+json\" class=\"yoast-schema-graph\">{\"@context\":\"https:\/\/schema.org\",\"@graph\":[{\"@type\":\"Article\",\"@id\":\"https:\/\/acompanyamentfamiliar.com\/es\/articulos\/el-genero-en-la-infancia\/#article\",\"isPartOf\":{\"@id\":\"https:\/\/acompanyamentfamiliar.com\/es\/articulos\/el-genero-en-la-infancia\/\"},\"author\":{\"name\":\"admin\",\"@id\":\"https:\/\/acompanyamentfamiliar.com\/es\/#\/schema\/person\/2cd1d7b797c09f8e73d0ab6b36585040\"},\"headline\":\"EL G\u00c9NERO EN LA INFANCIA\",\"datePublished\":\"2014-10-23T12:07:00+00:00\",\"dateModified\":\"2025-04-13T12:08:24+00:00\",\"mainEntityOfPage\":{\"@id\":\"https:\/\/acompanyamentfamiliar.com\/es\/articulos\/el-genero-en-la-infancia\/\"},\"wordCount\":587,\"publisher\":{\"@id\":\"https:\/\/acompanyamentfamiliar.com\/es\/#organization\"},\"image\":{\"@id\":\"https:\/\/acompanyamentfamiliar.com\/es\/articulos\/el-genero-en-la-infancia\/#primaryimage\"},\"thumbnailUrl\":\"https:\/\/acompanyamentfamiliar.com\/wp-content\/uploads\/2014\/10\/genero-infancia.jpg\",\"articleSection\":[\"Art\u00edculos\"],\"inLanguage\":\"es\"},{\"@type\":\"WebPage\",\"@id\":\"https:\/\/acompanyamentfamiliar.com\/es\/articulos\/el-genero-en-la-infancia\/\",\"url\":\"https:\/\/acompanyamentfamiliar.com\/es\/articulos\/el-genero-en-la-infancia\/\",\"name\":\"EL G\u00c9NERO EN LA INFANCIA - Acompanyament Familiar\",\"isPartOf\":{\"@id\":\"https:\/\/acompanyamentfamiliar.com\/es\/#website\"},\"primaryImageOfPage\":{\"@id\":\"https:\/\/acompanyamentfamiliar.com\/es\/articulos\/el-genero-en-la-infancia\/#primaryimage\"},\"image\":{\"@id\":\"https:\/\/acompanyamentfamiliar.com\/es\/articulos\/el-genero-en-la-infancia\/#primaryimage\"},\"thumbnailUrl\":\"https:\/\/acompanyamentfamiliar.com\/wp-content\/uploads\/2014\/10\/genero-infancia.jpg\",\"datePublished\":\"2014-10-23T12:07:00+00:00\",\"dateModified\":\"2025-04-13T12:08:24+00:00\",\"breadcrumb\":{\"@id\":\"https:\/\/acompanyamentfamiliar.com\/es\/articulos\/el-genero-en-la-infancia\/#breadcrumb\"},\"inLanguage\":\"es\",\"potentialAction\":[{\"@type\":\"ReadAction\",\"target\":[\"https:\/\/acompanyamentfamiliar.com\/es\/articulos\/el-genero-en-la-infancia\/\"]}]},{\"@type\":\"ImageObject\",\"inLanguage\":\"es\",\"@id\":\"https:\/\/acompanyamentfamiliar.com\/es\/articulos\/el-genero-en-la-infancia\/#primaryimage\",\"url\":\"https:\/\/acompanyamentfamiliar.com\/wp-content\/uploads\/2014\/10\/genero-infancia.jpg\",\"contentUrl\":\"https:\/\/acompanyamentfamiliar.com\/wp-content\/uploads\/2014\/10\/genero-infancia.jpg\",\"width\":300,\"height\":149,\"caption\":\"Blog Acompanyament Familiar\"},{\"@type\":\"BreadcrumbList\",\"@id\":\"https:\/\/acompanyamentfamiliar.com\/es\/articulos\/el-genero-en-la-infancia\/#breadcrumb\",\"itemListElement\":[{\"@type\":\"ListItem\",\"position\":1,\"name\":\"Portada\",\"item\":\"https:\/\/acompanyamentfamiliar.com\/es\/\"},{\"@type\":\"ListItem\",\"position\":2,\"name\":\"EL G\u00c9NERO EN LA INFANCIA\"}]},{\"@type\":\"WebSite\",\"@id\":\"https:\/\/acompanyamentfamiliar.com\/es\/#website\",\"url\":\"https:\/\/acompanyamentfamiliar.com\/es\/\",\"name\":\"Acompanyament Familiar\",\"description\":\"Psic\u00f3logas en Barcelona: Acompa\u00f1amiento familiar\",\"publisher\":{\"@id\":\"https:\/\/acompanyamentfamiliar.com\/es\/#organization\"},\"potentialAction\":[{\"@type\":\"SearchAction\",\"target\":{\"@type\":\"EntryPoint\",\"urlTemplate\":\"https:\/\/acompanyamentfamiliar.com\/es\/?s={search_term_string}\"},\"query-input\":{\"@type\":\"PropertyValueSpecification\",\"valueRequired\":true,\"valueName\":\"search_term_string\"}}],\"inLanguage\":\"es\"},{\"@type\":\"Organization\",\"@id\":\"https:\/\/acompanyamentfamiliar.com\/es\/#organization\",\"name\":\"Acompanyament Familiar\",\"url\":\"https:\/\/acompanyamentfamiliar.com\/es\/\",\"logo\":{\"@type\":\"ImageObject\",\"inLanguage\":\"es\",\"@id\":\"https:\/\/acompanyamentfamiliar.com\/es\/#\/schema\/logo\/image\/\",\"url\":\"https:\/\/acompanyamentfamiliar.com\/wp-content\/uploads\/2025\/03\/logo_acompanyamnet_familiar.png\",\"contentUrl\":\"https:\/\/acompanyamentfamiliar.com\/wp-content\/uploads\/2025\/03\/logo_acompanyamnet_familiar.png\",\"width\":241,\"height\":126,\"caption\":\"Acompanyament Familiar\"},\"image\":{\"@id\":\"https:\/\/acompanyamentfamiliar.com\/es\/#\/schema\/logo\/image\/\"}},{\"@type\":\"Person\",\"@id\":\"https:\/\/acompanyamentfamiliar.com\/es\/#\/schema\/person\/2cd1d7b797c09f8e73d0ab6b36585040\",\"name\":\"admin\",\"image\":{\"@type\":\"ImageObject\",\"inLanguage\":\"es\",\"@id\":\"https:\/\/acompanyamentfamiliar.com\/es\/#\/schema\/person\/image\/\",\"url\":\"https:\/\/secure.gravatar.com\/avatar\/073937bd7f1a8c2904d9fa1ec5e3919f37a465744fcb187f31d4ddf76bcbd0d0?s=96&d=mm&r=g\",\"contentUrl\":\"https:\/\/secure.gravatar.com\/avatar\/073937bd7f1a8c2904d9fa1ec5e3919f37a465744fcb187f31d4ddf76bcbd0d0?s=96&d=mm&r=g\",\"caption\":\"admin\"},\"sameAs\":[\"https:\/\/acompanyamentfamiliar.com\"],\"url\":\"https:\/\/acompanyamentfamiliar.com\/es\/author\/admin\/\"}]}<\/script>\n<!-- \/ Yoast SEO plugin. -->","yoast_head_json":{"title":"EL G\u00c9NERO EN LA INFANCIA - Acompanyament Familiar","robots":{"index":"index","follow":"follow","max-snippet":"max-snippet:-1","max-image-preview":"max-image-preview:large","max-video-preview":"max-video-preview:-1"},"canonical":"https:\/\/acompanyamentfamiliar.com\/es\/articulos\/el-genero-en-la-infancia\/","og_locale":"es_ES","og_type":"article","og_title":"EL G\u00c9NERO EN LA INFANCIA - Acompanyament Familiar","og_description":"Imatge: www.nytimes.com L@s ni\u00f1@s, durante su proceso de desarrollo, van conform\u00e1ndose en \u00e1mbitos diversos y variados. Uno de ellos es el como aterrizan la expresi\u00f3n social de su sexualidad. Hist\u00f3ricamente el g\u00e9nero ha venido definido por la genitalidad: pene significaba ser hombre, y vulva significaba ser mujer. Hombre y mujer eran \u2013y siguen si\u00e9ndolo en [&hellip;]","og_url":"https:\/\/acompanyamentfamiliar.com\/es\/articulos\/el-genero-en-la-infancia\/","og_site_name":"Acompanyament Familiar","article_published_time":"2014-10-23T12:07:00+00:00","article_modified_time":"2025-04-13T12:08:24+00:00","og_image":[{"width":300,"height":149,"url":"https:\/\/acompanyamentfamiliar.com\/wp-content\/uploads\/2014\/10\/genero-infancia.jpg","type":"image\/jpeg"}],"author":"admin","twitter_card":"summary_large_image","twitter_misc":{"Escrito por":"admin","Tiempo de lectura":"3 minutos"},"schema":{"@context":"https:\/\/schema.org","@graph":[{"@type":"Article","@id":"https:\/\/acompanyamentfamiliar.com\/es\/articulos\/el-genero-en-la-infancia\/#article","isPartOf":{"@id":"https:\/\/acompanyamentfamiliar.com\/es\/articulos\/el-genero-en-la-infancia\/"},"author":{"name":"admin","@id":"https:\/\/acompanyamentfamiliar.com\/es\/#\/schema\/person\/2cd1d7b797c09f8e73d0ab6b36585040"},"headline":"EL G\u00c9NERO EN LA INFANCIA","datePublished":"2014-10-23T12:07:00+00:00","dateModified":"2025-04-13T12:08:24+00:00","mainEntityOfPage":{"@id":"https:\/\/acompanyamentfamiliar.com\/es\/articulos\/el-genero-en-la-infancia\/"},"wordCount":587,"publisher":{"@id":"https:\/\/acompanyamentfamiliar.com\/es\/#organization"},"image":{"@id":"https:\/\/acompanyamentfamiliar.com\/es\/articulos\/el-genero-en-la-infancia\/#primaryimage"},"thumbnailUrl":"https:\/\/acompanyamentfamiliar.com\/wp-content\/uploads\/2014\/10\/genero-infancia.jpg","articleSection":["Art\u00edculos"],"inLanguage":"es"},{"@type":"WebPage","@id":"https:\/\/acompanyamentfamiliar.com\/es\/articulos\/el-genero-en-la-infancia\/","url":"https:\/\/acompanyamentfamiliar.com\/es\/articulos\/el-genero-en-la-infancia\/","name":"EL G\u00c9NERO EN LA INFANCIA - Acompanyament Familiar","isPartOf":{"@id":"https:\/\/acompanyamentfamiliar.com\/es\/#website"},"primaryImageOfPage":{"@id":"https:\/\/acompanyamentfamiliar.com\/es\/articulos\/el-genero-en-la-infancia\/#primaryimage"},"image":{"@id":"https:\/\/acompanyamentfamiliar.com\/es\/articulos\/el-genero-en-la-infancia\/#primaryimage"},"thumbnailUrl":"https:\/\/acompanyamentfamiliar.com\/wp-content\/uploads\/2014\/10\/genero-infancia.jpg","datePublished":"2014-10-23T12:07:00+00:00","dateModified":"2025-04-13T12:08:24+00:00","breadcrumb":{"@id":"https:\/\/acompanyamentfamiliar.com\/es\/articulos\/el-genero-en-la-infancia\/#breadcrumb"},"inLanguage":"es","potentialAction":[{"@type":"ReadAction","target":["https:\/\/acompanyamentfamiliar.com\/es\/articulos\/el-genero-en-la-infancia\/"]}]},{"@type":"ImageObject","inLanguage":"es","@id":"https:\/\/acompanyamentfamiliar.com\/es\/articulos\/el-genero-en-la-infancia\/#primaryimage","url":"https:\/\/acompanyamentfamiliar.com\/wp-content\/uploads\/2014\/10\/genero-infancia.jpg","contentUrl":"https:\/\/acompanyamentfamiliar.com\/wp-content\/uploads\/2014\/10\/genero-infancia.jpg","width":300,"height":149,"caption":"Blog Acompanyament Familiar"},{"@type":"BreadcrumbList","@id":"https:\/\/acompanyamentfamiliar.com\/es\/articulos\/el-genero-en-la-infancia\/#breadcrumb","itemListElement":[{"@type":"ListItem","position":1,"name":"Portada","item":"https:\/\/acompanyamentfamiliar.com\/es\/"},{"@type":"ListItem","position":2,"name":"EL G\u00c9NERO EN LA INFANCIA"}]},{"@type":"WebSite","@id":"https:\/\/acompanyamentfamiliar.com\/es\/#website","url":"https:\/\/acompanyamentfamiliar.com\/es\/","name":"Acompanyament Familiar","description":"Psic\u00f3logas en Barcelona: Acompa\u00f1amiento familiar","publisher":{"@id":"https:\/\/acompanyamentfamiliar.com\/es\/#organization"},"potentialAction":[{"@type":"SearchAction","target":{"@type":"EntryPoint","urlTemplate":"https:\/\/acompanyamentfamiliar.com\/es\/?s={search_term_string}"},"query-input":{"@type":"PropertyValueSpecification","valueRequired":true,"valueName":"search_term_string"}}],"inLanguage":"es"},{"@type":"Organization","@id":"https:\/\/acompanyamentfamiliar.com\/es\/#organization","name":"Acompanyament Familiar","url":"https:\/\/acompanyamentfamiliar.com\/es\/","logo":{"@type":"ImageObject","inLanguage":"es","@id":"https:\/\/acompanyamentfamiliar.com\/es\/#\/schema\/logo\/image\/","url":"https:\/\/acompanyamentfamiliar.com\/wp-content\/uploads\/2025\/03\/logo_acompanyamnet_familiar.png","contentUrl":"https:\/\/acompanyamentfamiliar.com\/wp-content\/uploads\/2025\/03\/logo_acompanyamnet_familiar.png","width":241,"height":126,"caption":"Acompanyament Familiar"},"image":{"@id":"https:\/\/acompanyamentfamiliar.com\/es\/#\/schema\/logo\/image\/"}},{"@type":"Person","@id":"https:\/\/acompanyamentfamiliar.com\/es\/#\/schema\/person\/2cd1d7b797c09f8e73d0ab6b36585040","name":"admin","image":{"@type":"ImageObject","inLanguage":"es","@id":"https:\/\/acompanyamentfamiliar.com\/es\/#\/schema\/person\/image\/","url":"https:\/\/secure.gravatar.com\/avatar\/073937bd7f1a8c2904d9fa1ec5e3919f37a465744fcb187f31d4ddf76bcbd0d0?s=96&d=mm&r=g","contentUrl":"https:\/\/secure.gravatar.com\/avatar\/073937bd7f1a8c2904d9fa1ec5e3919f37a465744fcb187f31d4ddf76bcbd0d0?s=96&d=mm&r=g","caption":"admin"},"sameAs":["https:\/\/acompanyamentfamiliar.com"],"url":"https:\/\/acompanyamentfamiliar.com\/es\/author\/admin\/"}]}},"_links":{"self":[{"href":"https:\/\/acompanyamentfamiliar.com\/es\/wp-json\/wp\/v2\/posts\/1054","targetHints":{"allow":["GET"]}}],"collection":[{"href":"https:\/\/acompanyamentfamiliar.com\/es\/wp-json\/wp\/v2\/posts"}],"about":[{"href":"https:\/\/acompanyamentfamiliar.com\/es\/wp-json\/wp\/v2\/types\/post"}],"author":[{"embeddable":true,"href":"https:\/\/acompanyamentfamiliar.com\/es\/wp-json\/wp\/v2\/users\/1"}],"replies":[{"embeddable":true,"href":"https:\/\/acompanyamentfamiliar.com\/es\/wp-json\/wp\/v2\/comments?post=1054"}],"version-history":[{"count":1,"href":"https:\/\/acompanyamentfamiliar.com\/es\/wp-json\/wp\/v2\/posts\/1054\/revisions"}],"predecessor-version":[{"id":1055,"href":"https:\/\/acompanyamentfamiliar.com\/es\/wp-json\/wp\/v2\/posts\/1054\/revisions\/1055"}],"wp:featuredmedia":[{"embeddable":true,"href":"https:\/\/acompanyamentfamiliar.com\/es\/wp-json\/wp\/v2\/media\/1056"}],"wp:attachment":[{"href":"https:\/\/acompanyamentfamiliar.com\/es\/wp-json\/wp\/v2\/media?parent=1054"}],"wp:term":[{"taxonomy":"category","embeddable":true,"href":"https:\/\/acompanyamentfamiliar.com\/es\/wp-json\/wp\/v2\/categories?post=1054"},{"taxonomy":"post_tag","embeddable":true,"href":"https:\/\/acompanyamentfamiliar.com\/es\/wp-json\/wp\/v2\/tags?post=1054"}],"curies":[{"name":"wp","href":"https:\/\/api.w.org\/{rel}","templated":true}]}}