{"id":1058,"date":"2014-09-30T12:08:00","date_gmt":"2014-09-30T12:08:00","guid":{"rendered":"https:\/\/acompanyamentfamiliar.com\/?p=1058"},"modified":"2025-04-13T12:09:26","modified_gmt":"2025-04-13T12:09:26","slug":"cuestiones-de-genero","status":"publish","type":"post","link":"https:\/\/acompanyamentfamiliar.com\/es\/articulos\/cuestiones-de-genero\/","title":{"rendered":"CUESTIONES DE G\u00c9NERO"},"content":{"rendered":"\n<p>*<em>A diferencia de la mayor\u00eda de mis publicaciones, el art\u00edculo previo al post que te comparto no est\u00e1 colgado en castellano. Si deseas que te lo mande, h\u00e1zmelo saber: <\/em><a href=\"mailto:elisenda@acompanyamentfamiliar.com\" target=\"_blank\" rel=\"noreferrer noopener\"><em>elisenda@acompanyamentfamiliar.com<\/em><\/a><\/p>\n\n\n\n<p>El g\u00e8nere \u00e9s un constructe social i cultural. Quan confonem g\u00e8nere amb fenotip (conjunt de car\u00e0cters visibles que un organisme presenta com a resultat de la interacci\u00f3 entre el seu genotip i l\u2019ambient) estem postergant un m\u00f3n sexista per als nostres infants i per a nosaltres mateixes com a persones adultes.<\/p>\n\n\n\n<p>Naixem amb un cos particular, propi, \u00fanic i diferent de la resta de cossos. Com pot ser que en funci\u00f3 de tanta variabilitat org\u00e0nica ens agrupem, de manera reduccionista -al meu entendre-, en tan sols dos tipus de g\u00e8neres? I \u00e9s aquest tall sexista, el que crea ambig\u00fcitat en cossos amb una definici\u00f3 no ortodoxa, amb el consequent patiment i malestar de l\u2019emocionalitat de les persones que ho viuen.<\/p>\n\n\n\n<p>Sabeu que hi ha pa\u00efsos on s\u2019accepta de forma natural i fins i tot reconeguda, l\u2019exist\u00e8ncia de persones que agrupen caracter\u00edstiques masculines i femenines, i que no s\u00f3n classificables com a home o dona: \u00e9s el tercer g\u00e8nere. Aix\u00ed, cultures ind\u00edgenes com algunes tribus d\u2019indis nord-americans (reconeixen les figures \u201cdos esperits\u201d, que acostumen a tenir el rol de sanador@ i adivin@s), a l\u2019\u00cdndia hi ha la figura dels <em>hijra<\/em>, a Thailandia els <em>lady boys<\/em>, etc.<\/p>\n\n\n\n<p>En la nostra cultura, o ets dona o ets home. O et sents femenina o et sents masculina. Sembla que cada persona ha d\u2019escollir o l\u2019una o l\u2019altre categoria per a poder encabir en el sistema cultural al qual pertany, per situar-se socialment i sentir-se definida en el s\u00ed de la seva cultura. Com diu Focault \u201cper a ser reconeguts com a humans, hem de seguir les normes que estableix el g\u00e8nere\u201d. Per\u00f2, qui defineix el g\u00e8nere?<\/p>\n\n\n\n<p>Dins el m\u00f3n de l\u2019acompanyament respectu\u00f3s, aix\u00ed com posem \u00e9mfasi en la manera com parlem als infants, com els hi posem els l\u00edmits amb amor i respecte, com els alimentem, com respectem els seus propis processos de Vida, caldria parar-se a reflexionar fins a quin punt les persones adultes estem \u201clliures\u201d de tot el condicionament de g\u00e8nere en el nostre acompanyament en el dia a dia; fins on som capaces d\u2019obrir la mirada i DES-aprendre tot all\u00f2 que tenim introjectat per la nostra her\u00e8ncia familiar o social (ja no dir la cultural) i sentir no ja que acompanyen nens i nenes, sin\u00f3 que acompanyem persones amb la possibilitat d\u2019expressar-se des d\u2019un vast amalagama de comportaments, emocions, tend\u00e8ncies i est\u00e8tica, sense per aix\u00f2 ser classificad@s dins el r\u00e8gim dual de dona o home.<\/p>\n\n\n\n<p>Quin g\u00e8nere utilitzem en la nostra parla? quins atributs fem servir davant del que classifiquem com a nena? i com a nen? s\u00f3n diferents? s\u00f3n sexistes?&nbsp;<\/p>\n\n\n\n<p>Ens permetem com a persones adultes experimentar amb la nostra manera de definir-nos? sentim que estem limitades per uns atributs que ens venen donats per la nostra definici\u00f3 fenot\u00edpica? quines actituds\/accions\/emocions no em permeto perqu\u00e8 no s\u00f3n acceptades pel tipus de g\u00e8nere que sento que em defineix?<\/p>\n\n\n\n<p>\u00c9s un tema complex i llarg. \u00c9s un bon moment per comen\u00e7ar a refelxionar-hi.<\/p>\n\n\n\n<p>Us deixo aqu\u00ed sota un exemple en primera persona sobre aquest tema tant controvertit. La font \u00e9s d\u2019un diari electr\u00f2nic, el Huffington Post.&nbsp;<\/p>\n\n\n\n<p>Tamb\u00e9 recomano fermament la lectura d\u2019un llibre on s\u2019explica, amb claredat, rapidesa i senzillesa, el tema del g\u00e8nere. \u201c<strong>Dibuixant el g\u00e8nere<\/strong>\u201c, Edicions 96.<\/p>\n\n\n\n<p>Com diu&nbsp;Judith Butler, \u201cel g\u00e8nere \u00e9s un ideal que mai podem aconseguir habitar del tot\u201d.&nbsp;<\/p>\n\n\n\n<p>Cuando las normas de g\u00e9nero no surtieron efecto en mi hija<\/p>\n\n\n\n<p>Le cort\u00e9 el pelo muy corto a mi hija de tres a\u00f1os. Me lo hab\u00eda pedido espec\u00edficamente: \u201c\u00bfMe puedes cortar el pelo como a un chico, muy, muy corto?\u201d. Al principio se lo cort\u00e9 a taz\u00f3n. Luego se lo cort\u00e9 m\u00e1s. Al final, me volvi\u00f3 a pedir que se lo cortara m\u00e1s, y ya me dije a m\u00ed misma, \u201c\u00bfpor qu\u00e9 estoy intentando evitarlo?\u201d. As\u00ed que saqu\u00e9 la maquinilla.<\/p>\n\n\n\n<p>\u00bfPor qu\u00e9 tuve que esperar a que me lo pidiese tres veces? Porque esta cultura todav\u00eda es muy binaria en lo que a los sexos se refiere, y sobre todo durante la infancia. No soy inmune a mi cultura, y tem\u00eda las reacciones de los dem\u00e1s.&nbsp;<\/p>\n\n\n\n<figure class=\"wp-block-image\"><a href=\"http:\/\/images.huffingtonpost.com\/2014-08-09-photo56.JPG\" target=\"_blank\" rel=\"noreferrer noopener\"><img decoding=\"async\" src=\"http:\/\/images.huffingtonpost.com\/2014-08-09-photo56-thumb.JPG\" alt=\"2014-08-09-photo56.JPG\"\/><\/a><\/figure>\n\n\n\n<p>Cuando estaba en el quinto mes de mi primer embarazo, todo el mundo quer\u00eda saber si iba a ser ni\u00f1o o ni\u00f1a. Cuando yo les respond\u00eda que ser\u00eda una sorpresa, a nadie le gustaba mi contestaci\u00f3n. \u201c\u00a1Entonces nadie va a saber qu\u00e9 comprarle!\u201d. \u00bfDe rosa o de azul? \u00bfUna mu\u00f1eca o un cachorrito? \u00bfMariposas o tractores? Estas conversaciones me molestaban mucho. Tengo un pie en el bazo, tengo incontinencia, \u00bfy t\u00fa me est\u00e1s preguntando si rosa o azul?&nbsp;<\/p>\n\n\n\n<p>Sin siquiera saber el sexo del beb\u00e9, la gente ya empezaba a hablar de lo diferentes que son los chicos de las chicas. Los chicos son tan intr\u00e9pidos y atrevidos. Las chicas son tan dulces y atentas. Muchas de esas personas hab\u00edan pasado por la universidad, donde seguro que en alguna clase les hab\u00edan explicado los prejuicios sociales de g\u00e9nero. Una madre lesbiana describi\u00f3 a su hijo como \u201ctodo chico\u201d. \u00bfQu\u00e9 significa eso? No es que tenga en mejor estima a los gays por su definici\u00f3n de los roles chico-chica, pero esto demuestra lo profundas que son las percepciones de lo masculino y lo femenino en esta cultura.&nbsp;&lt; \u00bfDe d\u00f3nde procede la afirmaci\u00f3n de que los chicos y las chicas se comportan de una forma inherente a su sexo? Socializan de forma diferente y quiz\u00e1s utilizan diferentes modos de relacionarse, pero sobre todo cuando se hacen mayores y estas expectativas se hacen m\u00e1s r\u00edgidas. Aun as\u00ed, \u00bfestas diferencias son tan marcadas como dicen los padres? Lo cierto es que muchos de los padres que aseguraban que los chicos y las chicas eran \u00abtan diferentes\u00bb basaban esta suposici\u00f3n en su experiencia incontrolada de (sus propios) hijos.&nbsp;<a href=\"http:\/\/web.mit.edu\/2.00b\/www\/documents\/ToyGender.pdf\" target=\"_blank\" rel=\"noreferrer noopener\">Los juguetes son un claro ejemplo<\/a> de que los estereotipos de g\u00e9nero empiezan a promoverse desde la m\u00e1s tierna infancia. Ya durante mi embarazo me promet\u00ed que a mis hijas les dar\u00eda fuerza, y a mis hijos sensibilidad. Al final, tuvimos dos hijas. Cuando naci\u00f3 la peque\u00f1a, le dije a mi marido en broma: \u201c\u00bfQui\u00e9n sabe? No sabremos su verdadero sexo hasta que ella misma nos lo diga\u201d.<\/p>\n\n\n\n<p>No he dejado <em>abierta<\/em> la cuesti\u00f3n del g\u00e9nero, como<a href=\"http:\/\/abcnews.go.com\/Health\/genderless-baby-controversy-mom-defends-choice-reveal-sex\/story?id=13718047\" target=\"_blank\" rel=\"noreferrer noopener\"> la familia canadiense que no cont\u00f3 al mundo el sexo de su hijo<\/a>, pero admiro esta actitud y esfuerzo. Intent\u00e9 dejar abierta la puerta a una orientaci\u00f3n sexual alternativa. Durante los tres primeros a\u00f1os de vida de mi hija mayor, le dec\u00eda: \u201cShea, cuando tengas novio o novia\u2026\u201d, hasta que al final, con cuatro a\u00f1os me corrigi\u00f3 y me dijo: \u201cMam\u00e1, me voy a casar con un chico, as\u00ed que ya puedes dejar de decir eso. No quiero casarme con una chica\u201d. Perfecto.&nbsp;<\/p>\n\n\n\n<p>Cuando mi hija peque\u00f1a empez\u00f3 a se\u00f1alar fotos de ni\u00f1os peque\u00f1os y a decir: \u201cSoy yo\u201d, me sorprendi\u00f3. Al principio, la correg\u00eda. \u201cT\u00fa eres una ni\u00f1a, pero puedes fingir ser este chico si quieres\u201d. Luego, despu\u00e9s de discutirlo, decidimos aceptarlo. Dejamos de corregirla, aunque no cambi\u00e9 los pronombres ni tir\u00e9 los vestidos y los pantalones rosas que hab\u00eda heredado de su hermana.&nbsp;<\/p>\n\n\n\n<p>Si hab\u00eda alguien dispuesto a tener un hijo transexual, esos \u00e9ramos nosotros. Cuando llegara el momento, cambiar\u00edamos los pronombres. Cuando estuviera preparada, dejar\u00edamos que comenzara una terapia de hormonas. Refinanciar\u00edamos la casa para pagarle la cirug\u00eda. Har\u00edamos cualquier cosa para asegurarnos de que la transici\u00f3n flu\u00eda sin problemas.&nbsp;<\/p>\n\n\n\n<p>Para cortarle el pelo a Phoebe con maquinilla, utilic\u00e9 un <a href=\"https:\/\/www.youtube.com\/watch?v=lF18tvofTC4\" target=\"_blank\" rel=\"noreferrer noopener\">tutorial de YouTube<\/a>. Le dej\u00e9 m\u00e1s larga la parte de arriba, al estilo <em>skater<\/em>. La diferencia era sorprendente. Parec\u00eda un chico de verdad. Despu\u00e9s del corte de pelo, sent\u00ed una especie de p\u00e9rdida en la percepci\u00f3n femenina que ten\u00eda de mi hija. Sent\u00ed miedo al pensar en c\u00f3mo la tratar\u00edan. Mi hija va a una escuela de <a href=\"http:\/\/www.montessori.org\/\" target=\"_blank\" rel=\"noreferrer noopener\">Montessori<\/a> llena de gente abierta en t\u00e9rminos de empat\u00eda y de rechazo hacia los estereotipos culturales, pero dentro de dos a\u00f1os ir\u00eda al colegio p\u00fablico. \u00bfY entonces qu\u00e9?<\/p>\n\n\n\n<p>Dicho esto, estaba adorable con ese corte de pelo. Justo al d\u00eda siguiente, se puso su vestido favorito. Y unos d\u00edas despu\u00e9s, Shea recalc\u00f3 que su hermana ya no parec\u00eda la misma que en las fotos anteriores. \u201cAhora me parece rara en las fotos con el pelo largo\u201d, dijo. \u201cMe gusta m\u00e1s con el pelo corto\u201d. Y a Phoebe tambi\u00e9n. Sobre todo porque no ten\u00eda que desenredarse el pelo.<\/p>\n\n\n\n<p>Algunos desconocidos hac\u00edan comentarios como: \u201c\u00bfY por qu\u00e9 lleva el pelo tan corto? \u00bfSe lo ha cortado su hermana o es que ten\u00eda piojos?\u201d. Yo encog\u00eda los hombros y respond\u00eda: \u201cEs que ella lo quer\u00eda as\u00ed. Y a nosotros nos encanta\u201d. Una persona en la piscina me pregunt\u00f3 que por qu\u00e9 mi hijo llevaba un ba\u00f1ador de chica. Entiendo la curiosidad de la gente, pero ese tipo de preguntas iban en la direcci\u00f3n de: si tu hijo se sale de las normas, prep\u00e1rate para explicar el porqu\u00e9.<\/p>\n\n\n\n<p>El otro d\u00eda, cuando \u00edbamos en coche, Phoebe nos dijo que ya no quer\u00eda llevar ropa de \u201cchicas\u201d. Le pregunt\u00e9 que qu\u00e9 tipo de ropa le gustaba y qu\u00e9 camisetas quer\u00eda llevar.<\/p>\n\n\n\n<p>\u201cLas de chico\u201d.<\/p>\n\n\n\n<p>\u201c\u00bfC\u00f3mo es una camiseta de chico?\u201d.<\/p>\n\n\n\n<p>\u201cAzul. Negra. Con coches, o dinosaurios o tiburones\u201d.<\/p>\n\n\n\n<p>\u201cAs\u00ed que quieres una camiseta con coches o dinosaurios. \u00a1O incluso con un tibur\u00f3n!\u201d.<\/p>\n\n\n\n<p>\u201c\u00a1S\u00ed, una azul!\u201d.<\/p>\n\n\n\n<p>Esa semana, fuimos a una tienda de segunda mano. La ropa para ni\u00f1os y ni\u00f1as estaba en el mismo estante. Cogi\u00f3 una camiseta marr\u00f3n y otra gris que llevaba escrito 1965 Mustang en rojo, y unos pantalones caqui \u201ccomo los de pap\u00e1\u201d. No pod\u00eda estar m\u00e1s feliz.<\/p>\n\n\n\n<p>\u00bfQu\u00e9 habr\u00eda ocurrido si nos hubi\u00e9semos cre\u00eddo la idea de que los chicos y las chicas son tan diferentes? Como dijo la directora de la escuela de mi hija: \u201ces m\u00e1s efectivo resaltar nuestras semejanzas. En vez de poner a la gente en esquinas separadas, nos mete a todos en la misma comunidad\u201d. Tambi\u00e9n nos sugiri\u00f3 que cuando Phoebe afirmara que es un chico, le dij\u00e9ramos: \u201cS\u00ed, y todos somos humanos\u201d. Qu\u00e9 idea tan radical.&nbsp;&lt; \u00bfY qu\u00e9 pasar\u00eda si en vez de describir a nuestros hijos como <em>muy chicote<\/em> o <em>muy femenina<\/em>, habl\u00e1ramos de lo mucho que les gusta hacerse cargo de sus responsabilidades? O de lo mucho que les gusta pintar, nadar y hacer picnics en el parque; de las horas que pasan ba\u00f1\u00e1ndose, de lo que les encanta conocer el funcionamiento de las cosas; de lo que les gusta ser el centro de atenci\u00f3n, o del tiempo que se toman para conocer a alguien. En vez de trillar los mismos estereotipos sobre c\u00f3mo son los chicos y las chicas, podr\u00edamos hablar sobre lo que nuestros hijos hacen, sobre c\u00f3mo se mueven en el mundo. Podr\u00edamos hablar de lo humanos que son, y de lo genial que resulta ser part\u00edcipes de ello.<\/p>\n\n\n\n<p><em>Traducci\u00f3n de Marina Velasco Serrano<\/em><\/p>\n\n\n\n<p><strong>Seguir a Erika Kleinman en Twitter: <\/strong><a href=\"http:\/\/www.twitter.com\/ekleinman\" target=\"_blank\" rel=\"noreferrer noopener\"><strong>www.twitter.com\/ekleinman<\/strong><\/a><\/p>\n","protected":false},"excerpt":{"rendered":"<p>*A diferencia de la mayor\u00eda de mis publicaciones, el art\u00edculo previo al post que te comparto no est\u00e1 colgado en castellano. Si deseas que te lo mande, h\u00e1zmelo saber: elisenda@acompanyamentfamiliar.com El g\u00e8nere \u00e9s un constructe social i cultural. Quan confonem g\u00e8nere amb fenotip (conjunt de car\u00e0cters visibles que un organisme presenta com a resultat de [&hellip;]<\/p>\n","protected":false},"author":1,"featured_media":1060,"comment_status":"closed","ping_status":"closed","sticky":false,"template":"","format":"standard","meta":{"footnotes":""},"categories":[9],"tags":[],"class_list":["post-1058","post","type-post","status-publish","format-standard","has-post-thumbnail","hentry","category-articulos"],"yoast_head":"<!-- This site is optimized with the Yoast SEO plugin v26.8 - https:\/\/yoast.com\/product\/yoast-seo-wordpress\/ -->\n<title>CUESTIONES DE G\u00c9NERO - Acompanyament Familiar<\/title>\n<meta name=\"robots\" content=\"index, follow, max-snippet:-1, max-image-preview:large, max-video-preview:-1\" \/>\n<link rel=\"canonical\" href=\"https:\/\/acompanyamentfamiliar.com\/es\/articulos\/cuestiones-de-genero\/\" \/>\n<meta property=\"og:locale\" content=\"es_ES\" \/>\n<meta property=\"og:type\" content=\"article\" \/>\n<meta property=\"og:title\" content=\"CUESTIONES DE G\u00c9NERO - Acompanyament Familiar\" \/>\n<meta property=\"og:description\" content=\"*A diferencia de la mayor\u00eda de mis publicaciones, el art\u00edculo previo al post que te comparto no est\u00e1 colgado en castellano. Si deseas que te lo mande, h\u00e1zmelo saber: elisenda@acompanyamentfamiliar.com El g\u00e8nere \u00e9s un constructe social i cultural. Quan confonem g\u00e8nere amb fenotip (conjunt de car\u00e0cters visibles que un organisme presenta com a resultat de [&hellip;]\" \/>\n<meta property=\"og:url\" content=\"https:\/\/acompanyamentfamiliar.com\/es\/articulos\/cuestiones-de-genero\/\" \/>\n<meta property=\"og:site_name\" content=\"Acompanyament Familiar\" \/>\n<meta property=\"article:published_time\" content=\"2014-09-30T12:08:00+00:00\" \/>\n<meta property=\"article:modified_time\" content=\"2025-04-13T12:09:26+00:00\" \/>\n<meta property=\"og:image\" content=\"https:\/\/acompanyamentfamiliar.com\/wp-content\/uploads\/2014\/09\/cuestiones-de-genero.jpg\" \/>\n\t<meta property=\"og:image:width\" content=\"300\" \/>\n\t<meta property=\"og:image:height\" content=\"149\" \/>\n\t<meta property=\"og:image:type\" content=\"image\/jpeg\" \/>\n<meta name=\"author\" content=\"admin\" \/>\n<meta name=\"twitter:card\" content=\"summary_large_image\" \/>\n<meta name=\"twitter:label1\" content=\"Escrito por\" \/>\n\t<meta name=\"twitter:data1\" content=\"admin\" \/>\n\t<meta name=\"twitter:label2\" content=\"Tiempo de lectura\" \/>\n\t<meta name=\"twitter:data2\" content=\"9 minutos\" \/>\n<script type=\"application\/ld+json\" class=\"yoast-schema-graph\">{\"@context\":\"https:\/\/schema.org\",\"@graph\":[{\"@type\":\"Article\",\"@id\":\"https:\/\/acompanyamentfamiliar.com\/es\/articulos\/cuestiones-de-genero\/#article\",\"isPartOf\":{\"@id\":\"https:\/\/acompanyamentfamiliar.com\/es\/articulos\/cuestiones-de-genero\/\"},\"author\":{\"name\":\"admin\",\"@id\":\"https:\/\/acompanyamentfamiliar.com\/es\/#\/schema\/person\/2cd1d7b797c09f8e73d0ab6b36585040\"},\"headline\":\"CUESTIONES DE G\u00c9NERO\",\"datePublished\":\"2014-09-30T12:08:00+00:00\",\"dateModified\":\"2025-04-13T12:09:26+00:00\",\"mainEntityOfPage\":{\"@id\":\"https:\/\/acompanyamentfamiliar.com\/es\/articulos\/cuestiones-de-genero\/\"},\"wordCount\":2019,\"publisher\":{\"@id\":\"https:\/\/acompanyamentfamiliar.com\/es\/#organization\"},\"image\":{\"@id\":\"https:\/\/acompanyamentfamiliar.com\/es\/articulos\/cuestiones-de-genero\/#primaryimage\"},\"thumbnailUrl\":\"https:\/\/acompanyamentfamiliar.com\/wp-content\/uploads\/2014\/09\/cuestiones-de-genero.jpg\",\"articleSection\":[\"Art\u00edculos\"],\"inLanguage\":\"es\"},{\"@type\":\"WebPage\",\"@id\":\"https:\/\/acompanyamentfamiliar.com\/es\/articulos\/cuestiones-de-genero\/\",\"url\":\"https:\/\/acompanyamentfamiliar.com\/es\/articulos\/cuestiones-de-genero\/\",\"name\":\"CUESTIONES DE G\u00c9NERO - Acompanyament Familiar\",\"isPartOf\":{\"@id\":\"https:\/\/acompanyamentfamiliar.com\/es\/#website\"},\"primaryImageOfPage\":{\"@id\":\"https:\/\/acompanyamentfamiliar.com\/es\/articulos\/cuestiones-de-genero\/#primaryimage\"},\"image\":{\"@id\":\"https:\/\/acompanyamentfamiliar.com\/es\/articulos\/cuestiones-de-genero\/#primaryimage\"},\"thumbnailUrl\":\"https:\/\/acompanyamentfamiliar.com\/wp-content\/uploads\/2014\/09\/cuestiones-de-genero.jpg\",\"datePublished\":\"2014-09-30T12:08:00+00:00\",\"dateModified\":\"2025-04-13T12:09:26+00:00\",\"breadcrumb\":{\"@id\":\"https:\/\/acompanyamentfamiliar.com\/es\/articulos\/cuestiones-de-genero\/#breadcrumb\"},\"inLanguage\":\"es\",\"potentialAction\":[{\"@type\":\"ReadAction\",\"target\":[\"https:\/\/acompanyamentfamiliar.com\/es\/articulos\/cuestiones-de-genero\/\"]}]},{\"@type\":\"ImageObject\",\"inLanguage\":\"es\",\"@id\":\"https:\/\/acompanyamentfamiliar.com\/es\/articulos\/cuestiones-de-genero\/#primaryimage\",\"url\":\"https:\/\/acompanyamentfamiliar.com\/wp-content\/uploads\/2014\/09\/cuestiones-de-genero.jpg\",\"contentUrl\":\"https:\/\/acompanyamentfamiliar.com\/wp-content\/uploads\/2014\/09\/cuestiones-de-genero.jpg\",\"width\":300,\"height\":149,\"caption\":\"Blog Acompanyament Familiar\"},{\"@type\":\"BreadcrumbList\",\"@id\":\"https:\/\/acompanyamentfamiliar.com\/es\/articulos\/cuestiones-de-genero\/#breadcrumb\",\"itemListElement\":[{\"@type\":\"ListItem\",\"position\":1,\"name\":\"Portada\",\"item\":\"https:\/\/acompanyamentfamiliar.com\/es\/\"},{\"@type\":\"ListItem\",\"position\":2,\"name\":\"CUESTIONES DE G\u00c9NERO\"}]},{\"@type\":\"WebSite\",\"@id\":\"https:\/\/acompanyamentfamiliar.com\/es\/#website\",\"url\":\"https:\/\/acompanyamentfamiliar.com\/es\/\",\"name\":\"Acompanyament Familiar\",\"description\":\"Psic\u00f3logas en Barcelona: Acompa\u00f1amiento familiar\",\"publisher\":{\"@id\":\"https:\/\/acompanyamentfamiliar.com\/es\/#organization\"},\"potentialAction\":[{\"@type\":\"SearchAction\",\"target\":{\"@type\":\"EntryPoint\",\"urlTemplate\":\"https:\/\/acompanyamentfamiliar.com\/es\/?s={search_term_string}\"},\"query-input\":{\"@type\":\"PropertyValueSpecification\",\"valueRequired\":true,\"valueName\":\"search_term_string\"}}],\"inLanguage\":\"es\"},{\"@type\":\"Organization\",\"@id\":\"https:\/\/acompanyamentfamiliar.com\/es\/#organization\",\"name\":\"Acompanyament Familiar\",\"url\":\"https:\/\/acompanyamentfamiliar.com\/es\/\",\"logo\":{\"@type\":\"ImageObject\",\"inLanguage\":\"es\",\"@id\":\"https:\/\/acompanyamentfamiliar.com\/es\/#\/schema\/logo\/image\/\",\"url\":\"https:\/\/acompanyamentfamiliar.com\/wp-content\/uploads\/2025\/03\/logo_acompanyamnet_familiar.png\",\"contentUrl\":\"https:\/\/acompanyamentfamiliar.com\/wp-content\/uploads\/2025\/03\/logo_acompanyamnet_familiar.png\",\"width\":241,\"height\":126,\"caption\":\"Acompanyament Familiar\"},\"image\":{\"@id\":\"https:\/\/acompanyamentfamiliar.com\/es\/#\/schema\/logo\/image\/\"}},{\"@type\":\"Person\",\"@id\":\"https:\/\/acompanyamentfamiliar.com\/es\/#\/schema\/person\/2cd1d7b797c09f8e73d0ab6b36585040\",\"name\":\"admin\",\"image\":{\"@type\":\"ImageObject\",\"inLanguage\":\"es\",\"@id\":\"https:\/\/acompanyamentfamiliar.com\/es\/#\/schema\/person\/image\/\",\"url\":\"https:\/\/secure.gravatar.com\/avatar\/073937bd7f1a8c2904d9fa1ec5e3919f37a465744fcb187f31d4ddf76bcbd0d0?s=96&d=mm&r=g\",\"contentUrl\":\"https:\/\/secure.gravatar.com\/avatar\/073937bd7f1a8c2904d9fa1ec5e3919f37a465744fcb187f31d4ddf76bcbd0d0?s=96&d=mm&r=g\",\"caption\":\"admin\"},\"sameAs\":[\"https:\/\/acompanyamentfamiliar.com\"],\"url\":\"https:\/\/acompanyamentfamiliar.com\/es\/author\/admin\/\"}]}<\/script>\n<!-- \/ Yoast SEO plugin. -->","yoast_head_json":{"title":"CUESTIONES DE G\u00c9NERO - Acompanyament Familiar","robots":{"index":"index","follow":"follow","max-snippet":"max-snippet:-1","max-image-preview":"max-image-preview:large","max-video-preview":"max-video-preview:-1"},"canonical":"https:\/\/acompanyamentfamiliar.com\/es\/articulos\/cuestiones-de-genero\/","og_locale":"es_ES","og_type":"article","og_title":"CUESTIONES DE G\u00c9NERO - Acompanyament Familiar","og_description":"*A diferencia de la mayor\u00eda de mis publicaciones, el art\u00edculo previo al post que te comparto no est\u00e1 colgado en castellano. Si deseas que te lo mande, h\u00e1zmelo saber: elisenda@acompanyamentfamiliar.com El g\u00e8nere \u00e9s un constructe social i cultural. Quan confonem g\u00e8nere amb fenotip (conjunt de car\u00e0cters visibles que un organisme presenta com a resultat de [&hellip;]","og_url":"https:\/\/acompanyamentfamiliar.com\/es\/articulos\/cuestiones-de-genero\/","og_site_name":"Acompanyament Familiar","article_published_time":"2014-09-30T12:08:00+00:00","article_modified_time":"2025-04-13T12:09:26+00:00","og_image":[{"width":300,"height":149,"url":"https:\/\/acompanyamentfamiliar.com\/wp-content\/uploads\/2014\/09\/cuestiones-de-genero.jpg","type":"image\/jpeg"}],"author":"admin","twitter_card":"summary_large_image","twitter_misc":{"Escrito por":"admin","Tiempo de lectura":"9 minutos"},"schema":{"@context":"https:\/\/schema.org","@graph":[{"@type":"Article","@id":"https:\/\/acompanyamentfamiliar.com\/es\/articulos\/cuestiones-de-genero\/#article","isPartOf":{"@id":"https:\/\/acompanyamentfamiliar.com\/es\/articulos\/cuestiones-de-genero\/"},"author":{"name":"admin","@id":"https:\/\/acompanyamentfamiliar.com\/es\/#\/schema\/person\/2cd1d7b797c09f8e73d0ab6b36585040"},"headline":"CUESTIONES DE G\u00c9NERO","datePublished":"2014-09-30T12:08:00+00:00","dateModified":"2025-04-13T12:09:26+00:00","mainEntityOfPage":{"@id":"https:\/\/acompanyamentfamiliar.com\/es\/articulos\/cuestiones-de-genero\/"},"wordCount":2019,"publisher":{"@id":"https:\/\/acompanyamentfamiliar.com\/es\/#organization"},"image":{"@id":"https:\/\/acompanyamentfamiliar.com\/es\/articulos\/cuestiones-de-genero\/#primaryimage"},"thumbnailUrl":"https:\/\/acompanyamentfamiliar.com\/wp-content\/uploads\/2014\/09\/cuestiones-de-genero.jpg","articleSection":["Art\u00edculos"],"inLanguage":"es"},{"@type":"WebPage","@id":"https:\/\/acompanyamentfamiliar.com\/es\/articulos\/cuestiones-de-genero\/","url":"https:\/\/acompanyamentfamiliar.com\/es\/articulos\/cuestiones-de-genero\/","name":"CUESTIONES DE G\u00c9NERO - Acompanyament Familiar","isPartOf":{"@id":"https:\/\/acompanyamentfamiliar.com\/es\/#website"},"primaryImageOfPage":{"@id":"https:\/\/acompanyamentfamiliar.com\/es\/articulos\/cuestiones-de-genero\/#primaryimage"},"image":{"@id":"https:\/\/acompanyamentfamiliar.com\/es\/articulos\/cuestiones-de-genero\/#primaryimage"},"thumbnailUrl":"https:\/\/acompanyamentfamiliar.com\/wp-content\/uploads\/2014\/09\/cuestiones-de-genero.jpg","datePublished":"2014-09-30T12:08:00+00:00","dateModified":"2025-04-13T12:09:26+00:00","breadcrumb":{"@id":"https:\/\/acompanyamentfamiliar.com\/es\/articulos\/cuestiones-de-genero\/#breadcrumb"},"inLanguage":"es","potentialAction":[{"@type":"ReadAction","target":["https:\/\/acompanyamentfamiliar.com\/es\/articulos\/cuestiones-de-genero\/"]}]},{"@type":"ImageObject","inLanguage":"es","@id":"https:\/\/acompanyamentfamiliar.com\/es\/articulos\/cuestiones-de-genero\/#primaryimage","url":"https:\/\/acompanyamentfamiliar.com\/wp-content\/uploads\/2014\/09\/cuestiones-de-genero.jpg","contentUrl":"https:\/\/acompanyamentfamiliar.com\/wp-content\/uploads\/2014\/09\/cuestiones-de-genero.jpg","width":300,"height":149,"caption":"Blog Acompanyament Familiar"},{"@type":"BreadcrumbList","@id":"https:\/\/acompanyamentfamiliar.com\/es\/articulos\/cuestiones-de-genero\/#breadcrumb","itemListElement":[{"@type":"ListItem","position":1,"name":"Portada","item":"https:\/\/acompanyamentfamiliar.com\/es\/"},{"@type":"ListItem","position":2,"name":"CUESTIONES DE G\u00c9NERO"}]},{"@type":"WebSite","@id":"https:\/\/acompanyamentfamiliar.com\/es\/#website","url":"https:\/\/acompanyamentfamiliar.com\/es\/","name":"Acompanyament Familiar","description":"Psic\u00f3logas en Barcelona: Acompa\u00f1amiento familiar","publisher":{"@id":"https:\/\/acompanyamentfamiliar.com\/es\/#organization"},"potentialAction":[{"@type":"SearchAction","target":{"@type":"EntryPoint","urlTemplate":"https:\/\/acompanyamentfamiliar.com\/es\/?s={search_term_string}"},"query-input":{"@type":"PropertyValueSpecification","valueRequired":true,"valueName":"search_term_string"}}],"inLanguage":"es"},{"@type":"Organization","@id":"https:\/\/acompanyamentfamiliar.com\/es\/#organization","name":"Acompanyament Familiar","url":"https:\/\/acompanyamentfamiliar.com\/es\/","logo":{"@type":"ImageObject","inLanguage":"es","@id":"https:\/\/acompanyamentfamiliar.com\/es\/#\/schema\/logo\/image\/","url":"https:\/\/acompanyamentfamiliar.com\/wp-content\/uploads\/2025\/03\/logo_acompanyamnet_familiar.png","contentUrl":"https:\/\/acompanyamentfamiliar.com\/wp-content\/uploads\/2025\/03\/logo_acompanyamnet_familiar.png","width":241,"height":126,"caption":"Acompanyament Familiar"},"image":{"@id":"https:\/\/acompanyamentfamiliar.com\/es\/#\/schema\/logo\/image\/"}},{"@type":"Person","@id":"https:\/\/acompanyamentfamiliar.com\/es\/#\/schema\/person\/2cd1d7b797c09f8e73d0ab6b36585040","name":"admin","image":{"@type":"ImageObject","inLanguage":"es","@id":"https:\/\/acompanyamentfamiliar.com\/es\/#\/schema\/person\/image\/","url":"https:\/\/secure.gravatar.com\/avatar\/073937bd7f1a8c2904d9fa1ec5e3919f37a465744fcb187f31d4ddf76bcbd0d0?s=96&d=mm&r=g","contentUrl":"https:\/\/secure.gravatar.com\/avatar\/073937bd7f1a8c2904d9fa1ec5e3919f37a465744fcb187f31d4ddf76bcbd0d0?s=96&d=mm&r=g","caption":"admin"},"sameAs":["https:\/\/acompanyamentfamiliar.com"],"url":"https:\/\/acompanyamentfamiliar.com\/es\/author\/admin\/"}]}},"_links":{"self":[{"href":"https:\/\/acompanyamentfamiliar.com\/es\/wp-json\/wp\/v2\/posts\/1058","targetHints":{"allow":["GET"]}}],"collection":[{"href":"https:\/\/acompanyamentfamiliar.com\/es\/wp-json\/wp\/v2\/posts"}],"about":[{"href":"https:\/\/acompanyamentfamiliar.com\/es\/wp-json\/wp\/v2\/types\/post"}],"author":[{"embeddable":true,"href":"https:\/\/acompanyamentfamiliar.com\/es\/wp-json\/wp\/v2\/users\/1"}],"replies":[{"embeddable":true,"href":"https:\/\/acompanyamentfamiliar.com\/es\/wp-json\/wp\/v2\/comments?post=1058"}],"version-history":[{"count":1,"href":"https:\/\/acompanyamentfamiliar.com\/es\/wp-json\/wp\/v2\/posts\/1058\/revisions"}],"predecessor-version":[{"id":1059,"href":"https:\/\/acompanyamentfamiliar.com\/es\/wp-json\/wp\/v2\/posts\/1058\/revisions\/1059"}],"wp:featuredmedia":[{"embeddable":true,"href":"https:\/\/acompanyamentfamiliar.com\/es\/wp-json\/wp\/v2\/media\/1060"}],"wp:attachment":[{"href":"https:\/\/acompanyamentfamiliar.com\/es\/wp-json\/wp\/v2\/media?parent=1058"}],"wp:term":[{"taxonomy":"category","embeddable":true,"href":"https:\/\/acompanyamentfamiliar.com\/es\/wp-json\/wp\/v2\/categories?post=1058"},{"taxonomy":"post_tag","embeddable":true,"href":"https:\/\/acompanyamentfamiliar.com\/es\/wp-json\/wp\/v2\/tags?post=1058"}],"curies":[{"name":"wp","href":"https:\/\/api.w.org\/{rel}","templated":true}]}}