{"id":1080,"date":"2016-10-10T12:14:00","date_gmt":"2016-10-10T12:14:00","guid":{"rendered":"https:\/\/acompanyamentfamiliar.com\/?p=1080"},"modified":"2025-04-13T12:14:42","modified_gmt":"2025-04-13T12:14:42","slug":"trastorno-por-deficit-de-naturaleza","status":"publish","type":"post","link":"https:\/\/acompanyamentfamiliar.com\/es\/articulos\/trastorno-por-deficit-de-naturaleza\/","title":{"rendered":"TRASTORNO POR D\u00c9FICIT DE NATURALEZA"},"content":{"rendered":"\n<p>Amb els anys, he pogut observar que un infant que pot decidir en quin entorn desenvolupar-se (interior o exterior) no acumula tensions, assoleix aprenentatges d\u2019una manera m\u00e9s relaxada, i gaudeix d\u2019una millor salut f\u00edsica i emocional.&nbsp;<\/p>\n\n\n\n<p>\u00c9s molt important que els infants es desenvolupin en espais on es permeti la lliure circulaci\u00f3 entre l\u2019interior i l\u2019exterior, i que siguin el m\u00e9s naturals possibles. Entenc que aix\u00f2 es complex d\u2019acompanyar en entorns escolars convencionals, tot i que ja existeixen certs projectes p\u00fablics pilot que caminen cap a un benestar tant dels infants com dels professionals que els acompanyen. Tamb\u00e9 \u00e9s dif\u00edcil sostenir-ho a nivell familiar; El tipus de vida que duem actualment fa que molts i moltes de nosaltres visquem en ciutats, rodejats d\u2019asfalt, en pisos sense ni tan sols terrassa, i ben allunyats del contacte amb el bosc, el mar i la natura. Un ambient relaxat repercuteix tant en els infants com en les persones adultes que els acompanyem, i un espai que pretengui oferir un acompanyament respectu\u00f3s ha d\u2019intentar cuidar al m\u00e0xim aquest equilibri. Existeixen estudis que demostren que la <strong>connexi\u00f3 amb la natura<\/strong> el possibilita.&nbsp;<\/p>\n\n\n\n<p>D\u2019aquesta manera podem dir que un dels pilars de l\u2019acompanyament respectu\u00f3s \u00e9s el cuidar la interacci\u00f3 de l\u2019infant amb el sistema natural que l\u2019envolta. L\u2019adquisici\u00f3 del pensament sist\u00e8mic es forja -de manera espont\u00e0nia- gr\u00e0cies al contacte directe amb el sistema viu de la naturalesa. Aquesta posseeix un ritme c\u00edclic que li \u00e9s propi en el que l\u2019\u00e9sser hum\u00e0 hi est\u00e0 incl\u00f2s. La mare natura \u00e9s un organisme m\u00e9s complex i gran que nosaltres (la esp\u00e8cie humana). Observar com les estacions esdevenen, com els diferents regnes es reprodueixen, neixen, creixen i moren, ofereix als infants (i a les persones adultes, es clar) la comprensi\u00f3 de l\u2019exist\u00e8ncia de quelcom m\u00e9s ampli dins el qual estem inserits. Ens ofereix la possibilitat de sentir-nos petits, relatius i dispensables. Transforma el pensament antropoc\u00e8ntric predominant, alhora que tamb\u00e9 ens regala l\u2019ensenyan\u00e7a de poder cuidar all\u00f2 que ens abra\u00e7a i ens alimenta, i no prendre-ho egoistament com si no tingu\u00e9s fi. I aix\u00ed tanquem l\u2019espiral evolutiu.<\/p>\n\n\n\n<p><strong>La natura \u00e9s una gran escola: ens permet experimentar els seus cicles, ens ofereix la comprensi\u00f3 del pensament sist\u00e8mic i ens facilita l\u2019autorregulaci\u00f3 interior-exterior quan la necessitem.<\/strong><\/p>\n\n\n\n<p>Existeix un autor nord-americ\u00e0, Richard Luv, que en el seu darrer llibre, \u201cLast child in the Woods\u201d (El \u00faltimo ni\u00f1o en los bosques) remarca la import\u00e0ncia que t\u00e9 el contacte amb la natura per un desenvolupament complert de l\u2019infant. S\u2019aventura m\u00e9s i nombra quelcom que ja fa temps es ve percebent a nivell social per\u00f2 que ning\u00fa encara havia anomenat: el Trastorn per d\u00e8ficit de natura.<\/p>\n\n\n\n<p>&nbsp;<em>\u00abHasta hace 30 a\u00f1os, los ni\u00f1os jugaban entre los \u00e1rboles o en el campo. Los ni\u00f1os de hoy ya no pueden tener los pies llenos de barro, correr hasta horizontes lejanos, colgarse de un \u00e1rbol o recrear mundos con lo que hay disponible en la naturaleza. En solo dos generaciones, la infancia ha perdido su legado m\u00e1s preciado: el juego que se invent\u00f3 hace decenas de miles de a\u00f1os. En los ambientes controlados no hay verdadera experimentaci\u00f3n. Aunque precisamente el riesgo es lo que los padres desean evitar, es lo que m\u00e1s nos ense\u00f1a y estimula la creatividad cuando se trata de encontrar soluciones\u00bb.<\/em><\/p>\n\n\n\n<p>&nbsp;Richard Luv apunta cap a una recuperaci\u00f3 de la cultura rural, podr\u00edem dir; aquella en la que els infants ens vam fer grans en contacte constant amb l\u2019entorn natural d\u2019all\u00e0 on viv\u00edem; on veure uns pantalons estripats i plens de marques d\u2019herba era el pa diari de moltes de les nostres mares; en definitiva, en la \u201cnaturalitzaci\u00f3 de la natura\u201d i en veure els espais oberts no com a meres estampes buc\u00f2liques i decoratives de l\u2019asfalt que ens rodeja, sin\u00f3 com a escenaris possibles i reals on acompanyar el desenvolupament respectu\u00f3s dels nostres infants, i perqu\u00e8 no dir-ho, de nosaltres mateix@s.<\/p>\n\n\n\n<p><strong>Elisenda Pascual i Mart\u00ed<\/strong><\/p>\n\n\n\n<p>psci\u00f2loga i fundadora d\u2019Acompanyament Familiar<\/p>\n","protected":false},"excerpt":{"rendered":"<p>Amb els anys, he pogut observar que un infant que pot decidir en quin entorn desenvolupar-se (interior o exterior) no acumula tensions, assoleix aprenentatges d\u2019una manera m\u00e9s relaxada, i gaudeix d\u2019una millor salut f\u00edsica i emocional.&nbsp; \u00c9s molt important que els infants es desenvolupin en espais on es permeti la lliure circulaci\u00f3 entre l\u2019interior i [&hellip;]<\/p>\n","protected":false},"author":1,"featured_media":1082,"comment_status":"closed","ping_status":"closed","sticky":false,"template":"","format":"standard","meta":{"footnotes":""},"categories":[9],"tags":[],"class_list":["post-1080","post","type-post","status-publish","format-standard","has-post-thumbnail","hentry","category-articulos"],"yoast_head":"<!-- This site is optimized with the Yoast SEO plugin v26.8 - https:\/\/yoast.com\/product\/yoast-seo-wordpress\/ -->\n<title>TRASTORNO POR D\u00c9FICIT DE NATURALEZA - Acompanyament Familiar<\/title>\n<meta name=\"robots\" content=\"index, follow, max-snippet:-1, max-image-preview:large, max-video-preview:-1\" \/>\n<link rel=\"canonical\" href=\"https:\/\/acompanyamentfamiliar.com\/es\/articulos\/trastorno-por-deficit-de-naturaleza\/\" \/>\n<meta property=\"og:locale\" content=\"es_ES\" \/>\n<meta property=\"og:type\" content=\"article\" \/>\n<meta property=\"og:title\" content=\"TRASTORNO POR D\u00c9FICIT DE NATURALEZA - Acompanyament Familiar\" \/>\n<meta property=\"og:description\" content=\"Amb els anys, he pogut observar que un infant que pot decidir en quin entorn desenvolupar-se (interior o exterior) no acumula tensions, assoleix aprenentatges d\u2019una manera m\u00e9s relaxada, i gaudeix d\u2019una millor salut f\u00edsica i emocional.&nbsp; \u00c9s molt important que els infants es desenvolupin en espais on es permeti la lliure circulaci\u00f3 entre l\u2019interior i [&hellip;]\" \/>\n<meta property=\"og:url\" content=\"https:\/\/acompanyamentfamiliar.com\/es\/articulos\/trastorno-por-deficit-de-naturaleza\/\" \/>\n<meta property=\"og:site_name\" content=\"Acompanyament Familiar\" \/>\n<meta property=\"article:published_time\" content=\"2016-10-10T12:14:00+00:00\" \/>\n<meta property=\"article:modified_time\" content=\"2025-04-13T12:14:42+00:00\" \/>\n<meta property=\"og:image\" content=\"https:\/\/acompanyamentfamiliar.com\/wp-content\/uploads\/2016\/10\/trastorno-deficit-naturaleza.jpg\" \/>\n\t<meta property=\"og:image:width\" content=\"300\" \/>\n\t<meta property=\"og:image:height\" content=\"149\" \/>\n\t<meta property=\"og:image:type\" content=\"image\/jpeg\" \/>\n<meta name=\"author\" content=\"admin\" \/>\n<meta name=\"twitter:card\" content=\"summary_large_image\" \/>\n<meta name=\"twitter:label1\" content=\"Escrito por\" \/>\n\t<meta name=\"twitter:data1\" content=\"admin\" \/>\n\t<meta name=\"twitter:label2\" content=\"Tiempo de lectura\" \/>\n\t<meta name=\"twitter:data2\" content=\"3 minutos\" \/>\n<script type=\"application\/ld+json\" class=\"yoast-schema-graph\">{\"@context\":\"https:\/\/schema.org\",\"@graph\":[{\"@type\":\"Article\",\"@id\":\"https:\/\/acompanyamentfamiliar.com\/es\/articulos\/trastorno-por-deficit-de-naturaleza\/#article\",\"isPartOf\":{\"@id\":\"https:\/\/acompanyamentfamiliar.com\/es\/articulos\/trastorno-por-deficit-de-naturaleza\/\"},\"author\":{\"name\":\"admin\",\"@id\":\"https:\/\/acompanyamentfamiliar.com\/es\/#\/schema\/person\/2cd1d7b797c09f8e73d0ab6b36585040\"},\"headline\":\"TRASTORNO POR D\u00c9FICIT DE NATURALEZA\",\"datePublished\":\"2016-10-10T12:14:00+00:00\",\"dateModified\":\"2025-04-13T12:14:42+00:00\",\"mainEntityOfPage\":{\"@id\":\"https:\/\/acompanyamentfamiliar.com\/es\/articulos\/trastorno-por-deficit-de-naturaleza\/\"},\"wordCount\":726,\"publisher\":{\"@id\":\"https:\/\/acompanyamentfamiliar.com\/es\/#organization\"},\"image\":{\"@id\":\"https:\/\/acompanyamentfamiliar.com\/es\/articulos\/trastorno-por-deficit-de-naturaleza\/#primaryimage\"},\"thumbnailUrl\":\"https:\/\/acompanyamentfamiliar.com\/wp-content\/uploads\/2016\/10\/trastorno-deficit-naturaleza.jpg\",\"articleSection\":[\"Art\u00edculos\"],\"inLanguage\":\"es\"},{\"@type\":\"WebPage\",\"@id\":\"https:\/\/acompanyamentfamiliar.com\/es\/articulos\/trastorno-por-deficit-de-naturaleza\/\",\"url\":\"https:\/\/acompanyamentfamiliar.com\/es\/articulos\/trastorno-por-deficit-de-naturaleza\/\",\"name\":\"TRASTORNO POR D\u00c9FICIT DE NATURALEZA - Acompanyament Familiar\",\"isPartOf\":{\"@id\":\"https:\/\/acompanyamentfamiliar.com\/es\/#website\"},\"primaryImageOfPage\":{\"@id\":\"https:\/\/acompanyamentfamiliar.com\/es\/articulos\/trastorno-por-deficit-de-naturaleza\/#primaryimage\"},\"image\":{\"@id\":\"https:\/\/acompanyamentfamiliar.com\/es\/articulos\/trastorno-por-deficit-de-naturaleza\/#primaryimage\"},\"thumbnailUrl\":\"https:\/\/acompanyamentfamiliar.com\/wp-content\/uploads\/2016\/10\/trastorno-deficit-naturaleza.jpg\",\"datePublished\":\"2016-10-10T12:14:00+00:00\",\"dateModified\":\"2025-04-13T12:14:42+00:00\",\"breadcrumb\":{\"@id\":\"https:\/\/acompanyamentfamiliar.com\/es\/articulos\/trastorno-por-deficit-de-naturaleza\/#breadcrumb\"},\"inLanguage\":\"es\",\"potentialAction\":[{\"@type\":\"ReadAction\",\"target\":[\"https:\/\/acompanyamentfamiliar.com\/es\/articulos\/trastorno-por-deficit-de-naturaleza\/\"]}]},{\"@type\":\"ImageObject\",\"inLanguage\":\"es\",\"@id\":\"https:\/\/acompanyamentfamiliar.com\/es\/articulos\/trastorno-por-deficit-de-naturaleza\/#primaryimage\",\"url\":\"https:\/\/acompanyamentfamiliar.com\/wp-content\/uploads\/2016\/10\/trastorno-deficit-naturaleza.jpg\",\"contentUrl\":\"https:\/\/acompanyamentfamiliar.com\/wp-content\/uploads\/2016\/10\/trastorno-deficit-naturaleza.jpg\",\"width\":300,\"height\":149,\"caption\":\"Blog Acompanyament Familiar\"},{\"@type\":\"BreadcrumbList\",\"@id\":\"https:\/\/acompanyamentfamiliar.com\/es\/articulos\/trastorno-por-deficit-de-naturaleza\/#breadcrumb\",\"itemListElement\":[{\"@type\":\"ListItem\",\"position\":1,\"name\":\"Portada\",\"item\":\"https:\/\/acompanyamentfamiliar.com\/es\/\"},{\"@type\":\"ListItem\",\"position\":2,\"name\":\"TRASTORNO POR D\u00c9FICIT DE NATURALEZA\"}]},{\"@type\":\"WebSite\",\"@id\":\"https:\/\/acompanyamentfamiliar.com\/es\/#website\",\"url\":\"https:\/\/acompanyamentfamiliar.com\/es\/\",\"name\":\"Acompanyament Familiar\",\"description\":\"Psic\u00f3logas en Barcelona: Acompa\u00f1amiento familiar\",\"publisher\":{\"@id\":\"https:\/\/acompanyamentfamiliar.com\/es\/#organization\"},\"potentialAction\":[{\"@type\":\"SearchAction\",\"target\":{\"@type\":\"EntryPoint\",\"urlTemplate\":\"https:\/\/acompanyamentfamiliar.com\/es\/?s={search_term_string}\"},\"query-input\":{\"@type\":\"PropertyValueSpecification\",\"valueRequired\":true,\"valueName\":\"search_term_string\"}}],\"inLanguage\":\"es\"},{\"@type\":\"Organization\",\"@id\":\"https:\/\/acompanyamentfamiliar.com\/es\/#organization\",\"name\":\"Acompanyament Familiar\",\"url\":\"https:\/\/acompanyamentfamiliar.com\/es\/\",\"logo\":{\"@type\":\"ImageObject\",\"inLanguage\":\"es\",\"@id\":\"https:\/\/acompanyamentfamiliar.com\/es\/#\/schema\/logo\/image\/\",\"url\":\"https:\/\/acompanyamentfamiliar.com\/wp-content\/uploads\/2025\/03\/logo_acompanyamnet_familiar.png\",\"contentUrl\":\"https:\/\/acompanyamentfamiliar.com\/wp-content\/uploads\/2025\/03\/logo_acompanyamnet_familiar.png\",\"width\":241,\"height\":126,\"caption\":\"Acompanyament Familiar\"},\"image\":{\"@id\":\"https:\/\/acompanyamentfamiliar.com\/es\/#\/schema\/logo\/image\/\"}},{\"@type\":\"Person\",\"@id\":\"https:\/\/acompanyamentfamiliar.com\/es\/#\/schema\/person\/2cd1d7b797c09f8e73d0ab6b36585040\",\"name\":\"admin\",\"image\":{\"@type\":\"ImageObject\",\"inLanguage\":\"es\",\"@id\":\"https:\/\/acompanyamentfamiliar.com\/es\/#\/schema\/person\/image\/\",\"url\":\"https:\/\/secure.gravatar.com\/avatar\/073937bd7f1a8c2904d9fa1ec5e3919f37a465744fcb187f31d4ddf76bcbd0d0?s=96&d=mm&r=g\",\"contentUrl\":\"https:\/\/secure.gravatar.com\/avatar\/073937bd7f1a8c2904d9fa1ec5e3919f37a465744fcb187f31d4ddf76bcbd0d0?s=96&d=mm&r=g\",\"caption\":\"admin\"},\"sameAs\":[\"https:\/\/acompanyamentfamiliar.com\"],\"url\":\"https:\/\/acompanyamentfamiliar.com\/es\/author\/admin\/\"}]}<\/script>\n<!-- \/ Yoast SEO plugin. -->","yoast_head_json":{"title":"TRASTORNO POR D\u00c9FICIT DE NATURALEZA - Acompanyament Familiar","robots":{"index":"index","follow":"follow","max-snippet":"max-snippet:-1","max-image-preview":"max-image-preview:large","max-video-preview":"max-video-preview:-1"},"canonical":"https:\/\/acompanyamentfamiliar.com\/es\/articulos\/trastorno-por-deficit-de-naturaleza\/","og_locale":"es_ES","og_type":"article","og_title":"TRASTORNO POR D\u00c9FICIT DE NATURALEZA - Acompanyament Familiar","og_description":"Amb els anys, he pogut observar que un infant que pot decidir en quin entorn desenvolupar-se (interior o exterior) no acumula tensions, assoleix aprenentatges d\u2019una manera m\u00e9s relaxada, i gaudeix d\u2019una millor salut f\u00edsica i emocional.&nbsp; \u00c9s molt important que els infants es desenvolupin en espais on es permeti la lliure circulaci\u00f3 entre l\u2019interior i [&hellip;]","og_url":"https:\/\/acompanyamentfamiliar.com\/es\/articulos\/trastorno-por-deficit-de-naturaleza\/","og_site_name":"Acompanyament Familiar","article_published_time":"2016-10-10T12:14:00+00:00","article_modified_time":"2025-04-13T12:14:42+00:00","og_image":[{"width":300,"height":149,"url":"https:\/\/acompanyamentfamiliar.com\/wp-content\/uploads\/2016\/10\/trastorno-deficit-naturaleza.jpg","type":"image\/jpeg"}],"author":"admin","twitter_card":"summary_large_image","twitter_misc":{"Escrito por":"admin","Tiempo de lectura":"3 minutos"},"schema":{"@context":"https:\/\/schema.org","@graph":[{"@type":"Article","@id":"https:\/\/acompanyamentfamiliar.com\/es\/articulos\/trastorno-por-deficit-de-naturaleza\/#article","isPartOf":{"@id":"https:\/\/acompanyamentfamiliar.com\/es\/articulos\/trastorno-por-deficit-de-naturaleza\/"},"author":{"name":"admin","@id":"https:\/\/acompanyamentfamiliar.com\/es\/#\/schema\/person\/2cd1d7b797c09f8e73d0ab6b36585040"},"headline":"TRASTORNO POR D\u00c9FICIT DE NATURALEZA","datePublished":"2016-10-10T12:14:00+00:00","dateModified":"2025-04-13T12:14:42+00:00","mainEntityOfPage":{"@id":"https:\/\/acompanyamentfamiliar.com\/es\/articulos\/trastorno-por-deficit-de-naturaleza\/"},"wordCount":726,"publisher":{"@id":"https:\/\/acompanyamentfamiliar.com\/es\/#organization"},"image":{"@id":"https:\/\/acompanyamentfamiliar.com\/es\/articulos\/trastorno-por-deficit-de-naturaleza\/#primaryimage"},"thumbnailUrl":"https:\/\/acompanyamentfamiliar.com\/wp-content\/uploads\/2016\/10\/trastorno-deficit-naturaleza.jpg","articleSection":["Art\u00edculos"],"inLanguage":"es"},{"@type":"WebPage","@id":"https:\/\/acompanyamentfamiliar.com\/es\/articulos\/trastorno-por-deficit-de-naturaleza\/","url":"https:\/\/acompanyamentfamiliar.com\/es\/articulos\/trastorno-por-deficit-de-naturaleza\/","name":"TRASTORNO POR D\u00c9FICIT DE NATURALEZA - Acompanyament Familiar","isPartOf":{"@id":"https:\/\/acompanyamentfamiliar.com\/es\/#website"},"primaryImageOfPage":{"@id":"https:\/\/acompanyamentfamiliar.com\/es\/articulos\/trastorno-por-deficit-de-naturaleza\/#primaryimage"},"image":{"@id":"https:\/\/acompanyamentfamiliar.com\/es\/articulos\/trastorno-por-deficit-de-naturaleza\/#primaryimage"},"thumbnailUrl":"https:\/\/acompanyamentfamiliar.com\/wp-content\/uploads\/2016\/10\/trastorno-deficit-naturaleza.jpg","datePublished":"2016-10-10T12:14:00+00:00","dateModified":"2025-04-13T12:14:42+00:00","breadcrumb":{"@id":"https:\/\/acompanyamentfamiliar.com\/es\/articulos\/trastorno-por-deficit-de-naturaleza\/#breadcrumb"},"inLanguage":"es","potentialAction":[{"@type":"ReadAction","target":["https:\/\/acompanyamentfamiliar.com\/es\/articulos\/trastorno-por-deficit-de-naturaleza\/"]}]},{"@type":"ImageObject","inLanguage":"es","@id":"https:\/\/acompanyamentfamiliar.com\/es\/articulos\/trastorno-por-deficit-de-naturaleza\/#primaryimage","url":"https:\/\/acompanyamentfamiliar.com\/wp-content\/uploads\/2016\/10\/trastorno-deficit-naturaleza.jpg","contentUrl":"https:\/\/acompanyamentfamiliar.com\/wp-content\/uploads\/2016\/10\/trastorno-deficit-naturaleza.jpg","width":300,"height":149,"caption":"Blog Acompanyament Familiar"},{"@type":"BreadcrumbList","@id":"https:\/\/acompanyamentfamiliar.com\/es\/articulos\/trastorno-por-deficit-de-naturaleza\/#breadcrumb","itemListElement":[{"@type":"ListItem","position":1,"name":"Portada","item":"https:\/\/acompanyamentfamiliar.com\/es\/"},{"@type":"ListItem","position":2,"name":"TRASTORNO POR D\u00c9FICIT DE NATURALEZA"}]},{"@type":"WebSite","@id":"https:\/\/acompanyamentfamiliar.com\/es\/#website","url":"https:\/\/acompanyamentfamiliar.com\/es\/","name":"Acompanyament Familiar","description":"Psic\u00f3logas en Barcelona: Acompa\u00f1amiento familiar","publisher":{"@id":"https:\/\/acompanyamentfamiliar.com\/es\/#organization"},"potentialAction":[{"@type":"SearchAction","target":{"@type":"EntryPoint","urlTemplate":"https:\/\/acompanyamentfamiliar.com\/es\/?s={search_term_string}"},"query-input":{"@type":"PropertyValueSpecification","valueRequired":true,"valueName":"search_term_string"}}],"inLanguage":"es"},{"@type":"Organization","@id":"https:\/\/acompanyamentfamiliar.com\/es\/#organization","name":"Acompanyament Familiar","url":"https:\/\/acompanyamentfamiliar.com\/es\/","logo":{"@type":"ImageObject","inLanguage":"es","@id":"https:\/\/acompanyamentfamiliar.com\/es\/#\/schema\/logo\/image\/","url":"https:\/\/acompanyamentfamiliar.com\/wp-content\/uploads\/2025\/03\/logo_acompanyamnet_familiar.png","contentUrl":"https:\/\/acompanyamentfamiliar.com\/wp-content\/uploads\/2025\/03\/logo_acompanyamnet_familiar.png","width":241,"height":126,"caption":"Acompanyament Familiar"},"image":{"@id":"https:\/\/acompanyamentfamiliar.com\/es\/#\/schema\/logo\/image\/"}},{"@type":"Person","@id":"https:\/\/acompanyamentfamiliar.com\/es\/#\/schema\/person\/2cd1d7b797c09f8e73d0ab6b36585040","name":"admin","image":{"@type":"ImageObject","inLanguage":"es","@id":"https:\/\/acompanyamentfamiliar.com\/es\/#\/schema\/person\/image\/","url":"https:\/\/secure.gravatar.com\/avatar\/073937bd7f1a8c2904d9fa1ec5e3919f37a465744fcb187f31d4ddf76bcbd0d0?s=96&d=mm&r=g","contentUrl":"https:\/\/secure.gravatar.com\/avatar\/073937bd7f1a8c2904d9fa1ec5e3919f37a465744fcb187f31d4ddf76bcbd0d0?s=96&d=mm&r=g","caption":"admin"},"sameAs":["https:\/\/acompanyamentfamiliar.com"],"url":"https:\/\/acompanyamentfamiliar.com\/es\/author\/admin\/"}]}},"_links":{"self":[{"href":"https:\/\/acompanyamentfamiliar.com\/es\/wp-json\/wp\/v2\/posts\/1080","targetHints":{"allow":["GET"]}}],"collection":[{"href":"https:\/\/acompanyamentfamiliar.com\/es\/wp-json\/wp\/v2\/posts"}],"about":[{"href":"https:\/\/acompanyamentfamiliar.com\/es\/wp-json\/wp\/v2\/types\/post"}],"author":[{"embeddable":true,"href":"https:\/\/acompanyamentfamiliar.com\/es\/wp-json\/wp\/v2\/users\/1"}],"replies":[{"embeddable":true,"href":"https:\/\/acompanyamentfamiliar.com\/es\/wp-json\/wp\/v2\/comments?post=1080"}],"version-history":[{"count":1,"href":"https:\/\/acompanyamentfamiliar.com\/es\/wp-json\/wp\/v2\/posts\/1080\/revisions"}],"predecessor-version":[{"id":1081,"href":"https:\/\/acompanyamentfamiliar.com\/es\/wp-json\/wp\/v2\/posts\/1080\/revisions\/1081"}],"wp:featuredmedia":[{"embeddable":true,"href":"https:\/\/acompanyamentfamiliar.com\/es\/wp-json\/wp\/v2\/media\/1082"}],"wp:attachment":[{"href":"https:\/\/acompanyamentfamiliar.com\/es\/wp-json\/wp\/v2\/media?parent=1080"}],"wp:term":[{"taxonomy":"category","embeddable":true,"href":"https:\/\/acompanyamentfamiliar.com\/es\/wp-json\/wp\/v2\/categories?post=1080"},{"taxonomy":"post_tag","embeddable":true,"href":"https:\/\/acompanyamentfamiliar.com\/es\/wp-json\/wp\/v2\/tags?post=1080"}],"curies":[{"name":"wp","href":"https:\/\/api.w.org\/{rel}","templated":true}]}}