{"id":1107,"date":"2018-06-18T12:28:00","date_gmt":"2018-06-18T12:28:00","guid":{"rendered":"https:\/\/acompanyamentfamiliar.com\/?p=1107"},"modified":"2025-04-13T12:29:39","modified_gmt":"2025-04-13T12:29:39","slug":"alianzas-en-la-crianza","status":"publish","type":"post","link":"https:\/\/acompanyamentfamiliar.com\/es\/articulos\/alianzas-en-la-crianza\/","title":{"rendered":"ALIANZAS EN LA CRIANZA"},"content":{"rendered":"\n<p><strong>La importancia del v\u00ednculo con el ni\u00f1o interno<\/strong><\/p>\n\n\n\n<p>Es martes por la ma\u00f1ana y Marta se levanta bien temprano. Quiere estar lista antes de que el Roc y Bruna empiecen a abrir los ojos para poder atender con calma y paciencia. Sabe, con la experiencia que le ha dado la crianza, que&nbsp;<strong>una adulta centrada es clave para que el ambiente se impregne de paz.<\/strong><\/p>\n\n\n\n<p>Ducha, caf\u00e9, responder alg\u00fan mensaje, ordenar cuatro cosas y, si queda tiempo, avanzar unas p\u00e1ginas aquella novela tan apasionante que la tiene frepada. Pau, su compa\u00f1ero, descansa en la habitaci\u00f3n, rascando un rato m\u00e1s de sue\u00f1o. Hace turno de noche y no hace mucho que ha vuelto de la jornada laboral. Tambi\u00e9n sabe que cuando los dos peque\u00f1os de la casa se levanten, a \u00e9l se le habr\u00e1 acabado la tregua durante un rato. Risas, aventuras, y alg\u00fan que otro l\u00edmite a tiempo ser\u00e1n su principal ocupaci\u00f3n mientras prueba de vencer el impulso rabioso de volver a la cama.<\/p>\n\n\n\n<p>La vida adulta es as\u00ed. Las personas, cuando tenemos otros a cargo, nos debemos saber organizar, prever, planificar. Si lo hacemos as\u00ed, g<strong>eneramos unos l\u00edmites ordenados dentro de los cuales puede transcurrir el m\u00e1s inesperado<\/strong>. Si vivimos en el caos, la estructura que como adultas debemos poder construir, se esfuma como la niebla de oto\u00f1o y dejamos de aportar claridad y, al mismo tiempo, seguridad.<\/p>\n\n\n\n<p>Marta y Pau lo saben de largo. Demasiado rabietas mal gestionadas, gritos cargados de impotencia, nevera vac\u00eda un domingo por la noche, etc. La vida de familia que ya hace m\u00e1s de 5 a\u00f1os que llevan les ha sido la maestra m\u00e1s cruda y tambi\u00e9n la m\u00e1s eficaz. Ambos tienen la familia lejos y se saben responsables de cada peque\u00f1o detalle. Esta rutina ha sido la mejor aliada para compenetrarse en los momentos m\u00e1s duros: los ha aportado la solidez de aquellos que entienden a distancia, que se cuidan con los peque\u00f1os detalles y se hacen grandes en com\u00fan.<\/p>\n\n\n\n<p>Marta ya est\u00e1 lista. Hoy no ha podido ara\u00f1ar ning\u00fan segundo m\u00e1s para su novela de tintes prehist\u00f3ricos. Bruna ya&nbsp;se queja en la cama y con un grito todav\u00eda adormilado la llama. \u00ab\u00a1Mama!\u00bb Se siente desde la otra punta del pasillo. Con tres pasos largos se planta en la habitaci\u00f3n y se acerca a dar la bienvenida al nuevo d\u00eda de su hija mayor. Se estira&nbsp;a su lado mientras \u00e9sta se estira y se quita la primera lega\u00f1a de la ma\u00f1ana. \u00abMama, \u00bfhoy comeremos&nbsp;<em>cr\u00eappes<\/em>&nbsp;para el desayuno?\u00bb Le suelta con medio ojo abierto todav\u00eda. Marta esconde una risa amorosa. C\u00f3mo puede ser que cada d\u00eda le pida lo mismo? Hace casi 1 mes ya que volvieron del viaje en Francia, y desde entonces casi cada ma\u00f1ana Bruna le pide esto para el desayuno. No se cansa de insistir! Apunta maneras! &#8211; piensa Marta. Bruna ya no espera la respuesta, hace dos vueltas y salta de la cama con la agilidad de la gamuza que salta de una piedra a otro. Con la sacudida el Roc se desvela, abre los ojos y los cruza con los de su madre que a\u00fan no ha tenido ni tiempo para mover un solo dedo.<\/p>\n\n\n\n<p>Las ma\u00f1anas as\u00ed son una reafirmaci\u00f3n constante de la joya de la maternidad. Cuando los astros conspiran para poder&nbsp;estar all\u00ed en el preciso instante que los ni\u00f1os abren los ojos y as\u00ed retener las chispas del sue\u00f1os que los han inundado la noche, Marta se siente custodiando de un precioso legado. Hay que decir sin embargo, que muchas ma\u00f1anas no son tanto buc\u00f3licos y que, m\u00e1s a menudo que menos, la falta de tiempo, de planificaci\u00f3n, el exceso de cargas pesadas del d\u00eda a d\u00eda, apresto y animan unos ritmos infantiles que piden m\u00e1s pausa.&nbsp;<strong>El ritmo de los adultos no es compatible con el de los ni\u00f1os.<\/strong>&nbsp;Vivimos en una sociedad que se mueve al tempo que marcan la producci\u00f3n y el consumo.&nbsp;<em>Time is money babe<\/em>. Y en esta melod\u00eda de comp\u00e1s acelerado, los ni\u00f1os deben encajar por pertenecer, para poder sentirse bien-mirados; b\u00e1sicamente porque no les queda m\u00e1s remedio!<\/p>\n\n\n\n<p><strong><em>\u00bfTe imaginas c\u00f3mo ser\u00eda nuestra vida si dej\u00e1ramos que otro ritmo nos dibujara los pasos?<\/em><\/strong><\/p>\n\n\n\n<p><strong><em>\u00bfC\u00f3mo ser\u00eda poder reconectar con nuestros ni\u00f1os internos y bailar desde aqu\u00ed m\u00e1s a menudo?<\/em><\/strong><\/p>\n\n\n\n<p>Marta y Pablo saben de qu\u00e9 hablo. Han tenido que derribar muchos muros de cimientos profundos que ven\u00edan de lejos; paredes gruesas que los marcaban patrones donde el adulto<strong>&nbsp;siempre<\/strong>&nbsp;ten\u00eda raz\u00f3n; espigones de hormig\u00f3n que no dejaban que el agua de las emociones los ba\u00f1ara los pies. Su camino es como el de muchas otras familias que, un buen d\u00eda, a base de decepciones, frustraciones, esfuerzos constantes y llantos escondidos, decidieron escuchar m\u00e1s el coraz\u00f3n y encontrar nuevos caminos para vincularse con sus ni\u00f1os: los internos y los externos.<\/p>\n\n\n\n<p><strong>Poder establecer un puente con nuestro ni\u00f1o interno nos permite hablar un idioma m\u00e1s cercano a nuestros hijos e hijas.<\/strong>&nbsp;Si s\u00f3lo nos quedamos con la rutina feroz del d\u00eda a d\u00eda corremos el riesgo de ser arrastradas hacia las profundidades de un patr\u00f3n gris que nos transforma en compradoras del tiempo y constructoras de estatuas r\u00edgidas y fr\u00edas. Como Marta y el Pau,<strong>&nbsp;los l\u00edmites adultos y rutinarios nos han de poder orientar hacia una estructura necesaria y flexible<\/strong>; ser\u00eda el paralelismo zen del famoso&nbsp;<em>\u00abbe water my friend\u00bb;<\/em>&nbsp;poder fluir sin perder de vista hacia d\u00f3nde vamos. Esta direcci\u00f3n sirve de faro y gu\u00eda a nuestros hijos e hijas; los orienta en la tormenta y les abre la posibilidad de poder utilizar este recurso en su etapa adulta.<\/p>\n\n\n\n<p>Marta ya est\u00e1 en la cocina con los dos ni\u00f1os. Bruna se pela una mandarina y Roc pasea por el espacio e intenta subirse a la torre de aprendizaje para acercarse a su hermana mayor. Mientras abre la nevera para coger el tupper preparado para la escuela, Bruna, cansada que Roc intente cogerle la parte de la mandarina que ha pelado, alarga la mano y le pica en el brazo a su hermano. \u00abPara burro!\u00bb &#8211; le suelta toda enfadada. \u00abYa empezamos\u00bb, piensa Marta. Roc llora y la busca con la mirada. \u00abHoy no, por favor, que tenemos que salir temprano!\u00bb Se sigue diciendo internamente. Justamente hoy deben poder ser m\u00e1s puntuales que de costumbre para poder llegar a la reuni\u00f3n que tiene con una nueva propuesta de trabajo.&nbsp;La ilusiona much\u00edsimo! Hace tanto tiempo que no se ha dedicado a ella misma en lo laboral que no quiere dejar pasar esta oportunidad de colaborar en este proyecto tan interesante. Cierra la nevera sin los tuppers y se acerca a mediar este conflicto. Hace casi tres a\u00f1os que tiene dos ni\u00f1os y no le ha sido nada f\u00e1cil sostener el nuevo formato familiar al inicio. Si, el amor se multiplica &#8230;.. pero los brazos se dividen! Han aprendido los dos, y ahora todo es menos monta\u00f1a.<\/p>\n\n\n\n<p>Bruna no quiere saber nada de hablar con Roc y explicarle con palabras -y no con golpes- que no quiere que le coma la mandarina que, celosa, se reserva para ella. Y Roc, enfatiza el dolor que le provoca que su hermana, la ni\u00f1a de sus ojos, la siga rechazando de forma tanto brusca a veces. Marta lo intenta, se agacha, habla con calma, pero no puede evitar que las prisas le ti\u00f1an el discurso y acaben impregnando su respiraci\u00f3n. Buna lo nota, marcha corriendo y Roc llora m\u00e1s fuerte. Con todo este desbarajuste Pau no sabe si ponerse un tercer coj\u00edn encima de la cabeza para amortiguar la ducha de realidad, o levantarse a echar una mano a la familia. Las ma\u00f1anas son de ella y las noches son suyas. As\u00ed lo han organizado, aunque la complicidad y la estima alteran los acuerdos en beneficio del conjunto.<\/p>\n\n\n\n<p>Pau sale de la habitaci\u00f3n para toparse con una Bruna veloz como el viento. El golpe es leve, pero se siente atrapada en su fuga y decide que el llanto puede apaciguar la consecuencia. Llantos, m\u00e1s llantos, mocos, gritos, rabietas justificadas -de peque\u00f1os y los grandes! -; y la ma\u00f1ana buc\u00f3lico transformado en un tsunami con olor a mandarina.<\/p>\n\n\n\n<p>Marta llega con Roc en el cuello y se encuentran las cuatro en el pasillo. Los adultos se miran y en ese fugaz instante, toda el arsenal de soluciones se activa. Tienen dos objetivos inamovibles, diferentes ya la vez compatibles: uno volver a la cama, y la otra sali\u00f3 puntual de casa. El estado de la cuesti\u00f3n es c\u00f3mo alcanzarlos de una manera coherente con sus principios. Aquellos milisegundos de pupilas dilatadas bastan para comprender qu\u00e9 camino deben seguir. Pau se sienta en el suelo todav\u00eda dormido, y con un tacto amoroso abraza a Bruna mientras le susurra al o\u00eddo el mantra que ella anhela escuchar: \u00abBuenos d\u00edas preciosa. Te quiero much\u00edsimo \u00ab. Bruna afloja de una manera imperceptible a los ojos poco entrenados. \u00abParece que hoy ibas muy r\u00e1pido por el pasillo y has tropezado con un gigante dormido!\u00bb La risa que dibuja en los labios mientras pronuncia las palabras es suficiente para que el mensaje se endulza. \u00bfCu\u00e1ntas veces le hubiera gustado sentir esta brisa cuando era peque\u00f1o; captar este amor en forma de palabras, de caricias, de presencia. L<strong>as prisas son malas aliadas cuando lo que se quiere construir debe ser firme y perenne<\/strong>. En su casa demasiadas y el negocio familiar no permit\u00eda hacerlo diferente. A Pau, revisar su historia personal, le ha ayudado a comprender que hay otra manera de acompa\u00f1ar a los ni\u00f1os y &#8211; conectando con su propio ni\u00f1o interno &#8211; ha aprendido a dejar que este le hable y tome la iniciativa en situaciones que requieren de una atenci\u00f3n especial que s\u00f3lo esta parte le sabe aportar. Bruna llora un rato m\u00e1s sabiendo que se queda con paz.<\/p>\n\n\n\n<p>Marta abraza fuerte a Roc y recuerda los tirones de pelo que le espetaba a su hermano peque\u00f1o. Nunca nadie le crey\u00f3 y se le qued\u00f3 el \u00abllor\u00f3n\u00bb de la familia. Ella era demasiado buena como para poder hacer algo malo, le dec\u00edan. Los llantos de Roc la vuelven al pasillo y al contacto fr\u00edo de pisar un suelo de invierno sin zapatillas. Si, tal vez Roc exagera un poco, piensa, y qu\u00e9? &#8211; se llama al instante. Ha aprendido a leer que&nbsp;<strong>a m\u00e1s llanto, m\u00e1s dosis de amor<\/strong>&nbsp;<strong>y afecto,<\/strong>&nbsp;aunque la expresi\u00f3n del dolor o el enojo sea desmedida por la situaci\u00f3n vivida. Realmente, qui\u00e9n es ella para decidir la magnitud de la tragedia? &#8211; se pregunt\u00f3 m\u00e1s de una vez.&nbsp;<strong>Cada ni\u00f1o busca su cuidado por un camino concreto, y es responsabilidad de los adultos que podamos recordar el lenguaje de las necesidades primarias para curar las heridas &#8211; f\u00edsicas y emocionales &#8211; que a menudo vienen expresadas de maneras muy complejas.<\/strong>&nbsp;Marta sabe que hay una parte suya que comprende a Roc, que le recuerda constantemente el camino del amor y de la calma, de la mirada limpia y presente, de los abrazos con aroma de ma\u00f1ana. Roc afloja y coge la mano de su ni\u00f1a interna. Inconscientemente agradecen el encuentro mutuamente.<\/p>\n\n\n\n<p>Poder relacionarnos con los ni\u00f1os desde esta parte nuestra tanto sabia, nos devuelve a los or\u00edgenes y posibilita que la distancia que se genera &#8211; de manera inevitable &#8211; con ellas y ellos, sea s\u00f3lo fruto del conocimiento que, como personas adultas, hemos ido construyendo a lo largo de nuestro camino vital.&nbsp;<strong>Reencontrar la inocencia de nuestros ni\u00f1os internos es una gran herramienta para poder mirar a nuestros hijos e hijas como personas, eludiendo el mensaje limitante de que nosotros somos superiores.<\/strong>&nbsp;Cuando dos ni\u00f1os se dan la mano y se miran a los ojos, el amor se transforma en magia y juntas, detienen el mundo.<\/p>\n\n\n\n<p>Elisenda Pascual<\/p>\n\n\n\n<h6 class=\"wp-block-heading\"><strong><em>Art\u00edculo publicado en enero de 2018 en la revista VIURE EN FAM\u00cdLIA<\/em><\/strong><\/h6>\n\n\n\n<h6 class=\"wp-block-heading\"><a href=\"https:\/\/viureenfamilia.wordpress.com\/\" target=\"_blank\" rel=\"noreferrer noopener\"><strong><em>https:\/\/viureenfamilia.wordpress.com\/<\/em><\/strong><\/a><\/h6>\n","protected":false},"excerpt":{"rendered":"<p>La importancia del v\u00ednculo con el ni\u00f1o interno Es martes por la ma\u00f1ana y Marta se levanta bien temprano. Quiere estar lista antes de que el Roc y Bruna empiecen a abrir los ojos para poder atender con calma y paciencia. Sabe, con la experiencia que le ha dado la crianza, que&nbsp;una adulta centrada es [&hellip;]<\/p>\n","protected":false},"author":1,"featured_media":1109,"comment_status":"closed","ping_status":"closed","sticky":false,"template":"","format":"standard","meta":{"footnotes":""},"categories":[9],"tags":[],"class_list":["post-1107","post","type-post","status-publish","format-standard","has-post-thumbnail","hentry","category-articulos"],"yoast_head":"<!-- This site is optimized with the Yoast SEO plugin v26.8 - https:\/\/yoast.com\/product\/yoast-seo-wordpress\/ -->\n<title>ALIANZAS EN LA CRIANZA - Acompanyament Familiar<\/title>\n<meta name=\"robots\" content=\"index, follow, max-snippet:-1, max-image-preview:large, max-video-preview:-1\" \/>\n<link rel=\"canonical\" href=\"https:\/\/acompanyamentfamiliar.com\/es\/articulos\/alianzas-en-la-crianza\/\" \/>\n<meta property=\"og:locale\" content=\"es_ES\" \/>\n<meta property=\"og:type\" content=\"article\" \/>\n<meta property=\"og:title\" content=\"ALIANZAS EN LA CRIANZA - Acompanyament Familiar\" \/>\n<meta property=\"og:description\" content=\"La importancia del v\u00ednculo con el ni\u00f1o interno Es martes por la ma\u00f1ana y Marta se levanta bien temprano. Quiere estar lista antes de que el Roc y Bruna empiecen a abrir los ojos para poder atender con calma y paciencia. Sabe, con la experiencia que le ha dado la crianza, que&nbsp;una adulta centrada es [&hellip;]\" \/>\n<meta property=\"og:url\" content=\"https:\/\/acompanyamentfamiliar.com\/es\/articulos\/alianzas-en-la-crianza\/\" \/>\n<meta property=\"og:site_name\" content=\"Acompanyament Familiar\" \/>\n<meta property=\"article:published_time\" content=\"2018-06-18T12:28:00+00:00\" \/>\n<meta property=\"article:modified_time\" content=\"2025-04-13T12:29:39+00:00\" \/>\n<meta property=\"og:image\" content=\"https:\/\/acompanyamentfamiliar.com\/wp-content\/uploads\/2018\/06\/alianzas-crianza.jpeg\" \/>\n\t<meta property=\"og:image:width\" content=\"600\" \/>\n\t<meta property=\"og:image:height\" content=\"298\" \/>\n\t<meta property=\"og:image:type\" content=\"image\/jpeg\" \/>\n<meta name=\"author\" content=\"admin\" \/>\n<meta name=\"twitter:card\" content=\"summary_large_image\" \/>\n<meta name=\"twitter:label1\" content=\"Escrito por\" \/>\n\t<meta name=\"twitter:data1\" content=\"admin\" \/>\n\t<meta name=\"twitter:label2\" content=\"Tiempo de lectura\" \/>\n\t<meta name=\"twitter:data2\" content=\"9 minutos\" \/>\n<script type=\"application\/ld+json\" class=\"yoast-schema-graph\">{\"@context\":\"https:\/\/schema.org\",\"@graph\":[{\"@type\":\"Article\",\"@id\":\"https:\/\/acompanyamentfamiliar.com\/es\/articulos\/alianzas-en-la-crianza\/#article\",\"isPartOf\":{\"@id\":\"https:\/\/acompanyamentfamiliar.com\/es\/articulos\/alianzas-en-la-crianza\/\"},\"author\":{\"name\":\"admin\",\"@id\":\"https:\/\/acompanyamentfamiliar.com\/es\/#\/schema\/person\/2cd1d7b797c09f8e73d0ab6b36585040\"},\"headline\":\"ALIANZAS EN LA CRIANZA\",\"datePublished\":\"2018-06-18T12:28:00+00:00\",\"dateModified\":\"2025-04-13T12:29:39+00:00\",\"mainEntityOfPage\":{\"@id\":\"https:\/\/acompanyamentfamiliar.com\/es\/articulos\/alianzas-en-la-crianza\/\"},\"wordCount\":2142,\"publisher\":{\"@id\":\"https:\/\/acompanyamentfamiliar.com\/es\/#organization\"},\"image\":{\"@id\":\"https:\/\/acompanyamentfamiliar.com\/es\/articulos\/alianzas-en-la-crianza\/#primaryimage\"},\"thumbnailUrl\":\"https:\/\/acompanyamentfamiliar.com\/wp-content\/uploads\/2018\/06\/alianzas-crianza.jpeg\",\"articleSection\":[\"Art\u00edculos\"],\"inLanguage\":\"es\"},{\"@type\":\"WebPage\",\"@id\":\"https:\/\/acompanyamentfamiliar.com\/es\/articulos\/alianzas-en-la-crianza\/\",\"url\":\"https:\/\/acompanyamentfamiliar.com\/es\/articulos\/alianzas-en-la-crianza\/\",\"name\":\"ALIANZAS EN LA CRIANZA - Acompanyament Familiar\",\"isPartOf\":{\"@id\":\"https:\/\/acompanyamentfamiliar.com\/es\/#website\"},\"primaryImageOfPage\":{\"@id\":\"https:\/\/acompanyamentfamiliar.com\/es\/articulos\/alianzas-en-la-crianza\/#primaryimage\"},\"image\":{\"@id\":\"https:\/\/acompanyamentfamiliar.com\/es\/articulos\/alianzas-en-la-crianza\/#primaryimage\"},\"thumbnailUrl\":\"https:\/\/acompanyamentfamiliar.com\/wp-content\/uploads\/2018\/06\/alianzas-crianza.jpeg\",\"datePublished\":\"2018-06-18T12:28:00+00:00\",\"dateModified\":\"2025-04-13T12:29:39+00:00\",\"breadcrumb\":{\"@id\":\"https:\/\/acompanyamentfamiliar.com\/es\/articulos\/alianzas-en-la-crianza\/#breadcrumb\"},\"inLanguage\":\"es\",\"potentialAction\":[{\"@type\":\"ReadAction\",\"target\":[\"https:\/\/acompanyamentfamiliar.com\/es\/articulos\/alianzas-en-la-crianza\/\"]}]},{\"@type\":\"ImageObject\",\"inLanguage\":\"es\",\"@id\":\"https:\/\/acompanyamentfamiliar.com\/es\/articulos\/alianzas-en-la-crianza\/#primaryimage\",\"url\":\"https:\/\/acompanyamentfamiliar.com\/wp-content\/uploads\/2018\/06\/alianzas-crianza.jpeg\",\"contentUrl\":\"https:\/\/acompanyamentfamiliar.com\/wp-content\/uploads\/2018\/06\/alianzas-crianza.jpeg\",\"width\":600,\"height\":298,\"caption\":\"Blog Acompanyament Familiar\"},{\"@type\":\"BreadcrumbList\",\"@id\":\"https:\/\/acompanyamentfamiliar.com\/es\/articulos\/alianzas-en-la-crianza\/#breadcrumb\",\"itemListElement\":[{\"@type\":\"ListItem\",\"position\":1,\"name\":\"Portada\",\"item\":\"https:\/\/acompanyamentfamiliar.com\/es\/\"},{\"@type\":\"ListItem\",\"position\":2,\"name\":\"ALIANZAS EN LA CRIANZA\"}]},{\"@type\":\"WebSite\",\"@id\":\"https:\/\/acompanyamentfamiliar.com\/es\/#website\",\"url\":\"https:\/\/acompanyamentfamiliar.com\/es\/\",\"name\":\"Acompanyament Familiar\",\"description\":\"Psic\u00f3logas en Barcelona: Acompa\u00f1amiento familiar\",\"publisher\":{\"@id\":\"https:\/\/acompanyamentfamiliar.com\/es\/#organization\"},\"potentialAction\":[{\"@type\":\"SearchAction\",\"target\":{\"@type\":\"EntryPoint\",\"urlTemplate\":\"https:\/\/acompanyamentfamiliar.com\/es\/?s={search_term_string}\"},\"query-input\":{\"@type\":\"PropertyValueSpecification\",\"valueRequired\":true,\"valueName\":\"search_term_string\"}}],\"inLanguage\":\"es\"},{\"@type\":\"Organization\",\"@id\":\"https:\/\/acompanyamentfamiliar.com\/es\/#organization\",\"name\":\"Acompanyament Familiar\",\"url\":\"https:\/\/acompanyamentfamiliar.com\/es\/\",\"logo\":{\"@type\":\"ImageObject\",\"inLanguage\":\"es\",\"@id\":\"https:\/\/acompanyamentfamiliar.com\/es\/#\/schema\/logo\/image\/\",\"url\":\"https:\/\/acompanyamentfamiliar.com\/wp-content\/uploads\/2025\/03\/logo_acompanyamnet_familiar.png\",\"contentUrl\":\"https:\/\/acompanyamentfamiliar.com\/wp-content\/uploads\/2025\/03\/logo_acompanyamnet_familiar.png\",\"width\":241,\"height\":126,\"caption\":\"Acompanyament Familiar\"},\"image\":{\"@id\":\"https:\/\/acompanyamentfamiliar.com\/es\/#\/schema\/logo\/image\/\"}},{\"@type\":\"Person\",\"@id\":\"https:\/\/acompanyamentfamiliar.com\/es\/#\/schema\/person\/2cd1d7b797c09f8e73d0ab6b36585040\",\"name\":\"admin\",\"image\":{\"@type\":\"ImageObject\",\"inLanguage\":\"es\",\"@id\":\"https:\/\/acompanyamentfamiliar.com\/es\/#\/schema\/person\/image\/\",\"url\":\"https:\/\/secure.gravatar.com\/avatar\/073937bd7f1a8c2904d9fa1ec5e3919f37a465744fcb187f31d4ddf76bcbd0d0?s=96&d=mm&r=g\",\"contentUrl\":\"https:\/\/secure.gravatar.com\/avatar\/073937bd7f1a8c2904d9fa1ec5e3919f37a465744fcb187f31d4ddf76bcbd0d0?s=96&d=mm&r=g\",\"caption\":\"admin\"},\"sameAs\":[\"https:\/\/acompanyamentfamiliar.com\"],\"url\":\"https:\/\/acompanyamentfamiliar.com\/es\/author\/admin\/\"}]}<\/script>\n<!-- \/ Yoast SEO plugin. -->","yoast_head_json":{"title":"ALIANZAS EN LA CRIANZA - Acompanyament Familiar","robots":{"index":"index","follow":"follow","max-snippet":"max-snippet:-1","max-image-preview":"max-image-preview:large","max-video-preview":"max-video-preview:-1"},"canonical":"https:\/\/acompanyamentfamiliar.com\/es\/articulos\/alianzas-en-la-crianza\/","og_locale":"es_ES","og_type":"article","og_title":"ALIANZAS EN LA CRIANZA - Acompanyament Familiar","og_description":"La importancia del v\u00ednculo con el ni\u00f1o interno Es martes por la ma\u00f1ana y Marta se levanta bien temprano. Quiere estar lista antes de que el Roc y Bruna empiecen a abrir los ojos para poder atender con calma y paciencia. Sabe, con la experiencia que le ha dado la crianza, que&nbsp;una adulta centrada es [&hellip;]","og_url":"https:\/\/acompanyamentfamiliar.com\/es\/articulos\/alianzas-en-la-crianza\/","og_site_name":"Acompanyament Familiar","article_published_time":"2018-06-18T12:28:00+00:00","article_modified_time":"2025-04-13T12:29:39+00:00","og_image":[{"width":600,"height":298,"url":"https:\/\/acompanyamentfamiliar.com\/wp-content\/uploads\/2018\/06\/alianzas-crianza.jpeg","type":"image\/jpeg"}],"author":"admin","twitter_card":"summary_large_image","twitter_misc":{"Escrito por":"admin","Tiempo de lectura":"9 minutos"},"schema":{"@context":"https:\/\/schema.org","@graph":[{"@type":"Article","@id":"https:\/\/acompanyamentfamiliar.com\/es\/articulos\/alianzas-en-la-crianza\/#article","isPartOf":{"@id":"https:\/\/acompanyamentfamiliar.com\/es\/articulos\/alianzas-en-la-crianza\/"},"author":{"name":"admin","@id":"https:\/\/acompanyamentfamiliar.com\/es\/#\/schema\/person\/2cd1d7b797c09f8e73d0ab6b36585040"},"headline":"ALIANZAS EN LA CRIANZA","datePublished":"2018-06-18T12:28:00+00:00","dateModified":"2025-04-13T12:29:39+00:00","mainEntityOfPage":{"@id":"https:\/\/acompanyamentfamiliar.com\/es\/articulos\/alianzas-en-la-crianza\/"},"wordCount":2142,"publisher":{"@id":"https:\/\/acompanyamentfamiliar.com\/es\/#organization"},"image":{"@id":"https:\/\/acompanyamentfamiliar.com\/es\/articulos\/alianzas-en-la-crianza\/#primaryimage"},"thumbnailUrl":"https:\/\/acompanyamentfamiliar.com\/wp-content\/uploads\/2018\/06\/alianzas-crianza.jpeg","articleSection":["Art\u00edculos"],"inLanguage":"es"},{"@type":"WebPage","@id":"https:\/\/acompanyamentfamiliar.com\/es\/articulos\/alianzas-en-la-crianza\/","url":"https:\/\/acompanyamentfamiliar.com\/es\/articulos\/alianzas-en-la-crianza\/","name":"ALIANZAS EN LA CRIANZA - Acompanyament Familiar","isPartOf":{"@id":"https:\/\/acompanyamentfamiliar.com\/es\/#website"},"primaryImageOfPage":{"@id":"https:\/\/acompanyamentfamiliar.com\/es\/articulos\/alianzas-en-la-crianza\/#primaryimage"},"image":{"@id":"https:\/\/acompanyamentfamiliar.com\/es\/articulos\/alianzas-en-la-crianza\/#primaryimage"},"thumbnailUrl":"https:\/\/acompanyamentfamiliar.com\/wp-content\/uploads\/2018\/06\/alianzas-crianza.jpeg","datePublished":"2018-06-18T12:28:00+00:00","dateModified":"2025-04-13T12:29:39+00:00","breadcrumb":{"@id":"https:\/\/acompanyamentfamiliar.com\/es\/articulos\/alianzas-en-la-crianza\/#breadcrumb"},"inLanguage":"es","potentialAction":[{"@type":"ReadAction","target":["https:\/\/acompanyamentfamiliar.com\/es\/articulos\/alianzas-en-la-crianza\/"]}]},{"@type":"ImageObject","inLanguage":"es","@id":"https:\/\/acompanyamentfamiliar.com\/es\/articulos\/alianzas-en-la-crianza\/#primaryimage","url":"https:\/\/acompanyamentfamiliar.com\/wp-content\/uploads\/2018\/06\/alianzas-crianza.jpeg","contentUrl":"https:\/\/acompanyamentfamiliar.com\/wp-content\/uploads\/2018\/06\/alianzas-crianza.jpeg","width":600,"height":298,"caption":"Blog Acompanyament Familiar"},{"@type":"BreadcrumbList","@id":"https:\/\/acompanyamentfamiliar.com\/es\/articulos\/alianzas-en-la-crianza\/#breadcrumb","itemListElement":[{"@type":"ListItem","position":1,"name":"Portada","item":"https:\/\/acompanyamentfamiliar.com\/es\/"},{"@type":"ListItem","position":2,"name":"ALIANZAS EN LA CRIANZA"}]},{"@type":"WebSite","@id":"https:\/\/acompanyamentfamiliar.com\/es\/#website","url":"https:\/\/acompanyamentfamiliar.com\/es\/","name":"Acompanyament Familiar","description":"Psic\u00f3logas en Barcelona: Acompa\u00f1amiento familiar","publisher":{"@id":"https:\/\/acompanyamentfamiliar.com\/es\/#organization"},"potentialAction":[{"@type":"SearchAction","target":{"@type":"EntryPoint","urlTemplate":"https:\/\/acompanyamentfamiliar.com\/es\/?s={search_term_string}"},"query-input":{"@type":"PropertyValueSpecification","valueRequired":true,"valueName":"search_term_string"}}],"inLanguage":"es"},{"@type":"Organization","@id":"https:\/\/acompanyamentfamiliar.com\/es\/#organization","name":"Acompanyament Familiar","url":"https:\/\/acompanyamentfamiliar.com\/es\/","logo":{"@type":"ImageObject","inLanguage":"es","@id":"https:\/\/acompanyamentfamiliar.com\/es\/#\/schema\/logo\/image\/","url":"https:\/\/acompanyamentfamiliar.com\/wp-content\/uploads\/2025\/03\/logo_acompanyamnet_familiar.png","contentUrl":"https:\/\/acompanyamentfamiliar.com\/wp-content\/uploads\/2025\/03\/logo_acompanyamnet_familiar.png","width":241,"height":126,"caption":"Acompanyament Familiar"},"image":{"@id":"https:\/\/acompanyamentfamiliar.com\/es\/#\/schema\/logo\/image\/"}},{"@type":"Person","@id":"https:\/\/acompanyamentfamiliar.com\/es\/#\/schema\/person\/2cd1d7b797c09f8e73d0ab6b36585040","name":"admin","image":{"@type":"ImageObject","inLanguage":"es","@id":"https:\/\/acompanyamentfamiliar.com\/es\/#\/schema\/person\/image\/","url":"https:\/\/secure.gravatar.com\/avatar\/073937bd7f1a8c2904d9fa1ec5e3919f37a465744fcb187f31d4ddf76bcbd0d0?s=96&d=mm&r=g","contentUrl":"https:\/\/secure.gravatar.com\/avatar\/073937bd7f1a8c2904d9fa1ec5e3919f37a465744fcb187f31d4ddf76bcbd0d0?s=96&d=mm&r=g","caption":"admin"},"sameAs":["https:\/\/acompanyamentfamiliar.com"],"url":"https:\/\/acompanyamentfamiliar.com\/es\/author\/admin\/"}]}},"_links":{"self":[{"href":"https:\/\/acompanyamentfamiliar.com\/es\/wp-json\/wp\/v2\/posts\/1107","targetHints":{"allow":["GET"]}}],"collection":[{"href":"https:\/\/acompanyamentfamiliar.com\/es\/wp-json\/wp\/v2\/posts"}],"about":[{"href":"https:\/\/acompanyamentfamiliar.com\/es\/wp-json\/wp\/v2\/types\/post"}],"author":[{"embeddable":true,"href":"https:\/\/acompanyamentfamiliar.com\/es\/wp-json\/wp\/v2\/users\/1"}],"replies":[{"embeddable":true,"href":"https:\/\/acompanyamentfamiliar.com\/es\/wp-json\/wp\/v2\/comments?post=1107"}],"version-history":[{"count":1,"href":"https:\/\/acompanyamentfamiliar.com\/es\/wp-json\/wp\/v2\/posts\/1107\/revisions"}],"predecessor-version":[{"id":1108,"href":"https:\/\/acompanyamentfamiliar.com\/es\/wp-json\/wp\/v2\/posts\/1107\/revisions\/1108"}],"wp:featuredmedia":[{"embeddable":true,"href":"https:\/\/acompanyamentfamiliar.com\/es\/wp-json\/wp\/v2\/media\/1109"}],"wp:attachment":[{"href":"https:\/\/acompanyamentfamiliar.com\/es\/wp-json\/wp\/v2\/media?parent=1107"}],"wp:term":[{"taxonomy":"category","embeddable":true,"href":"https:\/\/acompanyamentfamiliar.com\/es\/wp-json\/wp\/v2\/categories?post=1107"},{"taxonomy":"post_tag","embeddable":true,"href":"https:\/\/acompanyamentfamiliar.com\/es\/wp-json\/wp\/v2\/tags?post=1107"}],"curies":[{"name":"wp","href":"https:\/\/api.w.org\/{rel}","templated":true}]}}