{"id":1111,"date":"2018-06-10T12:30:00","date_gmt":"2018-06-10T12:30:00","guid":{"rendered":"https:\/\/acompanyamentfamiliar.com\/?p=1111"},"modified":"2025-04-13T12:30:48","modified_gmt":"2025-04-13T12:30:48","slug":"la-pareja-y-el-efecto-espejo","status":"publish","type":"post","link":"https:\/\/acompanyamentfamiliar.com\/es\/articulos\/la-pareja-y-el-efecto-espejo\/","title":{"rendered":"LA PAREJA Y EL EFECTO ESPEJO"},"content":{"rendered":"\n<p><strong><em>\u00bfCu\u00e1ntas veces has pensado en huir de tu relaci\u00f3n?<\/em><\/strong><\/p>\n\n\n\n<p><strong><em>\u00bfY si la persona con quien sue\u00f1o me est\u00e1 esperando?<\/em><\/strong><\/p>\n\n\n\n<p>La relaci\u00f3n de pareja es uno de los mayores desaf\u00edos con los que vamos a encontrarnos a lo largo de nuestra Vida. Hay muchas miradas que, actualmente, se cuestionan los modelos establecidos y ponen en tela de juicio su validez, ya sea como formato pr\u00e1ctico, o como din\u00e1mica de realizaci\u00f3n individual.<\/p>\n\n\n\n<p>M\u00e1s all\u00e1 de preservar, o no, la monogamia, la familia nuclear y el modelo&nbsp;<em>mainstream<\/em>&nbsp;imperante, el que me gustar\u00eda poner encima de la mesa con estas l\u00edneas es&nbsp;<strong>todo aquello que nos sucede cuando nos abrimos a compartir en lo profundo de un v\u00ednculo<\/strong>.<\/p>\n\n\n\n<p>Mirar a otra persona a trav\u00e9s de nuestros ojos, tiene una implicaci\u00f3n muy interesante en la forma en c\u00f3mo conceptualizamos aquello que vemos; cuando te miro a trav\u00e9s m\u00edo, lo que veo, la mayor parte de la veces, tiene m\u00e1s que ver conmigo que contigo. Mi mirada -las gafas que visto cuando te observo- hablan de mi forma de leer la Vida, las emociones, los movimientos corporales, las relaciones, etc.&nbsp;<strong>Comprender que lo que veo en ti soy yo, es un movimiento necesario para poder sostener lo que lx otrx nos devuelve como reflejo de lo que proyecto<\/strong>.<\/p>\n\n\n\n<p>Comprender que quien tengo delante &#8211; en un contexto de abertura sincera y profunda- act\u00faa como espejo donde reflejar mis profundidades y estructuras internas, me aporta un espacio de sinceridad donde poder recoger aquello que me incomoda y me inquieta;&nbsp;<strong>aceptar que la imagen que se me devuelve es una oportunidad de descubrirme a trav\u00e9s de lx otrx.<\/strong><\/p>\n\n\n\n<p>Las relaciones de pareja -siempre y cuando est\u00e9n establecidas en un contexto de una m\u00ednima implicaci\u00f3n emocional- en tanto que espacios de apertura personal, hacen emergen la memoria arcaica de nuestro primer v\u00ednculo: la historia infantil con mam\u00e1 y\/o pap\u00e1.<\/p>\n\n\n\n<p><strong><em>\u00bfQu\u00e9 recib\u00ed? \u00bfC\u00f3mo?<\/em><\/strong><\/p>\n\n\n\n<p><strong><em>\u00bfQui\u00e9n me lo daba?<\/em><\/strong><\/p>\n\n\n\n<p><strong><em>\u00bfSe esperaba algo de mi para ser merecedorx de amor?<\/em><\/strong><\/p>\n\n\n\n<p>La forma como hemos aprendido a recibir amor, mirada, v\u00ednculo y presencia se pone de manifiesto cuando volvemos a establecer un espacio de comuni\u00f3n con otra persona. Las vivencias no resueltas de nuestra relaci\u00f3n materno\/paterno-filial florecen en el v\u00ednculo de pareja y, a menudo, al no encontrar en lx otrx lo que seguimos esperando que venga de fuera, volvemos a reaccionar tal y como lo aprendimos a hacer en nuestra etapa infantil: nos enfadamos, nos protegemos, nos escapamos, nos volvemos inhertes, etc. Cada persona puede llegar a descubrir cu\u00e1l es el comportamiento interno que vertebra su esqueleto de supervivencia.<\/p>\n\n\n\n<p>Abrirte a recibir esta imagen que te devuelve la otra persona es aventurarte a crecer, a reconquistar tu espacio de Vida, a reescribir tu merecimiento de amor y respeto por el solo hecho de existir.&nbsp;<strong>La pareja&nbsp;se torna, desde este espacio de madurez, un entorno seguro donde poder transformarse y abrazar nuestro camino.<\/strong><\/p>\n\n\n\n<p>Elisenda Pascual<\/p>\n\n\n\n<h6 class=\"wp-block-heading\"><strong><em>*Foto Susana Moran<\/em><\/strong><\/h6>\n","protected":false},"excerpt":{"rendered":"<p>\u00bfCu\u00e1ntas veces has pensado en huir de tu relaci\u00f3n? \u00bfY si la persona con quien sue\u00f1o me est\u00e1 esperando? La relaci\u00f3n de pareja es uno de los mayores desaf\u00edos con los que vamos a encontrarnos a lo largo de nuestra Vida. Hay muchas miradas que, actualmente, se cuestionan los modelos establecidos y ponen en tela [&hellip;]<\/p>\n","protected":false},"author":1,"featured_media":1113,"comment_status":"closed","ping_status":"closed","sticky":false,"template":"","format":"standard","meta":{"footnotes":""},"categories":[9],"tags":[],"class_list":["post-1111","post","type-post","status-publish","format-standard","has-post-thumbnail","hentry","category-articulos"],"yoast_head":"<!-- This site is optimized with the Yoast SEO plugin v26.8 - https:\/\/yoast.com\/product\/yoast-seo-wordpress\/ -->\n<title>LA PAREJA Y EL EFECTO ESPEJO - Acompanyament Familiar<\/title>\n<meta name=\"robots\" content=\"index, follow, max-snippet:-1, max-image-preview:large, max-video-preview:-1\" \/>\n<link rel=\"canonical\" href=\"https:\/\/acompanyamentfamiliar.com\/es\/articulos\/la-pareja-y-el-efecto-espejo\/\" \/>\n<meta property=\"og:locale\" content=\"es_ES\" \/>\n<meta property=\"og:type\" content=\"article\" \/>\n<meta property=\"og:title\" content=\"LA PAREJA Y EL EFECTO ESPEJO - Acompanyament Familiar\" \/>\n<meta property=\"og:description\" content=\"\u00bfCu\u00e1ntas veces has pensado en huir de tu relaci\u00f3n? \u00bfY si la persona con quien sue\u00f1o me est\u00e1 esperando? La relaci\u00f3n de pareja es uno de los mayores desaf\u00edos con los que vamos a encontrarnos a lo largo de nuestra Vida. Hay muchas miradas que, actualmente, se cuestionan los modelos establecidos y ponen en tela [&hellip;]\" \/>\n<meta property=\"og:url\" content=\"https:\/\/acompanyamentfamiliar.com\/es\/articulos\/la-pareja-y-el-efecto-espejo\/\" \/>\n<meta property=\"og:site_name\" content=\"Acompanyament Familiar\" \/>\n<meta property=\"article:published_time\" content=\"2018-06-10T12:30:00+00:00\" \/>\n<meta property=\"article:modified_time\" content=\"2025-04-13T12:30:48+00:00\" \/>\n<meta property=\"og:image\" content=\"https:\/\/acompanyamentfamiliar.com\/wp-content\/uploads\/2018\/06\/pareja-y-efecto-espejo.jpeg\" \/>\n\t<meta property=\"og:image:width\" content=\"645\" \/>\n\t<meta property=\"og:image:height\" content=\"320\" \/>\n\t<meta property=\"og:image:type\" content=\"image\/jpeg\" \/>\n<meta name=\"author\" content=\"admin\" \/>\n<meta name=\"twitter:card\" content=\"summary_large_image\" \/>\n<meta name=\"twitter:label1\" content=\"Escrito por\" \/>\n\t<meta name=\"twitter:data1\" content=\"admin\" \/>\n\t<meta name=\"twitter:label2\" content=\"Tiempo de lectura\" \/>\n\t<meta name=\"twitter:data2\" content=\"3 minutos\" \/>\n<script type=\"application\/ld+json\" class=\"yoast-schema-graph\">{\"@context\":\"https:\/\/schema.org\",\"@graph\":[{\"@type\":\"Article\",\"@id\":\"https:\/\/acompanyamentfamiliar.com\/es\/articulos\/la-pareja-y-el-efecto-espejo\/#article\",\"isPartOf\":{\"@id\":\"https:\/\/acompanyamentfamiliar.com\/es\/articulos\/la-pareja-y-el-efecto-espejo\/\"},\"author\":{\"name\":\"admin\",\"@id\":\"https:\/\/acompanyamentfamiliar.com\/es\/#\/schema\/person\/2cd1d7b797c09f8e73d0ab6b36585040\"},\"headline\":\"LA PAREJA Y EL EFECTO ESPEJO\",\"datePublished\":\"2018-06-10T12:30:00+00:00\",\"dateModified\":\"2025-04-13T12:30:48+00:00\",\"mainEntityOfPage\":{\"@id\":\"https:\/\/acompanyamentfamiliar.com\/es\/articulos\/la-pareja-y-el-efecto-espejo\/\"},\"wordCount\":532,\"publisher\":{\"@id\":\"https:\/\/acompanyamentfamiliar.com\/es\/#organization\"},\"image\":{\"@id\":\"https:\/\/acompanyamentfamiliar.com\/es\/articulos\/la-pareja-y-el-efecto-espejo\/#primaryimage\"},\"thumbnailUrl\":\"https:\/\/acompanyamentfamiliar.com\/wp-content\/uploads\/2018\/06\/pareja-y-efecto-espejo.jpeg\",\"articleSection\":[\"Art\u00edculos\"],\"inLanguage\":\"es\"},{\"@type\":\"WebPage\",\"@id\":\"https:\/\/acompanyamentfamiliar.com\/es\/articulos\/la-pareja-y-el-efecto-espejo\/\",\"url\":\"https:\/\/acompanyamentfamiliar.com\/es\/articulos\/la-pareja-y-el-efecto-espejo\/\",\"name\":\"LA PAREJA Y EL EFECTO ESPEJO - Acompanyament Familiar\",\"isPartOf\":{\"@id\":\"https:\/\/acompanyamentfamiliar.com\/es\/#website\"},\"primaryImageOfPage\":{\"@id\":\"https:\/\/acompanyamentfamiliar.com\/es\/articulos\/la-pareja-y-el-efecto-espejo\/#primaryimage\"},\"image\":{\"@id\":\"https:\/\/acompanyamentfamiliar.com\/es\/articulos\/la-pareja-y-el-efecto-espejo\/#primaryimage\"},\"thumbnailUrl\":\"https:\/\/acompanyamentfamiliar.com\/wp-content\/uploads\/2018\/06\/pareja-y-efecto-espejo.jpeg\",\"datePublished\":\"2018-06-10T12:30:00+00:00\",\"dateModified\":\"2025-04-13T12:30:48+00:00\",\"breadcrumb\":{\"@id\":\"https:\/\/acompanyamentfamiliar.com\/es\/articulos\/la-pareja-y-el-efecto-espejo\/#breadcrumb\"},\"inLanguage\":\"es\",\"potentialAction\":[{\"@type\":\"ReadAction\",\"target\":[\"https:\/\/acompanyamentfamiliar.com\/es\/articulos\/la-pareja-y-el-efecto-espejo\/\"]}]},{\"@type\":\"ImageObject\",\"inLanguage\":\"es\",\"@id\":\"https:\/\/acompanyamentfamiliar.com\/es\/articulos\/la-pareja-y-el-efecto-espejo\/#primaryimage\",\"url\":\"https:\/\/acompanyamentfamiliar.com\/wp-content\/uploads\/2018\/06\/pareja-y-efecto-espejo.jpeg\",\"contentUrl\":\"https:\/\/acompanyamentfamiliar.com\/wp-content\/uploads\/2018\/06\/pareja-y-efecto-espejo.jpeg\",\"width\":645,\"height\":320,\"caption\":\"La pareja y el efecto espejo Blog Acompanyament Familiar\"},{\"@type\":\"BreadcrumbList\",\"@id\":\"https:\/\/acompanyamentfamiliar.com\/es\/articulos\/la-pareja-y-el-efecto-espejo\/#breadcrumb\",\"itemListElement\":[{\"@type\":\"ListItem\",\"position\":1,\"name\":\"Portada\",\"item\":\"https:\/\/acompanyamentfamiliar.com\/es\/\"},{\"@type\":\"ListItem\",\"position\":2,\"name\":\"LA PAREJA Y EL EFECTO ESPEJO\"}]},{\"@type\":\"WebSite\",\"@id\":\"https:\/\/acompanyamentfamiliar.com\/es\/#website\",\"url\":\"https:\/\/acompanyamentfamiliar.com\/es\/\",\"name\":\"Acompanyament Familiar\",\"description\":\"Psic\u00f3logas en Barcelona: Acompa\u00f1amiento familiar\",\"publisher\":{\"@id\":\"https:\/\/acompanyamentfamiliar.com\/es\/#organization\"},\"potentialAction\":[{\"@type\":\"SearchAction\",\"target\":{\"@type\":\"EntryPoint\",\"urlTemplate\":\"https:\/\/acompanyamentfamiliar.com\/es\/?s={search_term_string}\"},\"query-input\":{\"@type\":\"PropertyValueSpecification\",\"valueRequired\":true,\"valueName\":\"search_term_string\"}}],\"inLanguage\":\"es\"},{\"@type\":\"Organization\",\"@id\":\"https:\/\/acompanyamentfamiliar.com\/es\/#organization\",\"name\":\"Acompanyament Familiar\",\"url\":\"https:\/\/acompanyamentfamiliar.com\/es\/\",\"logo\":{\"@type\":\"ImageObject\",\"inLanguage\":\"es\",\"@id\":\"https:\/\/acompanyamentfamiliar.com\/es\/#\/schema\/logo\/image\/\",\"url\":\"https:\/\/acompanyamentfamiliar.com\/wp-content\/uploads\/2025\/03\/logo_acompanyamnet_familiar.png\",\"contentUrl\":\"https:\/\/acompanyamentfamiliar.com\/wp-content\/uploads\/2025\/03\/logo_acompanyamnet_familiar.png\",\"width\":241,\"height\":126,\"caption\":\"Acompanyament Familiar\"},\"image\":{\"@id\":\"https:\/\/acompanyamentfamiliar.com\/es\/#\/schema\/logo\/image\/\"}},{\"@type\":\"Person\",\"@id\":\"https:\/\/acompanyamentfamiliar.com\/es\/#\/schema\/person\/2cd1d7b797c09f8e73d0ab6b36585040\",\"name\":\"admin\",\"image\":{\"@type\":\"ImageObject\",\"inLanguage\":\"es\",\"@id\":\"https:\/\/acompanyamentfamiliar.com\/es\/#\/schema\/person\/image\/\",\"url\":\"https:\/\/secure.gravatar.com\/avatar\/073937bd7f1a8c2904d9fa1ec5e3919f37a465744fcb187f31d4ddf76bcbd0d0?s=96&d=mm&r=g\",\"contentUrl\":\"https:\/\/secure.gravatar.com\/avatar\/073937bd7f1a8c2904d9fa1ec5e3919f37a465744fcb187f31d4ddf76bcbd0d0?s=96&d=mm&r=g\",\"caption\":\"admin\"},\"sameAs\":[\"https:\/\/acompanyamentfamiliar.com\"],\"url\":\"https:\/\/acompanyamentfamiliar.com\/es\/author\/admin\/\"}]}<\/script>\n<!-- \/ Yoast SEO plugin. -->","yoast_head_json":{"title":"LA PAREJA Y EL EFECTO ESPEJO - Acompanyament Familiar","robots":{"index":"index","follow":"follow","max-snippet":"max-snippet:-1","max-image-preview":"max-image-preview:large","max-video-preview":"max-video-preview:-1"},"canonical":"https:\/\/acompanyamentfamiliar.com\/es\/articulos\/la-pareja-y-el-efecto-espejo\/","og_locale":"es_ES","og_type":"article","og_title":"LA PAREJA Y EL EFECTO ESPEJO - Acompanyament Familiar","og_description":"\u00bfCu\u00e1ntas veces has pensado en huir de tu relaci\u00f3n? \u00bfY si la persona con quien sue\u00f1o me est\u00e1 esperando? La relaci\u00f3n de pareja es uno de los mayores desaf\u00edos con los que vamos a encontrarnos a lo largo de nuestra Vida. Hay muchas miradas que, actualmente, se cuestionan los modelos establecidos y ponen en tela [&hellip;]","og_url":"https:\/\/acompanyamentfamiliar.com\/es\/articulos\/la-pareja-y-el-efecto-espejo\/","og_site_name":"Acompanyament Familiar","article_published_time":"2018-06-10T12:30:00+00:00","article_modified_time":"2025-04-13T12:30:48+00:00","og_image":[{"width":645,"height":320,"url":"https:\/\/acompanyamentfamiliar.com\/wp-content\/uploads\/2018\/06\/pareja-y-efecto-espejo.jpeg","type":"image\/jpeg"}],"author":"admin","twitter_card":"summary_large_image","twitter_misc":{"Escrito por":"admin","Tiempo de lectura":"3 minutos"},"schema":{"@context":"https:\/\/schema.org","@graph":[{"@type":"Article","@id":"https:\/\/acompanyamentfamiliar.com\/es\/articulos\/la-pareja-y-el-efecto-espejo\/#article","isPartOf":{"@id":"https:\/\/acompanyamentfamiliar.com\/es\/articulos\/la-pareja-y-el-efecto-espejo\/"},"author":{"name":"admin","@id":"https:\/\/acompanyamentfamiliar.com\/es\/#\/schema\/person\/2cd1d7b797c09f8e73d0ab6b36585040"},"headline":"LA PAREJA Y EL EFECTO ESPEJO","datePublished":"2018-06-10T12:30:00+00:00","dateModified":"2025-04-13T12:30:48+00:00","mainEntityOfPage":{"@id":"https:\/\/acompanyamentfamiliar.com\/es\/articulos\/la-pareja-y-el-efecto-espejo\/"},"wordCount":532,"publisher":{"@id":"https:\/\/acompanyamentfamiliar.com\/es\/#organization"},"image":{"@id":"https:\/\/acompanyamentfamiliar.com\/es\/articulos\/la-pareja-y-el-efecto-espejo\/#primaryimage"},"thumbnailUrl":"https:\/\/acompanyamentfamiliar.com\/wp-content\/uploads\/2018\/06\/pareja-y-efecto-espejo.jpeg","articleSection":["Art\u00edculos"],"inLanguage":"es"},{"@type":"WebPage","@id":"https:\/\/acompanyamentfamiliar.com\/es\/articulos\/la-pareja-y-el-efecto-espejo\/","url":"https:\/\/acompanyamentfamiliar.com\/es\/articulos\/la-pareja-y-el-efecto-espejo\/","name":"LA PAREJA Y EL EFECTO ESPEJO - Acompanyament Familiar","isPartOf":{"@id":"https:\/\/acompanyamentfamiliar.com\/es\/#website"},"primaryImageOfPage":{"@id":"https:\/\/acompanyamentfamiliar.com\/es\/articulos\/la-pareja-y-el-efecto-espejo\/#primaryimage"},"image":{"@id":"https:\/\/acompanyamentfamiliar.com\/es\/articulos\/la-pareja-y-el-efecto-espejo\/#primaryimage"},"thumbnailUrl":"https:\/\/acompanyamentfamiliar.com\/wp-content\/uploads\/2018\/06\/pareja-y-efecto-espejo.jpeg","datePublished":"2018-06-10T12:30:00+00:00","dateModified":"2025-04-13T12:30:48+00:00","breadcrumb":{"@id":"https:\/\/acompanyamentfamiliar.com\/es\/articulos\/la-pareja-y-el-efecto-espejo\/#breadcrumb"},"inLanguage":"es","potentialAction":[{"@type":"ReadAction","target":["https:\/\/acompanyamentfamiliar.com\/es\/articulos\/la-pareja-y-el-efecto-espejo\/"]}]},{"@type":"ImageObject","inLanguage":"es","@id":"https:\/\/acompanyamentfamiliar.com\/es\/articulos\/la-pareja-y-el-efecto-espejo\/#primaryimage","url":"https:\/\/acompanyamentfamiliar.com\/wp-content\/uploads\/2018\/06\/pareja-y-efecto-espejo.jpeg","contentUrl":"https:\/\/acompanyamentfamiliar.com\/wp-content\/uploads\/2018\/06\/pareja-y-efecto-espejo.jpeg","width":645,"height":320,"caption":"La pareja y el efecto espejo Blog Acompanyament Familiar"},{"@type":"BreadcrumbList","@id":"https:\/\/acompanyamentfamiliar.com\/es\/articulos\/la-pareja-y-el-efecto-espejo\/#breadcrumb","itemListElement":[{"@type":"ListItem","position":1,"name":"Portada","item":"https:\/\/acompanyamentfamiliar.com\/es\/"},{"@type":"ListItem","position":2,"name":"LA PAREJA Y EL EFECTO ESPEJO"}]},{"@type":"WebSite","@id":"https:\/\/acompanyamentfamiliar.com\/es\/#website","url":"https:\/\/acompanyamentfamiliar.com\/es\/","name":"Acompanyament Familiar","description":"Psic\u00f3logas en Barcelona: Acompa\u00f1amiento familiar","publisher":{"@id":"https:\/\/acompanyamentfamiliar.com\/es\/#organization"},"potentialAction":[{"@type":"SearchAction","target":{"@type":"EntryPoint","urlTemplate":"https:\/\/acompanyamentfamiliar.com\/es\/?s={search_term_string}"},"query-input":{"@type":"PropertyValueSpecification","valueRequired":true,"valueName":"search_term_string"}}],"inLanguage":"es"},{"@type":"Organization","@id":"https:\/\/acompanyamentfamiliar.com\/es\/#organization","name":"Acompanyament Familiar","url":"https:\/\/acompanyamentfamiliar.com\/es\/","logo":{"@type":"ImageObject","inLanguage":"es","@id":"https:\/\/acompanyamentfamiliar.com\/es\/#\/schema\/logo\/image\/","url":"https:\/\/acompanyamentfamiliar.com\/wp-content\/uploads\/2025\/03\/logo_acompanyamnet_familiar.png","contentUrl":"https:\/\/acompanyamentfamiliar.com\/wp-content\/uploads\/2025\/03\/logo_acompanyamnet_familiar.png","width":241,"height":126,"caption":"Acompanyament Familiar"},"image":{"@id":"https:\/\/acompanyamentfamiliar.com\/es\/#\/schema\/logo\/image\/"}},{"@type":"Person","@id":"https:\/\/acompanyamentfamiliar.com\/es\/#\/schema\/person\/2cd1d7b797c09f8e73d0ab6b36585040","name":"admin","image":{"@type":"ImageObject","inLanguage":"es","@id":"https:\/\/acompanyamentfamiliar.com\/es\/#\/schema\/person\/image\/","url":"https:\/\/secure.gravatar.com\/avatar\/073937bd7f1a8c2904d9fa1ec5e3919f37a465744fcb187f31d4ddf76bcbd0d0?s=96&d=mm&r=g","contentUrl":"https:\/\/secure.gravatar.com\/avatar\/073937bd7f1a8c2904d9fa1ec5e3919f37a465744fcb187f31d4ddf76bcbd0d0?s=96&d=mm&r=g","caption":"admin"},"sameAs":["https:\/\/acompanyamentfamiliar.com"],"url":"https:\/\/acompanyamentfamiliar.com\/es\/author\/admin\/"}]}},"_links":{"self":[{"href":"https:\/\/acompanyamentfamiliar.com\/es\/wp-json\/wp\/v2\/posts\/1111","targetHints":{"allow":["GET"]}}],"collection":[{"href":"https:\/\/acompanyamentfamiliar.com\/es\/wp-json\/wp\/v2\/posts"}],"about":[{"href":"https:\/\/acompanyamentfamiliar.com\/es\/wp-json\/wp\/v2\/types\/post"}],"author":[{"embeddable":true,"href":"https:\/\/acompanyamentfamiliar.com\/es\/wp-json\/wp\/v2\/users\/1"}],"replies":[{"embeddable":true,"href":"https:\/\/acompanyamentfamiliar.com\/es\/wp-json\/wp\/v2\/comments?post=1111"}],"version-history":[{"count":1,"href":"https:\/\/acompanyamentfamiliar.com\/es\/wp-json\/wp\/v2\/posts\/1111\/revisions"}],"predecessor-version":[{"id":1112,"href":"https:\/\/acompanyamentfamiliar.com\/es\/wp-json\/wp\/v2\/posts\/1111\/revisions\/1112"}],"wp:featuredmedia":[{"embeddable":true,"href":"https:\/\/acompanyamentfamiliar.com\/es\/wp-json\/wp\/v2\/media\/1113"}],"wp:attachment":[{"href":"https:\/\/acompanyamentfamiliar.com\/es\/wp-json\/wp\/v2\/media?parent=1111"}],"wp:term":[{"taxonomy":"category","embeddable":true,"href":"https:\/\/acompanyamentfamiliar.com\/es\/wp-json\/wp\/v2\/categories?post=1111"},{"taxonomy":"post_tag","embeddable":true,"href":"https:\/\/acompanyamentfamiliar.com\/es\/wp-json\/wp\/v2\/tags?post=1111"}],"curies":[{"name":"wp","href":"https:\/\/api.w.org\/{rel}","templated":true}]}}