{"id":1115,"date":"2018-05-31T12:31:00","date_gmt":"2018-05-31T12:31:00","guid":{"rendered":"https:\/\/acompanyamentfamiliar.com\/?p=1115"},"modified":"2025-04-13T12:31:43","modified_gmt":"2025-04-13T12:31:43","slug":"los-derechos-en-la-infancia","status":"publish","type":"post","link":"https:\/\/acompanyamentfamiliar.com\/es\/articulos\/los-derechos-en-la-infancia\/","title":{"rendered":"Los DERECHOS en la INFANCIA"},"content":{"rendered":"\n<p>Nacer criatura en un mundo adulto es una tarea bien compleja. Los ritmos, el tempo, los valores y las prioridades, las neurosis adultas, la sociedad de consumo con su ausencia de cuido, etc. Ser criatura en un mundo de asfalto y de prisas no es trivial. Seguramente, toda esta memoria vinculada al tiempo natural y circular -aquel que nos recuerda la madre Tierra- est\u00e1 bastante enterrada bajo el paso de los a\u00f1os y la domesticaci\u00f3n de la sociedad neoliberal; de todas formas, te invito a que hagas un peque\u00f1o experimento con tu hijx.<\/p>\n\n\n\n<p>Te propongo que organices una expedici\u00f3n a la&nbsp;<a href=\"http:\/\/acompanyamentfamiliar.com\/es\/trastorn-per-deficit-de-natura\/\" target=\"_blank\" rel=\"noreferrer noopener\"><strong>NATURALEZA<\/strong><\/a>. Que busques un espacio en tu calendario para poder salir a la playa, al bosque, al exterior. Una vez all\u00ed, decide un buen espacio donde poder estar tranquilx en el entorno y fija unos&nbsp;<a href=\"http:\/\/acompanyamentfamiliar.com\/es\/limites-un-camino-de-amor-y-respeto-2\/\" target=\"_blank\" rel=\"noreferrer noopener\"><strong>l\u00edmites saludables<\/strong><\/a>&nbsp;para hacer tu estad\u00eda relajada: hasta donde nos podemos mover, qu\u00e9 objetos puede usar, si hay plantas, cuales puede arrancar y cuales no, etc. Una vez segurizado el espacio, t\u00f3mate unos instantes para sentarte en un punto cercano a \u00e9l\/ella y permite que su esencia se derrame sin interferencias. Deja que juegue, explore, se libere de las corazas que le acompa\u00f1an en su d\u00eda a d\u00eda. Observa como vuelve a florecer su esencia infantil, su tempo, su necesidad de activarse o de pararse.&nbsp;<strong>En un espacio seguro, con una presencia adulta amorosa&nbsp;y colocada, la autorregulaci\u00f3n que aparece restablece el equilibrio interno sano de lxs ni\u00f1xs.<\/strong><\/p>\n\n\n\n<p><strong><em>\u00bfPuedes observar c\u00f3mo de sincero es el juego de tu hijx?<\/em><\/strong><\/p>\n\n\n\n<p><strong><em>\u00bfTe das cuenta de la infinitud de recursos que encuentra en un espacio seguro?<\/em><\/strong><\/p>\n\n\n\n<p>Cuando leo la&nbsp;<strong>Declaraci\u00f3n de los Derechos Infantiles<\/strong>&nbsp;me doy cuenta que habla de cosas tales como: tener sus necesidades cubiertas, derecho a ser cuidadxs, segurizadxs, amadxs, el derecho de pertenecer, etc. Lo que es curioso es que la forma en como lo expresa no contempla que las personas adultas debamos hacer una transformaci\u00f3n profunda para pod\u00e9rselo ofrecer. No contempla que la sociedad necesita un giro profundo, de base, de ra\u00edz, para poder ofrecer una salud imprescindible que nunca les hubiera tenido que ser arrebatada. Tampoco habla de las heridas que ya arrastramos de nuestra propia infancia, de las carencias y dolores y olvidos que hemos ido acumulando y que nos predisponen, en muchos casos, a ofrecer lo mismo.<\/p>\n\n\n\n<p>Los drechos de lxs ni\u00f1xs son b\u00e1sicos y sin ellos, seguimos perpetuando una sociedad enferma y neur\u00f3tica. Ahora bien, estos derechos son inherentes a un desarrollo interno y consciente de las personas adulta que les acompa\u00f1amos. Sin una mirada profunda de revisi\u00f3n y cuido de nuestra historia de vida, seguiremos negando el amor, el cuido, el&nbsp;<a href=\"http:\/\/acompanyamentfamiliar.com\/es\/el-reto-de-la-incondicionalidad-en-la-crianza\/\" target=\"_blank\" rel=\"noreferrer noopener\"><strong>reconocimiento aut\u00e9ntico<\/strong><\/a>hacia nuestros hijos e hijas.<\/p>\n\n\n\n<p><strong>Amarse para amar.&nbsp;Cuidarse para poder cuidar.<\/strong><\/p>\n\n\n\n<p><strong>Incluirse para poder incluir.&nbsp;Descansar para poder respetar.<\/strong><\/p>\n\n\n\n<h6 class=\"wp-block-heading\"><em>Coincidiendo con que el d\u00eda 01\/06 es el D\u00eda Internacional de la Infancia, el 04\/06 es el&nbsp;D\u00eda Internacional de los ni\u00f1xs v\u00edctimas inocentes de la agresi\u00f3n, y el 12\/06 es el&nbsp;D\u00eda Mundial del Trabajo Infantil<\/em><\/h6>\n\n\n\n<p>Elisenda Pascual<\/p>\n","protected":false},"excerpt":{"rendered":"<p>Nacer criatura en un mundo adulto es una tarea bien compleja. Los ritmos, el tempo, los valores y las prioridades, las neurosis adultas, la sociedad de consumo con su ausencia de cuido, etc. Ser criatura en un mundo de asfalto y de prisas no es trivial. Seguramente, toda esta memoria vinculada al tiempo natural y [&hellip;]<\/p>\n","protected":false},"author":1,"featured_media":1117,"comment_status":"closed","ping_status":"closed","sticky":false,"template":"","format":"standard","meta":{"footnotes":""},"categories":[9],"tags":[],"class_list":["post-1115","post","type-post","status-publish","format-standard","has-post-thumbnail","hentry","category-articulos"],"yoast_head":"<!-- This site is optimized with the Yoast SEO plugin v26.8 - https:\/\/yoast.com\/product\/yoast-seo-wordpress\/ -->\n<title>Los DERECHOS en la INFANCIA - Acompanyament Familiar<\/title>\n<meta name=\"robots\" content=\"index, follow, max-snippet:-1, max-image-preview:large, max-video-preview:-1\" \/>\n<link rel=\"canonical\" href=\"https:\/\/acompanyamentfamiliar.com\/es\/articulos\/los-derechos-en-la-infancia\/\" \/>\n<meta property=\"og:locale\" content=\"es_ES\" \/>\n<meta property=\"og:type\" content=\"article\" \/>\n<meta property=\"og:title\" content=\"Los DERECHOS en la INFANCIA - Acompanyament Familiar\" \/>\n<meta property=\"og:description\" content=\"Nacer criatura en un mundo adulto es una tarea bien compleja. Los ritmos, el tempo, los valores y las prioridades, las neurosis adultas, la sociedad de consumo con su ausencia de cuido, etc. Ser criatura en un mundo de asfalto y de prisas no es trivial. Seguramente, toda esta memoria vinculada al tiempo natural y [&hellip;]\" \/>\n<meta property=\"og:url\" content=\"https:\/\/acompanyamentfamiliar.com\/es\/articulos\/los-derechos-en-la-infancia\/\" \/>\n<meta property=\"og:site_name\" content=\"Acompanyament Familiar\" \/>\n<meta property=\"article:published_time\" content=\"2018-05-31T12:31:00+00:00\" \/>\n<meta property=\"article:modified_time\" content=\"2025-04-13T12:31:43+00:00\" \/>\n<meta property=\"og:image\" content=\"https:\/\/acompanyamentfamiliar.com\/wp-content\/uploads\/2018\/05\/derechos-infancia.jpeg\" \/>\n\t<meta property=\"og:image:width\" content=\"645\" \/>\n\t<meta property=\"og:image:height\" content=\"320\" \/>\n\t<meta property=\"og:image:type\" content=\"image\/jpeg\" \/>\n<meta name=\"author\" content=\"admin\" \/>\n<meta name=\"twitter:card\" content=\"summary_large_image\" \/>\n<meta name=\"twitter:label1\" content=\"Escrito por\" \/>\n\t<meta name=\"twitter:data1\" content=\"admin\" \/>\n\t<meta name=\"twitter:label2\" content=\"Tiempo de lectura\" \/>\n\t<meta name=\"twitter:data2\" content=\"3 minutos\" \/>\n<script type=\"application\/ld+json\" class=\"yoast-schema-graph\">{\"@context\":\"https:\/\/schema.org\",\"@graph\":[{\"@type\":\"Article\",\"@id\":\"https:\/\/acompanyamentfamiliar.com\/es\/articulos\/los-derechos-en-la-infancia\/#article\",\"isPartOf\":{\"@id\":\"https:\/\/acompanyamentfamiliar.com\/es\/articulos\/los-derechos-en-la-infancia\/\"},\"author\":{\"name\":\"admin\",\"@id\":\"https:\/\/acompanyamentfamiliar.com\/es\/#\/schema\/person\/2cd1d7b797c09f8e73d0ab6b36585040\"},\"headline\":\"Los DERECHOS en la INFANCIA\",\"datePublished\":\"2018-05-31T12:31:00+00:00\",\"dateModified\":\"2025-04-13T12:31:43+00:00\",\"mainEntityOfPage\":{\"@id\":\"https:\/\/acompanyamentfamiliar.com\/es\/articulos\/los-derechos-en-la-infancia\/\"},\"wordCount\":550,\"publisher\":{\"@id\":\"https:\/\/acompanyamentfamiliar.com\/es\/#organization\"},\"image\":{\"@id\":\"https:\/\/acompanyamentfamiliar.com\/es\/articulos\/los-derechos-en-la-infancia\/#primaryimage\"},\"thumbnailUrl\":\"https:\/\/acompanyamentfamiliar.com\/wp-content\/uploads\/2018\/05\/derechos-infancia.jpeg\",\"articleSection\":[\"Art\u00edculos\"],\"inLanguage\":\"es\"},{\"@type\":\"WebPage\",\"@id\":\"https:\/\/acompanyamentfamiliar.com\/es\/articulos\/los-derechos-en-la-infancia\/\",\"url\":\"https:\/\/acompanyamentfamiliar.com\/es\/articulos\/los-derechos-en-la-infancia\/\",\"name\":\"Los DERECHOS en la INFANCIA - Acompanyament Familiar\",\"isPartOf\":{\"@id\":\"https:\/\/acompanyamentfamiliar.com\/es\/#website\"},\"primaryImageOfPage\":{\"@id\":\"https:\/\/acompanyamentfamiliar.com\/es\/articulos\/los-derechos-en-la-infancia\/#primaryimage\"},\"image\":{\"@id\":\"https:\/\/acompanyamentfamiliar.com\/es\/articulos\/los-derechos-en-la-infancia\/#primaryimage\"},\"thumbnailUrl\":\"https:\/\/acompanyamentfamiliar.com\/wp-content\/uploads\/2018\/05\/derechos-infancia.jpeg\",\"datePublished\":\"2018-05-31T12:31:00+00:00\",\"dateModified\":\"2025-04-13T12:31:43+00:00\",\"breadcrumb\":{\"@id\":\"https:\/\/acompanyamentfamiliar.com\/es\/articulos\/los-derechos-en-la-infancia\/#breadcrumb\"},\"inLanguage\":\"es\",\"potentialAction\":[{\"@type\":\"ReadAction\",\"target\":[\"https:\/\/acompanyamentfamiliar.com\/es\/articulos\/los-derechos-en-la-infancia\/\"]}]},{\"@type\":\"ImageObject\",\"inLanguage\":\"es\",\"@id\":\"https:\/\/acompanyamentfamiliar.com\/es\/articulos\/los-derechos-en-la-infancia\/#primaryimage\",\"url\":\"https:\/\/acompanyamentfamiliar.com\/wp-content\/uploads\/2018\/05\/derechos-infancia.jpeg\",\"contentUrl\":\"https:\/\/acompanyamentfamiliar.com\/wp-content\/uploads\/2018\/05\/derechos-infancia.jpeg\",\"width\":645,\"height\":320,\"caption\":\"Blog Acompanyament Familiar\"},{\"@type\":\"BreadcrumbList\",\"@id\":\"https:\/\/acompanyamentfamiliar.com\/es\/articulos\/los-derechos-en-la-infancia\/#breadcrumb\",\"itemListElement\":[{\"@type\":\"ListItem\",\"position\":1,\"name\":\"Portada\",\"item\":\"https:\/\/acompanyamentfamiliar.com\/es\/\"},{\"@type\":\"ListItem\",\"position\":2,\"name\":\"Los DERECHOS en la INFANCIA\"}]},{\"@type\":\"WebSite\",\"@id\":\"https:\/\/acompanyamentfamiliar.com\/es\/#website\",\"url\":\"https:\/\/acompanyamentfamiliar.com\/es\/\",\"name\":\"Acompanyament Familiar\",\"description\":\"Psic\u00f3logas en Barcelona: Acompa\u00f1amiento familiar\",\"publisher\":{\"@id\":\"https:\/\/acompanyamentfamiliar.com\/es\/#organization\"},\"potentialAction\":[{\"@type\":\"SearchAction\",\"target\":{\"@type\":\"EntryPoint\",\"urlTemplate\":\"https:\/\/acompanyamentfamiliar.com\/es\/?s={search_term_string}\"},\"query-input\":{\"@type\":\"PropertyValueSpecification\",\"valueRequired\":true,\"valueName\":\"search_term_string\"}}],\"inLanguage\":\"es\"},{\"@type\":\"Organization\",\"@id\":\"https:\/\/acompanyamentfamiliar.com\/es\/#organization\",\"name\":\"Acompanyament Familiar\",\"url\":\"https:\/\/acompanyamentfamiliar.com\/es\/\",\"logo\":{\"@type\":\"ImageObject\",\"inLanguage\":\"es\",\"@id\":\"https:\/\/acompanyamentfamiliar.com\/es\/#\/schema\/logo\/image\/\",\"url\":\"https:\/\/acompanyamentfamiliar.com\/wp-content\/uploads\/2025\/03\/logo_acompanyamnet_familiar.png\",\"contentUrl\":\"https:\/\/acompanyamentfamiliar.com\/wp-content\/uploads\/2025\/03\/logo_acompanyamnet_familiar.png\",\"width\":241,\"height\":126,\"caption\":\"Acompanyament Familiar\"},\"image\":{\"@id\":\"https:\/\/acompanyamentfamiliar.com\/es\/#\/schema\/logo\/image\/\"}},{\"@type\":\"Person\",\"@id\":\"https:\/\/acompanyamentfamiliar.com\/es\/#\/schema\/person\/2cd1d7b797c09f8e73d0ab6b36585040\",\"name\":\"admin\",\"image\":{\"@type\":\"ImageObject\",\"inLanguage\":\"es\",\"@id\":\"https:\/\/acompanyamentfamiliar.com\/es\/#\/schema\/person\/image\/\",\"url\":\"https:\/\/secure.gravatar.com\/avatar\/073937bd7f1a8c2904d9fa1ec5e3919f37a465744fcb187f31d4ddf76bcbd0d0?s=96&d=mm&r=g\",\"contentUrl\":\"https:\/\/secure.gravatar.com\/avatar\/073937bd7f1a8c2904d9fa1ec5e3919f37a465744fcb187f31d4ddf76bcbd0d0?s=96&d=mm&r=g\",\"caption\":\"admin\"},\"sameAs\":[\"https:\/\/acompanyamentfamiliar.com\"],\"url\":\"https:\/\/acompanyamentfamiliar.com\/es\/author\/admin\/\"}]}<\/script>\n<!-- \/ Yoast SEO plugin. -->","yoast_head_json":{"title":"Los DERECHOS en la INFANCIA - Acompanyament Familiar","robots":{"index":"index","follow":"follow","max-snippet":"max-snippet:-1","max-image-preview":"max-image-preview:large","max-video-preview":"max-video-preview:-1"},"canonical":"https:\/\/acompanyamentfamiliar.com\/es\/articulos\/los-derechos-en-la-infancia\/","og_locale":"es_ES","og_type":"article","og_title":"Los DERECHOS en la INFANCIA - Acompanyament Familiar","og_description":"Nacer criatura en un mundo adulto es una tarea bien compleja. Los ritmos, el tempo, los valores y las prioridades, las neurosis adultas, la sociedad de consumo con su ausencia de cuido, etc. Ser criatura en un mundo de asfalto y de prisas no es trivial. Seguramente, toda esta memoria vinculada al tiempo natural y [&hellip;]","og_url":"https:\/\/acompanyamentfamiliar.com\/es\/articulos\/los-derechos-en-la-infancia\/","og_site_name":"Acompanyament Familiar","article_published_time":"2018-05-31T12:31:00+00:00","article_modified_time":"2025-04-13T12:31:43+00:00","og_image":[{"width":645,"height":320,"url":"https:\/\/acompanyamentfamiliar.com\/wp-content\/uploads\/2018\/05\/derechos-infancia.jpeg","type":"image\/jpeg"}],"author":"admin","twitter_card":"summary_large_image","twitter_misc":{"Escrito por":"admin","Tiempo de lectura":"3 minutos"},"schema":{"@context":"https:\/\/schema.org","@graph":[{"@type":"Article","@id":"https:\/\/acompanyamentfamiliar.com\/es\/articulos\/los-derechos-en-la-infancia\/#article","isPartOf":{"@id":"https:\/\/acompanyamentfamiliar.com\/es\/articulos\/los-derechos-en-la-infancia\/"},"author":{"name":"admin","@id":"https:\/\/acompanyamentfamiliar.com\/es\/#\/schema\/person\/2cd1d7b797c09f8e73d0ab6b36585040"},"headline":"Los DERECHOS en la INFANCIA","datePublished":"2018-05-31T12:31:00+00:00","dateModified":"2025-04-13T12:31:43+00:00","mainEntityOfPage":{"@id":"https:\/\/acompanyamentfamiliar.com\/es\/articulos\/los-derechos-en-la-infancia\/"},"wordCount":550,"publisher":{"@id":"https:\/\/acompanyamentfamiliar.com\/es\/#organization"},"image":{"@id":"https:\/\/acompanyamentfamiliar.com\/es\/articulos\/los-derechos-en-la-infancia\/#primaryimage"},"thumbnailUrl":"https:\/\/acompanyamentfamiliar.com\/wp-content\/uploads\/2018\/05\/derechos-infancia.jpeg","articleSection":["Art\u00edculos"],"inLanguage":"es"},{"@type":"WebPage","@id":"https:\/\/acompanyamentfamiliar.com\/es\/articulos\/los-derechos-en-la-infancia\/","url":"https:\/\/acompanyamentfamiliar.com\/es\/articulos\/los-derechos-en-la-infancia\/","name":"Los DERECHOS en la INFANCIA - Acompanyament Familiar","isPartOf":{"@id":"https:\/\/acompanyamentfamiliar.com\/es\/#website"},"primaryImageOfPage":{"@id":"https:\/\/acompanyamentfamiliar.com\/es\/articulos\/los-derechos-en-la-infancia\/#primaryimage"},"image":{"@id":"https:\/\/acompanyamentfamiliar.com\/es\/articulos\/los-derechos-en-la-infancia\/#primaryimage"},"thumbnailUrl":"https:\/\/acompanyamentfamiliar.com\/wp-content\/uploads\/2018\/05\/derechos-infancia.jpeg","datePublished":"2018-05-31T12:31:00+00:00","dateModified":"2025-04-13T12:31:43+00:00","breadcrumb":{"@id":"https:\/\/acompanyamentfamiliar.com\/es\/articulos\/los-derechos-en-la-infancia\/#breadcrumb"},"inLanguage":"es","potentialAction":[{"@type":"ReadAction","target":["https:\/\/acompanyamentfamiliar.com\/es\/articulos\/los-derechos-en-la-infancia\/"]}]},{"@type":"ImageObject","inLanguage":"es","@id":"https:\/\/acompanyamentfamiliar.com\/es\/articulos\/los-derechos-en-la-infancia\/#primaryimage","url":"https:\/\/acompanyamentfamiliar.com\/wp-content\/uploads\/2018\/05\/derechos-infancia.jpeg","contentUrl":"https:\/\/acompanyamentfamiliar.com\/wp-content\/uploads\/2018\/05\/derechos-infancia.jpeg","width":645,"height":320,"caption":"Blog Acompanyament Familiar"},{"@type":"BreadcrumbList","@id":"https:\/\/acompanyamentfamiliar.com\/es\/articulos\/los-derechos-en-la-infancia\/#breadcrumb","itemListElement":[{"@type":"ListItem","position":1,"name":"Portada","item":"https:\/\/acompanyamentfamiliar.com\/es\/"},{"@type":"ListItem","position":2,"name":"Los DERECHOS en la INFANCIA"}]},{"@type":"WebSite","@id":"https:\/\/acompanyamentfamiliar.com\/es\/#website","url":"https:\/\/acompanyamentfamiliar.com\/es\/","name":"Acompanyament Familiar","description":"Psic\u00f3logas en Barcelona: Acompa\u00f1amiento familiar","publisher":{"@id":"https:\/\/acompanyamentfamiliar.com\/es\/#organization"},"potentialAction":[{"@type":"SearchAction","target":{"@type":"EntryPoint","urlTemplate":"https:\/\/acompanyamentfamiliar.com\/es\/?s={search_term_string}"},"query-input":{"@type":"PropertyValueSpecification","valueRequired":true,"valueName":"search_term_string"}}],"inLanguage":"es"},{"@type":"Organization","@id":"https:\/\/acompanyamentfamiliar.com\/es\/#organization","name":"Acompanyament Familiar","url":"https:\/\/acompanyamentfamiliar.com\/es\/","logo":{"@type":"ImageObject","inLanguage":"es","@id":"https:\/\/acompanyamentfamiliar.com\/es\/#\/schema\/logo\/image\/","url":"https:\/\/acompanyamentfamiliar.com\/wp-content\/uploads\/2025\/03\/logo_acompanyamnet_familiar.png","contentUrl":"https:\/\/acompanyamentfamiliar.com\/wp-content\/uploads\/2025\/03\/logo_acompanyamnet_familiar.png","width":241,"height":126,"caption":"Acompanyament Familiar"},"image":{"@id":"https:\/\/acompanyamentfamiliar.com\/es\/#\/schema\/logo\/image\/"}},{"@type":"Person","@id":"https:\/\/acompanyamentfamiliar.com\/es\/#\/schema\/person\/2cd1d7b797c09f8e73d0ab6b36585040","name":"admin","image":{"@type":"ImageObject","inLanguage":"es","@id":"https:\/\/acompanyamentfamiliar.com\/es\/#\/schema\/person\/image\/","url":"https:\/\/secure.gravatar.com\/avatar\/073937bd7f1a8c2904d9fa1ec5e3919f37a465744fcb187f31d4ddf76bcbd0d0?s=96&d=mm&r=g","contentUrl":"https:\/\/secure.gravatar.com\/avatar\/073937bd7f1a8c2904d9fa1ec5e3919f37a465744fcb187f31d4ddf76bcbd0d0?s=96&d=mm&r=g","caption":"admin"},"sameAs":["https:\/\/acompanyamentfamiliar.com"],"url":"https:\/\/acompanyamentfamiliar.com\/es\/author\/admin\/"}]}},"_links":{"self":[{"href":"https:\/\/acompanyamentfamiliar.com\/es\/wp-json\/wp\/v2\/posts\/1115","targetHints":{"allow":["GET"]}}],"collection":[{"href":"https:\/\/acompanyamentfamiliar.com\/es\/wp-json\/wp\/v2\/posts"}],"about":[{"href":"https:\/\/acompanyamentfamiliar.com\/es\/wp-json\/wp\/v2\/types\/post"}],"author":[{"embeddable":true,"href":"https:\/\/acompanyamentfamiliar.com\/es\/wp-json\/wp\/v2\/users\/1"}],"replies":[{"embeddable":true,"href":"https:\/\/acompanyamentfamiliar.com\/es\/wp-json\/wp\/v2\/comments?post=1115"}],"version-history":[{"count":1,"href":"https:\/\/acompanyamentfamiliar.com\/es\/wp-json\/wp\/v2\/posts\/1115\/revisions"}],"predecessor-version":[{"id":1116,"href":"https:\/\/acompanyamentfamiliar.com\/es\/wp-json\/wp\/v2\/posts\/1115\/revisions\/1116"}],"wp:featuredmedia":[{"embeddable":true,"href":"https:\/\/acompanyamentfamiliar.com\/es\/wp-json\/wp\/v2\/media\/1117"}],"wp:attachment":[{"href":"https:\/\/acompanyamentfamiliar.com\/es\/wp-json\/wp\/v2\/media?parent=1115"}],"wp:term":[{"taxonomy":"category","embeddable":true,"href":"https:\/\/acompanyamentfamiliar.com\/es\/wp-json\/wp\/v2\/categories?post=1115"},{"taxonomy":"post_tag","embeddable":true,"href":"https:\/\/acompanyamentfamiliar.com\/es\/wp-json\/wp\/v2\/tags?post=1115"}],"curies":[{"name":"wp","href":"https:\/\/api.w.org\/{rel}","templated":true}]}}