{"id":1119,"date":"2018-05-22T12:32:00","date_gmt":"2018-05-22T12:32:00","guid":{"rendered":"https:\/\/acompanyamentfamiliar.com\/?p=1119"},"modified":"2025-04-13T12:32:52","modified_gmt":"2025-04-13T12:32:52","slug":"el-reto-de-la-incondicionalidad-en-la-crianza","status":"publish","type":"post","link":"https:\/\/acompanyamentfamiliar.com\/es\/articulos\/el-reto-de-la-incondicionalidad-en-la-crianza\/","title":{"rendered":"EL RETO DE LA INCONDICIONALIDAD EN LA CRIANZA"},"content":{"rendered":"\n<p>La condicionalidad en el amor materno-filial viene dada, inicialmente, por la figura adulta. El efecto espejo que tus hijxs provocan en ti mismx de tus propias carencias infantiles, repercute en transformar el amor mam\u00edfero en algo condicionado, que va y viene, que se presenta a cuentagotas y, a menudo, s\u00f3lo cuando el reflejo que te devuelven te complace.<\/p>\n\n\n\n<p>\u00bfCu\u00e1ntas son las madres &#8211; \u00a1y padres! &#8211; que se culpabilizan por no sentir aquella luz dorada que baja del cielo en forma de aceptaci\u00f3n total y absoluta?<\/p>\n\n\n\n<p>Te lo digo\u2026 \u00a1muchis\u00edsisisisisisisimxs!&nbsp;<a href=\"http:\/\/acompanyamentfamiliar.com\/es\/la-familia-crece\/\" target=\"_blank\" rel=\"noreferrer noopener\">Y es que atreverse a sostener esta imagen inc\u00f3moda que nos devuelven las criaturas sin escapar es complejo<\/a>, molesto y requiere perseverancia y trabajo. Aunque ya dicen que \u201csarna con gusto no pica\u201d (bueno\u2026, \u201cno pica tanto\u201d, a\u00f1adir\u00eda yo). Y es obvio que revisar nuestras carencias infantiles transformadas en nuestras limitaciones adultas, siempre acostumbra a ser un camino que -aunque liberador- nos confronta con aquellos hilos invisibles que nos mueven sin habernos dado cuenta antes. Reacciones autom\u00e1ticas, decisiones, acciones inconscientes e impulsivas que, cuando bajamos la guardia, aparecen, est\u00e1n relacionadas con aquello que nos dieron, aquello que tomamos y aquello que seguimos cargando: sea un vac\u00edo de carencias, o una mochila llena de piedras.<\/p>\n\n\n\n<p>Cuando entrar en este camino de revisi\u00f3n personal toma sentido para ti -sobre todo porqu\u00e9 has comprendido que tu cambio va a beneficiar a tus hijxs- las transformaciones se dan desde un lugar de cuido y amor; primero hacia ti mismx, como art\u00edfice de esta mutaci\u00f3n; en segundo lugar, hacia ellxs, puesto que llegadxs al punto de comprender que la mayor\u00eda de los conflictos se deben a nuestras incapacidades adultas, internamente les eximimos de toda culpa y les podemos VER por lo que son:&nbsp;<a href=\"http:\/\/acompanyamentfamiliar.com\/es\/crianza-y-salud-emocional-2\/\" target=\"_blank\" rel=\"noreferrer noopener\"><strong>peque\u00f1as criaturas necesitadas de mirada, afecto y AMOR<\/strong>.<\/a><\/p>\n\n\n\n<p><strong><em>\u00bfTe dieron todo esto cuando eras peque\u00f1x? \u00bfSientes que tu ni\u00f1x internx est\u00e1 en paz con todo esto?<\/em><\/strong><\/p>\n\n\n\n<p><strong><em>\u00bfSigues buscando en tus v\u00ednculos saciarte de lo que no tuviste?<\/em><\/strong><\/p>\n\n\n\n<p>Est\u00e1 bien poder responderse a estas preguntas para saber lo que seguimos proyectando a nuestro alrededor, sobre todo cuando se trata de nuestrxs hijos, puesto que el impacto que provocamos es de una gran magnitud. Relacionarnos desde un lugar no sanado repercute, sin lugar a dudas, en la imagen que proyectamos hacia nuestras criaturas y, a parte de darles una imagen distorsionada de c\u00f3mo ser pap\u00e1 o mam\u00e1, dejamos de VER sus necesidades aut\u00e9nticas para ofrecerles aquello que a nosotrxs nos falt\u00f3, o nos sobr\u00f3, cayendo en conductas tan polares como son la sobreprotecci\u00f3n o el autoritarismo.<\/p>\n\n\n\n<p><a href=\"http:\/\/acompanyamentfamiliar.com\/es\/think-globally-act-locally-2\/\" target=\"_blank\" rel=\"noreferrer noopener\">Entrar dentro del espejo es el \u00fanico camino de salida de nuestras sombras y bloqueos<\/a>. Ofrecerles a nuestrxs ni\u00f1xs internxs lo que necesitaron y no tuvieron, es SANAR nuestra herida arcaica.&nbsp;<strong>Abrazar nuestros dolores con amor y compasi\u00f3n, es la manera que tenemos, como adultxs, de transformar en paz, el dolor que acarreamos desde nuestra infancia<\/strong>. La incondicionalidad tan s\u00f3lo puede darse en el s\u00ed de una persona adulta que haya entrado, caminado y vuelto de este viaje interno.<\/p>\n\n\n\n<p><strong><em>\u00bfTe atreves a lanzarte a esta aventura que va a cambiar tu Vida y la de lxs tuyxs?<\/em><\/strong><\/p>\n\n\n\n<p>Elisenda Pascual<\/p>\n","protected":false},"excerpt":{"rendered":"<p>La condicionalidad en el amor materno-filial viene dada, inicialmente, por la figura adulta. El efecto espejo que tus hijxs provocan en ti mismx de tus propias carencias infantiles, repercute en transformar el amor mam\u00edfero en algo condicionado, que va y viene, que se presenta a cuentagotas y, a menudo, s\u00f3lo cuando el reflejo que te [&hellip;]<\/p>\n","protected":false},"author":1,"featured_media":1121,"comment_status":"closed","ping_status":"closed","sticky":false,"template":"","format":"standard","meta":{"footnotes":""},"categories":[9],"tags":[],"class_list":["post-1119","post","type-post","status-publish","format-standard","has-post-thumbnail","hentry","category-articulos"],"yoast_head":"<!-- This site is optimized with the Yoast SEO plugin v26.8 - https:\/\/yoast.com\/product\/yoast-seo-wordpress\/ -->\n<title>EL RETO DE LA INCONDICIONALIDAD EN LA CRIANZA - Acompanyament Familiar<\/title>\n<meta name=\"robots\" content=\"index, follow, max-snippet:-1, max-image-preview:large, max-video-preview:-1\" \/>\n<link rel=\"canonical\" href=\"https:\/\/acompanyamentfamiliar.com\/es\/articulos\/el-reto-de-la-incondicionalidad-en-la-crianza\/\" \/>\n<meta property=\"og:locale\" content=\"es_ES\" \/>\n<meta property=\"og:type\" content=\"article\" \/>\n<meta property=\"og:title\" content=\"EL RETO DE LA INCONDICIONALIDAD EN LA CRIANZA - Acompanyament Familiar\" \/>\n<meta property=\"og:description\" content=\"La condicionalidad en el amor materno-filial viene dada, inicialmente, por la figura adulta. El efecto espejo que tus hijxs provocan en ti mismx de tus propias carencias infantiles, repercute en transformar el amor mam\u00edfero en algo condicionado, que va y viene, que se presenta a cuentagotas y, a menudo, s\u00f3lo cuando el reflejo que te [&hellip;]\" \/>\n<meta property=\"og:url\" content=\"https:\/\/acompanyamentfamiliar.com\/es\/articulos\/el-reto-de-la-incondicionalidad-en-la-crianza\/\" \/>\n<meta property=\"og:site_name\" content=\"Acompanyament Familiar\" \/>\n<meta property=\"article:published_time\" content=\"2018-05-22T12:32:00+00:00\" \/>\n<meta property=\"article:modified_time\" content=\"2025-04-13T12:32:52+00:00\" \/>\n<meta property=\"og:image\" content=\"https:\/\/acompanyamentfamiliar.com\/wp-content\/uploads\/2018\/05\/reto-incondicional-crianza.jpeg\" \/>\n\t<meta property=\"og:image:width\" content=\"645\" \/>\n\t<meta property=\"og:image:height\" content=\"320\" \/>\n\t<meta property=\"og:image:type\" content=\"image\/jpeg\" \/>\n<meta name=\"author\" content=\"admin\" \/>\n<meta name=\"twitter:card\" content=\"summary_large_image\" \/>\n<meta name=\"twitter:label1\" content=\"Escrito por\" \/>\n\t<meta name=\"twitter:data1\" content=\"admin\" \/>\n\t<meta name=\"twitter:label2\" content=\"Tiempo de lectura\" \/>\n\t<meta name=\"twitter:data2\" content=\"3 minutos\" \/>\n<script type=\"application\/ld+json\" class=\"yoast-schema-graph\">{\"@context\":\"https:\/\/schema.org\",\"@graph\":[{\"@type\":\"Article\",\"@id\":\"https:\/\/acompanyamentfamiliar.com\/es\/articulos\/el-reto-de-la-incondicionalidad-en-la-crianza\/#article\",\"isPartOf\":{\"@id\":\"https:\/\/acompanyamentfamiliar.com\/es\/articulos\/el-reto-de-la-incondicionalidad-en-la-crianza\/\"},\"author\":{\"name\":\"admin\",\"@id\":\"https:\/\/acompanyamentfamiliar.com\/es\/#\/schema\/person\/2cd1d7b797c09f8e73d0ab6b36585040\"},\"headline\":\"EL RETO DE LA INCONDICIONALIDAD EN LA CRIANZA\",\"datePublished\":\"2018-05-22T12:32:00+00:00\",\"dateModified\":\"2025-04-13T12:32:52+00:00\",\"mainEntityOfPage\":{\"@id\":\"https:\/\/acompanyamentfamiliar.com\/es\/articulos\/el-reto-de-la-incondicionalidad-en-la-crianza\/\"},\"wordCount\":557,\"publisher\":{\"@id\":\"https:\/\/acompanyamentfamiliar.com\/es\/#organization\"},\"image\":{\"@id\":\"https:\/\/acompanyamentfamiliar.com\/es\/articulos\/el-reto-de-la-incondicionalidad-en-la-crianza\/#primaryimage\"},\"thumbnailUrl\":\"https:\/\/acompanyamentfamiliar.com\/wp-content\/uploads\/2018\/05\/reto-incondicional-crianza.jpeg\",\"articleSection\":[\"Art\u00edculos\"],\"inLanguage\":\"es\"},{\"@type\":\"WebPage\",\"@id\":\"https:\/\/acompanyamentfamiliar.com\/es\/articulos\/el-reto-de-la-incondicionalidad-en-la-crianza\/\",\"url\":\"https:\/\/acompanyamentfamiliar.com\/es\/articulos\/el-reto-de-la-incondicionalidad-en-la-crianza\/\",\"name\":\"EL RETO DE LA INCONDICIONALIDAD EN LA CRIANZA - Acompanyament Familiar\",\"isPartOf\":{\"@id\":\"https:\/\/acompanyamentfamiliar.com\/es\/#website\"},\"primaryImageOfPage\":{\"@id\":\"https:\/\/acompanyamentfamiliar.com\/es\/articulos\/el-reto-de-la-incondicionalidad-en-la-crianza\/#primaryimage\"},\"image\":{\"@id\":\"https:\/\/acompanyamentfamiliar.com\/es\/articulos\/el-reto-de-la-incondicionalidad-en-la-crianza\/#primaryimage\"},\"thumbnailUrl\":\"https:\/\/acompanyamentfamiliar.com\/wp-content\/uploads\/2018\/05\/reto-incondicional-crianza.jpeg\",\"datePublished\":\"2018-05-22T12:32:00+00:00\",\"dateModified\":\"2025-04-13T12:32:52+00:00\",\"breadcrumb\":{\"@id\":\"https:\/\/acompanyamentfamiliar.com\/es\/articulos\/el-reto-de-la-incondicionalidad-en-la-crianza\/#breadcrumb\"},\"inLanguage\":\"es\",\"potentialAction\":[{\"@type\":\"ReadAction\",\"target\":[\"https:\/\/acompanyamentfamiliar.com\/es\/articulos\/el-reto-de-la-incondicionalidad-en-la-crianza\/\"]}]},{\"@type\":\"ImageObject\",\"inLanguage\":\"es\",\"@id\":\"https:\/\/acompanyamentfamiliar.com\/es\/articulos\/el-reto-de-la-incondicionalidad-en-la-crianza\/#primaryimage\",\"url\":\"https:\/\/acompanyamentfamiliar.com\/wp-content\/uploads\/2018\/05\/reto-incondicional-crianza.jpeg\",\"contentUrl\":\"https:\/\/acompanyamentfamiliar.com\/wp-content\/uploads\/2018\/05\/reto-incondicional-crianza.jpeg\",\"width\":645,\"height\":320,\"caption\":\"Blog Acompanyament Familiar\"},{\"@type\":\"BreadcrumbList\",\"@id\":\"https:\/\/acompanyamentfamiliar.com\/es\/articulos\/el-reto-de-la-incondicionalidad-en-la-crianza\/#breadcrumb\",\"itemListElement\":[{\"@type\":\"ListItem\",\"position\":1,\"name\":\"Portada\",\"item\":\"https:\/\/acompanyamentfamiliar.com\/es\/\"},{\"@type\":\"ListItem\",\"position\":2,\"name\":\"EL RETO DE LA INCONDICIONALIDAD EN LA CRIANZA\"}]},{\"@type\":\"WebSite\",\"@id\":\"https:\/\/acompanyamentfamiliar.com\/es\/#website\",\"url\":\"https:\/\/acompanyamentfamiliar.com\/es\/\",\"name\":\"Acompanyament Familiar\",\"description\":\"Psic\u00f3logas en Barcelona: Acompa\u00f1amiento familiar\",\"publisher\":{\"@id\":\"https:\/\/acompanyamentfamiliar.com\/es\/#organization\"},\"potentialAction\":[{\"@type\":\"SearchAction\",\"target\":{\"@type\":\"EntryPoint\",\"urlTemplate\":\"https:\/\/acompanyamentfamiliar.com\/es\/?s={search_term_string}\"},\"query-input\":{\"@type\":\"PropertyValueSpecification\",\"valueRequired\":true,\"valueName\":\"search_term_string\"}}],\"inLanguage\":\"es\"},{\"@type\":\"Organization\",\"@id\":\"https:\/\/acompanyamentfamiliar.com\/es\/#organization\",\"name\":\"Acompanyament Familiar\",\"url\":\"https:\/\/acompanyamentfamiliar.com\/es\/\",\"logo\":{\"@type\":\"ImageObject\",\"inLanguage\":\"es\",\"@id\":\"https:\/\/acompanyamentfamiliar.com\/es\/#\/schema\/logo\/image\/\",\"url\":\"https:\/\/acompanyamentfamiliar.com\/wp-content\/uploads\/2025\/03\/logo_acompanyamnet_familiar.png\",\"contentUrl\":\"https:\/\/acompanyamentfamiliar.com\/wp-content\/uploads\/2025\/03\/logo_acompanyamnet_familiar.png\",\"width\":241,\"height\":126,\"caption\":\"Acompanyament Familiar\"},\"image\":{\"@id\":\"https:\/\/acompanyamentfamiliar.com\/es\/#\/schema\/logo\/image\/\"}},{\"@type\":\"Person\",\"@id\":\"https:\/\/acompanyamentfamiliar.com\/es\/#\/schema\/person\/2cd1d7b797c09f8e73d0ab6b36585040\",\"name\":\"admin\",\"image\":{\"@type\":\"ImageObject\",\"inLanguage\":\"es\",\"@id\":\"https:\/\/acompanyamentfamiliar.com\/es\/#\/schema\/person\/image\/\",\"url\":\"https:\/\/secure.gravatar.com\/avatar\/073937bd7f1a8c2904d9fa1ec5e3919f37a465744fcb187f31d4ddf76bcbd0d0?s=96&d=mm&r=g\",\"contentUrl\":\"https:\/\/secure.gravatar.com\/avatar\/073937bd7f1a8c2904d9fa1ec5e3919f37a465744fcb187f31d4ddf76bcbd0d0?s=96&d=mm&r=g\",\"caption\":\"admin\"},\"sameAs\":[\"https:\/\/acompanyamentfamiliar.com\"],\"url\":\"https:\/\/acompanyamentfamiliar.com\/es\/author\/admin\/\"}]}<\/script>\n<!-- \/ Yoast SEO plugin. -->","yoast_head_json":{"title":"EL RETO DE LA INCONDICIONALIDAD EN LA CRIANZA - Acompanyament Familiar","robots":{"index":"index","follow":"follow","max-snippet":"max-snippet:-1","max-image-preview":"max-image-preview:large","max-video-preview":"max-video-preview:-1"},"canonical":"https:\/\/acompanyamentfamiliar.com\/es\/articulos\/el-reto-de-la-incondicionalidad-en-la-crianza\/","og_locale":"es_ES","og_type":"article","og_title":"EL RETO DE LA INCONDICIONALIDAD EN LA CRIANZA - Acompanyament Familiar","og_description":"La condicionalidad en el amor materno-filial viene dada, inicialmente, por la figura adulta. El efecto espejo que tus hijxs provocan en ti mismx de tus propias carencias infantiles, repercute en transformar el amor mam\u00edfero en algo condicionado, que va y viene, que se presenta a cuentagotas y, a menudo, s\u00f3lo cuando el reflejo que te [&hellip;]","og_url":"https:\/\/acompanyamentfamiliar.com\/es\/articulos\/el-reto-de-la-incondicionalidad-en-la-crianza\/","og_site_name":"Acompanyament Familiar","article_published_time":"2018-05-22T12:32:00+00:00","article_modified_time":"2025-04-13T12:32:52+00:00","og_image":[{"width":645,"height":320,"url":"https:\/\/acompanyamentfamiliar.com\/wp-content\/uploads\/2018\/05\/reto-incondicional-crianza.jpeg","type":"image\/jpeg"}],"author":"admin","twitter_card":"summary_large_image","twitter_misc":{"Escrito por":"admin","Tiempo de lectura":"3 minutos"},"schema":{"@context":"https:\/\/schema.org","@graph":[{"@type":"Article","@id":"https:\/\/acompanyamentfamiliar.com\/es\/articulos\/el-reto-de-la-incondicionalidad-en-la-crianza\/#article","isPartOf":{"@id":"https:\/\/acompanyamentfamiliar.com\/es\/articulos\/el-reto-de-la-incondicionalidad-en-la-crianza\/"},"author":{"name":"admin","@id":"https:\/\/acompanyamentfamiliar.com\/es\/#\/schema\/person\/2cd1d7b797c09f8e73d0ab6b36585040"},"headline":"EL RETO DE LA INCONDICIONALIDAD EN LA CRIANZA","datePublished":"2018-05-22T12:32:00+00:00","dateModified":"2025-04-13T12:32:52+00:00","mainEntityOfPage":{"@id":"https:\/\/acompanyamentfamiliar.com\/es\/articulos\/el-reto-de-la-incondicionalidad-en-la-crianza\/"},"wordCount":557,"publisher":{"@id":"https:\/\/acompanyamentfamiliar.com\/es\/#organization"},"image":{"@id":"https:\/\/acompanyamentfamiliar.com\/es\/articulos\/el-reto-de-la-incondicionalidad-en-la-crianza\/#primaryimage"},"thumbnailUrl":"https:\/\/acompanyamentfamiliar.com\/wp-content\/uploads\/2018\/05\/reto-incondicional-crianza.jpeg","articleSection":["Art\u00edculos"],"inLanguage":"es"},{"@type":"WebPage","@id":"https:\/\/acompanyamentfamiliar.com\/es\/articulos\/el-reto-de-la-incondicionalidad-en-la-crianza\/","url":"https:\/\/acompanyamentfamiliar.com\/es\/articulos\/el-reto-de-la-incondicionalidad-en-la-crianza\/","name":"EL RETO DE LA INCONDICIONALIDAD EN LA CRIANZA - Acompanyament Familiar","isPartOf":{"@id":"https:\/\/acompanyamentfamiliar.com\/es\/#website"},"primaryImageOfPage":{"@id":"https:\/\/acompanyamentfamiliar.com\/es\/articulos\/el-reto-de-la-incondicionalidad-en-la-crianza\/#primaryimage"},"image":{"@id":"https:\/\/acompanyamentfamiliar.com\/es\/articulos\/el-reto-de-la-incondicionalidad-en-la-crianza\/#primaryimage"},"thumbnailUrl":"https:\/\/acompanyamentfamiliar.com\/wp-content\/uploads\/2018\/05\/reto-incondicional-crianza.jpeg","datePublished":"2018-05-22T12:32:00+00:00","dateModified":"2025-04-13T12:32:52+00:00","breadcrumb":{"@id":"https:\/\/acompanyamentfamiliar.com\/es\/articulos\/el-reto-de-la-incondicionalidad-en-la-crianza\/#breadcrumb"},"inLanguage":"es","potentialAction":[{"@type":"ReadAction","target":["https:\/\/acompanyamentfamiliar.com\/es\/articulos\/el-reto-de-la-incondicionalidad-en-la-crianza\/"]}]},{"@type":"ImageObject","inLanguage":"es","@id":"https:\/\/acompanyamentfamiliar.com\/es\/articulos\/el-reto-de-la-incondicionalidad-en-la-crianza\/#primaryimage","url":"https:\/\/acompanyamentfamiliar.com\/wp-content\/uploads\/2018\/05\/reto-incondicional-crianza.jpeg","contentUrl":"https:\/\/acompanyamentfamiliar.com\/wp-content\/uploads\/2018\/05\/reto-incondicional-crianza.jpeg","width":645,"height":320,"caption":"Blog Acompanyament Familiar"},{"@type":"BreadcrumbList","@id":"https:\/\/acompanyamentfamiliar.com\/es\/articulos\/el-reto-de-la-incondicionalidad-en-la-crianza\/#breadcrumb","itemListElement":[{"@type":"ListItem","position":1,"name":"Portada","item":"https:\/\/acompanyamentfamiliar.com\/es\/"},{"@type":"ListItem","position":2,"name":"EL RETO DE LA INCONDICIONALIDAD EN LA CRIANZA"}]},{"@type":"WebSite","@id":"https:\/\/acompanyamentfamiliar.com\/es\/#website","url":"https:\/\/acompanyamentfamiliar.com\/es\/","name":"Acompanyament Familiar","description":"Psic\u00f3logas en Barcelona: Acompa\u00f1amiento familiar","publisher":{"@id":"https:\/\/acompanyamentfamiliar.com\/es\/#organization"},"potentialAction":[{"@type":"SearchAction","target":{"@type":"EntryPoint","urlTemplate":"https:\/\/acompanyamentfamiliar.com\/es\/?s={search_term_string}"},"query-input":{"@type":"PropertyValueSpecification","valueRequired":true,"valueName":"search_term_string"}}],"inLanguage":"es"},{"@type":"Organization","@id":"https:\/\/acompanyamentfamiliar.com\/es\/#organization","name":"Acompanyament Familiar","url":"https:\/\/acompanyamentfamiliar.com\/es\/","logo":{"@type":"ImageObject","inLanguage":"es","@id":"https:\/\/acompanyamentfamiliar.com\/es\/#\/schema\/logo\/image\/","url":"https:\/\/acompanyamentfamiliar.com\/wp-content\/uploads\/2025\/03\/logo_acompanyamnet_familiar.png","contentUrl":"https:\/\/acompanyamentfamiliar.com\/wp-content\/uploads\/2025\/03\/logo_acompanyamnet_familiar.png","width":241,"height":126,"caption":"Acompanyament Familiar"},"image":{"@id":"https:\/\/acompanyamentfamiliar.com\/es\/#\/schema\/logo\/image\/"}},{"@type":"Person","@id":"https:\/\/acompanyamentfamiliar.com\/es\/#\/schema\/person\/2cd1d7b797c09f8e73d0ab6b36585040","name":"admin","image":{"@type":"ImageObject","inLanguage":"es","@id":"https:\/\/acompanyamentfamiliar.com\/es\/#\/schema\/person\/image\/","url":"https:\/\/secure.gravatar.com\/avatar\/073937bd7f1a8c2904d9fa1ec5e3919f37a465744fcb187f31d4ddf76bcbd0d0?s=96&d=mm&r=g","contentUrl":"https:\/\/secure.gravatar.com\/avatar\/073937bd7f1a8c2904d9fa1ec5e3919f37a465744fcb187f31d4ddf76bcbd0d0?s=96&d=mm&r=g","caption":"admin"},"sameAs":["https:\/\/acompanyamentfamiliar.com"],"url":"https:\/\/acompanyamentfamiliar.com\/es\/author\/admin\/"}]}},"_links":{"self":[{"href":"https:\/\/acompanyamentfamiliar.com\/es\/wp-json\/wp\/v2\/posts\/1119","targetHints":{"allow":["GET"]}}],"collection":[{"href":"https:\/\/acompanyamentfamiliar.com\/es\/wp-json\/wp\/v2\/posts"}],"about":[{"href":"https:\/\/acompanyamentfamiliar.com\/es\/wp-json\/wp\/v2\/types\/post"}],"author":[{"embeddable":true,"href":"https:\/\/acompanyamentfamiliar.com\/es\/wp-json\/wp\/v2\/users\/1"}],"replies":[{"embeddable":true,"href":"https:\/\/acompanyamentfamiliar.com\/es\/wp-json\/wp\/v2\/comments?post=1119"}],"version-history":[{"count":1,"href":"https:\/\/acompanyamentfamiliar.com\/es\/wp-json\/wp\/v2\/posts\/1119\/revisions"}],"predecessor-version":[{"id":1120,"href":"https:\/\/acompanyamentfamiliar.com\/es\/wp-json\/wp\/v2\/posts\/1119\/revisions\/1120"}],"wp:featuredmedia":[{"embeddable":true,"href":"https:\/\/acompanyamentfamiliar.com\/es\/wp-json\/wp\/v2\/media\/1121"}],"wp:attachment":[{"href":"https:\/\/acompanyamentfamiliar.com\/es\/wp-json\/wp\/v2\/media?parent=1119"}],"wp:term":[{"taxonomy":"category","embeddable":true,"href":"https:\/\/acompanyamentfamiliar.com\/es\/wp-json\/wp\/v2\/categories?post=1119"},{"taxonomy":"post_tag","embeddable":true,"href":"https:\/\/acompanyamentfamiliar.com\/es\/wp-json\/wp\/v2\/tags?post=1119"}],"curies":[{"name":"wp","href":"https:\/\/api.w.org\/{rel}","templated":true}]}}