{"id":1123,"date":"2018-05-14T12:33:00","date_gmt":"2018-05-14T12:33:00","guid":{"rendered":"https:\/\/acompanyamentfamiliar.com\/?p=1123"},"modified":"2025-04-13T12:33:47","modified_gmt":"2025-04-13T12:33:47","slug":"think-globally-act-locally","status":"publish","type":"post","link":"https:\/\/acompanyamentfamiliar.com\/es\/articulos\/think-globally-act-locally\/","title":{"rendered":"THINK GLOBALLY, ACT LOCALLY"},"content":{"rendered":"\n<p>El d\u00eda 24 de Mayo se celebra el&nbsp;<strong>D\u00eda Internacional de las Mujeres por la Paz y el Desarmamiento<\/strong>. Una fecha que pasa desapercibida y que en los d\u00edas que corren, deber\u00eda estar m\u00e1s que visibilizada. La situaci\u00f3n pol\u00edtica actual es alarmante; guerras subvencionadas por gobiernos que priorizan los intereses econ\u00f3micos propios a vidas humanas; terrorismo creado para justificar ataques; migraciones de vidas que luchan para sobrevivir y se encuentran con puertas cerradas; acuerdos que ignoran el cuido de la Madre Tierra; modificaciones gen\u00e9ticas en alimentos, virus y plagas; encarcelamientos por nombrar injusticias y ejercer la democracia;&nbsp;juicios de violaciones grupales donde se desvaloriza el dolor de la mujer y se cuida a una manada de carro\u00f1eros; poluci\u00f3n del aire, el agua y la misma tierra\u2026 Y todo esto con el aval de lxs que nos gobiernan. Visto as\u00ed parece todo bien desesperanzador, \u00bfcierto?<\/p>\n\n\n\n<p>Me gustar\u00eda poder, a trav\u00e9s de este art\u00edculo, aportar un poco de luz a todo este sistema que perpet\u00faa los privilegios de unos cuantos en lugar del cuido de lo com\u00fan. Como me dice alguien a quien amo profundamente \u201c<em>los malos hacen m\u00e1s ruido que lxs buenxs, pero no son mayor\u00eda<\/em>\u201d. Y creo firmemente que debemos acogernos al n\u00famero creciente de conciencias que van despertando, de vendas de los ojos que van cayendo y permiten observar con m\u00e1s amplitud y sentido cr\u00edtico todo lo que nos viene dado desde arriba.<\/p>\n\n\n\n<p><em>\u00bfTe sientes rodeado\/a de personas afines a tus convicciones?<\/em><\/p>\n\n\n\n<p><em>\u00bfSientes que tienes tribu con quien compartir este anhelo de transformar lo que te rodea?<\/em><\/p>\n\n\n\n<p><strong>Debemos poder convertirnos en el cambio que deseamos ver en el mundo<\/strong>. S\u00f3lo caminando nuestros principios ser\u00e1 que podremos generar un viraje aut\u00e9ntico. Hace unos a\u00f1os el Dalai Lama pronunciaba un discurso donde afirmaba que \u201c<em>el cambio vendr\u00e1 dado por las mujeres<\/em>\u201d, y tengo la convicci\u00f3n absoluta que ser\u00e1 a trav\u00e9s de lo FEMENINO. Las mujeres solas ni podemos ni debemos querer ser las \u00fanicas encargadas de tal proeza -puesto que lo femenino es inherente a todos los g\u00e9neros-. Las mujeres somos una parte de la poblaci\u00f3n mundial a quien, por tradici\u00f3n cultural, se nos ha otorgado el valor de lo femenino. El&nbsp;<a href=\"http:\/\/acompanyamentfamiliar.com\/es\/el-genero-en-la-infancia\/\" target=\"_blank\" rel=\"noreferrer noopener\">g\u00e9nero<\/a>&nbsp;va mucho m\u00e1s all\u00e1 de esta reducci\u00f3n y hace falta poder ser reconocidas, sostenidas y validadas para quien se le ha otorgado el don de lo masculino. Solamente uniendo las polaridades es que podremos transformar este abismo que nos separa y que, a la vez, perpet\u00faa la falta de amor humano.<\/p>\n\n\n\n<p>Desde el enfoque del acompa\u00f1amiento respetuoso hace tiempo que insisto en que, como dice Evania Reichert,&nbsp;<strong>la paz comienza en el vientre materno<\/strong>. Un vientre amado, amoroso, relajado, genera una impronta de bondad en el beb\u00e9 que crece.&nbsp;<a href=\"http:\/\/acompanyamentfamiliar.com\/es\/como-gestar-en-pareja\/\" target=\"_blank\" rel=\"noreferrer noopener\">Para esto hace falta que el entorno que lo rodea participe generando una atm\u00f3sfera propicia<\/a>. Un beb\u00e9 que recibe lo que necesita, que es acompa\u00f1ado\/a en la frustraci\u00f3n, en el dolor, la tristeza, la rabia, el miedo y la alegr\u00eda, es probable que se convierta en unx adultx capaz de amar, de abrirse a la Vida con bondad, empat\u00eda y amor. Las mujeres tenemos mucho que aportar a este cambio social; debemos poder escoger si es nuestro momento para generar una Vida, con qui\u00e9n deseamos hacerlo y qu\u00e9 necesitamos para tirarlo adelante. Cuidar la forma de criar es hacer activismo. Amarse, amar a tu beb\u00e9 y cultivar un v\u00ednculo sano es la gran aportaci\u00f3n al bienestar de la humanidad.&nbsp;<em>Act locally think globally<\/em>. Trabajar desde lo m\u00e1s peque\u00f1o para generar cambios en lo m\u00e1s vasto. Este es el verdadero trabajo colectivo: si lo haces solx llegar\u00e1s m\u00e1s r\u00e1pido, si lo haces acompa\u00f1adx llegar\u00e1s m\u00e1s lejos.<\/p>\n\n\n\n<p>Creo firmemente que ha llegado el momento de reconciliar lo masculino y lo femenino en cada unx de nosotrxs para transformar la forma de vivir, de relacionarnos y, por supuesto, de hacer pol\u00edtica.<\/p>\n\n\n\n<p><em>\u00bfQu\u00e9 sientes&nbsp;que puedes aportar desde tu hogar para contribuir en el cambio de la humanidad?<\/em><\/p>\n\n\n\n<p>Elisenda Pascual<\/p>\n","protected":false},"excerpt":{"rendered":"<p>El d\u00eda 24 de Mayo se celebra el&nbsp;D\u00eda Internacional de las Mujeres por la Paz y el Desarmamiento. Una fecha que pasa desapercibida y que en los d\u00edas que corren, deber\u00eda estar m\u00e1s que visibilizada. La situaci\u00f3n pol\u00edtica actual es alarmante; guerras subvencionadas por gobiernos que priorizan los intereses econ\u00f3micos propios a vidas humanas; terrorismo [&hellip;]<\/p>\n","protected":false},"author":1,"featured_media":1125,"comment_status":"closed","ping_status":"closed","sticky":false,"template":"","format":"standard","meta":{"footnotes":""},"categories":[9],"tags":[],"class_list":["post-1123","post","type-post","status-publish","format-standard","has-post-thumbnail","hentry","category-articulos"],"yoast_head":"<!-- This site is optimized with the Yoast SEO plugin v26.8 - https:\/\/yoast.com\/product\/yoast-seo-wordpress\/ -->\n<title>THINK GLOBALLY, ACT LOCALLY - Acompanyament Familiar<\/title>\n<meta name=\"robots\" content=\"index, follow, max-snippet:-1, max-image-preview:large, max-video-preview:-1\" \/>\n<link rel=\"canonical\" href=\"https:\/\/acompanyamentfamiliar.com\/es\/articulos\/think-globally-act-locally\/\" \/>\n<meta property=\"og:locale\" content=\"es_ES\" \/>\n<meta property=\"og:type\" content=\"article\" \/>\n<meta property=\"og:title\" content=\"THINK GLOBALLY, ACT LOCALLY - Acompanyament Familiar\" \/>\n<meta property=\"og:description\" content=\"El d\u00eda 24 de Mayo se celebra el&nbsp;D\u00eda Internacional de las Mujeres por la Paz y el Desarmamiento. Una fecha que pasa desapercibida y que en los d\u00edas que corren, deber\u00eda estar m\u00e1s que visibilizada. La situaci\u00f3n pol\u00edtica actual es alarmante; guerras subvencionadas por gobiernos que priorizan los intereses econ\u00f3micos propios a vidas humanas; terrorismo [&hellip;]\" \/>\n<meta property=\"og:url\" content=\"https:\/\/acompanyamentfamiliar.com\/es\/articulos\/think-globally-act-locally\/\" \/>\n<meta property=\"og:site_name\" content=\"Acompanyament Familiar\" \/>\n<meta property=\"article:published_time\" content=\"2018-05-14T12:33:00+00:00\" \/>\n<meta property=\"article:modified_time\" content=\"2025-04-13T12:33:47+00:00\" \/>\n<meta property=\"og:image\" content=\"https:\/\/acompanyamentfamiliar.com\/wp-content\/uploads\/2018\/05\/think-globally-act-locally.jpeg\" \/>\n\t<meta property=\"og:image:width\" content=\"645\" \/>\n\t<meta property=\"og:image:height\" content=\"320\" \/>\n\t<meta property=\"og:image:type\" content=\"image\/jpeg\" \/>\n<meta name=\"author\" content=\"admin\" \/>\n<meta name=\"twitter:card\" content=\"summary_large_image\" \/>\n<meta name=\"twitter:label1\" content=\"Escrito por\" \/>\n\t<meta name=\"twitter:data1\" content=\"admin\" \/>\n\t<meta name=\"twitter:label2\" content=\"Tiempo de lectura\" \/>\n\t<meta name=\"twitter:data2\" content=\"4 minutos\" \/>\n<script type=\"application\/ld+json\" class=\"yoast-schema-graph\">{\"@context\":\"https:\/\/schema.org\",\"@graph\":[{\"@type\":\"Article\",\"@id\":\"https:\/\/acompanyamentfamiliar.com\/es\/articulos\/think-globally-act-locally\/#article\",\"isPartOf\":{\"@id\":\"https:\/\/acompanyamentfamiliar.com\/es\/articulos\/think-globally-act-locally\/\"},\"author\":{\"name\":\"admin\",\"@id\":\"https:\/\/acompanyamentfamiliar.com\/es\/#\/schema\/person\/2cd1d7b797c09f8e73d0ab6b36585040\"},\"headline\":\"THINK GLOBALLY, ACT LOCALLY\",\"datePublished\":\"2018-05-14T12:33:00+00:00\",\"dateModified\":\"2025-04-13T12:33:47+00:00\",\"mainEntityOfPage\":{\"@id\":\"https:\/\/acompanyamentfamiliar.com\/es\/articulos\/think-globally-act-locally\/\"},\"wordCount\":722,\"publisher\":{\"@id\":\"https:\/\/acompanyamentfamiliar.com\/es\/#organization\"},\"image\":{\"@id\":\"https:\/\/acompanyamentfamiliar.com\/es\/articulos\/think-globally-act-locally\/#primaryimage\"},\"thumbnailUrl\":\"https:\/\/acompanyamentfamiliar.com\/wp-content\/uploads\/2018\/05\/think-globally-act-locally.jpeg\",\"articleSection\":[\"Art\u00edculos\"],\"inLanguage\":\"es\"},{\"@type\":\"WebPage\",\"@id\":\"https:\/\/acompanyamentfamiliar.com\/es\/articulos\/think-globally-act-locally\/\",\"url\":\"https:\/\/acompanyamentfamiliar.com\/es\/articulos\/think-globally-act-locally\/\",\"name\":\"THINK GLOBALLY, ACT LOCALLY - Acompanyament Familiar\",\"isPartOf\":{\"@id\":\"https:\/\/acompanyamentfamiliar.com\/es\/#website\"},\"primaryImageOfPage\":{\"@id\":\"https:\/\/acompanyamentfamiliar.com\/es\/articulos\/think-globally-act-locally\/#primaryimage\"},\"image\":{\"@id\":\"https:\/\/acompanyamentfamiliar.com\/es\/articulos\/think-globally-act-locally\/#primaryimage\"},\"thumbnailUrl\":\"https:\/\/acompanyamentfamiliar.com\/wp-content\/uploads\/2018\/05\/think-globally-act-locally.jpeg\",\"datePublished\":\"2018-05-14T12:33:00+00:00\",\"dateModified\":\"2025-04-13T12:33:47+00:00\",\"breadcrumb\":{\"@id\":\"https:\/\/acompanyamentfamiliar.com\/es\/articulos\/think-globally-act-locally\/#breadcrumb\"},\"inLanguage\":\"es\",\"potentialAction\":[{\"@type\":\"ReadAction\",\"target\":[\"https:\/\/acompanyamentfamiliar.com\/es\/articulos\/think-globally-act-locally\/\"]}]},{\"@type\":\"ImageObject\",\"inLanguage\":\"es\",\"@id\":\"https:\/\/acompanyamentfamiliar.com\/es\/articulos\/think-globally-act-locally\/#primaryimage\",\"url\":\"https:\/\/acompanyamentfamiliar.com\/wp-content\/uploads\/2018\/05\/think-globally-act-locally.jpeg\",\"contentUrl\":\"https:\/\/acompanyamentfamiliar.com\/wp-content\/uploads\/2018\/05\/think-globally-act-locally.jpeg\",\"width\":645,\"height\":320,\"caption\":\"Think globally act locally Blog Acompanyament Familiar\"},{\"@type\":\"BreadcrumbList\",\"@id\":\"https:\/\/acompanyamentfamiliar.com\/es\/articulos\/think-globally-act-locally\/#breadcrumb\",\"itemListElement\":[{\"@type\":\"ListItem\",\"position\":1,\"name\":\"Portada\",\"item\":\"https:\/\/acompanyamentfamiliar.com\/es\/\"},{\"@type\":\"ListItem\",\"position\":2,\"name\":\"THINK GLOBALLY, ACT LOCALLY\"}]},{\"@type\":\"WebSite\",\"@id\":\"https:\/\/acompanyamentfamiliar.com\/es\/#website\",\"url\":\"https:\/\/acompanyamentfamiliar.com\/es\/\",\"name\":\"Acompanyament Familiar\",\"description\":\"Psic\u00f3logas en Barcelona: Acompa\u00f1amiento familiar\",\"publisher\":{\"@id\":\"https:\/\/acompanyamentfamiliar.com\/es\/#organization\"},\"potentialAction\":[{\"@type\":\"SearchAction\",\"target\":{\"@type\":\"EntryPoint\",\"urlTemplate\":\"https:\/\/acompanyamentfamiliar.com\/es\/?s={search_term_string}\"},\"query-input\":{\"@type\":\"PropertyValueSpecification\",\"valueRequired\":true,\"valueName\":\"search_term_string\"}}],\"inLanguage\":\"es\"},{\"@type\":\"Organization\",\"@id\":\"https:\/\/acompanyamentfamiliar.com\/es\/#organization\",\"name\":\"Acompanyament Familiar\",\"url\":\"https:\/\/acompanyamentfamiliar.com\/es\/\",\"logo\":{\"@type\":\"ImageObject\",\"inLanguage\":\"es\",\"@id\":\"https:\/\/acompanyamentfamiliar.com\/es\/#\/schema\/logo\/image\/\",\"url\":\"https:\/\/acompanyamentfamiliar.com\/wp-content\/uploads\/2025\/03\/logo_acompanyamnet_familiar.png\",\"contentUrl\":\"https:\/\/acompanyamentfamiliar.com\/wp-content\/uploads\/2025\/03\/logo_acompanyamnet_familiar.png\",\"width\":241,\"height\":126,\"caption\":\"Acompanyament Familiar\"},\"image\":{\"@id\":\"https:\/\/acompanyamentfamiliar.com\/es\/#\/schema\/logo\/image\/\"}},{\"@type\":\"Person\",\"@id\":\"https:\/\/acompanyamentfamiliar.com\/es\/#\/schema\/person\/2cd1d7b797c09f8e73d0ab6b36585040\",\"name\":\"admin\",\"image\":{\"@type\":\"ImageObject\",\"inLanguage\":\"es\",\"@id\":\"https:\/\/acompanyamentfamiliar.com\/es\/#\/schema\/person\/image\/\",\"url\":\"https:\/\/secure.gravatar.com\/avatar\/073937bd7f1a8c2904d9fa1ec5e3919f37a465744fcb187f31d4ddf76bcbd0d0?s=96&d=mm&r=g\",\"contentUrl\":\"https:\/\/secure.gravatar.com\/avatar\/073937bd7f1a8c2904d9fa1ec5e3919f37a465744fcb187f31d4ddf76bcbd0d0?s=96&d=mm&r=g\",\"caption\":\"admin\"},\"sameAs\":[\"https:\/\/acompanyamentfamiliar.com\"],\"url\":\"https:\/\/acompanyamentfamiliar.com\/es\/author\/admin\/\"}]}<\/script>\n<!-- \/ Yoast SEO plugin. -->","yoast_head_json":{"title":"THINK GLOBALLY, ACT LOCALLY - Acompanyament Familiar","robots":{"index":"index","follow":"follow","max-snippet":"max-snippet:-1","max-image-preview":"max-image-preview:large","max-video-preview":"max-video-preview:-1"},"canonical":"https:\/\/acompanyamentfamiliar.com\/es\/articulos\/think-globally-act-locally\/","og_locale":"es_ES","og_type":"article","og_title":"THINK GLOBALLY, ACT LOCALLY - Acompanyament Familiar","og_description":"El d\u00eda 24 de Mayo se celebra el&nbsp;D\u00eda Internacional de las Mujeres por la Paz y el Desarmamiento. Una fecha que pasa desapercibida y que en los d\u00edas que corren, deber\u00eda estar m\u00e1s que visibilizada. La situaci\u00f3n pol\u00edtica actual es alarmante; guerras subvencionadas por gobiernos que priorizan los intereses econ\u00f3micos propios a vidas humanas; terrorismo [&hellip;]","og_url":"https:\/\/acompanyamentfamiliar.com\/es\/articulos\/think-globally-act-locally\/","og_site_name":"Acompanyament Familiar","article_published_time":"2018-05-14T12:33:00+00:00","article_modified_time":"2025-04-13T12:33:47+00:00","og_image":[{"width":645,"height":320,"url":"https:\/\/acompanyamentfamiliar.com\/wp-content\/uploads\/2018\/05\/think-globally-act-locally.jpeg","type":"image\/jpeg"}],"author":"admin","twitter_card":"summary_large_image","twitter_misc":{"Escrito por":"admin","Tiempo de lectura":"4 minutos"},"schema":{"@context":"https:\/\/schema.org","@graph":[{"@type":"Article","@id":"https:\/\/acompanyamentfamiliar.com\/es\/articulos\/think-globally-act-locally\/#article","isPartOf":{"@id":"https:\/\/acompanyamentfamiliar.com\/es\/articulos\/think-globally-act-locally\/"},"author":{"name":"admin","@id":"https:\/\/acompanyamentfamiliar.com\/es\/#\/schema\/person\/2cd1d7b797c09f8e73d0ab6b36585040"},"headline":"THINK GLOBALLY, ACT LOCALLY","datePublished":"2018-05-14T12:33:00+00:00","dateModified":"2025-04-13T12:33:47+00:00","mainEntityOfPage":{"@id":"https:\/\/acompanyamentfamiliar.com\/es\/articulos\/think-globally-act-locally\/"},"wordCount":722,"publisher":{"@id":"https:\/\/acompanyamentfamiliar.com\/es\/#organization"},"image":{"@id":"https:\/\/acompanyamentfamiliar.com\/es\/articulos\/think-globally-act-locally\/#primaryimage"},"thumbnailUrl":"https:\/\/acompanyamentfamiliar.com\/wp-content\/uploads\/2018\/05\/think-globally-act-locally.jpeg","articleSection":["Art\u00edculos"],"inLanguage":"es"},{"@type":"WebPage","@id":"https:\/\/acompanyamentfamiliar.com\/es\/articulos\/think-globally-act-locally\/","url":"https:\/\/acompanyamentfamiliar.com\/es\/articulos\/think-globally-act-locally\/","name":"THINK GLOBALLY, ACT LOCALLY - Acompanyament Familiar","isPartOf":{"@id":"https:\/\/acompanyamentfamiliar.com\/es\/#website"},"primaryImageOfPage":{"@id":"https:\/\/acompanyamentfamiliar.com\/es\/articulos\/think-globally-act-locally\/#primaryimage"},"image":{"@id":"https:\/\/acompanyamentfamiliar.com\/es\/articulos\/think-globally-act-locally\/#primaryimage"},"thumbnailUrl":"https:\/\/acompanyamentfamiliar.com\/wp-content\/uploads\/2018\/05\/think-globally-act-locally.jpeg","datePublished":"2018-05-14T12:33:00+00:00","dateModified":"2025-04-13T12:33:47+00:00","breadcrumb":{"@id":"https:\/\/acompanyamentfamiliar.com\/es\/articulos\/think-globally-act-locally\/#breadcrumb"},"inLanguage":"es","potentialAction":[{"@type":"ReadAction","target":["https:\/\/acompanyamentfamiliar.com\/es\/articulos\/think-globally-act-locally\/"]}]},{"@type":"ImageObject","inLanguage":"es","@id":"https:\/\/acompanyamentfamiliar.com\/es\/articulos\/think-globally-act-locally\/#primaryimage","url":"https:\/\/acompanyamentfamiliar.com\/wp-content\/uploads\/2018\/05\/think-globally-act-locally.jpeg","contentUrl":"https:\/\/acompanyamentfamiliar.com\/wp-content\/uploads\/2018\/05\/think-globally-act-locally.jpeg","width":645,"height":320,"caption":"Think globally act locally Blog Acompanyament Familiar"},{"@type":"BreadcrumbList","@id":"https:\/\/acompanyamentfamiliar.com\/es\/articulos\/think-globally-act-locally\/#breadcrumb","itemListElement":[{"@type":"ListItem","position":1,"name":"Portada","item":"https:\/\/acompanyamentfamiliar.com\/es\/"},{"@type":"ListItem","position":2,"name":"THINK GLOBALLY, ACT LOCALLY"}]},{"@type":"WebSite","@id":"https:\/\/acompanyamentfamiliar.com\/es\/#website","url":"https:\/\/acompanyamentfamiliar.com\/es\/","name":"Acompanyament Familiar","description":"Psic\u00f3logas en Barcelona: Acompa\u00f1amiento familiar","publisher":{"@id":"https:\/\/acompanyamentfamiliar.com\/es\/#organization"},"potentialAction":[{"@type":"SearchAction","target":{"@type":"EntryPoint","urlTemplate":"https:\/\/acompanyamentfamiliar.com\/es\/?s={search_term_string}"},"query-input":{"@type":"PropertyValueSpecification","valueRequired":true,"valueName":"search_term_string"}}],"inLanguage":"es"},{"@type":"Organization","@id":"https:\/\/acompanyamentfamiliar.com\/es\/#organization","name":"Acompanyament Familiar","url":"https:\/\/acompanyamentfamiliar.com\/es\/","logo":{"@type":"ImageObject","inLanguage":"es","@id":"https:\/\/acompanyamentfamiliar.com\/es\/#\/schema\/logo\/image\/","url":"https:\/\/acompanyamentfamiliar.com\/wp-content\/uploads\/2025\/03\/logo_acompanyamnet_familiar.png","contentUrl":"https:\/\/acompanyamentfamiliar.com\/wp-content\/uploads\/2025\/03\/logo_acompanyamnet_familiar.png","width":241,"height":126,"caption":"Acompanyament Familiar"},"image":{"@id":"https:\/\/acompanyamentfamiliar.com\/es\/#\/schema\/logo\/image\/"}},{"@type":"Person","@id":"https:\/\/acompanyamentfamiliar.com\/es\/#\/schema\/person\/2cd1d7b797c09f8e73d0ab6b36585040","name":"admin","image":{"@type":"ImageObject","inLanguage":"es","@id":"https:\/\/acompanyamentfamiliar.com\/es\/#\/schema\/person\/image\/","url":"https:\/\/secure.gravatar.com\/avatar\/073937bd7f1a8c2904d9fa1ec5e3919f37a465744fcb187f31d4ddf76bcbd0d0?s=96&d=mm&r=g","contentUrl":"https:\/\/secure.gravatar.com\/avatar\/073937bd7f1a8c2904d9fa1ec5e3919f37a465744fcb187f31d4ddf76bcbd0d0?s=96&d=mm&r=g","caption":"admin"},"sameAs":["https:\/\/acompanyamentfamiliar.com"],"url":"https:\/\/acompanyamentfamiliar.com\/es\/author\/admin\/"}]}},"_links":{"self":[{"href":"https:\/\/acompanyamentfamiliar.com\/es\/wp-json\/wp\/v2\/posts\/1123","targetHints":{"allow":["GET"]}}],"collection":[{"href":"https:\/\/acompanyamentfamiliar.com\/es\/wp-json\/wp\/v2\/posts"}],"about":[{"href":"https:\/\/acompanyamentfamiliar.com\/es\/wp-json\/wp\/v2\/types\/post"}],"author":[{"embeddable":true,"href":"https:\/\/acompanyamentfamiliar.com\/es\/wp-json\/wp\/v2\/users\/1"}],"replies":[{"embeddable":true,"href":"https:\/\/acompanyamentfamiliar.com\/es\/wp-json\/wp\/v2\/comments?post=1123"}],"version-history":[{"count":1,"href":"https:\/\/acompanyamentfamiliar.com\/es\/wp-json\/wp\/v2\/posts\/1123\/revisions"}],"predecessor-version":[{"id":1124,"href":"https:\/\/acompanyamentfamiliar.com\/es\/wp-json\/wp\/v2\/posts\/1123\/revisions\/1124"}],"wp:featuredmedia":[{"embeddable":true,"href":"https:\/\/acompanyamentfamiliar.com\/es\/wp-json\/wp\/v2\/media\/1125"}],"wp:attachment":[{"href":"https:\/\/acompanyamentfamiliar.com\/es\/wp-json\/wp\/v2\/media?parent=1123"}],"wp:term":[{"taxonomy":"category","embeddable":true,"href":"https:\/\/acompanyamentfamiliar.com\/es\/wp-json\/wp\/v2\/categories?post=1123"},{"taxonomy":"post_tag","embeddable":true,"href":"https:\/\/acompanyamentfamiliar.com\/es\/wp-json\/wp\/v2\/tags?post=1123"}],"curies":[{"name":"wp","href":"https:\/\/api.w.org\/{rel}","templated":true}]}}