{"id":1127,"date":"2018-05-07T12:34:00","date_gmt":"2018-05-07T12:34:00","guid":{"rendered":"https:\/\/acompanyamentfamiliar.com\/?p=1127"},"modified":"2025-04-13T12:34:47","modified_gmt":"2025-04-13T12:34:47","slug":"como-gestar-en-pareja","status":"publish","type":"post","link":"https:\/\/acompanyamentfamiliar.com\/es\/articulos\/como-gestar-en-pareja\/","title":{"rendered":"\u00bfC\u00d3MO GESTAR EN PAREJA?"},"content":{"rendered":"\n<p>La gestaci\u00f3 sempre s\u2019ha cregut quelcom exclusiu de la mare gestant. Dins una <a href=\"http:\/\/acompanyamentfamiliar.com\/la-familia-creix\/\" target=\"_blank\" rel=\"noreferrer noopener\">fam\u00edlia<\/a>, el poder sostenir i acompanyar aquesta etapa del desenvolupament infantil, requeia en la dona. No \u00e9s que parli en passat perqu\u00e8 actualment aix\u00f2 no passi, sin\u00f3 que confio en que la consci\u00e8ncia actual est\u00e0 comen\u00e7ant a fer girar la roda dels rols imposats per la societat heternormativa i <a href=\"http:\/\/acompanyamentfamiliar.com\/questions-de-genere\/\" target=\"_blank\" rel=\"noreferrer noopener\">sexista<\/a>.<\/p>\n\n\n\n<p>La gestaci\u00f3 \u00e9s una etapa molt important per a la construcci\u00f3 personal tant del beb\u00e8 intrauter\u00ed, com de l\u2019entorn que l\u2019ha de rebre (mapares). \u00c9s important comprendre que una Vida no s\u2019inicia quan l\u2019infant naix, sin\u00f3 que comen\u00e7a incl\u00fas abans de la concepci\u00f3. Cal preguntar-nos:<\/p>\n\n\n\n<p><em>Com est\u00e0 l\u2019\u00fater que ha de rebre l\u2019embri\u00f3?<\/em><\/p>\n\n\n\n<p><em>Qu\u00e8 succeeix en el nostre entorn quan ens preparem per a concebre?<\/em><\/p>\n\n\n\n<p><em>Volem ser mapares? Qui ens acompanya?<\/em><\/p>\n\n\n\n<p>D\u2019aquesta manera la gestaci\u00f3 pren una nova dimensi\u00f3: \u00e9s l\u2019espai que sost\u00e9 aquesta Vida en evoluci\u00f3. Aix\u00ed doncs, cal posar consci\u00e8ncia en cuidar-lo, sostenir-lo i respectar-lo. I totes aquestes accions s\u00f3n responsabilitat de la parella tamb\u00e9 (en el cas que n\u2019hi hagi). La dona gestant ha de comen\u00e7ar a ser mirada com a part d\u2019un sistema m\u00e9s ampli que, a trav\u00e9s del seu \u00fater, s\u2019expandeix; ja sigui la fam\u00edlia, la societat i, en \u00faltima inst\u00e0ncia, la humanitat. <strong>Respectar la gestaci\u00f3 \u00e9s el primer pas per a una revisi\u00f3 profunda en la prevenci\u00f3 de les neurosis que, d\u2019una manera reiterada, propiciem als infants<\/strong>.<\/p>\n\n\n\n<p><strong><em>Com creus que pot acompanyar la parella en aquest proc\u00e9s?<\/em><\/strong><\/p>\n\n\n\n<p>Com a parella d\u2019una dona gestant, \u00e9s important que comprenguis que el teu paper \u00e9s molt m\u00e9s actiu del que, segurament, mai t\u2019han explicat. La teva pres\u00e8ncia \u00e9s un est\u00edmul immediat i quotidi\u00e0 per a l\u2019\u00fater que acull el teu beb\u00e8. \u00c9s b\u00e0sic que la teva atenci\u00f3, en tant que acompanyant i futur\/a mapare, esdevingui present i amorosa. La Vida que creix necessita del teu sost\u00e9, nutrici\u00f3 i l\u00edmit. Poder estar disponible per a vincular-te amb el beb\u00e8 -mitjan\u00e7ant la paraula, el contacte, la pres\u00e8ncia- \u00e9s fonamental perqu\u00e8 la mare se senti acompanyada, segura, i en un projecte compartit.<\/p>\n\n\n\n<p>Per a generar una transformaci\u00f3 social des de la base, cal empoderar a les parelles tamb\u00e9. Fer-les sentir part\u00edcips de la Vida que creix dins teu, de les necessitats que com a mare gestant se\u2019t desperten, transmetre-l\u2019hi la import\u00e0ncia de la seva mirada activa en aquests mesos previs al part. Si aquest vincle s\u2019aconsegueix establir, els parts i els puerperis s\u00f3n molt m\u00e9s dol\u00e7os -emocionalment parlant- i uneixen la parella des de lo profund. <strong>Aix\u00ed com la mare, amb el seu \u00fater de pell, sost\u00e9 l\u2019infant que es desenvolupa, la parella tamb\u00e9 genera un \u00fater emocional de suport i seguretat amb la seva disposici\u00f3 activa durant la gestaci\u00f3<\/strong>.<\/p>\n\n\n\n<p>Ara que ja fa temps que hem abandonat la vida en tribu per la fam\u00edlia nuclear, \u00e9s m\u00e9s important que mai sentir-se sostinguda en un moment tant decisiu de la teva Vida. T\u2019animo a que busquis espais on es treballi el <strong>vincle a tres<\/strong> durant la gestaci\u00f3, i una excel\u00b7lent eina \u00e9s l\u2019haptonomia, coneguda com a ci\u00e8ncia de l\u2019afectivitat, i parida per Fran\u00e7oise Dolt\u00f3 el segle passat. Des d\u2019<a href=\"http:\/\/acompanyamentfamiliar.com\/about\/\" target=\"_blank\" rel=\"noreferrer noopener\">Acompanyament Familiar<\/a> apostem per aquestes maneres d\u2019acostar l\u2019amor, la pres\u00e8ncia i la uni\u00f3 durant la gestaci\u00f3.<\/p>\n\n\n\n<p><em>Com t\u2019has sentit d\u2019acompanyada durant la teva gestaci\u00f3?<\/em><\/p>\n\n\n\n<p><em>Com a parella, has pogut participar del proc\u00e9s?<\/em><\/p>\n\n\n\n<p>Elisenda Pascual<\/p>\n","protected":false},"excerpt":{"rendered":"<p>La gestaci\u00f3 sempre s\u2019ha cregut quelcom exclusiu de la mare gestant. Dins una fam\u00edlia, el poder sostenir i acompanyar aquesta etapa del desenvolupament infantil, requeia en la dona. No \u00e9s que parli en passat perqu\u00e8 actualment aix\u00f2 no passi, sin\u00f3 que confio en que la consci\u00e8ncia actual est\u00e0 comen\u00e7ant a fer girar la roda dels [&hellip;]<\/p>\n","protected":false},"author":1,"featured_media":1129,"comment_status":"closed","ping_status":"closed","sticky":false,"template":"","format":"standard","meta":{"footnotes":""},"categories":[9],"tags":[],"class_list":["post-1127","post","type-post","status-publish","format-standard","has-post-thumbnail","hentry","category-articulos"],"yoast_head":"<!-- This site is optimized with the Yoast SEO plugin v26.8 - https:\/\/yoast.com\/product\/yoast-seo-wordpress\/ -->\n<title>\u00bfC\u00d3MO GESTAR EN PAREJA? - Acompanyament Familiar<\/title>\n<meta name=\"robots\" content=\"index, follow, max-snippet:-1, max-image-preview:large, max-video-preview:-1\" \/>\n<link rel=\"canonical\" href=\"https:\/\/acompanyamentfamiliar.com\/es\/articulos\/como-gestar-en-pareja\/\" \/>\n<meta property=\"og:locale\" content=\"es_ES\" \/>\n<meta property=\"og:type\" content=\"article\" \/>\n<meta property=\"og:title\" content=\"\u00bfC\u00d3MO GESTAR EN PAREJA? - Acompanyament Familiar\" \/>\n<meta property=\"og:description\" content=\"La gestaci\u00f3 sempre s\u2019ha cregut quelcom exclusiu de la mare gestant. Dins una fam\u00edlia, el poder sostenir i acompanyar aquesta etapa del desenvolupament infantil, requeia en la dona. No \u00e9s que parli en passat perqu\u00e8 actualment aix\u00f2 no passi, sin\u00f3 que confio en que la consci\u00e8ncia actual est\u00e0 comen\u00e7ant a fer girar la roda dels [&hellip;]\" \/>\n<meta property=\"og:url\" content=\"https:\/\/acompanyamentfamiliar.com\/es\/articulos\/como-gestar-en-pareja\/\" \/>\n<meta property=\"og:site_name\" content=\"Acompanyament Familiar\" \/>\n<meta property=\"article:published_time\" content=\"2018-05-07T12:34:00+00:00\" \/>\n<meta property=\"article:modified_time\" content=\"2025-04-13T12:34:47+00:00\" \/>\n<meta property=\"og:image\" content=\"https:\/\/acompanyamentfamiliar.com\/wp-content\/uploads\/2018\/05\/gestar-en-pareja.jpeg\" \/>\n\t<meta property=\"og:image:width\" content=\"645\" \/>\n\t<meta property=\"og:image:height\" content=\"320\" \/>\n\t<meta property=\"og:image:type\" content=\"image\/jpeg\" \/>\n<meta name=\"author\" content=\"admin\" \/>\n<meta name=\"twitter:card\" content=\"summary_large_image\" \/>\n<meta name=\"twitter:label1\" content=\"Escrito por\" \/>\n\t<meta name=\"twitter:data1\" content=\"admin\" \/>\n\t<meta name=\"twitter:label2\" content=\"Tiempo de lectura\" \/>\n\t<meta name=\"twitter:data2\" content=\"3 minutos\" \/>\n<script type=\"application\/ld+json\" class=\"yoast-schema-graph\">{\"@context\":\"https:\/\/schema.org\",\"@graph\":[{\"@type\":\"Article\",\"@id\":\"https:\/\/acompanyamentfamiliar.com\/es\/articulos\/como-gestar-en-pareja\/#article\",\"isPartOf\":{\"@id\":\"https:\/\/acompanyamentfamiliar.com\/es\/articulos\/como-gestar-en-pareja\/\"},\"author\":{\"name\":\"admin\",\"@id\":\"https:\/\/acompanyamentfamiliar.com\/es\/#\/schema\/person\/2cd1d7b797c09f8e73d0ab6b36585040\"},\"headline\":\"\u00bfC\u00d3MO GESTAR EN PAREJA?\",\"datePublished\":\"2018-05-07T12:34:00+00:00\",\"dateModified\":\"2025-04-13T12:34:47+00:00\",\"mainEntityOfPage\":{\"@id\":\"https:\/\/acompanyamentfamiliar.com\/es\/articulos\/como-gestar-en-pareja\/\"},\"wordCount\":621,\"publisher\":{\"@id\":\"https:\/\/acompanyamentfamiliar.com\/es\/#organization\"},\"image\":{\"@id\":\"https:\/\/acompanyamentfamiliar.com\/es\/articulos\/como-gestar-en-pareja\/#primaryimage\"},\"thumbnailUrl\":\"https:\/\/acompanyamentfamiliar.com\/wp-content\/uploads\/2018\/05\/gestar-en-pareja.jpeg\",\"articleSection\":[\"Art\u00edculos\"],\"inLanguage\":\"es\"},{\"@type\":\"WebPage\",\"@id\":\"https:\/\/acompanyamentfamiliar.com\/es\/articulos\/como-gestar-en-pareja\/\",\"url\":\"https:\/\/acompanyamentfamiliar.com\/es\/articulos\/como-gestar-en-pareja\/\",\"name\":\"\u00bfC\u00d3MO GESTAR EN PAREJA? - Acompanyament Familiar\",\"isPartOf\":{\"@id\":\"https:\/\/acompanyamentfamiliar.com\/es\/#website\"},\"primaryImageOfPage\":{\"@id\":\"https:\/\/acompanyamentfamiliar.com\/es\/articulos\/como-gestar-en-pareja\/#primaryimage\"},\"image\":{\"@id\":\"https:\/\/acompanyamentfamiliar.com\/es\/articulos\/como-gestar-en-pareja\/#primaryimage\"},\"thumbnailUrl\":\"https:\/\/acompanyamentfamiliar.com\/wp-content\/uploads\/2018\/05\/gestar-en-pareja.jpeg\",\"datePublished\":\"2018-05-07T12:34:00+00:00\",\"dateModified\":\"2025-04-13T12:34:47+00:00\",\"breadcrumb\":{\"@id\":\"https:\/\/acompanyamentfamiliar.com\/es\/articulos\/como-gestar-en-pareja\/#breadcrumb\"},\"inLanguage\":\"es\",\"potentialAction\":[{\"@type\":\"ReadAction\",\"target\":[\"https:\/\/acompanyamentfamiliar.com\/es\/articulos\/como-gestar-en-pareja\/\"]}]},{\"@type\":\"ImageObject\",\"inLanguage\":\"es\",\"@id\":\"https:\/\/acompanyamentfamiliar.com\/es\/articulos\/como-gestar-en-pareja\/#primaryimage\",\"url\":\"https:\/\/acompanyamentfamiliar.com\/wp-content\/uploads\/2018\/05\/gestar-en-pareja.jpeg\",\"contentUrl\":\"https:\/\/acompanyamentfamiliar.com\/wp-content\/uploads\/2018\/05\/gestar-en-pareja.jpeg\",\"width\":645,\"height\":320,\"caption\":\"Gestar en pareja Blog Acompanyament Familiar\"},{\"@type\":\"BreadcrumbList\",\"@id\":\"https:\/\/acompanyamentfamiliar.com\/es\/articulos\/como-gestar-en-pareja\/#breadcrumb\",\"itemListElement\":[{\"@type\":\"ListItem\",\"position\":1,\"name\":\"Portada\",\"item\":\"https:\/\/acompanyamentfamiliar.com\/es\/\"},{\"@type\":\"ListItem\",\"position\":2,\"name\":\"\u00bfC\u00d3MO GESTAR EN PAREJA?\"}]},{\"@type\":\"WebSite\",\"@id\":\"https:\/\/acompanyamentfamiliar.com\/es\/#website\",\"url\":\"https:\/\/acompanyamentfamiliar.com\/es\/\",\"name\":\"Acompanyament Familiar\",\"description\":\"Psic\u00f3logas en Barcelona: Acompa\u00f1amiento familiar\",\"publisher\":{\"@id\":\"https:\/\/acompanyamentfamiliar.com\/es\/#organization\"},\"potentialAction\":[{\"@type\":\"SearchAction\",\"target\":{\"@type\":\"EntryPoint\",\"urlTemplate\":\"https:\/\/acompanyamentfamiliar.com\/es\/?s={search_term_string}\"},\"query-input\":{\"@type\":\"PropertyValueSpecification\",\"valueRequired\":true,\"valueName\":\"search_term_string\"}}],\"inLanguage\":\"es\"},{\"@type\":\"Organization\",\"@id\":\"https:\/\/acompanyamentfamiliar.com\/es\/#organization\",\"name\":\"Acompanyament Familiar\",\"url\":\"https:\/\/acompanyamentfamiliar.com\/es\/\",\"logo\":{\"@type\":\"ImageObject\",\"inLanguage\":\"es\",\"@id\":\"https:\/\/acompanyamentfamiliar.com\/es\/#\/schema\/logo\/image\/\",\"url\":\"https:\/\/acompanyamentfamiliar.com\/wp-content\/uploads\/2025\/03\/logo_acompanyamnet_familiar.png\",\"contentUrl\":\"https:\/\/acompanyamentfamiliar.com\/wp-content\/uploads\/2025\/03\/logo_acompanyamnet_familiar.png\",\"width\":241,\"height\":126,\"caption\":\"Acompanyament Familiar\"},\"image\":{\"@id\":\"https:\/\/acompanyamentfamiliar.com\/es\/#\/schema\/logo\/image\/\"}},{\"@type\":\"Person\",\"@id\":\"https:\/\/acompanyamentfamiliar.com\/es\/#\/schema\/person\/2cd1d7b797c09f8e73d0ab6b36585040\",\"name\":\"admin\",\"image\":{\"@type\":\"ImageObject\",\"inLanguage\":\"es\",\"@id\":\"https:\/\/acompanyamentfamiliar.com\/es\/#\/schema\/person\/image\/\",\"url\":\"https:\/\/secure.gravatar.com\/avatar\/073937bd7f1a8c2904d9fa1ec5e3919f37a465744fcb187f31d4ddf76bcbd0d0?s=96&d=mm&r=g\",\"contentUrl\":\"https:\/\/secure.gravatar.com\/avatar\/073937bd7f1a8c2904d9fa1ec5e3919f37a465744fcb187f31d4ddf76bcbd0d0?s=96&d=mm&r=g\",\"caption\":\"admin\"},\"sameAs\":[\"https:\/\/acompanyamentfamiliar.com\"],\"url\":\"https:\/\/acompanyamentfamiliar.com\/es\/author\/admin\/\"}]}<\/script>\n<!-- \/ Yoast SEO plugin. -->","yoast_head_json":{"title":"\u00bfC\u00d3MO GESTAR EN PAREJA? - Acompanyament Familiar","robots":{"index":"index","follow":"follow","max-snippet":"max-snippet:-1","max-image-preview":"max-image-preview:large","max-video-preview":"max-video-preview:-1"},"canonical":"https:\/\/acompanyamentfamiliar.com\/es\/articulos\/como-gestar-en-pareja\/","og_locale":"es_ES","og_type":"article","og_title":"\u00bfC\u00d3MO GESTAR EN PAREJA? - Acompanyament Familiar","og_description":"La gestaci\u00f3 sempre s\u2019ha cregut quelcom exclusiu de la mare gestant. Dins una fam\u00edlia, el poder sostenir i acompanyar aquesta etapa del desenvolupament infantil, requeia en la dona. No \u00e9s que parli en passat perqu\u00e8 actualment aix\u00f2 no passi, sin\u00f3 que confio en que la consci\u00e8ncia actual est\u00e0 comen\u00e7ant a fer girar la roda dels [&hellip;]","og_url":"https:\/\/acompanyamentfamiliar.com\/es\/articulos\/como-gestar-en-pareja\/","og_site_name":"Acompanyament Familiar","article_published_time":"2018-05-07T12:34:00+00:00","article_modified_time":"2025-04-13T12:34:47+00:00","og_image":[{"width":645,"height":320,"url":"https:\/\/acompanyamentfamiliar.com\/wp-content\/uploads\/2018\/05\/gestar-en-pareja.jpeg","type":"image\/jpeg"}],"author":"admin","twitter_card":"summary_large_image","twitter_misc":{"Escrito por":"admin","Tiempo de lectura":"3 minutos"},"schema":{"@context":"https:\/\/schema.org","@graph":[{"@type":"Article","@id":"https:\/\/acompanyamentfamiliar.com\/es\/articulos\/como-gestar-en-pareja\/#article","isPartOf":{"@id":"https:\/\/acompanyamentfamiliar.com\/es\/articulos\/como-gestar-en-pareja\/"},"author":{"name":"admin","@id":"https:\/\/acompanyamentfamiliar.com\/es\/#\/schema\/person\/2cd1d7b797c09f8e73d0ab6b36585040"},"headline":"\u00bfC\u00d3MO GESTAR EN PAREJA?","datePublished":"2018-05-07T12:34:00+00:00","dateModified":"2025-04-13T12:34:47+00:00","mainEntityOfPage":{"@id":"https:\/\/acompanyamentfamiliar.com\/es\/articulos\/como-gestar-en-pareja\/"},"wordCount":621,"publisher":{"@id":"https:\/\/acompanyamentfamiliar.com\/es\/#organization"},"image":{"@id":"https:\/\/acompanyamentfamiliar.com\/es\/articulos\/como-gestar-en-pareja\/#primaryimage"},"thumbnailUrl":"https:\/\/acompanyamentfamiliar.com\/wp-content\/uploads\/2018\/05\/gestar-en-pareja.jpeg","articleSection":["Art\u00edculos"],"inLanguage":"es"},{"@type":"WebPage","@id":"https:\/\/acompanyamentfamiliar.com\/es\/articulos\/como-gestar-en-pareja\/","url":"https:\/\/acompanyamentfamiliar.com\/es\/articulos\/como-gestar-en-pareja\/","name":"\u00bfC\u00d3MO GESTAR EN PAREJA? - Acompanyament Familiar","isPartOf":{"@id":"https:\/\/acompanyamentfamiliar.com\/es\/#website"},"primaryImageOfPage":{"@id":"https:\/\/acompanyamentfamiliar.com\/es\/articulos\/como-gestar-en-pareja\/#primaryimage"},"image":{"@id":"https:\/\/acompanyamentfamiliar.com\/es\/articulos\/como-gestar-en-pareja\/#primaryimage"},"thumbnailUrl":"https:\/\/acompanyamentfamiliar.com\/wp-content\/uploads\/2018\/05\/gestar-en-pareja.jpeg","datePublished":"2018-05-07T12:34:00+00:00","dateModified":"2025-04-13T12:34:47+00:00","breadcrumb":{"@id":"https:\/\/acompanyamentfamiliar.com\/es\/articulos\/como-gestar-en-pareja\/#breadcrumb"},"inLanguage":"es","potentialAction":[{"@type":"ReadAction","target":["https:\/\/acompanyamentfamiliar.com\/es\/articulos\/como-gestar-en-pareja\/"]}]},{"@type":"ImageObject","inLanguage":"es","@id":"https:\/\/acompanyamentfamiliar.com\/es\/articulos\/como-gestar-en-pareja\/#primaryimage","url":"https:\/\/acompanyamentfamiliar.com\/wp-content\/uploads\/2018\/05\/gestar-en-pareja.jpeg","contentUrl":"https:\/\/acompanyamentfamiliar.com\/wp-content\/uploads\/2018\/05\/gestar-en-pareja.jpeg","width":645,"height":320,"caption":"Gestar en pareja Blog Acompanyament Familiar"},{"@type":"BreadcrumbList","@id":"https:\/\/acompanyamentfamiliar.com\/es\/articulos\/como-gestar-en-pareja\/#breadcrumb","itemListElement":[{"@type":"ListItem","position":1,"name":"Portada","item":"https:\/\/acompanyamentfamiliar.com\/es\/"},{"@type":"ListItem","position":2,"name":"\u00bfC\u00d3MO GESTAR EN PAREJA?"}]},{"@type":"WebSite","@id":"https:\/\/acompanyamentfamiliar.com\/es\/#website","url":"https:\/\/acompanyamentfamiliar.com\/es\/","name":"Acompanyament Familiar","description":"Psic\u00f3logas en Barcelona: Acompa\u00f1amiento familiar","publisher":{"@id":"https:\/\/acompanyamentfamiliar.com\/es\/#organization"},"potentialAction":[{"@type":"SearchAction","target":{"@type":"EntryPoint","urlTemplate":"https:\/\/acompanyamentfamiliar.com\/es\/?s={search_term_string}"},"query-input":{"@type":"PropertyValueSpecification","valueRequired":true,"valueName":"search_term_string"}}],"inLanguage":"es"},{"@type":"Organization","@id":"https:\/\/acompanyamentfamiliar.com\/es\/#organization","name":"Acompanyament Familiar","url":"https:\/\/acompanyamentfamiliar.com\/es\/","logo":{"@type":"ImageObject","inLanguage":"es","@id":"https:\/\/acompanyamentfamiliar.com\/es\/#\/schema\/logo\/image\/","url":"https:\/\/acompanyamentfamiliar.com\/wp-content\/uploads\/2025\/03\/logo_acompanyamnet_familiar.png","contentUrl":"https:\/\/acompanyamentfamiliar.com\/wp-content\/uploads\/2025\/03\/logo_acompanyamnet_familiar.png","width":241,"height":126,"caption":"Acompanyament Familiar"},"image":{"@id":"https:\/\/acompanyamentfamiliar.com\/es\/#\/schema\/logo\/image\/"}},{"@type":"Person","@id":"https:\/\/acompanyamentfamiliar.com\/es\/#\/schema\/person\/2cd1d7b797c09f8e73d0ab6b36585040","name":"admin","image":{"@type":"ImageObject","inLanguage":"es","@id":"https:\/\/acompanyamentfamiliar.com\/es\/#\/schema\/person\/image\/","url":"https:\/\/secure.gravatar.com\/avatar\/073937bd7f1a8c2904d9fa1ec5e3919f37a465744fcb187f31d4ddf76bcbd0d0?s=96&d=mm&r=g","contentUrl":"https:\/\/secure.gravatar.com\/avatar\/073937bd7f1a8c2904d9fa1ec5e3919f37a465744fcb187f31d4ddf76bcbd0d0?s=96&d=mm&r=g","caption":"admin"},"sameAs":["https:\/\/acompanyamentfamiliar.com"],"url":"https:\/\/acompanyamentfamiliar.com\/es\/author\/admin\/"}]}},"_links":{"self":[{"href":"https:\/\/acompanyamentfamiliar.com\/es\/wp-json\/wp\/v2\/posts\/1127","targetHints":{"allow":["GET"]}}],"collection":[{"href":"https:\/\/acompanyamentfamiliar.com\/es\/wp-json\/wp\/v2\/posts"}],"about":[{"href":"https:\/\/acompanyamentfamiliar.com\/es\/wp-json\/wp\/v2\/types\/post"}],"author":[{"embeddable":true,"href":"https:\/\/acompanyamentfamiliar.com\/es\/wp-json\/wp\/v2\/users\/1"}],"replies":[{"embeddable":true,"href":"https:\/\/acompanyamentfamiliar.com\/es\/wp-json\/wp\/v2\/comments?post=1127"}],"version-history":[{"count":1,"href":"https:\/\/acompanyamentfamiliar.com\/es\/wp-json\/wp\/v2\/posts\/1127\/revisions"}],"predecessor-version":[{"id":1128,"href":"https:\/\/acompanyamentfamiliar.com\/es\/wp-json\/wp\/v2\/posts\/1127\/revisions\/1128"}],"wp:featuredmedia":[{"embeddable":true,"href":"https:\/\/acompanyamentfamiliar.com\/es\/wp-json\/wp\/v2\/media\/1129"}],"wp:attachment":[{"href":"https:\/\/acompanyamentfamiliar.com\/es\/wp-json\/wp\/v2\/media?parent=1127"}],"wp:term":[{"taxonomy":"category","embeddable":true,"href":"https:\/\/acompanyamentfamiliar.com\/es\/wp-json\/wp\/v2\/categories?post=1127"},{"taxonomy":"post_tag","embeddable":true,"href":"https:\/\/acompanyamentfamiliar.com\/es\/wp-json\/wp\/v2\/tags?post=1127"}],"curies":[{"name":"wp","href":"https:\/\/api.w.org\/{rel}","templated":true}]}}