{"id":1139,"date":"2018-03-29T12:52:00","date_gmt":"2018-03-29T12:52:00","guid":{"rendered":"https:\/\/acompanyamentfamiliar.com\/?p=1139"},"modified":"2025-04-13T19:35:11","modified_gmt":"2025-04-13T19:35:11","slug":"las-festividades-y-los-ciclos-naturales","status":"publish","type":"post","link":"https:\/\/acompanyamentfamiliar.com\/es\/articulos\/las-festividades-y-los-ciclos-naturales\/","title":{"rendered":"LAS FESTIVIDADES Y LOS CICLOS NATURALES"},"content":{"rendered":"\n<p>Ya hemos entrado en la&nbsp;<strong>Primavera<\/strong>, \u00e9poca del a\u00f1o donde la tierra, dormida bajo el manto fr\u00edo del invierno, despierta de nuevo para mostrarnos toda su esplendor y abundancia. Durante millones de a\u00f1os, este ciclo de la Vida-Muerte-Vida, se ha ido repitiendo una vez y otra. La naturaleza nos muestra algo mucho m\u00e1s vasto que nuestra especie humana, algo pautado y programado con la finalidad de mantener el equilibrio dentro del sistema planetario y del Universo mismo.<\/p>\n\n\n\n<p>No es de extra\u00f1ar pues, que las fiestas se\u00f1aladas de nuestro calendario, tengan un origen antiguo marcado por el culto a los ritmos naturales. En estas fechas, tenemos un claro ejemplo: la celebraci\u00f3n de la&nbsp;<strong>Pascua<\/strong>.<\/p>\n\n\n\n<p>Si dejamos de lado las influencias cristianas y hacemos un poco de b\u00fasqueda antropol\u00f3gica, veremos que la Pascua est\u00e1 asociada al culto de divinidades femeninas relacionadas con la fertilidad y el inicio de la Vida. \u00a1Tiene todo el sentido! En el momento del a\u00f1o en que las flores sacan la nariz, los primeros brotes aparecen y nos vamos desnudando de las pesadas pieles del invierno, la adoraci\u00f3n de la naturaleza en tanto que forma divina que preserva el alimento y la Vida, toma un valor determinante.<\/p>\n\n\n\n<p><strong>Cuando se trata de explicarles a lxs ni\u00f1xs la rueda del a\u00f1o, v\u00e1is a ver que os ser\u00e1 mucho m\u00e1s f\u00e1cil de contarles las festividades y el paso del tiempo en funci\u00f3n de aquello que es palpable para ellxs: la naturaleza y su m\u00e1s pura manifestaci\u00f3n en nuestro entorno.<\/strong><\/p>\n\n\n\n<p>De esta forma, vemos que para las personas adultas, la naturaleza tambi\u00e9n nos recuerda la necesidad de ofrecer&nbsp;<strong>cuido y respeto;<\/strong>&nbsp;la importancia de los&nbsp;<strong>tiempos relajados&nbsp;<\/strong>y de los&nbsp;<a href=\"http:\/\/acompanyamentfamiliar.com\/limites-un-camino-de-amor-y-respeto\/\" target=\"_blank\" rel=\"noreferrer noopener\"><strong>l\u00edmites amorosos<\/strong><\/a>; la necesidad de la&nbsp;<strong>autorregulaci\u00f3n&nbsp;<\/strong>y de la&nbsp;<strong>presencia<\/strong>. Observando como la Vida rebrota, aprendemos que las plantas no crecen m\u00e1s r\u00e1pido porqu\u00e9 las estiremos -m\u00e1s bien al contrario-, ni la fruta madura antes porqu\u00e9 se lo exijamos. Rodearnos a nosotrxs mismxs y a lxs ni\u00f1xs de espacios vivos y salvajes, nos devuelve a la esencia materna de la madre naturaleza: el sost\u00e9n y la abundancia como forma natural de vivir.<\/p>\n\n\n\n<p>Celebrar la Pascua des de esta comprensi\u00f3n profudna, permite dise\u00f1ar rituales festivos donde lxs ni\u00f1xs -y toda la familia- puedan comprender la celebraci\u00f3 des de un lugar tangible. Podemos integrar festividades como&nbsp;la b\u00fasqueda de los huevos pintados&nbsp;(cuyo origen se remonta a la adoraci\u00f3n de la diosa Astart\u00e9, antigua divinidad fenicia que representaba el renacimiento de la naturaleza y que, en el cristianismo, se transform\u00f3 en Maria Magdalena), o bien la&nbsp;elaboraci\u00f3n de la \u201cmona\u201d&nbsp;-pastel dulce que se decora con huevos\/figuras de chocolate-, o bien otros rituales que podemos crear desde el marco de&nbsp;<strong>la celebraci\u00f3n del renacimiento de la naturaleza y de la resurrecci\u00f3n de la Vida de las profundidades oscuras del subsuelo.<\/strong><\/p>\n\n\n\n<p>As\u00ed que des de este enfoque, agradezco profundamente esta esencia tan sabia que nos conforma, y que es la misma que nos recuerda cada Primavera la madre Tierra con sus vestidos florecidos y todos los alimentos abundantes que nos regala.<\/p>\n\n\n\n<p><em>\u00bfRecuerdas c\u00f3mo celebrabas t\u00fa la Pascua?<\/em><\/p>\n\n\n\n<p><em>\u00bfSe te ocurre alguna manera creativa de poder compartir este renacimiento de la Vida con tus hijos?<\/em><\/p>\n","protected":false},"excerpt":{"rendered":"<p>Ya hemos entrado en la&nbsp;Primavera, \u00e9poca del a\u00f1o donde la tierra, dormida bajo el manto fr\u00edo del invierno, despierta de nuevo para mostrarnos toda su esplendor y abundancia. Durante millones de a\u00f1os, este ciclo de la Vida-Muerte-Vida, se ha ido repitiendo una vez y otra. La naturaleza nos muestra algo mucho m\u00e1s vasto que nuestra [&hellip;]<\/p>\n","protected":false},"author":1,"featured_media":1223,"comment_status":"closed","ping_status":"closed","sticky":false,"template":"","format":"standard","meta":{"footnotes":""},"categories":[9],"tags":[],"class_list":["post-1139","post","type-post","status-publish","format-standard","has-post-thumbnail","hentry","category-articulos"],"yoast_head":"<!-- This site is optimized with the Yoast SEO plugin v26.8 - https:\/\/yoast.com\/product\/yoast-seo-wordpress\/ -->\n<title>LAS FESTIVIDADES Y LOS CICLOS NATURALES - Acompanyament Familiar<\/title>\n<meta name=\"robots\" content=\"index, follow, max-snippet:-1, max-image-preview:large, max-video-preview:-1\" \/>\n<link rel=\"canonical\" href=\"https:\/\/acompanyamentfamiliar.com\/es\/articulos\/las-festividades-y-los-ciclos-naturales\/\" \/>\n<meta property=\"og:locale\" content=\"es_ES\" \/>\n<meta property=\"og:type\" content=\"article\" \/>\n<meta property=\"og:title\" content=\"LAS FESTIVIDADES Y LOS CICLOS NATURALES - Acompanyament Familiar\" \/>\n<meta property=\"og:description\" content=\"Ya hemos entrado en la&nbsp;Primavera, \u00e9poca del a\u00f1o donde la tierra, dormida bajo el manto fr\u00edo del invierno, despierta de nuevo para mostrarnos toda su esplendor y abundancia. Durante millones de a\u00f1os, este ciclo de la Vida-Muerte-Vida, se ha ido repitiendo una vez y otra. La naturaleza nos muestra algo mucho m\u00e1s vasto que nuestra [&hellip;]\" \/>\n<meta property=\"og:url\" content=\"https:\/\/acompanyamentfamiliar.com\/es\/articulos\/las-festividades-y-los-ciclos-naturales\/\" \/>\n<meta property=\"og:site_name\" content=\"Acompanyament Familiar\" \/>\n<meta property=\"article:published_time\" content=\"2018-03-29T12:52:00+00:00\" \/>\n<meta property=\"article:modified_time\" content=\"2025-04-13T19:35:11+00:00\" \/>\n<meta property=\"og:image\" content=\"https:\/\/acompanyamentfamiliar.com\/wp-content\/uploads\/2018\/03\/festividades-ciclos-naturales.jpg\" \/>\n\t<meta property=\"og:image:width\" content=\"645\" \/>\n\t<meta property=\"og:image:height\" content=\"320\" \/>\n\t<meta property=\"og:image:type\" content=\"image\/jpeg\" \/>\n<meta name=\"author\" content=\"admin\" \/>\n<meta name=\"twitter:card\" content=\"summary_large_image\" \/>\n<meta name=\"twitter:label1\" content=\"Escrito por\" \/>\n\t<meta name=\"twitter:data1\" content=\"admin\" \/>\n\t<meta name=\"twitter:label2\" content=\"Tiempo de lectura\" \/>\n\t<meta name=\"twitter:data2\" content=\"3 minutos\" \/>\n<script type=\"application\/ld+json\" class=\"yoast-schema-graph\">{\"@context\":\"https:\/\/schema.org\",\"@graph\":[{\"@type\":\"Article\",\"@id\":\"https:\/\/acompanyamentfamiliar.com\/es\/articulos\/las-festividades-y-los-ciclos-naturales\/#article\",\"isPartOf\":{\"@id\":\"https:\/\/acompanyamentfamiliar.com\/es\/articulos\/las-festividades-y-los-ciclos-naturales\/\"},\"author\":{\"name\":\"admin\",\"@id\":\"https:\/\/acompanyamentfamiliar.com\/es\/#\/schema\/person\/2cd1d7b797c09f8e73d0ab6b36585040\"},\"headline\":\"LAS FESTIVIDADES Y LOS CICLOS NATURALES\",\"datePublished\":\"2018-03-29T12:52:00+00:00\",\"dateModified\":\"2025-04-13T19:35:11+00:00\",\"mainEntityOfPage\":{\"@id\":\"https:\/\/acompanyamentfamiliar.com\/es\/articulos\/las-festividades-y-los-ciclos-naturales\/\"},\"wordCount\":588,\"publisher\":{\"@id\":\"https:\/\/acompanyamentfamiliar.com\/es\/#organization\"},\"image\":{\"@id\":\"https:\/\/acompanyamentfamiliar.com\/es\/articulos\/las-festividades-y-los-ciclos-naturales\/#primaryimage\"},\"thumbnailUrl\":\"https:\/\/acompanyamentfamiliar.com\/wp-content\/uploads\/2018\/03\/festividades-ciclos-naturales.jpg\",\"articleSection\":[\"Art\u00edculos\"],\"inLanguage\":\"es\"},{\"@type\":\"WebPage\",\"@id\":\"https:\/\/acompanyamentfamiliar.com\/es\/articulos\/las-festividades-y-los-ciclos-naturales\/\",\"url\":\"https:\/\/acompanyamentfamiliar.com\/es\/articulos\/las-festividades-y-los-ciclos-naturales\/\",\"name\":\"LAS FESTIVIDADES Y LOS CICLOS NATURALES - Acompanyament Familiar\",\"isPartOf\":{\"@id\":\"https:\/\/acompanyamentfamiliar.com\/es\/#website\"},\"primaryImageOfPage\":{\"@id\":\"https:\/\/acompanyamentfamiliar.com\/es\/articulos\/las-festividades-y-los-ciclos-naturales\/#primaryimage\"},\"image\":{\"@id\":\"https:\/\/acompanyamentfamiliar.com\/es\/articulos\/las-festividades-y-los-ciclos-naturales\/#primaryimage\"},\"thumbnailUrl\":\"https:\/\/acompanyamentfamiliar.com\/wp-content\/uploads\/2018\/03\/festividades-ciclos-naturales.jpg\",\"datePublished\":\"2018-03-29T12:52:00+00:00\",\"dateModified\":\"2025-04-13T19:35:11+00:00\",\"breadcrumb\":{\"@id\":\"https:\/\/acompanyamentfamiliar.com\/es\/articulos\/las-festividades-y-los-ciclos-naturales\/#breadcrumb\"},\"inLanguage\":\"es\",\"potentialAction\":[{\"@type\":\"ReadAction\",\"target\":[\"https:\/\/acompanyamentfamiliar.com\/es\/articulos\/las-festividades-y-los-ciclos-naturales\/\"]}]},{\"@type\":\"ImageObject\",\"inLanguage\":\"es\",\"@id\":\"https:\/\/acompanyamentfamiliar.com\/es\/articulos\/las-festividades-y-los-ciclos-naturales\/#primaryimage\",\"url\":\"https:\/\/acompanyamentfamiliar.com\/wp-content\/uploads\/2018\/03\/festividades-ciclos-naturales.jpg\",\"contentUrl\":\"https:\/\/acompanyamentfamiliar.com\/wp-content\/uploads\/2018\/03\/festividades-ciclos-naturales.jpg\",\"width\":645,\"height\":320,\"caption\":\"Blog Acompanyament Familiar\"},{\"@type\":\"BreadcrumbList\",\"@id\":\"https:\/\/acompanyamentfamiliar.com\/es\/articulos\/las-festividades-y-los-ciclos-naturales\/#breadcrumb\",\"itemListElement\":[{\"@type\":\"ListItem\",\"position\":1,\"name\":\"Portada\",\"item\":\"https:\/\/acompanyamentfamiliar.com\/es\/\"},{\"@type\":\"ListItem\",\"position\":2,\"name\":\"LAS FESTIVIDADES Y LOS CICLOS NATURALES\"}]},{\"@type\":\"WebSite\",\"@id\":\"https:\/\/acompanyamentfamiliar.com\/es\/#website\",\"url\":\"https:\/\/acompanyamentfamiliar.com\/es\/\",\"name\":\"Acompanyament Familiar\",\"description\":\"Psic\u00f3logas en Barcelona: Acompa\u00f1amiento familiar\",\"publisher\":{\"@id\":\"https:\/\/acompanyamentfamiliar.com\/es\/#organization\"},\"potentialAction\":[{\"@type\":\"SearchAction\",\"target\":{\"@type\":\"EntryPoint\",\"urlTemplate\":\"https:\/\/acompanyamentfamiliar.com\/es\/?s={search_term_string}\"},\"query-input\":{\"@type\":\"PropertyValueSpecification\",\"valueRequired\":true,\"valueName\":\"search_term_string\"}}],\"inLanguage\":\"es\"},{\"@type\":\"Organization\",\"@id\":\"https:\/\/acompanyamentfamiliar.com\/es\/#organization\",\"name\":\"Acompanyament Familiar\",\"url\":\"https:\/\/acompanyamentfamiliar.com\/es\/\",\"logo\":{\"@type\":\"ImageObject\",\"inLanguage\":\"es\",\"@id\":\"https:\/\/acompanyamentfamiliar.com\/es\/#\/schema\/logo\/image\/\",\"url\":\"https:\/\/acompanyamentfamiliar.com\/wp-content\/uploads\/2025\/03\/logo_acompanyamnet_familiar.png\",\"contentUrl\":\"https:\/\/acompanyamentfamiliar.com\/wp-content\/uploads\/2025\/03\/logo_acompanyamnet_familiar.png\",\"width\":241,\"height\":126,\"caption\":\"Acompanyament Familiar\"},\"image\":{\"@id\":\"https:\/\/acompanyamentfamiliar.com\/es\/#\/schema\/logo\/image\/\"}},{\"@type\":\"Person\",\"@id\":\"https:\/\/acompanyamentfamiliar.com\/es\/#\/schema\/person\/2cd1d7b797c09f8e73d0ab6b36585040\",\"name\":\"admin\",\"image\":{\"@type\":\"ImageObject\",\"inLanguage\":\"es\",\"@id\":\"https:\/\/acompanyamentfamiliar.com\/es\/#\/schema\/person\/image\/\",\"url\":\"https:\/\/secure.gravatar.com\/avatar\/073937bd7f1a8c2904d9fa1ec5e3919f37a465744fcb187f31d4ddf76bcbd0d0?s=96&d=mm&r=g\",\"contentUrl\":\"https:\/\/secure.gravatar.com\/avatar\/073937bd7f1a8c2904d9fa1ec5e3919f37a465744fcb187f31d4ddf76bcbd0d0?s=96&d=mm&r=g\",\"caption\":\"admin\"},\"sameAs\":[\"https:\/\/acompanyamentfamiliar.com\"],\"url\":\"https:\/\/acompanyamentfamiliar.com\/es\/author\/admin\/\"}]}<\/script>\n<!-- \/ Yoast SEO plugin. -->","yoast_head_json":{"title":"LAS FESTIVIDADES Y LOS CICLOS NATURALES - Acompanyament Familiar","robots":{"index":"index","follow":"follow","max-snippet":"max-snippet:-1","max-image-preview":"max-image-preview:large","max-video-preview":"max-video-preview:-1"},"canonical":"https:\/\/acompanyamentfamiliar.com\/es\/articulos\/las-festividades-y-los-ciclos-naturales\/","og_locale":"es_ES","og_type":"article","og_title":"LAS FESTIVIDADES Y LOS CICLOS NATURALES - Acompanyament Familiar","og_description":"Ya hemos entrado en la&nbsp;Primavera, \u00e9poca del a\u00f1o donde la tierra, dormida bajo el manto fr\u00edo del invierno, despierta de nuevo para mostrarnos toda su esplendor y abundancia. Durante millones de a\u00f1os, este ciclo de la Vida-Muerte-Vida, se ha ido repitiendo una vez y otra. La naturaleza nos muestra algo mucho m\u00e1s vasto que nuestra [&hellip;]","og_url":"https:\/\/acompanyamentfamiliar.com\/es\/articulos\/las-festividades-y-los-ciclos-naturales\/","og_site_name":"Acompanyament Familiar","article_published_time":"2018-03-29T12:52:00+00:00","article_modified_time":"2025-04-13T19:35:11+00:00","og_image":[{"width":645,"height":320,"url":"https:\/\/acompanyamentfamiliar.com\/wp-content\/uploads\/2018\/03\/festividades-ciclos-naturales.jpg","type":"image\/jpeg"}],"author":"admin","twitter_card":"summary_large_image","twitter_misc":{"Escrito por":"admin","Tiempo de lectura":"3 minutos"},"schema":{"@context":"https:\/\/schema.org","@graph":[{"@type":"Article","@id":"https:\/\/acompanyamentfamiliar.com\/es\/articulos\/las-festividades-y-los-ciclos-naturales\/#article","isPartOf":{"@id":"https:\/\/acompanyamentfamiliar.com\/es\/articulos\/las-festividades-y-los-ciclos-naturales\/"},"author":{"name":"admin","@id":"https:\/\/acompanyamentfamiliar.com\/es\/#\/schema\/person\/2cd1d7b797c09f8e73d0ab6b36585040"},"headline":"LAS FESTIVIDADES Y LOS CICLOS NATURALES","datePublished":"2018-03-29T12:52:00+00:00","dateModified":"2025-04-13T19:35:11+00:00","mainEntityOfPage":{"@id":"https:\/\/acompanyamentfamiliar.com\/es\/articulos\/las-festividades-y-los-ciclos-naturales\/"},"wordCount":588,"publisher":{"@id":"https:\/\/acompanyamentfamiliar.com\/es\/#organization"},"image":{"@id":"https:\/\/acompanyamentfamiliar.com\/es\/articulos\/las-festividades-y-los-ciclos-naturales\/#primaryimage"},"thumbnailUrl":"https:\/\/acompanyamentfamiliar.com\/wp-content\/uploads\/2018\/03\/festividades-ciclos-naturales.jpg","articleSection":["Art\u00edculos"],"inLanguage":"es"},{"@type":"WebPage","@id":"https:\/\/acompanyamentfamiliar.com\/es\/articulos\/las-festividades-y-los-ciclos-naturales\/","url":"https:\/\/acompanyamentfamiliar.com\/es\/articulos\/las-festividades-y-los-ciclos-naturales\/","name":"LAS FESTIVIDADES Y LOS CICLOS NATURALES - Acompanyament Familiar","isPartOf":{"@id":"https:\/\/acompanyamentfamiliar.com\/es\/#website"},"primaryImageOfPage":{"@id":"https:\/\/acompanyamentfamiliar.com\/es\/articulos\/las-festividades-y-los-ciclos-naturales\/#primaryimage"},"image":{"@id":"https:\/\/acompanyamentfamiliar.com\/es\/articulos\/las-festividades-y-los-ciclos-naturales\/#primaryimage"},"thumbnailUrl":"https:\/\/acompanyamentfamiliar.com\/wp-content\/uploads\/2018\/03\/festividades-ciclos-naturales.jpg","datePublished":"2018-03-29T12:52:00+00:00","dateModified":"2025-04-13T19:35:11+00:00","breadcrumb":{"@id":"https:\/\/acompanyamentfamiliar.com\/es\/articulos\/las-festividades-y-los-ciclos-naturales\/#breadcrumb"},"inLanguage":"es","potentialAction":[{"@type":"ReadAction","target":["https:\/\/acompanyamentfamiliar.com\/es\/articulos\/las-festividades-y-los-ciclos-naturales\/"]}]},{"@type":"ImageObject","inLanguage":"es","@id":"https:\/\/acompanyamentfamiliar.com\/es\/articulos\/las-festividades-y-los-ciclos-naturales\/#primaryimage","url":"https:\/\/acompanyamentfamiliar.com\/wp-content\/uploads\/2018\/03\/festividades-ciclos-naturales.jpg","contentUrl":"https:\/\/acompanyamentfamiliar.com\/wp-content\/uploads\/2018\/03\/festividades-ciclos-naturales.jpg","width":645,"height":320,"caption":"Blog Acompanyament Familiar"},{"@type":"BreadcrumbList","@id":"https:\/\/acompanyamentfamiliar.com\/es\/articulos\/las-festividades-y-los-ciclos-naturales\/#breadcrumb","itemListElement":[{"@type":"ListItem","position":1,"name":"Portada","item":"https:\/\/acompanyamentfamiliar.com\/es\/"},{"@type":"ListItem","position":2,"name":"LAS FESTIVIDADES Y LOS CICLOS NATURALES"}]},{"@type":"WebSite","@id":"https:\/\/acompanyamentfamiliar.com\/es\/#website","url":"https:\/\/acompanyamentfamiliar.com\/es\/","name":"Acompanyament Familiar","description":"Psic\u00f3logas en Barcelona: Acompa\u00f1amiento familiar","publisher":{"@id":"https:\/\/acompanyamentfamiliar.com\/es\/#organization"},"potentialAction":[{"@type":"SearchAction","target":{"@type":"EntryPoint","urlTemplate":"https:\/\/acompanyamentfamiliar.com\/es\/?s={search_term_string}"},"query-input":{"@type":"PropertyValueSpecification","valueRequired":true,"valueName":"search_term_string"}}],"inLanguage":"es"},{"@type":"Organization","@id":"https:\/\/acompanyamentfamiliar.com\/es\/#organization","name":"Acompanyament Familiar","url":"https:\/\/acompanyamentfamiliar.com\/es\/","logo":{"@type":"ImageObject","inLanguage":"es","@id":"https:\/\/acompanyamentfamiliar.com\/es\/#\/schema\/logo\/image\/","url":"https:\/\/acompanyamentfamiliar.com\/wp-content\/uploads\/2025\/03\/logo_acompanyamnet_familiar.png","contentUrl":"https:\/\/acompanyamentfamiliar.com\/wp-content\/uploads\/2025\/03\/logo_acompanyamnet_familiar.png","width":241,"height":126,"caption":"Acompanyament Familiar"},"image":{"@id":"https:\/\/acompanyamentfamiliar.com\/es\/#\/schema\/logo\/image\/"}},{"@type":"Person","@id":"https:\/\/acompanyamentfamiliar.com\/es\/#\/schema\/person\/2cd1d7b797c09f8e73d0ab6b36585040","name":"admin","image":{"@type":"ImageObject","inLanguage":"es","@id":"https:\/\/acompanyamentfamiliar.com\/es\/#\/schema\/person\/image\/","url":"https:\/\/secure.gravatar.com\/avatar\/073937bd7f1a8c2904d9fa1ec5e3919f37a465744fcb187f31d4ddf76bcbd0d0?s=96&d=mm&r=g","contentUrl":"https:\/\/secure.gravatar.com\/avatar\/073937bd7f1a8c2904d9fa1ec5e3919f37a465744fcb187f31d4ddf76bcbd0d0?s=96&d=mm&r=g","caption":"admin"},"sameAs":["https:\/\/acompanyamentfamiliar.com"],"url":"https:\/\/acompanyamentfamiliar.com\/es\/author\/admin\/"}]}},"_links":{"self":[{"href":"https:\/\/acompanyamentfamiliar.com\/es\/wp-json\/wp\/v2\/posts\/1139","targetHints":{"allow":["GET"]}}],"collection":[{"href":"https:\/\/acompanyamentfamiliar.com\/es\/wp-json\/wp\/v2\/posts"}],"about":[{"href":"https:\/\/acompanyamentfamiliar.com\/es\/wp-json\/wp\/v2\/types\/post"}],"author":[{"embeddable":true,"href":"https:\/\/acompanyamentfamiliar.com\/es\/wp-json\/wp\/v2\/users\/1"}],"replies":[{"embeddable":true,"href":"https:\/\/acompanyamentfamiliar.com\/es\/wp-json\/wp\/v2\/comments?post=1139"}],"version-history":[{"count":1,"href":"https:\/\/acompanyamentfamiliar.com\/es\/wp-json\/wp\/v2\/posts\/1139\/revisions"}],"predecessor-version":[{"id":1140,"href":"https:\/\/acompanyamentfamiliar.com\/es\/wp-json\/wp\/v2\/posts\/1139\/revisions\/1140"}],"wp:featuredmedia":[{"embeddable":true,"href":"https:\/\/acompanyamentfamiliar.com\/es\/wp-json\/wp\/v2\/media\/1223"}],"wp:attachment":[{"href":"https:\/\/acompanyamentfamiliar.com\/es\/wp-json\/wp\/v2\/media?parent=1139"}],"wp:term":[{"taxonomy":"category","embeddable":true,"href":"https:\/\/acompanyamentfamiliar.com\/es\/wp-json\/wp\/v2\/categories?post=1139"},{"taxonomy":"post_tag","embeddable":true,"href":"https:\/\/acompanyamentfamiliar.com\/es\/wp-json\/wp\/v2\/tags?post=1139"}],"curies":[{"name":"wp","href":"https:\/\/api.w.org\/{rel}","templated":true}]}}