{"id":1143,"date":"2018-04-11T12:54:00","date_gmt":"2018-04-11T12:54:00","guid":{"rendered":"https:\/\/acompanyamentfamiliar.com\/?p=1143"},"modified":"2025-04-13T12:55:08","modified_gmt":"2025-04-13T12:55:08","slug":"la-familia-crece","status":"publish","type":"post","link":"https:\/\/acompanyamentfamiliar.com\/es\/articulos\/la-familia-crece\/","title":{"rendered":"LA FAMILIA CRECE"},"content":{"rendered":"\n<p>El concepto de \u201cfamilia\u201d requiere una revisi\u00f3n profunda, especialmente en los tiempos que corren.<\/p>\n\n\n\n<p><em>\u00bfQu\u00e9 significa \u201cfamilia\u201d para ti? \u00bfQu\u00e9 imagen te evoca?<\/em><\/p>\n\n\n\n<p>Probablemente, en nuestro subconsciente, todav\u00eda resta la proyecci\u00f3n nuclear, heteronormativa y reproductiva que la sociedad neoliberal nos ha vendido. La mayor\u00eda de nosotrxs, al cerrar los ojos, veremos un pap\u00e1, una mam\u00e1 con unx o dos hijxs. Cogidxs de la mano, sonriendo, bien vestidxs, sin carencias. La t\u00edpica imagen que al capitalismo le encanta, porqu\u00e9, no nos enga\u00f1emos: tener hijxs ya no perpet\u00faa la especie humana, sino la especie consumista y todo el sistema que \u00e9sta sostiene.<\/p>\n\n\n\n<p><strong><em>Pero \u00bfes verdad que una familia no existe sin hijxs?<\/em><\/strong><\/p>\n\n\n\n<p>Yo pienso que no es as\u00ed. Familia es un&nbsp;<a href=\"http:\/\/acompanyamentfamiliar.com\/es\/crianza-y-salud-emocional-2\/\" target=\"_blank\" rel=\"noreferrer noopener\">sentimiento de pertinencia<\/a>&nbsp;que puede acontecer fuera de los lazos de consanguinidad. Familia es un espacio interno -avalado por una presencia externa- donde el individuo se siente parte de algo m\u00e1s all\u00e1 que s\u00ed mismo\/a. Y esto, puede darse, o no, en presencia de relaciones \u00edntimas, de v\u00ednculos de pareja, o de hijxs.<\/p>\n\n\n\n<p><strong>Una familia no comienza con una criatura. La familia CRECE con su llegada<\/strong>; se complejiza y pasa a ser una oportunidad para transformarse, desaprender y mutar a algo distinto. Tanto es as\u00ed, que con la llegada de lxs hijxs, el sistema que hab\u00edamos definido como \u201cfamilia\u201d -tenga la tonalidad que tenga-&nbsp;<a href=\"http:\/\/acompanyamentfamiliar.com\/es\/vivir-en-el-caos\/\" target=\"_blank\" rel=\"noreferrer noopener\">vive una sacudida importante<\/a>&nbsp;e inicia un proceso de metamorfosis. Lxs hijxs son una oportunidad para revisar nuestra propia historia personal, la mochila que cargamos desde nuestra infancia, los patrones que hemos adoptado y aquellos que son de cosecha propia.<\/p>\n\n\n\n<p>La familia que crece abre las puertas a una nueva revisi\u00f3n de la semilla que la precedi\u00f3, es decir, a la relaci\u00f3n de pareja -o al pacto de mapaternidad- que hubi\u00e9ramos tomado en un inicio. Virar la mirada hacia el cuido del ni\u00f1x que nace, implica mirar a la persona con quien has decidido tomar este camino con nuevos matices. Incluso si decidiste emprenderlo en solitario, te descubres revisando la idea que ten\u00edas de ti misma.<\/p>\n\n\n\n<p>Como dec\u00eda Rebecca Wild,&nbsp;<strong>\u201ccada ni\u00f1x es una oportunidad para crecer\u201d<\/strong>&nbsp;y, en la medida de lo posible, necesitamos hacerlo desde el coraz\u00f3n para poder gozarlo.<\/p>\n\n\n\n<p>\u00bf<em>C\u00f3mo ha sido tu experiencia en familia?<\/em><\/p>\n\n\n\n<p><em>\u00bfQu\u00e9 ha transformado la llegada de lxs hijxs?<\/em><\/p>\n\n\n\n<p>Buscar un espacio de transformaci\u00f3n en com\u00fan -una tribu- es volver a los or\u00edgenes de las sociedades, donde le cooperativismo y el compartir facilitaban la tarea de seguir evolucionando como especie. Te animo a que busques espacios afines donde crecer en familia e ir deconstruyendo la proyecci\u00f3n subconsciente de la familia ideal que, desde varios \u00e1ngulos diversos, tratan de mantener para poder seguir sosteniendo una forma de vivir que, ya se ha demostrado, es fuente de m\u00faltiples neurosis.<\/p>\n\n\n\n<p>\u00bf<em>Qu\u00e9 est\u00e1s dispuestx a hacer para generar salud en tu \u00e1mbito familiar?<\/em><\/p>\n\n\n\n<p>Elisenda Pascual<\/p>\n","protected":false},"excerpt":{"rendered":"<p>El concepto de \u201cfamilia\u201d requiere una revisi\u00f3n profunda, especialmente en los tiempos que corren. \u00bfQu\u00e9 significa \u201cfamilia\u201d para ti? \u00bfQu\u00e9 imagen te evoca? Probablemente, en nuestro subconsciente, todav\u00eda resta la proyecci\u00f3n nuclear, heteronormativa y reproductiva que la sociedad neoliberal nos ha vendido. La mayor\u00eda de nosotrxs, al cerrar los ojos, veremos un pap\u00e1, una mam\u00e1 [&hellip;]<\/p>\n","protected":false},"author":1,"featured_media":1011,"comment_status":"closed","ping_status":"closed","sticky":false,"template":"","format":"standard","meta":{"footnotes":""},"categories":[9],"tags":[],"class_list":["post-1143","post","type-post","status-publish","format-standard","has-post-thumbnail","hentry","category-articulos"],"yoast_head":"<!-- This site is optimized with the Yoast SEO plugin v26.8 - https:\/\/yoast.com\/product\/yoast-seo-wordpress\/ -->\n<title>LA FAMILIA CRECE - Acompanyament Familiar<\/title>\n<meta name=\"robots\" content=\"index, follow, max-snippet:-1, max-image-preview:large, max-video-preview:-1\" \/>\n<link rel=\"canonical\" href=\"https:\/\/acompanyamentfamiliar.com\/es\/articulos\/la-familia-crece\/\" \/>\n<meta property=\"og:locale\" content=\"es_ES\" \/>\n<meta property=\"og:type\" content=\"article\" \/>\n<meta property=\"og:title\" content=\"LA FAMILIA CRECE - Acompanyament Familiar\" \/>\n<meta property=\"og:description\" content=\"El concepto de \u201cfamilia\u201d requiere una revisi\u00f3n profunda, especialmente en los tiempos que corren. \u00bfQu\u00e9 significa \u201cfamilia\u201d para ti? \u00bfQu\u00e9 imagen te evoca? Probablemente, en nuestro subconsciente, todav\u00eda resta la proyecci\u00f3n nuclear, heteronormativa y reproductiva que la sociedad neoliberal nos ha vendido. La mayor\u00eda de nosotrxs, al cerrar los ojos, veremos un pap\u00e1, una mam\u00e1 [&hellip;]\" \/>\n<meta property=\"og:url\" content=\"https:\/\/acompanyamentfamiliar.com\/es\/articulos\/la-familia-crece\/\" \/>\n<meta property=\"og:site_name\" content=\"Acompanyament Familiar\" \/>\n<meta property=\"article:published_time\" content=\"2018-04-11T12:54:00+00:00\" \/>\n<meta property=\"article:modified_time\" content=\"2025-04-13T12:55:08+00:00\" \/>\n<meta property=\"og:image\" content=\"https:\/\/acompanyamentfamiliar.com\/wp-content\/uploads\/2025\/04\/vinculacion-y-reconocimiento.jpg\" \/>\n\t<meta property=\"og:image:width\" content=\"300\" \/>\n\t<meta property=\"og:image:height\" content=\"149\" \/>\n\t<meta property=\"og:image:type\" content=\"image\/jpeg\" \/>\n<meta name=\"author\" content=\"admin\" \/>\n<meta name=\"twitter:card\" content=\"summary_large_image\" \/>\n<meta name=\"twitter:label1\" content=\"Escrito por\" \/>\n\t<meta name=\"twitter:data1\" content=\"admin\" \/>\n\t<meta name=\"twitter:label2\" content=\"Tiempo de lectura\" \/>\n\t<meta name=\"twitter:data2\" content=\"3 minutos\" \/>\n<script type=\"application\/ld+json\" class=\"yoast-schema-graph\">{\"@context\":\"https:\/\/schema.org\",\"@graph\":[{\"@type\":\"Article\",\"@id\":\"https:\/\/acompanyamentfamiliar.com\/es\/articulos\/la-familia-crece\/#article\",\"isPartOf\":{\"@id\":\"https:\/\/acompanyamentfamiliar.com\/es\/articulos\/la-familia-crece\/\"},\"author\":{\"name\":\"admin\",\"@id\":\"https:\/\/acompanyamentfamiliar.com\/es\/#\/schema\/person\/2cd1d7b797c09f8e73d0ab6b36585040\"},\"headline\":\"LA FAMILIA CRECE\",\"datePublished\":\"2018-04-11T12:54:00+00:00\",\"dateModified\":\"2025-04-13T12:55:08+00:00\",\"mainEntityOfPage\":{\"@id\":\"https:\/\/acompanyamentfamiliar.com\/es\/articulos\/la-familia-crece\/\"},\"wordCount\":507,\"publisher\":{\"@id\":\"https:\/\/acompanyamentfamiliar.com\/es\/#organization\"},\"image\":{\"@id\":\"https:\/\/acompanyamentfamiliar.com\/es\/articulos\/la-familia-crece\/#primaryimage\"},\"thumbnailUrl\":\"https:\/\/acompanyamentfamiliar.com\/wp-content\/uploads\/2025\/04\/vinculacion-y-reconocimiento.jpg\",\"articleSection\":[\"Art\u00edculos\"],\"inLanguage\":\"es\"},{\"@type\":\"WebPage\",\"@id\":\"https:\/\/acompanyamentfamiliar.com\/es\/articulos\/la-familia-crece\/\",\"url\":\"https:\/\/acompanyamentfamiliar.com\/es\/articulos\/la-familia-crece\/\",\"name\":\"LA FAMILIA CRECE - Acompanyament Familiar\",\"isPartOf\":{\"@id\":\"https:\/\/acompanyamentfamiliar.com\/es\/#website\"},\"primaryImageOfPage\":{\"@id\":\"https:\/\/acompanyamentfamiliar.com\/es\/articulos\/la-familia-crece\/#primaryimage\"},\"image\":{\"@id\":\"https:\/\/acompanyamentfamiliar.com\/es\/articulos\/la-familia-crece\/#primaryimage\"},\"thumbnailUrl\":\"https:\/\/acompanyamentfamiliar.com\/wp-content\/uploads\/2025\/04\/vinculacion-y-reconocimiento.jpg\",\"datePublished\":\"2018-04-11T12:54:00+00:00\",\"dateModified\":\"2025-04-13T12:55:08+00:00\",\"breadcrumb\":{\"@id\":\"https:\/\/acompanyamentfamiliar.com\/es\/articulos\/la-familia-crece\/#breadcrumb\"},\"inLanguage\":\"es\",\"potentialAction\":[{\"@type\":\"ReadAction\",\"target\":[\"https:\/\/acompanyamentfamiliar.com\/es\/articulos\/la-familia-crece\/\"]}]},{\"@type\":\"ImageObject\",\"inLanguage\":\"es\",\"@id\":\"https:\/\/acompanyamentfamiliar.com\/es\/articulos\/la-familia-crece\/#primaryimage\",\"url\":\"https:\/\/acompanyamentfamiliar.com\/wp-content\/uploads\/2025\/04\/vinculacion-y-reconocimiento.jpg\",\"contentUrl\":\"https:\/\/acompanyamentfamiliar.com\/wp-content\/uploads\/2025\/04\/vinculacion-y-reconocimiento.jpg\",\"width\":300,\"height\":149,\"caption\":\"Blog Acompanyament Familiar\"},{\"@type\":\"BreadcrumbList\",\"@id\":\"https:\/\/acompanyamentfamiliar.com\/es\/articulos\/la-familia-crece\/#breadcrumb\",\"itemListElement\":[{\"@type\":\"ListItem\",\"position\":1,\"name\":\"Portada\",\"item\":\"https:\/\/acompanyamentfamiliar.com\/es\/\"},{\"@type\":\"ListItem\",\"position\":2,\"name\":\"LA FAMILIA CRECE\"}]},{\"@type\":\"WebSite\",\"@id\":\"https:\/\/acompanyamentfamiliar.com\/es\/#website\",\"url\":\"https:\/\/acompanyamentfamiliar.com\/es\/\",\"name\":\"Acompanyament Familiar\",\"description\":\"Psic\u00f3logas en Barcelona: Acompa\u00f1amiento familiar\",\"publisher\":{\"@id\":\"https:\/\/acompanyamentfamiliar.com\/es\/#organization\"},\"potentialAction\":[{\"@type\":\"SearchAction\",\"target\":{\"@type\":\"EntryPoint\",\"urlTemplate\":\"https:\/\/acompanyamentfamiliar.com\/es\/?s={search_term_string}\"},\"query-input\":{\"@type\":\"PropertyValueSpecification\",\"valueRequired\":true,\"valueName\":\"search_term_string\"}}],\"inLanguage\":\"es\"},{\"@type\":\"Organization\",\"@id\":\"https:\/\/acompanyamentfamiliar.com\/es\/#organization\",\"name\":\"Acompanyament Familiar\",\"url\":\"https:\/\/acompanyamentfamiliar.com\/es\/\",\"logo\":{\"@type\":\"ImageObject\",\"inLanguage\":\"es\",\"@id\":\"https:\/\/acompanyamentfamiliar.com\/es\/#\/schema\/logo\/image\/\",\"url\":\"https:\/\/acompanyamentfamiliar.com\/wp-content\/uploads\/2025\/03\/logo_acompanyamnet_familiar.png\",\"contentUrl\":\"https:\/\/acompanyamentfamiliar.com\/wp-content\/uploads\/2025\/03\/logo_acompanyamnet_familiar.png\",\"width\":241,\"height\":126,\"caption\":\"Acompanyament Familiar\"},\"image\":{\"@id\":\"https:\/\/acompanyamentfamiliar.com\/es\/#\/schema\/logo\/image\/\"}},{\"@type\":\"Person\",\"@id\":\"https:\/\/acompanyamentfamiliar.com\/es\/#\/schema\/person\/2cd1d7b797c09f8e73d0ab6b36585040\",\"name\":\"admin\",\"image\":{\"@type\":\"ImageObject\",\"inLanguage\":\"es\",\"@id\":\"https:\/\/acompanyamentfamiliar.com\/es\/#\/schema\/person\/image\/\",\"url\":\"https:\/\/secure.gravatar.com\/avatar\/073937bd7f1a8c2904d9fa1ec5e3919f37a465744fcb187f31d4ddf76bcbd0d0?s=96&d=mm&r=g\",\"contentUrl\":\"https:\/\/secure.gravatar.com\/avatar\/073937bd7f1a8c2904d9fa1ec5e3919f37a465744fcb187f31d4ddf76bcbd0d0?s=96&d=mm&r=g\",\"caption\":\"admin\"},\"sameAs\":[\"https:\/\/acompanyamentfamiliar.com\"],\"url\":\"https:\/\/acompanyamentfamiliar.com\/es\/author\/admin\/\"}]}<\/script>\n<!-- \/ Yoast SEO plugin. -->","yoast_head_json":{"title":"LA FAMILIA CRECE - Acompanyament Familiar","robots":{"index":"index","follow":"follow","max-snippet":"max-snippet:-1","max-image-preview":"max-image-preview:large","max-video-preview":"max-video-preview:-1"},"canonical":"https:\/\/acompanyamentfamiliar.com\/es\/articulos\/la-familia-crece\/","og_locale":"es_ES","og_type":"article","og_title":"LA FAMILIA CRECE - Acompanyament Familiar","og_description":"El concepto de \u201cfamilia\u201d requiere una revisi\u00f3n profunda, especialmente en los tiempos que corren. \u00bfQu\u00e9 significa \u201cfamilia\u201d para ti? \u00bfQu\u00e9 imagen te evoca? Probablemente, en nuestro subconsciente, todav\u00eda resta la proyecci\u00f3n nuclear, heteronormativa y reproductiva que la sociedad neoliberal nos ha vendido. La mayor\u00eda de nosotrxs, al cerrar los ojos, veremos un pap\u00e1, una mam\u00e1 [&hellip;]","og_url":"https:\/\/acompanyamentfamiliar.com\/es\/articulos\/la-familia-crece\/","og_site_name":"Acompanyament Familiar","article_published_time":"2018-04-11T12:54:00+00:00","article_modified_time":"2025-04-13T12:55:08+00:00","og_image":[{"width":300,"height":149,"url":"https:\/\/acompanyamentfamiliar.com\/wp-content\/uploads\/2025\/04\/vinculacion-y-reconocimiento.jpg","type":"image\/jpeg"}],"author":"admin","twitter_card":"summary_large_image","twitter_misc":{"Escrito por":"admin","Tiempo de lectura":"3 minutos"},"schema":{"@context":"https:\/\/schema.org","@graph":[{"@type":"Article","@id":"https:\/\/acompanyamentfamiliar.com\/es\/articulos\/la-familia-crece\/#article","isPartOf":{"@id":"https:\/\/acompanyamentfamiliar.com\/es\/articulos\/la-familia-crece\/"},"author":{"name":"admin","@id":"https:\/\/acompanyamentfamiliar.com\/es\/#\/schema\/person\/2cd1d7b797c09f8e73d0ab6b36585040"},"headline":"LA FAMILIA CRECE","datePublished":"2018-04-11T12:54:00+00:00","dateModified":"2025-04-13T12:55:08+00:00","mainEntityOfPage":{"@id":"https:\/\/acompanyamentfamiliar.com\/es\/articulos\/la-familia-crece\/"},"wordCount":507,"publisher":{"@id":"https:\/\/acompanyamentfamiliar.com\/es\/#organization"},"image":{"@id":"https:\/\/acompanyamentfamiliar.com\/es\/articulos\/la-familia-crece\/#primaryimage"},"thumbnailUrl":"https:\/\/acompanyamentfamiliar.com\/wp-content\/uploads\/2025\/04\/vinculacion-y-reconocimiento.jpg","articleSection":["Art\u00edculos"],"inLanguage":"es"},{"@type":"WebPage","@id":"https:\/\/acompanyamentfamiliar.com\/es\/articulos\/la-familia-crece\/","url":"https:\/\/acompanyamentfamiliar.com\/es\/articulos\/la-familia-crece\/","name":"LA FAMILIA CRECE - Acompanyament Familiar","isPartOf":{"@id":"https:\/\/acompanyamentfamiliar.com\/es\/#website"},"primaryImageOfPage":{"@id":"https:\/\/acompanyamentfamiliar.com\/es\/articulos\/la-familia-crece\/#primaryimage"},"image":{"@id":"https:\/\/acompanyamentfamiliar.com\/es\/articulos\/la-familia-crece\/#primaryimage"},"thumbnailUrl":"https:\/\/acompanyamentfamiliar.com\/wp-content\/uploads\/2025\/04\/vinculacion-y-reconocimiento.jpg","datePublished":"2018-04-11T12:54:00+00:00","dateModified":"2025-04-13T12:55:08+00:00","breadcrumb":{"@id":"https:\/\/acompanyamentfamiliar.com\/es\/articulos\/la-familia-crece\/#breadcrumb"},"inLanguage":"es","potentialAction":[{"@type":"ReadAction","target":["https:\/\/acompanyamentfamiliar.com\/es\/articulos\/la-familia-crece\/"]}]},{"@type":"ImageObject","inLanguage":"es","@id":"https:\/\/acompanyamentfamiliar.com\/es\/articulos\/la-familia-crece\/#primaryimage","url":"https:\/\/acompanyamentfamiliar.com\/wp-content\/uploads\/2025\/04\/vinculacion-y-reconocimiento.jpg","contentUrl":"https:\/\/acompanyamentfamiliar.com\/wp-content\/uploads\/2025\/04\/vinculacion-y-reconocimiento.jpg","width":300,"height":149,"caption":"Blog Acompanyament Familiar"},{"@type":"BreadcrumbList","@id":"https:\/\/acompanyamentfamiliar.com\/es\/articulos\/la-familia-crece\/#breadcrumb","itemListElement":[{"@type":"ListItem","position":1,"name":"Portada","item":"https:\/\/acompanyamentfamiliar.com\/es\/"},{"@type":"ListItem","position":2,"name":"LA FAMILIA CRECE"}]},{"@type":"WebSite","@id":"https:\/\/acompanyamentfamiliar.com\/es\/#website","url":"https:\/\/acompanyamentfamiliar.com\/es\/","name":"Acompanyament Familiar","description":"Psic\u00f3logas en Barcelona: Acompa\u00f1amiento familiar","publisher":{"@id":"https:\/\/acompanyamentfamiliar.com\/es\/#organization"},"potentialAction":[{"@type":"SearchAction","target":{"@type":"EntryPoint","urlTemplate":"https:\/\/acompanyamentfamiliar.com\/es\/?s={search_term_string}"},"query-input":{"@type":"PropertyValueSpecification","valueRequired":true,"valueName":"search_term_string"}}],"inLanguage":"es"},{"@type":"Organization","@id":"https:\/\/acompanyamentfamiliar.com\/es\/#organization","name":"Acompanyament Familiar","url":"https:\/\/acompanyamentfamiliar.com\/es\/","logo":{"@type":"ImageObject","inLanguage":"es","@id":"https:\/\/acompanyamentfamiliar.com\/es\/#\/schema\/logo\/image\/","url":"https:\/\/acompanyamentfamiliar.com\/wp-content\/uploads\/2025\/03\/logo_acompanyamnet_familiar.png","contentUrl":"https:\/\/acompanyamentfamiliar.com\/wp-content\/uploads\/2025\/03\/logo_acompanyamnet_familiar.png","width":241,"height":126,"caption":"Acompanyament Familiar"},"image":{"@id":"https:\/\/acompanyamentfamiliar.com\/es\/#\/schema\/logo\/image\/"}},{"@type":"Person","@id":"https:\/\/acompanyamentfamiliar.com\/es\/#\/schema\/person\/2cd1d7b797c09f8e73d0ab6b36585040","name":"admin","image":{"@type":"ImageObject","inLanguage":"es","@id":"https:\/\/acompanyamentfamiliar.com\/es\/#\/schema\/person\/image\/","url":"https:\/\/secure.gravatar.com\/avatar\/073937bd7f1a8c2904d9fa1ec5e3919f37a465744fcb187f31d4ddf76bcbd0d0?s=96&d=mm&r=g","contentUrl":"https:\/\/secure.gravatar.com\/avatar\/073937bd7f1a8c2904d9fa1ec5e3919f37a465744fcb187f31d4ddf76bcbd0d0?s=96&d=mm&r=g","caption":"admin"},"sameAs":["https:\/\/acompanyamentfamiliar.com"],"url":"https:\/\/acompanyamentfamiliar.com\/es\/author\/admin\/"}]}},"_links":{"self":[{"href":"https:\/\/acompanyamentfamiliar.com\/es\/wp-json\/wp\/v2\/posts\/1143","targetHints":{"allow":["GET"]}}],"collection":[{"href":"https:\/\/acompanyamentfamiliar.com\/es\/wp-json\/wp\/v2\/posts"}],"about":[{"href":"https:\/\/acompanyamentfamiliar.com\/es\/wp-json\/wp\/v2\/types\/post"}],"author":[{"embeddable":true,"href":"https:\/\/acompanyamentfamiliar.com\/es\/wp-json\/wp\/v2\/users\/1"}],"replies":[{"embeddable":true,"href":"https:\/\/acompanyamentfamiliar.com\/es\/wp-json\/wp\/v2\/comments?post=1143"}],"version-history":[{"count":1,"href":"https:\/\/acompanyamentfamiliar.com\/es\/wp-json\/wp\/v2\/posts\/1143\/revisions"}],"predecessor-version":[{"id":1144,"href":"https:\/\/acompanyamentfamiliar.com\/es\/wp-json\/wp\/v2\/posts\/1143\/revisions\/1144"}],"wp:featuredmedia":[{"embeddable":true,"href":"https:\/\/acompanyamentfamiliar.com\/es\/wp-json\/wp\/v2\/media\/1011"}],"wp:attachment":[{"href":"https:\/\/acompanyamentfamiliar.com\/es\/wp-json\/wp\/v2\/media?parent=1143"}],"wp:term":[{"taxonomy":"category","embeddable":true,"href":"https:\/\/acompanyamentfamiliar.com\/es\/wp-json\/wp\/v2\/categories?post=1143"},{"taxonomy":"post_tag","embeddable":true,"href":"https:\/\/acompanyamentfamiliar.com\/es\/wp-json\/wp\/v2\/tags?post=1143"}],"curies":[{"name":"wp","href":"https:\/\/api.w.org\/{rel}","templated":true}]}}