{"id":1145,"date":"2018-04-23T12:55:00","date_gmt":"2018-04-23T12:55:00","guid":{"rendered":"https:\/\/acompanyamentfamiliar.com\/?p=1145"},"modified":"2025-04-13T12:56:13","modified_gmt":"2025-04-13T12:56:13","slug":"sant-jordi-feminista","status":"publish","type":"post","link":"https:\/\/acompanyamentfamiliar.com\/es\/articulos\/sant-jordi-feminista\/","title":{"rendered":"SANT JORDI FEMINISTA"},"content":{"rendered":"\n<p><em>Hab\u00eda una vez, en un lugar cercano a donde vives, una comunidad de animales y personas que fomentaban el cooperativismo, la paz, el di\u00e1logo y el respeto. Las distintas formas de vida estaban incluidas y, siempre bajo la premisa de la libertad -y no del libertinaje-, encontraban la manera de ponerse de acuerdo.<\/em><\/p>\n\n\n\n<p><em>En esa tribu viv\u00eda un&nbsp;<\/em><strong><em>drag\u00f3n<\/em><\/strong><em>&nbsp;enamorado de sus rojas rosas. Ten\u00eda el jard\u00edn lleno de rosales que pasaba horas i horas podando. Ten\u00eda su propio compost para abonarlas, las mimaba con m\u00fasica inspiradora, y las regaba con el agua que recog\u00eda de un manantial cercano. Se desviv\u00eda para poder olerlas y era la admiraci\u00f3n de todos los vecinos y vecinas.<\/em><\/p>\n\n\n\n<p><em>Cerca de su casa, viv\u00eda un&nbsp;<\/em><strong><em>caballero<\/em><\/strong><em>&nbsp;que hab\u00eda colgado los h\u00e1bitos y ahora se dedicaba a escribir filosof\u00eda. Era amante de Simone de Beauvoir y de Noam Chomsky. Devoraba sin piedad libros de Huxley y de Judit Butler, y hab\u00eda escrito una tesis sobre Diotima de Mantinea, de quien hab\u00eda aprendido a desmontar el amor rom\u00e1ntico, que defin\u00eda como un anhelo de inmortalidad, fuente de manipulaci\u00f3n y corrupci\u00f3n. Jordi, que as\u00ed se llamaba, era un hombre abstra\u00eddo, sensible y alejado de pretensiones testoster\u00f3nicas.<\/em><\/p>\n\n\n\n<p><em>A menudo les visitaba, entre mercaderes y titiriterxs que adoraban esta comunidad, una rapera que se llamaba&nbsp;<\/em><strong><em>Princess<\/em><\/strong><em>.&nbsp;<\/em><a href=\"http:\/\/acompanyamentfamiliar.com\/es\/politica-y-crianza-2\/\" target=\"_blank\" rel=\"noreferrer noopener\"><em>Era una mujer potente y extremadamente cr\u00edtica con la sociedad de la que rehu\u00eda<\/em><\/a><em>. Encontraba en ese vecindario el refugio quenecesitaba en sus recesos y, aunque la fama la persegu\u00eda, prefer\u00eda quedarse con el \u00e9xito. Princess se tiraba eruptos y com\u00eda con las manos. Escup\u00eda palabras cargadas de verdades que nunca dejaban indiferente a nadie. Le encantaba pasarse horas sentada en el jard\u00edn del drag\u00f3n oliendo el aroma delicado de sus rosas, mientras manten\u00eda interesantes conversaciones con Jordi, quien, sin saberlo, se hab\u00eda convertido en su musa.<\/em><\/p>\n\n\n\n<p><em>La relaci\u00f3n de estas tres bellas personas se hizo tan sincera y profunda, que pronto empezaron a tejerse historias que la explicaban. Lxs comerciantes se embobaban con la estampa que formaban lxs tres; las compa\u00f1\u00edas de titiriterxs la hicieron suya y se la llevaron a otros parajes para transmitir tan hermosa amistad.<\/em><\/p>\n\n\n\n<p><em>I fue as\u00ed como pasaron los a\u00f1os, las \u00e9pocas y las vidas, hasta que la historia del drag\u00f3n, Princess y el caballero lleg\u00f3 a estar tan distorsionada que perdi\u00f3 por completo su esencia.<\/em><\/p>\n\n\n\n<p>Y me pregunto si no ha llegado el momento de volver a los or\u00edgenes de esta leyenda; si es el tiempo indicado para&nbsp;<strong>deconstruir la falacia del amor rom\u00e1ntico y de los dragones malvados para volver a la esencia de la verdadera amistad, la inspiraci\u00f3n y la cooperaci\u00f3n<\/strong>.<\/p>\n\n\n\n<p>Como madre y padre que eres, d\u00e9jame hacerte una pregunta importante:<\/p>\n\n\n\n<p><em>\u00bfQu\u00e9 valores quieres transmitir a tu hija?<\/em><\/p>\n\n\n\n<p><em>\u00bfQuieres que sea una princesa sumisa e indefensa? \u00bfO prefieres que sea una mujer fuerte y libre?<\/em><\/p>\n\n\n\n<p><em>\u00bfQu\u00e9 quieres ense\u00f1arle a tu hijo sobe la Vida?<\/em><\/p>\n\n\n\n<p><em>\u00bfQuieres generar un ni\u00f1os pretenda ser siempre superior a las mujeres? \u00bfO te gustar\u00eda m\u00e1s que entendiera que no hay jerarqu\u00edas entre sexos ni g\u00e9neros?<\/em><\/p>\n\n\n\n<p><strong>Los valores que transmites a tus hijxs surgen de tus propios criterios.<\/strong><\/p>\n\n\n\n<p><strong>\u00bfTe atreves a revisarlos?<\/strong><\/p>\n\n\n\n<p>Elisenda Pascual<\/p>\n","protected":false},"excerpt":{"rendered":"<p>Hab\u00eda una vez, en un lugar cercano a donde vives, una comunidad de animales y personas que fomentaban el cooperativismo, la paz, el di\u00e1logo y el respeto. Las distintas formas de vida estaban incluidas y, siempre bajo la premisa de la libertad -y no del libertinaje-, encontraban la manera de ponerse de acuerdo. En esa [&hellip;]<\/p>\n","protected":false},"author":1,"featured_media":1147,"comment_status":"closed","ping_status":"closed","sticky":false,"template":"","format":"standard","meta":{"footnotes":""},"categories":[9],"tags":[],"class_list":["post-1145","post","type-post","status-publish","format-standard","has-post-thumbnail","hentry","category-articulos"],"yoast_head":"<!-- This site is optimized with the Yoast SEO plugin v26.8 - https:\/\/yoast.com\/product\/yoast-seo-wordpress\/ -->\n<title>SANT JORDI FEMINISTA - Acompanyament Familiar<\/title>\n<meta name=\"robots\" content=\"index, follow, max-snippet:-1, max-image-preview:large, max-video-preview:-1\" \/>\n<link rel=\"canonical\" href=\"https:\/\/acompanyamentfamiliar.com\/es\/articulos\/sant-jordi-feminista\/\" \/>\n<meta property=\"og:locale\" content=\"es_ES\" \/>\n<meta property=\"og:type\" content=\"article\" \/>\n<meta property=\"og:title\" content=\"SANT JORDI FEMINISTA - Acompanyament Familiar\" \/>\n<meta property=\"og:description\" content=\"Hab\u00eda una vez, en un lugar cercano a donde vives, una comunidad de animales y personas que fomentaban el cooperativismo, la paz, el di\u00e1logo y el respeto. Las distintas formas de vida estaban incluidas y, siempre bajo la premisa de la libertad -y no del libertinaje-, encontraban la manera de ponerse de acuerdo. En esa [&hellip;]\" \/>\n<meta property=\"og:url\" content=\"https:\/\/acompanyamentfamiliar.com\/es\/articulos\/sant-jordi-feminista\/\" \/>\n<meta property=\"og:site_name\" content=\"Acompanyament Familiar\" \/>\n<meta property=\"article:published_time\" content=\"2018-04-23T12:55:00+00:00\" \/>\n<meta property=\"article:modified_time\" content=\"2025-04-13T12:56:13+00:00\" \/>\n<meta property=\"og:image\" content=\"https:\/\/acompanyamentfamiliar.com\/wp-content\/uploads\/2018\/04\/sant-jordi-feminista.jpg\" \/>\n\t<meta property=\"og:image:width\" content=\"212\" \/>\n\t<meta property=\"og:image:height\" content=\"105\" \/>\n\t<meta property=\"og:image:type\" content=\"image\/jpeg\" \/>\n<meta name=\"author\" content=\"admin\" \/>\n<meta name=\"twitter:card\" content=\"summary_large_image\" \/>\n<meta name=\"twitter:label1\" content=\"Escrito por\" \/>\n\t<meta name=\"twitter:data1\" content=\"admin\" \/>\n\t<meta name=\"twitter:label2\" content=\"Tiempo de lectura\" \/>\n\t<meta name=\"twitter:data2\" content=\"3 minutos\" \/>\n<script type=\"application\/ld+json\" class=\"yoast-schema-graph\">{\"@context\":\"https:\/\/schema.org\",\"@graph\":[{\"@type\":\"Article\",\"@id\":\"https:\/\/acompanyamentfamiliar.com\/es\/articulos\/sant-jordi-feminista\/#article\",\"isPartOf\":{\"@id\":\"https:\/\/acompanyamentfamiliar.com\/es\/articulos\/sant-jordi-feminista\/\"},\"author\":{\"name\":\"admin\",\"@id\":\"https:\/\/acompanyamentfamiliar.com\/es\/#\/schema\/person\/2cd1d7b797c09f8e73d0ab6b36585040\"},\"headline\":\"SANT JORDI FEMINISTA\",\"datePublished\":\"2018-04-23T12:55:00+00:00\",\"dateModified\":\"2025-04-13T12:56:13+00:00\",\"mainEntityOfPage\":{\"@id\":\"https:\/\/acompanyamentfamiliar.com\/es\/articulos\/sant-jordi-feminista\/\"},\"wordCount\":581,\"publisher\":{\"@id\":\"https:\/\/acompanyamentfamiliar.com\/es\/#organization\"},\"image\":{\"@id\":\"https:\/\/acompanyamentfamiliar.com\/es\/articulos\/sant-jordi-feminista\/#primaryimage\"},\"thumbnailUrl\":\"https:\/\/acompanyamentfamiliar.com\/wp-content\/uploads\/2018\/04\/sant-jordi-feminista.jpg\",\"articleSection\":[\"Art\u00edculos\"],\"inLanguage\":\"es\"},{\"@type\":\"WebPage\",\"@id\":\"https:\/\/acompanyamentfamiliar.com\/es\/articulos\/sant-jordi-feminista\/\",\"url\":\"https:\/\/acompanyamentfamiliar.com\/es\/articulos\/sant-jordi-feminista\/\",\"name\":\"SANT JORDI FEMINISTA - Acompanyament Familiar\",\"isPartOf\":{\"@id\":\"https:\/\/acompanyamentfamiliar.com\/es\/#website\"},\"primaryImageOfPage\":{\"@id\":\"https:\/\/acompanyamentfamiliar.com\/es\/articulos\/sant-jordi-feminista\/#primaryimage\"},\"image\":{\"@id\":\"https:\/\/acompanyamentfamiliar.com\/es\/articulos\/sant-jordi-feminista\/#primaryimage\"},\"thumbnailUrl\":\"https:\/\/acompanyamentfamiliar.com\/wp-content\/uploads\/2018\/04\/sant-jordi-feminista.jpg\",\"datePublished\":\"2018-04-23T12:55:00+00:00\",\"dateModified\":\"2025-04-13T12:56:13+00:00\",\"breadcrumb\":{\"@id\":\"https:\/\/acompanyamentfamiliar.com\/es\/articulos\/sant-jordi-feminista\/#breadcrumb\"},\"inLanguage\":\"es\",\"potentialAction\":[{\"@type\":\"ReadAction\",\"target\":[\"https:\/\/acompanyamentfamiliar.com\/es\/articulos\/sant-jordi-feminista\/\"]}]},{\"@type\":\"ImageObject\",\"inLanguage\":\"es\",\"@id\":\"https:\/\/acompanyamentfamiliar.com\/es\/articulos\/sant-jordi-feminista\/#primaryimage\",\"url\":\"https:\/\/acompanyamentfamiliar.com\/wp-content\/uploads\/2018\/04\/sant-jordi-feminista.jpg\",\"contentUrl\":\"https:\/\/acompanyamentfamiliar.com\/wp-content\/uploads\/2018\/04\/sant-jordi-feminista.jpg\",\"width\":212,\"height\":105,\"caption\":\"Sant Jordi Feminista\"},{\"@type\":\"BreadcrumbList\",\"@id\":\"https:\/\/acompanyamentfamiliar.com\/es\/articulos\/sant-jordi-feminista\/#breadcrumb\",\"itemListElement\":[{\"@type\":\"ListItem\",\"position\":1,\"name\":\"Portada\",\"item\":\"https:\/\/acompanyamentfamiliar.com\/es\/\"},{\"@type\":\"ListItem\",\"position\":2,\"name\":\"SANT JORDI FEMINISTA\"}]},{\"@type\":\"WebSite\",\"@id\":\"https:\/\/acompanyamentfamiliar.com\/es\/#website\",\"url\":\"https:\/\/acompanyamentfamiliar.com\/es\/\",\"name\":\"Acompanyament Familiar\",\"description\":\"Psic\u00f3logas en Barcelona: Acompa\u00f1amiento familiar\",\"publisher\":{\"@id\":\"https:\/\/acompanyamentfamiliar.com\/es\/#organization\"},\"potentialAction\":[{\"@type\":\"SearchAction\",\"target\":{\"@type\":\"EntryPoint\",\"urlTemplate\":\"https:\/\/acompanyamentfamiliar.com\/es\/?s={search_term_string}\"},\"query-input\":{\"@type\":\"PropertyValueSpecification\",\"valueRequired\":true,\"valueName\":\"search_term_string\"}}],\"inLanguage\":\"es\"},{\"@type\":\"Organization\",\"@id\":\"https:\/\/acompanyamentfamiliar.com\/es\/#organization\",\"name\":\"Acompanyament Familiar\",\"url\":\"https:\/\/acompanyamentfamiliar.com\/es\/\",\"logo\":{\"@type\":\"ImageObject\",\"inLanguage\":\"es\",\"@id\":\"https:\/\/acompanyamentfamiliar.com\/es\/#\/schema\/logo\/image\/\",\"url\":\"https:\/\/acompanyamentfamiliar.com\/wp-content\/uploads\/2025\/03\/logo_acompanyamnet_familiar.png\",\"contentUrl\":\"https:\/\/acompanyamentfamiliar.com\/wp-content\/uploads\/2025\/03\/logo_acompanyamnet_familiar.png\",\"width\":241,\"height\":126,\"caption\":\"Acompanyament Familiar\"},\"image\":{\"@id\":\"https:\/\/acompanyamentfamiliar.com\/es\/#\/schema\/logo\/image\/\"}},{\"@type\":\"Person\",\"@id\":\"https:\/\/acompanyamentfamiliar.com\/es\/#\/schema\/person\/2cd1d7b797c09f8e73d0ab6b36585040\",\"name\":\"admin\",\"image\":{\"@type\":\"ImageObject\",\"inLanguage\":\"es\",\"@id\":\"https:\/\/acompanyamentfamiliar.com\/es\/#\/schema\/person\/image\/\",\"url\":\"https:\/\/secure.gravatar.com\/avatar\/073937bd7f1a8c2904d9fa1ec5e3919f37a465744fcb187f31d4ddf76bcbd0d0?s=96&d=mm&r=g\",\"contentUrl\":\"https:\/\/secure.gravatar.com\/avatar\/073937bd7f1a8c2904d9fa1ec5e3919f37a465744fcb187f31d4ddf76bcbd0d0?s=96&d=mm&r=g\",\"caption\":\"admin\"},\"sameAs\":[\"https:\/\/acompanyamentfamiliar.com\"],\"url\":\"https:\/\/acompanyamentfamiliar.com\/es\/author\/admin\/\"}]}<\/script>\n<!-- \/ Yoast SEO plugin. -->","yoast_head_json":{"title":"SANT JORDI FEMINISTA - Acompanyament Familiar","robots":{"index":"index","follow":"follow","max-snippet":"max-snippet:-1","max-image-preview":"max-image-preview:large","max-video-preview":"max-video-preview:-1"},"canonical":"https:\/\/acompanyamentfamiliar.com\/es\/articulos\/sant-jordi-feminista\/","og_locale":"es_ES","og_type":"article","og_title":"SANT JORDI FEMINISTA - Acompanyament Familiar","og_description":"Hab\u00eda una vez, en un lugar cercano a donde vives, una comunidad de animales y personas que fomentaban el cooperativismo, la paz, el di\u00e1logo y el respeto. Las distintas formas de vida estaban incluidas y, siempre bajo la premisa de la libertad -y no del libertinaje-, encontraban la manera de ponerse de acuerdo. En esa [&hellip;]","og_url":"https:\/\/acompanyamentfamiliar.com\/es\/articulos\/sant-jordi-feminista\/","og_site_name":"Acompanyament Familiar","article_published_time":"2018-04-23T12:55:00+00:00","article_modified_time":"2025-04-13T12:56:13+00:00","og_image":[{"width":212,"height":105,"url":"https:\/\/acompanyamentfamiliar.com\/wp-content\/uploads\/2018\/04\/sant-jordi-feminista.jpg","type":"image\/jpeg"}],"author":"admin","twitter_card":"summary_large_image","twitter_misc":{"Escrito por":"admin","Tiempo de lectura":"3 minutos"},"schema":{"@context":"https:\/\/schema.org","@graph":[{"@type":"Article","@id":"https:\/\/acompanyamentfamiliar.com\/es\/articulos\/sant-jordi-feminista\/#article","isPartOf":{"@id":"https:\/\/acompanyamentfamiliar.com\/es\/articulos\/sant-jordi-feminista\/"},"author":{"name":"admin","@id":"https:\/\/acompanyamentfamiliar.com\/es\/#\/schema\/person\/2cd1d7b797c09f8e73d0ab6b36585040"},"headline":"SANT JORDI FEMINISTA","datePublished":"2018-04-23T12:55:00+00:00","dateModified":"2025-04-13T12:56:13+00:00","mainEntityOfPage":{"@id":"https:\/\/acompanyamentfamiliar.com\/es\/articulos\/sant-jordi-feminista\/"},"wordCount":581,"publisher":{"@id":"https:\/\/acompanyamentfamiliar.com\/es\/#organization"},"image":{"@id":"https:\/\/acompanyamentfamiliar.com\/es\/articulos\/sant-jordi-feminista\/#primaryimage"},"thumbnailUrl":"https:\/\/acompanyamentfamiliar.com\/wp-content\/uploads\/2018\/04\/sant-jordi-feminista.jpg","articleSection":["Art\u00edculos"],"inLanguage":"es"},{"@type":"WebPage","@id":"https:\/\/acompanyamentfamiliar.com\/es\/articulos\/sant-jordi-feminista\/","url":"https:\/\/acompanyamentfamiliar.com\/es\/articulos\/sant-jordi-feminista\/","name":"SANT JORDI FEMINISTA - Acompanyament Familiar","isPartOf":{"@id":"https:\/\/acompanyamentfamiliar.com\/es\/#website"},"primaryImageOfPage":{"@id":"https:\/\/acompanyamentfamiliar.com\/es\/articulos\/sant-jordi-feminista\/#primaryimage"},"image":{"@id":"https:\/\/acompanyamentfamiliar.com\/es\/articulos\/sant-jordi-feminista\/#primaryimage"},"thumbnailUrl":"https:\/\/acompanyamentfamiliar.com\/wp-content\/uploads\/2018\/04\/sant-jordi-feminista.jpg","datePublished":"2018-04-23T12:55:00+00:00","dateModified":"2025-04-13T12:56:13+00:00","breadcrumb":{"@id":"https:\/\/acompanyamentfamiliar.com\/es\/articulos\/sant-jordi-feminista\/#breadcrumb"},"inLanguage":"es","potentialAction":[{"@type":"ReadAction","target":["https:\/\/acompanyamentfamiliar.com\/es\/articulos\/sant-jordi-feminista\/"]}]},{"@type":"ImageObject","inLanguage":"es","@id":"https:\/\/acompanyamentfamiliar.com\/es\/articulos\/sant-jordi-feminista\/#primaryimage","url":"https:\/\/acompanyamentfamiliar.com\/wp-content\/uploads\/2018\/04\/sant-jordi-feminista.jpg","contentUrl":"https:\/\/acompanyamentfamiliar.com\/wp-content\/uploads\/2018\/04\/sant-jordi-feminista.jpg","width":212,"height":105,"caption":"Sant Jordi Feminista"},{"@type":"BreadcrumbList","@id":"https:\/\/acompanyamentfamiliar.com\/es\/articulos\/sant-jordi-feminista\/#breadcrumb","itemListElement":[{"@type":"ListItem","position":1,"name":"Portada","item":"https:\/\/acompanyamentfamiliar.com\/es\/"},{"@type":"ListItem","position":2,"name":"SANT JORDI FEMINISTA"}]},{"@type":"WebSite","@id":"https:\/\/acompanyamentfamiliar.com\/es\/#website","url":"https:\/\/acompanyamentfamiliar.com\/es\/","name":"Acompanyament Familiar","description":"Psic\u00f3logas en Barcelona: Acompa\u00f1amiento familiar","publisher":{"@id":"https:\/\/acompanyamentfamiliar.com\/es\/#organization"},"potentialAction":[{"@type":"SearchAction","target":{"@type":"EntryPoint","urlTemplate":"https:\/\/acompanyamentfamiliar.com\/es\/?s={search_term_string}"},"query-input":{"@type":"PropertyValueSpecification","valueRequired":true,"valueName":"search_term_string"}}],"inLanguage":"es"},{"@type":"Organization","@id":"https:\/\/acompanyamentfamiliar.com\/es\/#organization","name":"Acompanyament Familiar","url":"https:\/\/acompanyamentfamiliar.com\/es\/","logo":{"@type":"ImageObject","inLanguage":"es","@id":"https:\/\/acompanyamentfamiliar.com\/es\/#\/schema\/logo\/image\/","url":"https:\/\/acompanyamentfamiliar.com\/wp-content\/uploads\/2025\/03\/logo_acompanyamnet_familiar.png","contentUrl":"https:\/\/acompanyamentfamiliar.com\/wp-content\/uploads\/2025\/03\/logo_acompanyamnet_familiar.png","width":241,"height":126,"caption":"Acompanyament Familiar"},"image":{"@id":"https:\/\/acompanyamentfamiliar.com\/es\/#\/schema\/logo\/image\/"}},{"@type":"Person","@id":"https:\/\/acompanyamentfamiliar.com\/es\/#\/schema\/person\/2cd1d7b797c09f8e73d0ab6b36585040","name":"admin","image":{"@type":"ImageObject","inLanguage":"es","@id":"https:\/\/acompanyamentfamiliar.com\/es\/#\/schema\/person\/image\/","url":"https:\/\/secure.gravatar.com\/avatar\/073937bd7f1a8c2904d9fa1ec5e3919f37a465744fcb187f31d4ddf76bcbd0d0?s=96&d=mm&r=g","contentUrl":"https:\/\/secure.gravatar.com\/avatar\/073937bd7f1a8c2904d9fa1ec5e3919f37a465744fcb187f31d4ddf76bcbd0d0?s=96&d=mm&r=g","caption":"admin"},"sameAs":["https:\/\/acompanyamentfamiliar.com"],"url":"https:\/\/acompanyamentfamiliar.com\/es\/author\/admin\/"}]}},"_links":{"self":[{"href":"https:\/\/acompanyamentfamiliar.com\/es\/wp-json\/wp\/v2\/posts\/1145","targetHints":{"allow":["GET"]}}],"collection":[{"href":"https:\/\/acompanyamentfamiliar.com\/es\/wp-json\/wp\/v2\/posts"}],"about":[{"href":"https:\/\/acompanyamentfamiliar.com\/es\/wp-json\/wp\/v2\/types\/post"}],"author":[{"embeddable":true,"href":"https:\/\/acompanyamentfamiliar.com\/es\/wp-json\/wp\/v2\/users\/1"}],"replies":[{"embeddable":true,"href":"https:\/\/acompanyamentfamiliar.com\/es\/wp-json\/wp\/v2\/comments?post=1145"}],"version-history":[{"count":1,"href":"https:\/\/acompanyamentfamiliar.com\/es\/wp-json\/wp\/v2\/posts\/1145\/revisions"}],"predecessor-version":[{"id":1146,"href":"https:\/\/acompanyamentfamiliar.com\/es\/wp-json\/wp\/v2\/posts\/1145\/revisions\/1146"}],"wp:featuredmedia":[{"embeddable":true,"href":"https:\/\/acompanyamentfamiliar.com\/es\/wp-json\/wp\/v2\/media\/1147"}],"wp:attachment":[{"href":"https:\/\/acompanyamentfamiliar.com\/es\/wp-json\/wp\/v2\/media?parent=1145"}],"wp:term":[{"taxonomy":"category","embeddable":true,"href":"https:\/\/acompanyamentfamiliar.com\/es\/wp-json\/wp\/v2\/categories?post=1145"},{"taxonomy":"post_tag","embeddable":true,"href":"https:\/\/acompanyamentfamiliar.com\/es\/wp-json\/wp\/v2\/tags?post=1145"}],"curies":[{"name":"wp","href":"https:\/\/api.w.org\/{rel}","templated":true}]}}