{"id":1149,"date":"2018-05-03T12:57:00","date_gmt":"2018-05-03T12:57:00","guid":{"rendered":"https:\/\/acompanyamentfamiliar.com\/?p=1149"},"modified":"2025-04-13T12:57:55","modified_gmt":"2025-04-13T12:57:55","slug":"el-bullying-es-cosa-de-todxs","status":"publish","type":"post","link":"https:\/\/acompanyamentfamiliar.com\/es\/articulos\/el-bullying-es-cosa-de-todxs\/","title":{"rendered":"\u00a1EL BULLYING ES COSA DE TODXS!"},"content":{"rendered":"\n<p>El 2 de Mayo fue el&nbsp;<strong>D\u00eda Mundial de la Lucha Contra el Bullying y el Acoso Escolar<\/strong>, y qu\u00e9 mejor para poder hablar de ello que poder escribir un art\u00edculo para visibilizar la grave situaci\u00f3n que, d\u00eda tras d\u00eda, sufren muchos ni\u00f1xs en el entorno escolar.&nbsp;<strong>El bullying es un abuso reiterado, una burla invisible para los ojos poco despiertos, un grito ahogado que, a menudo, no encuentra quien lo escuche<\/strong>. La vivencia continuada de una situaci\u00f3n humiliante, agresiva y subyugante, comporta una p\u00e9rdida de autoestima, de amor propio y de seguridad en la Vida. Todas las personas que han podido hablar de ello coinciden en que este intento constante de degradarlas, ha marcad o un antes y un despu\u00e9s (para las que lo alcanzan) en sus Vidas.<\/p>\n\n\n\n<p>Entendemos por bullying una situaci\u00f3n de sumisi\u00f3n y degradaci\u00f3n que se repite en el tiempo, sobre la misma persona, y que es perpetrada por un alguien que no va solo\/a, sin\u00f3 que la cobard\u00eda y la necesidad de reconocimiento, hacen que vaya acompa\u00f1ado\/a.<\/p>\n\n\n\n<p><strong><em>\u00bfQu\u00e9 puede estar necesitando unx ni\u00f1x que comete tal aberraci\u00f3n sobro otrxs?<\/em><\/strong><\/p>\n\n\n\n<p>A menudo, en este tipo de situaciones, caemos en la polarizaci\u00f3n de roles: v\u00edctima, agresor\/a. Desde mi comprender, esta mirada es reduccionista y evita la comprensi\u00f3n profunda que, en el fondo, todas las partes son v\u00edctimas de un dolor profundo.<\/p>\n\n\n\n<ul class=\"wp-block-list\">\n<li>La que sufre el abuso\u00a0porqu\u00e9 ha llegado a un punto en que solo\/a no puede con la situaci\u00f3n. Necesita tejer complicidades, recuperar la\u00a0<a href=\"http:\/\/acompanyamentfamiliar.com\/es\/resiliencia-2\/\" target=\"_blank\" rel=\"noreferrer noopener\">esperanza<\/a>\u00a0que la Vida puede ser algo amoroso y c\u00e1lido, y no tan solo un desierto de sal donde el \u00fanico cobijo del reflejo rabioso del sol sobre los cristales, lo encuentra cerrando los ojos y evadi\u00e9ndose de todo contacto con el exterior.<\/li>\n\n\n\n<li>La que lo perpetra\u00a0porqu\u00e9 su herida interna es tan basta, que no encuentra otra salida que la de vomitar fuera todo lo que la pudre por dentro. Es la clara expresi\u00f3n de unx ni\u00f1x heridx que ha acumulado durante a\u00f1os la necesidad de ser visto\/a, reconocido\/a, amado\/a por lo que es y que, a su pesar, no lo ha encontrado. De esta forma, ha aprendido a sobresalid para pertenecer, a despuntar, a ser vanagloriado\/a, a tener mirada a cualquier precio.<\/li>\n\n\n\n<li>Las que observan expectantes la actuaci\u00f3n\u00a0porqu\u00e9, sin tan solo saberlo, perpet\u00faan las bases de una sociedad patriarcal basada en la dominaci\u00f3n y la extorsi\u00f3n de quien consideran \u2013 o fabrican- como m\u00e1s d\u00e9bil; son v\u00edctimas tambi\u00e9n porque, con su silencio y complicidad, contribuyen a generar manadas predadoras para acutar en grupo y someter a quien les har\u00e1 dignxs de hacerse llamar as\u00ed.<\/li>\n<\/ul>\n\n\n\n<p>El bullying, en tanto que acto nocivo,&nbsp;<strong>construye relaciones de miedo, dominaci\u00f3n y, sobretodo, mucho dolor<\/strong>. Las vivencias reiteradas que conforman la cotidianidad de cada una de las partes que participan (tengan el rol que tengan), son la semilla de futuras relaciones jer\u00e1rquicas y de juegos de poder en la etapa adulta.<\/p>\n\n\n\n<p>Como adultas que acompa\u00f1amos procesos infantiles y\/o juveniles, es necesario afinar nuestra mirada, dejar de excusarnos en el argumento de la saturaci\u00f3n, del exceso de ni\u00f1xs en las aulas y de la falta de tiempo. No porqu\u00e9 todo esto no sea cierto, sino porqu\u00e9 a menudo es un autoenga\u00f1o y una resistencia a poner palabras a aquello que percibimos. Si como persona adulta no sabes qu\u00e9 hacer con ello, pide ayuda, busca complicidades y \u00a1ACT\u00daA! Sin tu firmeza en poner&nbsp;<a href=\"http:\/\/acompanyamentfamiliar.com\/es\/limites-un-camino-de-amor-y-respeto-2\/\" target=\"_blank\" rel=\"noreferrer noopener\">l\u00edmites<\/a>&nbsp;y&nbsp;<a href=\"http:\/\/acompanyamentfamiliar.com\/es\/crianza-y-salud-emocional-2\/\" target=\"_blank\" rel=\"noreferrer noopener\">acompa\u00f1ar desde el amor<\/a>, el dolor se perpet\u00faa.<\/p>\n\n\n\n<p><strong><em>\u00bfQu\u00e9 crees que te ayudar\u00eda a empoderarte para levantar la voz ante el abuso?<\/em><\/strong><\/p>\n\n\n\n<p>Elisenda Pascual<\/p>\n","protected":false},"excerpt":{"rendered":"<p>El 2 de Mayo fue el&nbsp;D\u00eda Mundial de la Lucha Contra el Bullying y el Acoso Escolar, y qu\u00e9 mejor para poder hablar de ello que poder escribir un art\u00edculo para visibilizar la grave situaci\u00f3n que, d\u00eda tras d\u00eda, sufren muchos ni\u00f1xs en el entorno escolar.&nbsp;El bullying es un abuso reiterado, una burla invisible para [&hellip;]<\/p>\n","protected":false},"author":1,"featured_media":1151,"comment_status":"closed","ping_status":"closed","sticky":false,"template":"","format":"standard","meta":{"footnotes":""},"categories":[9],"tags":[],"class_list":["post-1149","post","type-post","status-publish","format-standard","has-post-thumbnail","hentry","category-articulos"],"yoast_head":"<!-- This site is optimized with the Yoast SEO plugin v26.8 - https:\/\/yoast.com\/product\/yoast-seo-wordpress\/ -->\n<title>\u00a1EL BULLYING ES COSA DE TODXS! - Acompanyament Familiar<\/title>\n<meta name=\"robots\" content=\"index, follow, max-snippet:-1, max-image-preview:large, max-video-preview:-1\" \/>\n<link rel=\"canonical\" href=\"https:\/\/acompanyamentfamiliar.com\/es\/articulos\/el-bullying-es-cosa-de-todxs\/\" \/>\n<meta property=\"og:locale\" content=\"es_ES\" \/>\n<meta property=\"og:type\" content=\"article\" \/>\n<meta property=\"og:title\" content=\"\u00a1EL BULLYING ES COSA DE TODXS! - Acompanyament Familiar\" \/>\n<meta property=\"og:description\" content=\"El 2 de Mayo fue el&nbsp;D\u00eda Mundial de la Lucha Contra el Bullying y el Acoso Escolar, y qu\u00e9 mejor para poder hablar de ello que poder escribir un art\u00edculo para visibilizar la grave situaci\u00f3n que, d\u00eda tras d\u00eda, sufren muchos ni\u00f1xs en el entorno escolar.&nbsp;El bullying es un abuso reiterado, una burla invisible para [&hellip;]\" \/>\n<meta property=\"og:url\" content=\"https:\/\/acompanyamentfamiliar.com\/es\/articulos\/el-bullying-es-cosa-de-todxs\/\" \/>\n<meta property=\"og:site_name\" content=\"Acompanyament Familiar\" \/>\n<meta property=\"article:published_time\" content=\"2018-05-03T12:57:00+00:00\" \/>\n<meta property=\"article:modified_time\" content=\"2025-04-13T12:57:55+00:00\" \/>\n<meta property=\"og:image\" content=\"https:\/\/acompanyamentfamiliar.com\/wp-content\/uploads\/2018\/05\/bullying-cosa-de-todos.jpg\" \/>\n\t<meta property=\"og:image:width\" content=\"300\" \/>\n\t<meta property=\"og:image:height\" content=\"149\" \/>\n\t<meta property=\"og:image:type\" content=\"image\/jpeg\" \/>\n<meta name=\"author\" content=\"admin\" \/>\n<meta name=\"twitter:card\" content=\"summary_large_image\" \/>\n<meta name=\"twitter:label1\" content=\"Escrito por\" \/>\n\t<meta name=\"twitter:data1\" content=\"admin\" \/>\n\t<meta name=\"twitter:label2\" content=\"Tiempo de lectura\" \/>\n\t<meta name=\"twitter:data2\" content=\"3 minutos\" \/>\n<script type=\"application\/ld+json\" class=\"yoast-schema-graph\">{\"@context\":\"https:\/\/schema.org\",\"@graph\":[{\"@type\":\"Article\",\"@id\":\"https:\/\/acompanyamentfamiliar.com\/es\/articulos\/el-bullying-es-cosa-de-todxs\/#article\",\"isPartOf\":{\"@id\":\"https:\/\/acompanyamentfamiliar.com\/es\/articulos\/el-bullying-es-cosa-de-todxs\/\"},\"author\":{\"name\":\"admin\",\"@id\":\"https:\/\/acompanyamentfamiliar.com\/es\/#\/schema\/person\/2cd1d7b797c09f8e73d0ab6b36585040\"},\"headline\":\"\u00a1EL BULLYING ES COSA DE TODXS!\",\"datePublished\":\"2018-05-03T12:57:00+00:00\",\"dateModified\":\"2025-04-13T12:57:55+00:00\",\"mainEntityOfPage\":{\"@id\":\"https:\/\/acompanyamentfamiliar.com\/es\/articulos\/el-bullying-es-cosa-de-todxs\/\"},\"wordCount\":657,\"publisher\":{\"@id\":\"https:\/\/acompanyamentfamiliar.com\/es\/#organization\"},\"image\":{\"@id\":\"https:\/\/acompanyamentfamiliar.com\/es\/articulos\/el-bullying-es-cosa-de-todxs\/#primaryimage\"},\"thumbnailUrl\":\"https:\/\/acompanyamentfamiliar.com\/wp-content\/uploads\/2018\/05\/bullying-cosa-de-todos.jpg\",\"articleSection\":[\"Art\u00edculos\"],\"inLanguage\":\"es\"},{\"@type\":\"WebPage\",\"@id\":\"https:\/\/acompanyamentfamiliar.com\/es\/articulos\/el-bullying-es-cosa-de-todxs\/\",\"url\":\"https:\/\/acompanyamentfamiliar.com\/es\/articulos\/el-bullying-es-cosa-de-todxs\/\",\"name\":\"\u00a1EL BULLYING ES COSA DE TODXS! - Acompanyament Familiar\",\"isPartOf\":{\"@id\":\"https:\/\/acompanyamentfamiliar.com\/es\/#website\"},\"primaryImageOfPage\":{\"@id\":\"https:\/\/acompanyamentfamiliar.com\/es\/articulos\/el-bullying-es-cosa-de-todxs\/#primaryimage\"},\"image\":{\"@id\":\"https:\/\/acompanyamentfamiliar.com\/es\/articulos\/el-bullying-es-cosa-de-todxs\/#primaryimage\"},\"thumbnailUrl\":\"https:\/\/acompanyamentfamiliar.com\/wp-content\/uploads\/2018\/05\/bullying-cosa-de-todos.jpg\",\"datePublished\":\"2018-05-03T12:57:00+00:00\",\"dateModified\":\"2025-04-13T12:57:55+00:00\",\"breadcrumb\":{\"@id\":\"https:\/\/acompanyamentfamiliar.com\/es\/articulos\/el-bullying-es-cosa-de-todxs\/#breadcrumb\"},\"inLanguage\":\"es\",\"potentialAction\":[{\"@type\":\"ReadAction\",\"target\":[\"https:\/\/acompanyamentfamiliar.com\/es\/articulos\/el-bullying-es-cosa-de-todxs\/\"]}]},{\"@type\":\"ImageObject\",\"inLanguage\":\"es\",\"@id\":\"https:\/\/acompanyamentfamiliar.com\/es\/articulos\/el-bullying-es-cosa-de-todxs\/#primaryimage\",\"url\":\"https:\/\/acompanyamentfamiliar.com\/wp-content\/uploads\/2018\/05\/bullying-cosa-de-todos.jpg\",\"contentUrl\":\"https:\/\/acompanyamentfamiliar.com\/wp-content\/uploads\/2018\/05\/bullying-cosa-de-todos.jpg\",\"width\":300,\"height\":149,\"caption\":\"Bullying es cosa de todos Blog Acompanyament Familiar\"},{\"@type\":\"BreadcrumbList\",\"@id\":\"https:\/\/acompanyamentfamiliar.com\/es\/articulos\/el-bullying-es-cosa-de-todxs\/#breadcrumb\",\"itemListElement\":[{\"@type\":\"ListItem\",\"position\":1,\"name\":\"Portada\",\"item\":\"https:\/\/acompanyamentfamiliar.com\/es\/\"},{\"@type\":\"ListItem\",\"position\":2,\"name\":\"\u00a1EL BULLYING ES COSA DE TODXS!\"}]},{\"@type\":\"WebSite\",\"@id\":\"https:\/\/acompanyamentfamiliar.com\/es\/#website\",\"url\":\"https:\/\/acompanyamentfamiliar.com\/es\/\",\"name\":\"Acompanyament Familiar\",\"description\":\"Psic\u00f3logas en Barcelona: Acompa\u00f1amiento familiar\",\"publisher\":{\"@id\":\"https:\/\/acompanyamentfamiliar.com\/es\/#organization\"},\"potentialAction\":[{\"@type\":\"SearchAction\",\"target\":{\"@type\":\"EntryPoint\",\"urlTemplate\":\"https:\/\/acompanyamentfamiliar.com\/es\/?s={search_term_string}\"},\"query-input\":{\"@type\":\"PropertyValueSpecification\",\"valueRequired\":true,\"valueName\":\"search_term_string\"}}],\"inLanguage\":\"es\"},{\"@type\":\"Organization\",\"@id\":\"https:\/\/acompanyamentfamiliar.com\/es\/#organization\",\"name\":\"Acompanyament Familiar\",\"url\":\"https:\/\/acompanyamentfamiliar.com\/es\/\",\"logo\":{\"@type\":\"ImageObject\",\"inLanguage\":\"es\",\"@id\":\"https:\/\/acompanyamentfamiliar.com\/es\/#\/schema\/logo\/image\/\",\"url\":\"https:\/\/acompanyamentfamiliar.com\/wp-content\/uploads\/2025\/03\/logo_acompanyamnet_familiar.png\",\"contentUrl\":\"https:\/\/acompanyamentfamiliar.com\/wp-content\/uploads\/2025\/03\/logo_acompanyamnet_familiar.png\",\"width\":241,\"height\":126,\"caption\":\"Acompanyament Familiar\"},\"image\":{\"@id\":\"https:\/\/acompanyamentfamiliar.com\/es\/#\/schema\/logo\/image\/\"}},{\"@type\":\"Person\",\"@id\":\"https:\/\/acompanyamentfamiliar.com\/es\/#\/schema\/person\/2cd1d7b797c09f8e73d0ab6b36585040\",\"name\":\"admin\",\"image\":{\"@type\":\"ImageObject\",\"inLanguage\":\"es\",\"@id\":\"https:\/\/acompanyamentfamiliar.com\/es\/#\/schema\/person\/image\/\",\"url\":\"https:\/\/secure.gravatar.com\/avatar\/073937bd7f1a8c2904d9fa1ec5e3919f37a465744fcb187f31d4ddf76bcbd0d0?s=96&d=mm&r=g\",\"contentUrl\":\"https:\/\/secure.gravatar.com\/avatar\/073937bd7f1a8c2904d9fa1ec5e3919f37a465744fcb187f31d4ddf76bcbd0d0?s=96&d=mm&r=g\",\"caption\":\"admin\"},\"sameAs\":[\"https:\/\/acompanyamentfamiliar.com\"],\"url\":\"https:\/\/acompanyamentfamiliar.com\/es\/author\/admin\/\"}]}<\/script>\n<!-- \/ Yoast SEO plugin. -->","yoast_head_json":{"title":"\u00a1EL BULLYING ES COSA DE TODXS! - Acompanyament Familiar","robots":{"index":"index","follow":"follow","max-snippet":"max-snippet:-1","max-image-preview":"max-image-preview:large","max-video-preview":"max-video-preview:-1"},"canonical":"https:\/\/acompanyamentfamiliar.com\/es\/articulos\/el-bullying-es-cosa-de-todxs\/","og_locale":"es_ES","og_type":"article","og_title":"\u00a1EL BULLYING ES COSA DE TODXS! - Acompanyament Familiar","og_description":"El 2 de Mayo fue el&nbsp;D\u00eda Mundial de la Lucha Contra el Bullying y el Acoso Escolar, y qu\u00e9 mejor para poder hablar de ello que poder escribir un art\u00edculo para visibilizar la grave situaci\u00f3n que, d\u00eda tras d\u00eda, sufren muchos ni\u00f1xs en el entorno escolar.&nbsp;El bullying es un abuso reiterado, una burla invisible para [&hellip;]","og_url":"https:\/\/acompanyamentfamiliar.com\/es\/articulos\/el-bullying-es-cosa-de-todxs\/","og_site_name":"Acompanyament Familiar","article_published_time":"2018-05-03T12:57:00+00:00","article_modified_time":"2025-04-13T12:57:55+00:00","og_image":[{"width":300,"height":149,"url":"https:\/\/acompanyamentfamiliar.com\/wp-content\/uploads\/2018\/05\/bullying-cosa-de-todos.jpg","type":"image\/jpeg"}],"author":"admin","twitter_card":"summary_large_image","twitter_misc":{"Escrito por":"admin","Tiempo de lectura":"3 minutos"},"schema":{"@context":"https:\/\/schema.org","@graph":[{"@type":"Article","@id":"https:\/\/acompanyamentfamiliar.com\/es\/articulos\/el-bullying-es-cosa-de-todxs\/#article","isPartOf":{"@id":"https:\/\/acompanyamentfamiliar.com\/es\/articulos\/el-bullying-es-cosa-de-todxs\/"},"author":{"name":"admin","@id":"https:\/\/acompanyamentfamiliar.com\/es\/#\/schema\/person\/2cd1d7b797c09f8e73d0ab6b36585040"},"headline":"\u00a1EL BULLYING ES COSA DE TODXS!","datePublished":"2018-05-03T12:57:00+00:00","dateModified":"2025-04-13T12:57:55+00:00","mainEntityOfPage":{"@id":"https:\/\/acompanyamentfamiliar.com\/es\/articulos\/el-bullying-es-cosa-de-todxs\/"},"wordCount":657,"publisher":{"@id":"https:\/\/acompanyamentfamiliar.com\/es\/#organization"},"image":{"@id":"https:\/\/acompanyamentfamiliar.com\/es\/articulos\/el-bullying-es-cosa-de-todxs\/#primaryimage"},"thumbnailUrl":"https:\/\/acompanyamentfamiliar.com\/wp-content\/uploads\/2018\/05\/bullying-cosa-de-todos.jpg","articleSection":["Art\u00edculos"],"inLanguage":"es"},{"@type":"WebPage","@id":"https:\/\/acompanyamentfamiliar.com\/es\/articulos\/el-bullying-es-cosa-de-todxs\/","url":"https:\/\/acompanyamentfamiliar.com\/es\/articulos\/el-bullying-es-cosa-de-todxs\/","name":"\u00a1EL BULLYING ES COSA DE TODXS! - Acompanyament Familiar","isPartOf":{"@id":"https:\/\/acompanyamentfamiliar.com\/es\/#website"},"primaryImageOfPage":{"@id":"https:\/\/acompanyamentfamiliar.com\/es\/articulos\/el-bullying-es-cosa-de-todxs\/#primaryimage"},"image":{"@id":"https:\/\/acompanyamentfamiliar.com\/es\/articulos\/el-bullying-es-cosa-de-todxs\/#primaryimage"},"thumbnailUrl":"https:\/\/acompanyamentfamiliar.com\/wp-content\/uploads\/2018\/05\/bullying-cosa-de-todos.jpg","datePublished":"2018-05-03T12:57:00+00:00","dateModified":"2025-04-13T12:57:55+00:00","breadcrumb":{"@id":"https:\/\/acompanyamentfamiliar.com\/es\/articulos\/el-bullying-es-cosa-de-todxs\/#breadcrumb"},"inLanguage":"es","potentialAction":[{"@type":"ReadAction","target":["https:\/\/acompanyamentfamiliar.com\/es\/articulos\/el-bullying-es-cosa-de-todxs\/"]}]},{"@type":"ImageObject","inLanguage":"es","@id":"https:\/\/acompanyamentfamiliar.com\/es\/articulos\/el-bullying-es-cosa-de-todxs\/#primaryimage","url":"https:\/\/acompanyamentfamiliar.com\/wp-content\/uploads\/2018\/05\/bullying-cosa-de-todos.jpg","contentUrl":"https:\/\/acompanyamentfamiliar.com\/wp-content\/uploads\/2018\/05\/bullying-cosa-de-todos.jpg","width":300,"height":149,"caption":"Bullying es cosa de todos Blog Acompanyament Familiar"},{"@type":"BreadcrumbList","@id":"https:\/\/acompanyamentfamiliar.com\/es\/articulos\/el-bullying-es-cosa-de-todxs\/#breadcrumb","itemListElement":[{"@type":"ListItem","position":1,"name":"Portada","item":"https:\/\/acompanyamentfamiliar.com\/es\/"},{"@type":"ListItem","position":2,"name":"\u00a1EL BULLYING ES COSA DE TODXS!"}]},{"@type":"WebSite","@id":"https:\/\/acompanyamentfamiliar.com\/es\/#website","url":"https:\/\/acompanyamentfamiliar.com\/es\/","name":"Acompanyament Familiar","description":"Psic\u00f3logas en Barcelona: Acompa\u00f1amiento familiar","publisher":{"@id":"https:\/\/acompanyamentfamiliar.com\/es\/#organization"},"potentialAction":[{"@type":"SearchAction","target":{"@type":"EntryPoint","urlTemplate":"https:\/\/acompanyamentfamiliar.com\/es\/?s={search_term_string}"},"query-input":{"@type":"PropertyValueSpecification","valueRequired":true,"valueName":"search_term_string"}}],"inLanguage":"es"},{"@type":"Organization","@id":"https:\/\/acompanyamentfamiliar.com\/es\/#organization","name":"Acompanyament Familiar","url":"https:\/\/acompanyamentfamiliar.com\/es\/","logo":{"@type":"ImageObject","inLanguage":"es","@id":"https:\/\/acompanyamentfamiliar.com\/es\/#\/schema\/logo\/image\/","url":"https:\/\/acompanyamentfamiliar.com\/wp-content\/uploads\/2025\/03\/logo_acompanyamnet_familiar.png","contentUrl":"https:\/\/acompanyamentfamiliar.com\/wp-content\/uploads\/2025\/03\/logo_acompanyamnet_familiar.png","width":241,"height":126,"caption":"Acompanyament Familiar"},"image":{"@id":"https:\/\/acompanyamentfamiliar.com\/es\/#\/schema\/logo\/image\/"}},{"@type":"Person","@id":"https:\/\/acompanyamentfamiliar.com\/es\/#\/schema\/person\/2cd1d7b797c09f8e73d0ab6b36585040","name":"admin","image":{"@type":"ImageObject","inLanguage":"es","@id":"https:\/\/acompanyamentfamiliar.com\/es\/#\/schema\/person\/image\/","url":"https:\/\/secure.gravatar.com\/avatar\/073937bd7f1a8c2904d9fa1ec5e3919f37a465744fcb187f31d4ddf76bcbd0d0?s=96&d=mm&r=g","contentUrl":"https:\/\/secure.gravatar.com\/avatar\/073937bd7f1a8c2904d9fa1ec5e3919f37a465744fcb187f31d4ddf76bcbd0d0?s=96&d=mm&r=g","caption":"admin"},"sameAs":["https:\/\/acompanyamentfamiliar.com"],"url":"https:\/\/acompanyamentfamiliar.com\/es\/author\/admin\/"}]}},"_links":{"self":[{"href":"https:\/\/acompanyamentfamiliar.com\/es\/wp-json\/wp\/v2\/posts\/1149","targetHints":{"allow":["GET"]}}],"collection":[{"href":"https:\/\/acompanyamentfamiliar.com\/es\/wp-json\/wp\/v2\/posts"}],"about":[{"href":"https:\/\/acompanyamentfamiliar.com\/es\/wp-json\/wp\/v2\/types\/post"}],"author":[{"embeddable":true,"href":"https:\/\/acompanyamentfamiliar.com\/es\/wp-json\/wp\/v2\/users\/1"}],"replies":[{"embeddable":true,"href":"https:\/\/acompanyamentfamiliar.com\/es\/wp-json\/wp\/v2\/comments?post=1149"}],"version-history":[{"count":1,"href":"https:\/\/acompanyamentfamiliar.com\/es\/wp-json\/wp\/v2\/posts\/1149\/revisions"}],"predecessor-version":[{"id":1150,"href":"https:\/\/acompanyamentfamiliar.com\/es\/wp-json\/wp\/v2\/posts\/1149\/revisions\/1150"}],"wp:featuredmedia":[{"embeddable":true,"href":"https:\/\/acompanyamentfamiliar.com\/es\/wp-json\/wp\/v2\/media\/1151"}],"wp:attachment":[{"href":"https:\/\/acompanyamentfamiliar.com\/es\/wp-json\/wp\/v2\/media?parent=1149"}],"wp:term":[{"taxonomy":"category","embeddable":true,"href":"https:\/\/acompanyamentfamiliar.com\/es\/wp-json\/wp\/v2\/categories?post=1149"},{"taxonomy":"post_tag","embeddable":true,"href":"https:\/\/acompanyamentfamiliar.com\/es\/wp-json\/wp\/v2\/tags?post=1149"}],"curies":[{"name":"wp","href":"https:\/\/api.w.org\/{rel}","templated":true}]}}