{"id":1153,"date":"2017-08-18T12:58:00","date_gmt":"2017-08-18T12:58:00","guid":{"rendered":"https:\/\/acompanyamentfamiliar.com\/?p=1153"},"modified":"2025-04-13T12:59:14","modified_gmt":"2025-04-13T12:59:14","slug":"como-hablar-de-los-atentados-a-las-criaturas","status":"publish","type":"post","link":"https:\/\/acompanyamentfamiliar.com\/es\/articulos\/como-hablar-de-los-atentados-a-las-criaturas\/","title":{"rendered":"\u00bfC\u00d3MO HABLAR DE LOS ATENTADOS A LAS CRIATURAS?"},"content":{"rendered":"\n<p>Ante los hechos sucedidos en las \u00faltimas horas tanto en Barcelona como en Cambrils, se me genera el compromiso de poder escribir un peque\u00f1o art\u00edculo que sirva como&nbsp;<strong>herramienta orientativa<\/strong>&nbsp;a las fam\u00edlias con ni\u00f1xs para poder as\u00ed hablarles del tema que, seguramente, est\u00e1 el boca y coraz\u00f3n de todos y todas.<\/p>\n\n\n\n<p>La consternaci\u00f3n es evidente, a la vez que es necesario recordar que lxs ni\u00f1xs son el linaje m\u00e1s inmediato para nuestro mundo y es de suma importancia poder cuidar los valores y los mensajes que les transmitimos ante los hechos vividos.<\/p>\n\n\n\n<p>A continuaci\u00f3n presento una serie de puntos que no pretenden ser una gu\u00eda \u00fanica, sino que tienen la finalidad de orientar a las personas adultas en el momento de hablar con nuestrxs hijos sobre los atentados de las pasadas horas, para poder hacerlo de una forma respetuosa y adecuada para ellxs.<\/p>\n\n\n\n<ul class=\"wp-block-list\">\n<li>En primer lugar es importante\u00a0<strong>no exponerles a las im\u00e1genes y v\u00eddeos<\/strong>\u00a0que circulan tanto por los medios de comunicaci\u00f3n como por las redes sociales. El impacto que producen es acusado incluso en las personas adultas, as\u00ed que cabe imaginar que en ellxs la sensaci\u00f3n de alarmismo, urgencia y p\u00e1nico que reflejan, supera su capacidad para poder clasificar lo que ven. En adolescentes, que ya poseen una capacidad abstractiva y una madurez m\u00e1s asentada, el enfoque puede ser parecido al que utilizar\u00edamos con una persona adulta joven, puesto que son m\u00e1s capaces de comprender situaciones de este calibre. Es importante estar atentas a no herir su sensibilidad y no forzarles a saber m\u00e1s de aquello que quieren y pueden sostener.<\/li>\n\n\n\n<li>Siguiendo con el punto anterior,\u00a0<strong>antes de hablar con lxs ni\u00f1xs, es importante que les demos la palabra a ellxs primero<\/strong>. Es decir, que debemos preguntarles primero qu\u00e9 es lo que creen que sucede, si alguien les ha explicado algo, si han escuchado algo en referencia a la situaci\u00f3n, etc. Esto nos puede dar una orientaci\u00f3n de hasta donde han procesado la informaci\u00f3n, o hasta donde llega su inter\u00e9s en la materia.\u00a0<strong>No hace falta tener prisa para que comprendan nada<\/strong>. De hecho, a muchas personas adultas nos cuesta comprender por qu\u00e9 suceden este tipo de situaciones. Ellxs tienen toda una Vida por delante, y estoy segura que ya les llegar\u00e1 el momento cognitivo y emocional adecuado para que les podemos compartir que es realmente un atentado terrorista.<\/li>\n\n\n\n<li>En base a su edad, podemos propiciar una informaci\u00f3n, o bien otra. Para ni\u00f1xs\u00a0<strong>menores de 10 a\u00f1os (aprox.)<\/strong>\u00a0es b\u00e1sico ser prudentes al nombrar y transmitir cierto tipo de informaci\u00f3n. Hablar de guerra, terrorismo, atentado, explosivos, etc. puede estar fuera de lugar. Una vez hechas las preguntas para ver qu\u00e9 saben y hasta que punto les interesa el tema, podemos explicarles que \u201c<em>han habido unas personas que estaban muy enfadadas y han querido da\u00f1ar a la gente que caminaba por la calle. \u00a1A algunas de ellas les han hecho mucho da\u00f1o! I ahora estamos todxs muy tristes y preocupadxs<\/em>\u201d. Si lx ni\u00f1x pregunta por qu\u00e9 quer\u00edan hacer da\u00f1o a lxs dem\u00e1s, le puedes argumentar que \u201c<em>a veces las personas pensamos distinto, \u00bfverdad? Pues estas personas que han hecho da\u00f1o piensan distinto a la gran mayor\u00eda y nos lo han querido explicar haci\u00e9ndonos da\u00f1o<\/em>\u201d. Todxs lxs ni\u00f1xs han vivido momentos de conflicto con iguales, con hermanxs, etc. Puedes aprovechar sus vivencias para ponerle un ejemplo que le ayude a comprender este tipo de diferencias. Por ejemplo: \u201c<em>\u00bfverdad que a veces Jose se ha enfadado porqu\u00e9 quer\u00eda tu bicicleta? Y t\u00fa, alg\u00fan d\u00eda, le has pegado y le has hecho da\u00f1o, \u00bfrecuerdas? Pues lo que ha pasado hoy a Barcelona\/Cambrils es que unas personas muy enfadadas han hecho mucho da\u00f1o a otras<\/em>\u201d. A partir de aqu\u00ed ya es dif\u00edcil de profundizar con lxs ni\u00f1xs. Por qu\u00e9 los terroristas lo han hecho es una respuesta tan compleja, que hasta me cuesta respond\u00e9rmela a m\u00ed misma. Y, de hecho, as\u00ed mismo se lo podemos trasmitir a lxs ni\u00f1xs: no es necesario que tengamos todas las respuestas a sus preguntas. Las personas adultas tambi\u00e9n dudamos, no lo sabemos todo, nos afectan las situaciones, etc. y as\u00ed y todo, debemos seguir siendo las personas adultas de referencia para poderles acompa\u00f1ar y sostener cuando nos necesiten.<\/li>\n\n\n\n<li>Cuando\u00a0<strong>lxs ni\u00f1xs sean m\u00e1s mayores, ya est\u00e1n m\u00e1s preparados para que les podamos hablar del conflicto real, adecuando siempre, eso s\u00ed, nuestro lenguaje a su edad e intereses<\/strong>. Para acompa\u00f1ar nuestras explicaciones podemos acudir, por ejemplo, a un mapamundi para contarles las guerras que est\u00e1n habiendo -y que ha habido- en relaci\u00f3n a los conflictos de Oriente Pr\u00f3ximo; les podemos hablar de los intereses petrol\u00edferos de los pa\u00edses que se llaman del 1er mundo; del maltrato constante que sufren las zonas del mundo que viven en guerra constante; del conflicto de los refugiados y de S\u00edria, etc. No hace falta que todo esto llegue como una clase magistral, sino que en funci\u00f3n de su edad y de sus ganas de saber y de escuchar, podemos ir hablando del tema lentamente. El que si que es importante es que comprendan que en una guerra como la que se vive a nivel mundial,\u00a0<strong>todo el mundo sufre<\/strong>. Que ahora nos ha tocado m\u00e1s cerca de nuestra casa, pero que esto no significa que no haya otros lugares del mundo que lo viven diariamente. Que las guerras son ocasionadas por diferencias entre estados, por anhelos de colonizaci\u00f3n, por privilegios falsos que unos cuantos se otorgan en detrimento de muchos otros. Cuanto m\u00e1s informadas y cr\u00edticas estemos, m\u00e1s informaci\u00f3n veraz les podremos facilitar a nuestrxs hijxs mayores.<\/li>\n\n\n\n<li>Es importante\u00a0<strong>que intentemos mantener la serenidad en el momento de transmitir todas estas informaciones<\/strong>. Lxs ni\u00f1xs absorben los ideales y actitudes de las personas adultas que les rodean, y esto hace que seamos grandes responsables de todo aquello que sembramos en las futuras generaciones. Es muy com\u00fan que ante un ataque terrorista is\u00e1mico, el racismo y el odio se expandan y ti\u00f1an los comentarios cuotidianos. Es imprescindible que pensemos que hay much\u00edsima m\u00e1s gente que quiere la PAZ, que no la que quiere la guerra. Que la inmensa mayor\u00eda de personas que practican el islam condenan los atentados y apoyan a las v\u00edctimas y lxs afectadxs ( a lxs ni\u00f1xs m\u00e1s mayores les podemos ense\u00f1ar las cartas que diversas comunidades isl\u00e1micas han redactado al respeto). Es importante tomar un voto de prudencia y de coherencia para que no nos trague el monstruo del miedo que todo lo ti\u00f1e y que, a nuestro pesar, puede llegar hasta nuestros hijos e hijas. La forma como vivamos en nuestra propia piel todas estas ideas y conceptos impregnar\u00e1 la forma con la cual transmitiremos los mensajes a nuestrxs hijos.\u00a0<strong>Como personas adultas: \u00bfqueremos abonar un futuro donde prime el odio, la venganza y el miedo? \u00bfO ayudaremos a promover culturas de paz, respeto, tolerancia y amor?<\/strong>\u00a0El activismo es algo que lxs ni\u00f1xs deber\u00e1n escoger a medida que se hagan mayores. Dej\u00e9moles gozar de su inocencia en la Vida y procuremos ubicar cada cosa en su lugar. Aquello que las personas adultas debamos transformar para tener un mundo mejor que dejar, no les incumbe a ellxs todav\u00eda. \u00a1Seamos ordenadxs!<\/li>\n<\/ul>\n\n\n\n<p>Para cualquier duda, pregunta o comentario, \u00a1no dudes en escribir.<\/p>\n\n\n\n<p>Mucha LUZ para todas las v\u00edctimas, directas e indirectas, de este atentado.&nbsp;<strong>Acompa\u00f1amiento Familiar pone a disposici\u00f3n un grupo GRATUITO de apoyo a las fam\u00edlias afectadas a partir de Setiembre.<\/strong><\/p>\n\n\n\n<p><strong>Elisenda Pascual i Mart\u00ed<\/strong><\/p>\n","protected":false},"excerpt":{"rendered":"<p>Ante los hechos sucedidos en las \u00faltimas horas tanto en Barcelona como en Cambrils, se me genera el compromiso de poder escribir un peque\u00f1o art\u00edculo que sirva como&nbsp;herramienta orientativa&nbsp;a las fam\u00edlias con ni\u00f1xs para poder as\u00ed hablarles del tema que, seguramente, est\u00e1 el boca y coraz\u00f3n de todos y todas. La consternaci\u00f3n es evidente, a [&hellip;]<\/p>\n","protected":false},"author":1,"featured_media":1155,"comment_status":"closed","ping_status":"closed","sticky":false,"template":"","format":"standard","meta":{"footnotes":""},"categories":[9],"tags":[],"class_list":["post-1153","post","type-post","status-publish","format-standard","has-post-thumbnail","hentry","category-articulos"],"yoast_head":"<!-- This site is optimized with the Yoast SEO plugin v26.8 - https:\/\/yoast.com\/product\/yoast-seo-wordpress\/ -->\n<title>\u00bfC\u00d3MO HABLAR DE LOS ATENTADOS A LAS CRIATURAS? - Acompanyament Familiar<\/title>\n<meta name=\"robots\" content=\"index, follow, max-snippet:-1, max-image-preview:large, max-video-preview:-1\" \/>\n<link rel=\"canonical\" href=\"https:\/\/acompanyamentfamiliar.com\/es\/articulos\/como-hablar-de-los-atentados-a-las-criaturas\/\" \/>\n<meta property=\"og:locale\" content=\"es_ES\" \/>\n<meta property=\"og:type\" content=\"article\" \/>\n<meta property=\"og:title\" content=\"\u00bfC\u00d3MO HABLAR DE LOS ATENTADOS A LAS CRIATURAS? - Acompanyament Familiar\" \/>\n<meta property=\"og:description\" content=\"Ante los hechos sucedidos en las \u00faltimas horas tanto en Barcelona como en Cambrils, se me genera el compromiso de poder escribir un peque\u00f1o art\u00edculo que sirva como&nbsp;herramienta orientativa&nbsp;a las fam\u00edlias con ni\u00f1xs para poder as\u00ed hablarles del tema que, seguramente, est\u00e1 el boca y coraz\u00f3n de todos y todas. La consternaci\u00f3n es evidente, a [&hellip;]\" \/>\n<meta property=\"og:url\" content=\"https:\/\/acompanyamentfamiliar.com\/es\/articulos\/como-hablar-de-los-atentados-a-las-criaturas\/\" \/>\n<meta property=\"og:site_name\" content=\"Acompanyament Familiar\" \/>\n<meta property=\"article:published_time\" content=\"2017-08-18T12:58:00+00:00\" \/>\n<meta property=\"article:modified_time\" content=\"2025-04-13T12:59:14+00:00\" \/>\n<meta property=\"og:image\" content=\"https:\/\/acompanyamentfamiliar.com\/wp-content\/uploads\/2025\/04\/atentados-barcelona.jpg\" \/>\n\t<meta property=\"og:image:width\" content=\"300\" \/>\n\t<meta property=\"og:image:height\" content=\"149\" \/>\n\t<meta property=\"og:image:type\" content=\"image\/jpeg\" \/>\n<meta name=\"author\" content=\"admin\" \/>\n<meta name=\"twitter:card\" content=\"summary_large_image\" \/>\n<meta name=\"twitter:label1\" content=\"Escrito por\" \/>\n\t<meta name=\"twitter:data1\" content=\"admin\" \/>\n\t<meta name=\"twitter:label2\" content=\"Tiempo de lectura\" \/>\n\t<meta name=\"twitter:data2\" content=\"6 minutos\" \/>\n<script type=\"application\/ld+json\" class=\"yoast-schema-graph\">{\"@context\":\"https:\/\/schema.org\",\"@graph\":[{\"@type\":\"Article\",\"@id\":\"https:\/\/acompanyamentfamiliar.com\/es\/articulos\/como-hablar-de-los-atentados-a-las-criaturas\/#article\",\"isPartOf\":{\"@id\":\"https:\/\/acompanyamentfamiliar.com\/es\/articulos\/como-hablar-de-los-atentados-a-las-criaturas\/\"},\"author\":{\"name\":\"admin\",\"@id\":\"https:\/\/acompanyamentfamiliar.com\/es\/#\/schema\/person\/2cd1d7b797c09f8e73d0ab6b36585040\"},\"headline\":\"\u00bfC\u00d3MO HABLAR DE LOS ATENTADOS A LAS CRIATURAS?\",\"datePublished\":\"2017-08-18T12:58:00+00:00\",\"dateModified\":\"2025-04-13T12:59:14+00:00\",\"mainEntityOfPage\":{\"@id\":\"https:\/\/acompanyamentfamiliar.com\/es\/articulos\/como-hablar-de-los-atentados-a-las-criaturas\/\"},\"wordCount\":1337,\"publisher\":{\"@id\":\"https:\/\/acompanyamentfamiliar.com\/es\/#organization\"},\"image\":{\"@id\":\"https:\/\/acompanyamentfamiliar.com\/es\/articulos\/como-hablar-de-los-atentados-a-las-criaturas\/#primaryimage\"},\"thumbnailUrl\":\"https:\/\/acompanyamentfamiliar.com\/wp-content\/uploads\/2025\/04\/atentados-barcelona.jpg\",\"articleSection\":[\"Art\u00edculos\"],\"inLanguage\":\"es\"},{\"@type\":\"WebPage\",\"@id\":\"https:\/\/acompanyamentfamiliar.com\/es\/articulos\/como-hablar-de-los-atentados-a-las-criaturas\/\",\"url\":\"https:\/\/acompanyamentfamiliar.com\/es\/articulos\/como-hablar-de-los-atentados-a-las-criaturas\/\",\"name\":\"\u00bfC\u00d3MO HABLAR DE LOS ATENTADOS A LAS CRIATURAS? - Acompanyament Familiar\",\"isPartOf\":{\"@id\":\"https:\/\/acompanyamentfamiliar.com\/es\/#website\"},\"primaryImageOfPage\":{\"@id\":\"https:\/\/acompanyamentfamiliar.com\/es\/articulos\/como-hablar-de-los-atentados-a-las-criaturas\/#primaryimage\"},\"image\":{\"@id\":\"https:\/\/acompanyamentfamiliar.com\/es\/articulos\/como-hablar-de-los-atentados-a-las-criaturas\/#primaryimage\"},\"thumbnailUrl\":\"https:\/\/acompanyamentfamiliar.com\/wp-content\/uploads\/2025\/04\/atentados-barcelona.jpg\",\"datePublished\":\"2017-08-18T12:58:00+00:00\",\"dateModified\":\"2025-04-13T12:59:14+00:00\",\"breadcrumb\":{\"@id\":\"https:\/\/acompanyamentfamiliar.com\/es\/articulos\/como-hablar-de-los-atentados-a-las-criaturas\/#breadcrumb\"},\"inLanguage\":\"es\",\"potentialAction\":[{\"@type\":\"ReadAction\",\"target\":[\"https:\/\/acompanyamentfamiliar.com\/es\/articulos\/como-hablar-de-los-atentados-a-las-criaturas\/\"]}]},{\"@type\":\"ImageObject\",\"inLanguage\":\"es\",\"@id\":\"https:\/\/acompanyamentfamiliar.com\/es\/articulos\/como-hablar-de-los-atentados-a-las-criaturas\/#primaryimage\",\"url\":\"https:\/\/acompanyamentfamiliar.com\/wp-content\/uploads\/2025\/04\/atentados-barcelona.jpg\",\"contentUrl\":\"https:\/\/acompanyamentfamiliar.com\/wp-content\/uploads\/2025\/04\/atentados-barcelona.jpg\",\"width\":300,\"height\":149,\"caption\":\"\u00bfC\u00f3mo contar los atentados a los ni\u00f1xs? Blog Acompanyament Familiar\"},{\"@type\":\"BreadcrumbList\",\"@id\":\"https:\/\/acompanyamentfamiliar.com\/es\/articulos\/como-hablar-de-los-atentados-a-las-criaturas\/#breadcrumb\",\"itemListElement\":[{\"@type\":\"ListItem\",\"position\":1,\"name\":\"Portada\",\"item\":\"https:\/\/acompanyamentfamiliar.com\/es\/\"},{\"@type\":\"ListItem\",\"position\":2,\"name\":\"\u00bfC\u00d3MO HABLAR DE LOS ATENTADOS A LAS CRIATURAS?\"}]},{\"@type\":\"WebSite\",\"@id\":\"https:\/\/acompanyamentfamiliar.com\/es\/#website\",\"url\":\"https:\/\/acompanyamentfamiliar.com\/es\/\",\"name\":\"Acompanyament Familiar\",\"description\":\"Psic\u00f3logas en Barcelona: Acompa\u00f1amiento familiar\",\"publisher\":{\"@id\":\"https:\/\/acompanyamentfamiliar.com\/es\/#organization\"},\"potentialAction\":[{\"@type\":\"SearchAction\",\"target\":{\"@type\":\"EntryPoint\",\"urlTemplate\":\"https:\/\/acompanyamentfamiliar.com\/es\/?s={search_term_string}\"},\"query-input\":{\"@type\":\"PropertyValueSpecification\",\"valueRequired\":true,\"valueName\":\"search_term_string\"}}],\"inLanguage\":\"es\"},{\"@type\":\"Organization\",\"@id\":\"https:\/\/acompanyamentfamiliar.com\/es\/#organization\",\"name\":\"Acompanyament Familiar\",\"url\":\"https:\/\/acompanyamentfamiliar.com\/es\/\",\"logo\":{\"@type\":\"ImageObject\",\"inLanguage\":\"es\",\"@id\":\"https:\/\/acompanyamentfamiliar.com\/es\/#\/schema\/logo\/image\/\",\"url\":\"https:\/\/acompanyamentfamiliar.com\/wp-content\/uploads\/2025\/03\/logo_acompanyamnet_familiar.png\",\"contentUrl\":\"https:\/\/acompanyamentfamiliar.com\/wp-content\/uploads\/2025\/03\/logo_acompanyamnet_familiar.png\",\"width\":241,\"height\":126,\"caption\":\"Acompanyament Familiar\"},\"image\":{\"@id\":\"https:\/\/acompanyamentfamiliar.com\/es\/#\/schema\/logo\/image\/\"}},{\"@type\":\"Person\",\"@id\":\"https:\/\/acompanyamentfamiliar.com\/es\/#\/schema\/person\/2cd1d7b797c09f8e73d0ab6b36585040\",\"name\":\"admin\",\"image\":{\"@type\":\"ImageObject\",\"inLanguage\":\"es\",\"@id\":\"https:\/\/acompanyamentfamiliar.com\/es\/#\/schema\/person\/image\/\",\"url\":\"https:\/\/secure.gravatar.com\/avatar\/073937bd7f1a8c2904d9fa1ec5e3919f37a465744fcb187f31d4ddf76bcbd0d0?s=96&d=mm&r=g\",\"contentUrl\":\"https:\/\/secure.gravatar.com\/avatar\/073937bd7f1a8c2904d9fa1ec5e3919f37a465744fcb187f31d4ddf76bcbd0d0?s=96&d=mm&r=g\",\"caption\":\"admin\"},\"sameAs\":[\"https:\/\/acompanyamentfamiliar.com\"],\"url\":\"https:\/\/acompanyamentfamiliar.com\/es\/author\/admin\/\"}]}<\/script>\n<!-- \/ Yoast SEO plugin. -->","yoast_head_json":{"title":"\u00bfC\u00d3MO HABLAR DE LOS ATENTADOS A LAS CRIATURAS? - Acompanyament Familiar","robots":{"index":"index","follow":"follow","max-snippet":"max-snippet:-1","max-image-preview":"max-image-preview:large","max-video-preview":"max-video-preview:-1"},"canonical":"https:\/\/acompanyamentfamiliar.com\/es\/articulos\/como-hablar-de-los-atentados-a-las-criaturas\/","og_locale":"es_ES","og_type":"article","og_title":"\u00bfC\u00d3MO HABLAR DE LOS ATENTADOS A LAS CRIATURAS? - Acompanyament Familiar","og_description":"Ante los hechos sucedidos en las \u00faltimas horas tanto en Barcelona como en Cambrils, se me genera el compromiso de poder escribir un peque\u00f1o art\u00edculo que sirva como&nbsp;herramienta orientativa&nbsp;a las fam\u00edlias con ni\u00f1xs para poder as\u00ed hablarles del tema que, seguramente, est\u00e1 el boca y coraz\u00f3n de todos y todas. La consternaci\u00f3n es evidente, a [&hellip;]","og_url":"https:\/\/acompanyamentfamiliar.com\/es\/articulos\/como-hablar-de-los-atentados-a-las-criaturas\/","og_site_name":"Acompanyament Familiar","article_published_time":"2017-08-18T12:58:00+00:00","article_modified_time":"2025-04-13T12:59:14+00:00","og_image":[{"width":300,"height":149,"url":"https:\/\/acompanyamentfamiliar.com\/wp-content\/uploads\/2025\/04\/atentados-barcelona.jpg","type":"image\/jpeg"}],"author":"admin","twitter_card":"summary_large_image","twitter_misc":{"Escrito por":"admin","Tiempo de lectura":"6 minutos"},"schema":{"@context":"https:\/\/schema.org","@graph":[{"@type":"Article","@id":"https:\/\/acompanyamentfamiliar.com\/es\/articulos\/como-hablar-de-los-atentados-a-las-criaturas\/#article","isPartOf":{"@id":"https:\/\/acompanyamentfamiliar.com\/es\/articulos\/como-hablar-de-los-atentados-a-las-criaturas\/"},"author":{"name":"admin","@id":"https:\/\/acompanyamentfamiliar.com\/es\/#\/schema\/person\/2cd1d7b797c09f8e73d0ab6b36585040"},"headline":"\u00bfC\u00d3MO HABLAR DE LOS ATENTADOS A LAS CRIATURAS?","datePublished":"2017-08-18T12:58:00+00:00","dateModified":"2025-04-13T12:59:14+00:00","mainEntityOfPage":{"@id":"https:\/\/acompanyamentfamiliar.com\/es\/articulos\/como-hablar-de-los-atentados-a-las-criaturas\/"},"wordCount":1337,"publisher":{"@id":"https:\/\/acompanyamentfamiliar.com\/es\/#organization"},"image":{"@id":"https:\/\/acompanyamentfamiliar.com\/es\/articulos\/como-hablar-de-los-atentados-a-las-criaturas\/#primaryimage"},"thumbnailUrl":"https:\/\/acompanyamentfamiliar.com\/wp-content\/uploads\/2025\/04\/atentados-barcelona.jpg","articleSection":["Art\u00edculos"],"inLanguage":"es"},{"@type":"WebPage","@id":"https:\/\/acompanyamentfamiliar.com\/es\/articulos\/como-hablar-de-los-atentados-a-las-criaturas\/","url":"https:\/\/acompanyamentfamiliar.com\/es\/articulos\/como-hablar-de-los-atentados-a-las-criaturas\/","name":"\u00bfC\u00d3MO HABLAR DE LOS ATENTADOS A LAS CRIATURAS? - Acompanyament Familiar","isPartOf":{"@id":"https:\/\/acompanyamentfamiliar.com\/es\/#website"},"primaryImageOfPage":{"@id":"https:\/\/acompanyamentfamiliar.com\/es\/articulos\/como-hablar-de-los-atentados-a-las-criaturas\/#primaryimage"},"image":{"@id":"https:\/\/acompanyamentfamiliar.com\/es\/articulos\/como-hablar-de-los-atentados-a-las-criaturas\/#primaryimage"},"thumbnailUrl":"https:\/\/acompanyamentfamiliar.com\/wp-content\/uploads\/2025\/04\/atentados-barcelona.jpg","datePublished":"2017-08-18T12:58:00+00:00","dateModified":"2025-04-13T12:59:14+00:00","breadcrumb":{"@id":"https:\/\/acompanyamentfamiliar.com\/es\/articulos\/como-hablar-de-los-atentados-a-las-criaturas\/#breadcrumb"},"inLanguage":"es","potentialAction":[{"@type":"ReadAction","target":["https:\/\/acompanyamentfamiliar.com\/es\/articulos\/como-hablar-de-los-atentados-a-las-criaturas\/"]}]},{"@type":"ImageObject","inLanguage":"es","@id":"https:\/\/acompanyamentfamiliar.com\/es\/articulos\/como-hablar-de-los-atentados-a-las-criaturas\/#primaryimage","url":"https:\/\/acompanyamentfamiliar.com\/wp-content\/uploads\/2025\/04\/atentados-barcelona.jpg","contentUrl":"https:\/\/acompanyamentfamiliar.com\/wp-content\/uploads\/2025\/04\/atentados-barcelona.jpg","width":300,"height":149,"caption":"\u00bfC\u00f3mo contar los atentados a los ni\u00f1xs? Blog Acompanyament Familiar"},{"@type":"BreadcrumbList","@id":"https:\/\/acompanyamentfamiliar.com\/es\/articulos\/como-hablar-de-los-atentados-a-las-criaturas\/#breadcrumb","itemListElement":[{"@type":"ListItem","position":1,"name":"Portada","item":"https:\/\/acompanyamentfamiliar.com\/es\/"},{"@type":"ListItem","position":2,"name":"\u00bfC\u00d3MO HABLAR DE LOS ATENTADOS A LAS CRIATURAS?"}]},{"@type":"WebSite","@id":"https:\/\/acompanyamentfamiliar.com\/es\/#website","url":"https:\/\/acompanyamentfamiliar.com\/es\/","name":"Acompanyament Familiar","description":"Psic\u00f3logas en Barcelona: Acompa\u00f1amiento familiar","publisher":{"@id":"https:\/\/acompanyamentfamiliar.com\/es\/#organization"},"potentialAction":[{"@type":"SearchAction","target":{"@type":"EntryPoint","urlTemplate":"https:\/\/acompanyamentfamiliar.com\/es\/?s={search_term_string}"},"query-input":{"@type":"PropertyValueSpecification","valueRequired":true,"valueName":"search_term_string"}}],"inLanguage":"es"},{"@type":"Organization","@id":"https:\/\/acompanyamentfamiliar.com\/es\/#organization","name":"Acompanyament Familiar","url":"https:\/\/acompanyamentfamiliar.com\/es\/","logo":{"@type":"ImageObject","inLanguage":"es","@id":"https:\/\/acompanyamentfamiliar.com\/es\/#\/schema\/logo\/image\/","url":"https:\/\/acompanyamentfamiliar.com\/wp-content\/uploads\/2025\/03\/logo_acompanyamnet_familiar.png","contentUrl":"https:\/\/acompanyamentfamiliar.com\/wp-content\/uploads\/2025\/03\/logo_acompanyamnet_familiar.png","width":241,"height":126,"caption":"Acompanyament Familiar"},"image":{"@id":"https:\/\/acompanyamentfamiliar.com\/es\/#\/schema\/logo\/image\/"}},{"@type":"Person","@id":"https:\/\/acompanyamentfamiliar.com\/es\/#\/schema\/person\/2cd1d7b797c09f8e73d0ab6b36585040","name":"admin","image":{"@type":"ImageObject","inLanguage":"es","@id":"https:\/\/acompanyamentfamiliar.com\/es\/#\/schema\/person\/image\/","url":"https:\/\/secure.gravatar.com\/avatar\/073937bd7f1a8c2904d9fa1ec5e3919f37a465744fcb187f31d4ddf76bcbd0d0?s=96&d=mm&r=g","contentUrl":"https:\/\/secure.gravatar.com\/avatar\/073937bd7f1a8c2904d9fa1ec5e3919f37a465744fcb187f31d4ddf76bcbd0d0?s=96&d=mm&r=g","caption":"admin"},"sameAs":["https:\/\/acompanyamentfamiliar.com"],"url":"https:\/\/acompanyamentfamiliar.com\/es\/author\/admin\/"}]}},"_links":{"self":[{"href":"https:\/\/acompanyamentfamiliar.com\/es\/wp-json\/wp\/v2\/posts\/1153","targetHints":{"allow":["GET"]}}],"collection":[{"href":"https:\/\/acompanyamentfamiliar.com\/es\/wp-json\/wp\/v2\/posts"}],"about":[{"href":"https:\/\/acompanyamentfamiliar.com\/es\/wp-json\/wp\/v2\/types\/post"}],"author":[{"embeddable":true,"href":"https:\/\/acompanyamentfamiliar.com\/es\/wp-json\/wp\/v2\/users\/1"}],"replies":[{"embeddable":true,"href":"https:\/\/acompanyamentfamiliar.com\/es\/wp-json\/wp\/v2\/comments?post=1153"}],"version-history":[{"count":1,"href":"https:\/\/acompanyamentfamiliar.com\/es\/wp-json\/wp\/v2\/posts\/1153\/revisions"}],"predecessor-version":[{"id":1154,"href":"https:\/\/acompanyamentfamiliar.com\/es\/wp-json\/wp\/v2\/posts\/1153\/revisions\/1154"}],"wp:featuredmedia":[{"embeddable":true,"href":"https:\/\/acompanyamentfamiliar.com\/es\/wp-json\/wp\/v2\/media\/1155"}],"wp:attachment":[{"href":"https:\/\/acompanyamentfamiliar.com\/es\/wp-json\/wp\/v2\/media?parent=1153"}],"wp:term":[{"taxonomy":"category","embeddable":true,"href":"https:\/\/acompanyamentfamiliar.com\/es\/wp-json\/wp\/v2\/categories?post=1153"},{"taxonomy":"post_tag","embeddable":true,"href":"https:\/\/acompanyamentfamiliar.com\/es\/wp-json\/wp\/v2\/tags?post=1153"}],"curies":[{"name":"wp","href":"https:\/\/api.w.org\/{rel}","templated":true}]}}