{"id":1157,"date":"2017-10-22T12:59:00","date_gmt":"2017-10-22T12:59:00","guid":{"rendered":"https:\/\/acompanyamentfamiliar.com\/?p=1157"},"modified":"2025-04-13T19:31:25","modified_gmt":"2025-04-13T19:31:25","slug":"politica-y-crianza","status":"publish","type":"post","link":"https:\/\/acompanyamentfamiliar.com\/es\/articulos\/politica-y-crianza\/","title":{"rendered":"POL\u00cdTICA Y CRIANZA"},"content":{"rendered":"\n<p>Estamos en un momento de mucho caos (ergo muchas posibilidades). La sociedad se levanta y se pronuncia sobre temas pol\u00edticos de una forma que hac\u00eda a\u00f1os que no se ve\u00eda. Manifestaciones, caceroladas, reivindicaciones, etc. Los \u00e1nimos est\u00e1n caldeados, sea por los motivos que sea y esto, evindentemente, llega hasta el \u00e1mbito del acompa\u00f1amiento y de la crianza.<\/p>\n\n\n\n<p>Puede ser que como adultx no sientas que est\u00e1s en este lugar de influencia y afectaci\u00f3n porqu\u00e9, sencillamente, no va contigo lo que est\u00e1 sucediendo fuera. Tienes todo el derecho de vivirlo as\u00ed, aunque a pesar de ello, tus hijxs no son inmunes a lo que se respira en las calles, en las escuelas, en los parques y en las reuniones familiares. El aire que se respira es el mismo para todxs, por lo tanto, la informaci\u00f3n del ambiente est\u00e1 tambi\u00e9n disponible para ellxs.<\/p>\n\n\n\n<p>Muchas familias se acercan estos d\u00edas hablando de la dificultad de sus hijxs para conciliar el sue\u00f1o, para encontrar momentos de relax y de paz, para dejar de expresar enfado y rabia. Sienten que sus reto\u00f1xs est\u00e1n m\u00e1s enervados de lo normal; observan como en sus relaciones con el entorno hay m\u00e1s miedo, o m\u00e1s enfado, o m\u00e1s de todo.<\/p>\n\n\n\n<p>El otro d\u00eda le\u00eda un art\u00edculo de una madre que explicaba como su hija le confesaba que ten\u00eda miedo de que hubiera una guerra y de que la metieran en la c\u00e1rcel. En el inconsciente de muchxs ha aparecido este temor, puesto que las memorias hist\u00f3ricas de nuestras tierras se despiertan al revivir momentos tan crispados y tensos. En Espa\u00f1a, hace poco menos de 40 a\u00f1os, se funcionaba bajo las \u00f3rdenes de un dictador militar. Hay quien piensa que esto no ha cambiado mucho y que lo que sucede a nivel pol\u00edtico y social (que no es lo mismo), es consecuencia de no haber cortado de ra\u00edz la hiedra sino de, simplemente, haberla cambiado de tiesto.<\/p>\n\n\n\n<p>M\u00e1s all\u00e1 de las convicciones y creencias de cada unx<strong><em>, \u00bfqu\u00e9 nos pasa con nuestrxs hijxs estos d\u00edas? \u00bfC\u00f3mo estamos en nuestros hogares, en nuestras escuelas, en nuestros encuentros sociales?<\/em><\/strong><\/p>\n\n\n\n<p>Hay quienes aprovechan este movimiento colectivo para difamar sobre el trabajo que maestxs, padres, madres y educadorxs en general hacen con lxs ni\u00f1xs. Usan la afectaci\u00f3n emocional de las personas humanas que somos -antes que ser profesionales- para reclamar que no se manipule a lxs menores<strong><em>. \u00bfNo se dan cuenta que la manipulaci\u00f3n y la influencia son cosas diferentes?<\/em><\/strong> Meten en el mismo bote ambos conceptos para hacer su pol\u00edtica partidista.<\/p>\n\n\n\n<p>A estos pol\u00edticos les dir\u00eda que es imposible no influenciar a nuestrxs hijxs -al igual que es imposible no influenciar a las personas de quien unx se rodea-. Sea por los movimientos de las \u00faltimas semanas, sea por desavenencias con nuestras parejas, sea porqu\u00e9 est\u00e1s cansadx o enfadadx, etc. Lxs ni\u00f1xs son esponjas que todo lo perciben y todo lo sienten; absorben aquello que les rodea como mecanismo de adaptaci\u00f3n al medio; aprenden de su entorno. La funci\u00f3n de lxs adultxs no es encorazar sus propias emociones adultas, sino regularse en presencia de lxs ni\u00f1xs y poder acompa\u00f1ar todo aquello que cada situaci\u00f3n mueve en sus hijxs.<\/p>\n\n\n\n<p>Cuando las personas adultas nos sentimos movidas por lo que sea -en este caso hablo de la situaci\u00f3n pol\u00edtica, pero sirve para cualquier otra situaci\u00f3n \u2013 esto les llega, irremediablemente, a lxs m\u00e1s peque\u00f1xs. Es nuestro deber como responsables de \u00e9stxs, que podamos gestionar nuestros movimientos emocionales de una forma adulta, es decir, que podemos abrirnos a vivir aquello que nos carcome por dentro, pero siempre en un lugar seguro para nuestrxs hijos. Me explico: desatar el torrente emocional adulto es muy sano siempre y cuando lo hagamos en un espacio cuidado con alguien que nos pueda sostener. Lxs ni\u00f1xs no est\u00e1n preparados para hacerse cargo de nuestras emociones adultas, por la sencilla raz\u00f3n que ellx no est\u00e1n en esta etapa del desarrollo y nuestra expresi\u00f3n desbordada puede dejarles con la sensaci\u00f3n que aquellxs que deben velar por su bienestar y seguridad, est\u00e1n deshechxs y no pueden hacerlo<strong>. No es la responsabilidad de un hijx menor el hacerse cargo de nuestra complejidad adulta<\/strong>. \u00a1Soltemos, expresemos, gritemos, lloremos desconsoladamente, si! Y hag\u00e1moslo con quien pueda sostenernos.<\/p>\n\n\n\n<p>Lejos de esto est\u00e1 el poder compartir con ellxs nuestras emociones m\u00e1s adultas: podemos llorar y gritar, enfadarnos y expresarnos. \u00a1Claro! S\u00f3lo con la mirada puesta en que por vivir lo que vivimos no dejamos de ser adultxs responsables que pueden priorizar la necesidad de sus reto\u00f1os en un momento determinado. Teniendo claro que <strong>nuestra gesti\u00f3n emocional va a ser su principal escuela<\/strong> y que es nuestro deber poder transmit\u00edrsela con matr\u00edcula.<\/p>\n\n\n\n<p>La situaci\u00f3n social y pol\u00edtica de hoy en d\u00eda entra en nuestras casas; la televisi\u00f3n, la radio, las banderas en los balcones, las cacerolas cada noche, las multitudinarias manifestaciones\u2026..es un momento hist\u00f3rico que todxs vivimos desde nuestro enfoque personal. Y obviamente nos produce movimiento interno. Lxs ni\u00f1xs viven nuestra realidad. No es malo ni bueno. ES. Son parte del mundo que les rodea, aunque no les dejemos elegir sobre \u00e9l (\u00a1si lo hicieran otro gallo cantar\u00eda!).<\/p>\n\n\n\n<p><strong><em>\u00bfTienes un espacio adulto para poder expresar todo lo que vives por dentro? \u00bfEst\u00e1s en contacto con un grupo suficientemente af\u00edn para que pueda sostener y compartir tus vivencias? \u00bfO por el contrario aprovechas los espacios familiares para hablar del tema sin filtros? \u00bfPuedes tener espacios privados para mirar im\u00e1genes, escuchar parlamentos de diputados y comentar la \u201cjugada\u201d con total libertad de palabras y gestos?<\/em><\/strong><\/p>\n\n\n\n<p>En estos d\u00edas en que las dificultades para dialogar, empatizar, comprenderse est\u00e1n tan alejadas del equilibrio<strong><em>, \u00bfc\u00f3mo les podemos seguir ense\u00f1ando a nuestrxs hijxs que la mejor forma de actuar es con mediaci\u00f3n, con palabras y con comprensi\u00f3n?<\/em><\/strong> Si, es complicado explicarle a tu hijx que, a veces, la polic\u00eda pega. Es complicado justificar la brecha que se est\u00e1 ensanchando por falta de capacidad de gesti\u00f3n de conflictos. Estamos lejos de poder relajarnos y ense\u00f1arles con orgullo a nuestra prole el mundo que les dejamos. Todo y as\u00ed, no desistamos: aquellxs que creemos <strong>que un mundo mejor es posible<\/strong>, seguiremos trabajando para inculcar valores de solidaridad, respeto, paz y di\u00e1logo a aquellxs que ser\u00e1n los que se hagan cargo de las sociedades futuras. Tal vez <strong>los conflictos que surgen estos d\u00edas entre lxs ni\u00f1xs sean la medicina que necesitamos como cultura: poder tomar de sus rencillas la capacidad que se despierta para encontrar puntos comunes y as\u00ed descubrir el importante valor de honrar el MATERNAJE por encima del patriotismo como forma amorosa de vivir en sociedad.<\/strong><\/p>\n","protected":false},"excerpt":{"rendered":"<p>Estamos en un momento de mucho caos (ergo muchas posibilidades). La sociedad se levanta y se pronuncia sobre temas pol\u00edticos de una forma que hac\u00eda a\u00f1os que no se ve\u00eda. Manifestaciones, caceroladas, reivindicaciones, etc. Los \u00e1nimos est\u00e1n caldeados, sea por los motivos que sea y esto, evindentemente, llega hasta el \u00e1mbito del acompa\u00f1amiento y de [&hellip;]<\/p>\n","protected":false},"author":1,"featured_media":1219,"comment_status":"closed","ping_status":"closed","sticky":false,"template":"","format":"standard","meta":{"footnotes":""},"categories":[9],"tags":[],"class_list":["post-1157","post","type-post","status-publish","format-standard","has-post-thumbnail","hentry","category-articulos"],"yoast_head":"<!-- This site is optimized with the Yoast SEO plugin v26.8 - https:\/\/yoast.com\/product\/yoast-seo-wordpress\/ -->\n<title>POL\u00cdTICA Y CRIANZA - Acompanyament Familiar<\/title>\n<meta name=\"robots\" content=\"index, follow, max-snippet:-1, max-image-preview:large, max-video-preview:-1\" \/>\n<link rel=\"canonical\" href=\"https:\/\/acompanyamentfamiliar.com\/es\/articulos\/politica-y-crianza\/\" \/>\n<meta property=\"og:locale\" content=\"es_ES\" \/>\n<meta property=\"og:type\" content=\"article\" \/>\n<meta property=\"og:title\" content=\"POL\u00cdTICA Y CRIANZA - Acompanyament Familiar\" \/>\n<meta property=\"og:description\" content=\"Estamos en un momento de mucho caos (ergo muchas posibilidades). La sociedad se levanta y se pronuncia sobre temas pol\u00edticos de una forma que hac\u00eda a\u00f1os que no se ve\u00eda. Manifestaciones, caceroladas, reivindicaciones, etc. Los \u00e1nimos est\u00e1n caldeados, sea por los motivos que sea y esto, evindentemente, llega hasta el \u00e1mbito del acompa\u00f1amiento y de [&hellip;]\" \/>\n<meta property=\"og:url\" content=\"https:\/\/acompanyamentfamiliar.com\/es\/articulos\/politica-y-crianza\/\" \/>\n<meta property=\"og:site_name\" content=\"Acompanyament Familiar\" \/>\n<meta property=\"article:published_time\" content=\"2017-10-22T12:59:00+00:00\" \/>\n<meta property=\"article:modified_time\" content=\"2025-04-13T19:31:25+00:00\" \/>\n<meta property=\"og:image\" content=\"https:\/\/acompanyamentfamiliar.com\/wp-content\/uploads\/2017\/10\/politica-y-crianza.png\" \/>\n\t<meta property=\"og:image:width\" content=\"645\" \/>\n\t<meta property=\"og:image:height\" content=\"320\" \/>\n\t<meta property=\"og:image:type\" content=\"image\/png\" \/>\n<meta name=\"author\" content=\"admin\" \/>\n<meta name=\"twitter:card\" content=\"summary_large_image\" \/>\n<meta name=\"twitter:label1\" content=\"Escrito por\" \/>\n\t<meta name=\"twitter:data1\" content=\"admin\" \/>\n\t<meta name=\"twitter:label2\" content=\"Tiempo de lectura\" \/>\n\t<meta name=\"twitter:data2\" content=\"5 minutos\" \/>\n<script type=\"application\/ld+json\" class=\"yoast-schema-graph\">{\"@context\":\"https:\/\/schema.org\",\"@graph\":[{\"@type\":\"Article\",\"@id\":\"https:\/\/acompanyamentfamiliar.com\/es\/articulos\/politica-y-crianza\/#article\",\"isPartOf\":{\"@id\":\"https:\/\/acompanyamentfamiliar.com\/es\/articulos\/politica-y-crianza\/\"},\"author\":{\"name\":\"admin\",\"@id\":\"https:\/\/acompanyamentfamiliar.com\/es\/#\/schema\/person\/2cd1d7b797c09f8e73d0ab6b36585040\"},\"headline\":\"POL\u00cdTICA Y CRIANZA\",\"datePublished\":\"2017-10-22T12:59:00+00:00\",\"dateModified\":\"2025-04-13T19:31:25+00:00\",\"mainEntityOfPage\":{\"@id\":\"https:\/\/acompanyamentfamiliar.com\/es\/articulos\/politica-y-crianza\/\"},\"wordCount\":1178,\"publisher\":{\"@id\":\"https:\/\/acompanyamentfamiliar.com\/es\/#organization\"},\"image\":{\"@id\":\"https:\/\/acompanyamentfamiliar.com\/es\/articulos\/politica-y-crianza\/#primaryimage\"},\"thumbnailUrl\":\"https:\/\/acompanyamentfamiliar.com\/wp-content\/uploads\/2017\/10\/politica-y-crianza.png\",\"articleSection\":[\"Art\u00edculos\"],\"inLanguage\":\"es\"},{\"@type\":\"WebPage\",\"@id\":\"https:\/\/acompanyamentfamiliar.com\/es\/articulos\/politica-y-crianza\/\",\"url\":\"https:\/\/acompanyamentfamiliar.com\/es\/articulos\/politica-y-crianza\/\",\"name\":\"POL\u00cdTICA Y CRIANZA - Acompanyament Familiar\",\"isPartOf\":{\"@id\":\"https:\/\/acompanyamentfamiliar.com\/es\/#website\"},\"primaryImageOfPage\":{\"@id\":\"https:\/\/acompanyamentfamiliar.com\/es\/articulos\/politica-y-crianza\/#primaryimage\"},\"image\":{\"@id\":\"https:\/\/acompanyamentfamiliar.com\/es\/articulos\/politica-y-crianza\/#primaryimage\"},\"thumbnailUrl\":\"https:\/\/acompanyamentfamiliar.com\/wp-content\/uploads\/2017\/10\/politica-y-crianza.png\",\"datePublished\":\"2017-10-22T12:59:00+00:00\",\"dateModified\":\"2025-04-13T19:31:25+00:00\",\"breadcrumb\":{\"@id\":\"https:\/\/acompanyamentfamiliar.com\/es\/articulos\/politica-y-crianza\/#breadcrumb\"},\"inLanguage\":\"es\",\"potentialAction\":[{\"@type\":\"ReadAction\",\"target\":[\"https:\/\/acompanyamentfamiliar.com\/es\/articulos\/politica-y-crianza\/\"]}]},{\"@type\":\"ImageObject\",\"inLanguage\":\"es\",\"@id\":\"https:\/\/acompanyamentfamiliar.com\/es\/articulos\/politica-y-crianza\/#primaryimage\",\"url\":\"https:\/\/acompanyamentfamiliar.com\/wp-content\/uploads\/2017\/10\/politica-y-crianza.png\",\"contentUrl\":\"https:\/\/acompanyamentfamiliar.com\/wp-content\/uploads\/2017\/10\/politica-y-crianza.png\",\"width\":645,\"height\":320,\"caption\":\"Blog Acompanyament Familiar\"},{\"@type\":\"BreadcrumbList\",\"@id\":\"https:\/\/acompanyamentfamiliar.com\/es\/articulos\/politica-y-crianza\/#breadcrumb\",\"itemListElement\":[{\"@type\":\"ListItem\",\"position\":1,\"name\":\"Portada\",\"item\":\"https:\/\/acompanyamentfamiliar.com\/es\/\"},{\"@type\":\"ListItem\",\"position\":2,\"name\":\"POL\u00cdTICA Y CRIANZA\"}]},{\"@type\":\"WebSite\",\"@id\":\"https:\/\/acompanyamentfamiliar.com\/es\/#website\",\"url\":\"https:\/\/acompanyamentfamiliar.com\/es\/\",\"name\":\"Acompanyament Familiar\",\"description\":\"Psic\u00f3logas en Barcelona: Acompa\u00f1amiento familiar\",\"publisher\":{\"@id\":\"https:\/\/acompanyamentfamiliar.com\/es\/#organization\"},\"potentialAction\":[{\"@type\":\"SearchAction\",\"target\":{\"@type\":\"EntryPoint\",\"urlTemplate\":\"https:\/\/acompanyamentfamiliar.com\/es\/?s={search_term_string}\"},\"query-input\":{\"@type\":\"PropertyValueSpecification\",\"valueRequired\":true,\"valueName\":\"search_term_string\"}}],\"inLanguage\":\"es\"},{\"@type\":\"Organization\",\"@id\":\"https:\/\/acompanyamentfamiliar.com\/es\/#organization\",\"name\":\"Acompanyament Familiar\",\"url\":\"https:\/\/acompanyamentfamiliar.com\/es\/\",\"logo\":{\"@type\":\"ImageObject\",\"inLanguage\":\"es\",\"@id\":\"https:\/\/acompanyamentfamiliar.com\/es\/#\/schema\/logo\/image\/\",\"url\":\"https:\/\/acompanyamentfamiliar.com\/wp-content\/uploads\/2025\/03\/logo_acompanyamnet_familiar.png\",\"contentUrl\":\"https:\/\/acompanyamentfamiliar.com\/wp-content\/uploads\/2025\/03\/logo_acompanyamnet_familiar.png\",\"width\":241,\"height\":126,\"caption\":\"Acompanyament Familiar\"},\"image\":{\"@id\":\"https:\/\/acompanyamentfamiliar.com\/es\/#\/schema\/logo\/image\/\"}},{\"@type\":\"Person\",\"@id\":\"https:\/\/acompanyamentfamiliar.com\/es\/#\/schema\/person\/2cd1d7b797c09f8e73d0ab6b36585040\",\"name\":\"admin\",\"image\":{\"@type\":\"ImageObject\",\"inLanguage\":\"es\",\"@id\":\"https:\/\/acompanyamentfamiliar.com\/es\/#\/schema\/person\/image\/\",\"url\":\"https:\/\/secure.gravatar.com\/avatar\/073937bd7f1a8c2904d9fa1ec5e3919f37a465744fcb187f31d4ddf76bcbd0d0?s=96&d=mm&r=g\",\"contentUrl\":\"https:\/\/secure.gravatar.com\/avatar\/073937bd7f1a8c2904d9fa1ec5e3919f37a465744fcb187f31d4ddf76bcbd0d0?s=96&d=mm&r=g\",\"caption\":\"admin\"},\"sameAs\":[\"https:\/\/acompanyamentfamiliar.com\"],\"url\":\"https:\/\/acompanyamentfamiliar.com\/es\/author\/admin\/\"}]}<\/script>\n<!-- \/ Yoast SEO plugin. -->","yoast_head_json":{"title":"POL\u00cdTICA Y CRIANZA - Acompanyament Familiar","robots":{"index":"index","follow":"follow","max-snippet":"max-snippet:-1","max-image-preview":"max-image-preview:large","max-video-preview":"max-video-preview:-1"},"canonical":"https:\/\/acompanyamentfamiliar.com\/es\/articulos\/politica-y-crianza\/","og_locale":"es_ES","og_type":"article","og_title":"POL\u00cdTICA Y CRIANZA - Acompanyament Familiar","og_description":"Estamos en un momento de mucho caos (ergo muchas posibilidades). La sociedad se levanta y se pronuncia sobre temas pol\u00edticos de una forma que hac\u00eda a\u00f1os que no se ve\u00eda. Manifestaciones, caceroladas, reivindicaciones, etc. Los \u00e1nimos est\u00e1n caldeados, sea por los motivos que sea y esto, evindentemente, llega hasta el \u00e1mbito del acompa\u00f1amiento y de [&hellip;]","og_url":"https:\/\/acompanyamentfamiliar.com\/es\/articulos\/politica-y-crianza\/","og_site_name":"Acompanyament Familiar","article_published_time":"2017-10-22T12:59:00+00:00","article_modified_time":"2025-04-13T19:31:25+00:00","og_image":[{"width":645,"height":320,"url":"https:\/\/acompanyamentfamiliar.com\/wp-content\/uploads\/2017\/10\/politica-y-crianza.png","type":"image\/png"}],"author":"admin","twitter_card":"summary_large_image","twitter_misc":{"Escrito por":"admin","Tiempo de lectura":"5 minutos"},"schema":{"@context":"https:\/\/schema.org","@graph":[{"@type":"Article","@id":"https:\/\/acompanyamentfamiliar.com\/es\/articulos\/politica-y-crianza\/#article","isPartOf":{"@id":"https:\/\/acompanyamentfamiliar.com\/es\/articulos\/politica-y-crianza\/"},"author":{"name":"admin","@id":"https:\/\/acompanyamentfamiliar.com\/es\/#\/schema\/person\/2cd1d7b797c09f8e73d0ab6b36585040"},"headline":"POL\u00cdTICA Y CRIANZA","datePublished":"2017-10-22T12:59:00+00:00","dateModified":"2025-04-13T19:31:25+00:00","mainEntityOfPage":{"@id":"https:\/\/acompanyamentfamiliar.com\/es\/articulos\/politica-y-crianza\/"},"wordCount":1178,"publisher":{"@id":"https:\/\/acompanyamentfamiliar.com\/es\/#organization"},"image":{"@id":"https:\/\/acompanyamentfamiliar.com\/es\/articulos\/politica-y-crianza\/#primaryimage"},"thumbnailUrl":"https:\/\/acompanyamentfamiliar.com\/wp-content\/uploads\/2017\/10\/politica-y-crianza.png","articleSection":["Art\u00edculos"],"inLanguage":"es"},{"@type":"WebPage","@id":"https:\/\/acompanyamentfamiliar.com\/es\/articulos\/politica-y-crianza\/","url":"https:\/\/acompanyamentfamiliar.com\/es\/articulos\/politica-y-crianza\/","name":"POL\u00cdTICA Y CRIANZA - Acompanyament Familiar","isPartOf":{"@id":"https:\/\/acompanyamentfamiliar.com\/es\/#website"},"primaryImageOfPage":{"@id":"https:\/\/acompanyamentfamiliar.com\/es\/articulos\/politica-y-crianza\/#primaryimage"},"image":{"@id":"https:\/\/acompanyamentfamiliar.com\/es\/articulos\/politica-y-crianza\/#primaryimage"},"thumbnailUrl":"https:\/\/acompanyamentfamiliar.com\/wp-content\/uploads\/2017\/10\/politica-y-crianza.png","datePublished":"2017-10-22T12:59:00+00:00","dateModified":"2025-04-13T19:31:25+00:00","breadcrumb":{"@id":"https:\/\/acompanyamentfamiliar.com\/es\/articulos\/politica-y-crianza\/#breadcrumb"},"inLanguage":"es","potentialAction":[{"@type":"ReadAction","target":["https:\/\/acompanyamentfamiliar.com\/es\/articulos\/politica-y-crianza\/"]}]},{"@type":"ImageObject","inLanguage":"es","@id":"https:\/\/acompanyamentfamiliar.com\/es\/articulos\/politica-y-crianza\/#primaryimage","url":"https:\/\/acompanyamentfamiliar.com\/wp-content\/uploads\/2017\/10\/politica-y-crianza.png","contentUrl":"https:\/\/acompanyamentfamiliar.com\/wp-content\/uploads\/2017\/10\/politica-y-crianza.png","width":645,"height":320,"caption":"Blog Acompanyament Familiar"},{"@type":"BreadcrumbList","@id":"https:\/\/acompanyamentfamiliar.com\/es\/articulos\/politica-y-crianza\/#breadcrumb","itemListElement":[{"@type":"ListItem","position":1,"name":"Portada","item":"https:\/\/acompanyamentfamiliar.com\/es\/"},{"@type":"ListItem","position":2,"name":"POL\u00cdTICA Y CRIANZA"}]},{"@type":"WebSite","@id":"https:\/\/acompanyamentfamiliar.com\/es\/#website","url":"https:\/\/acompanyamentfamiliar.com\/es\/","name":"Acompanyament Familiar","description":"Psic\u00f3logas en Barcelona: Acompa\u00f1amiento familiar","publisher":{"@id":"https:\/\/acompanyamentfamiliar.com\/es\/#organization"},"potentialAction":[{"@type":"SearchAction","target":{"@type":"EntryPoint","urlTemplate":"https:\/\/acompanyamentfamiliar.com\/es\/?s={search_term_string}"},"query-input":{"@type":"PropertyValueSpecification","valueRequired":true,"valueName":"search_term_string"}}],"inLanguage":"es"},{"@type":"Organization","@id":"https:\/\/acompanyamentfamiliar.com\/es\/#organization","name":"Acompanyament Familiar","url":"https:\/\/acompanyamentfamiliar.com\/es\/","logo":{"@type":"ImageObject","inLanguage":"es","@id":"https:\/\/acompanyamentfamiliar.com\/es\/#\/schema\/logo\/image\/","url":"https:\/\/acompanyamentfamiliar.com\/wp-content\/uploads\/2025\/03\/logo_acompanyamnet_familiar.png","contentUrl":"https:\/\/acompanyamentfamiliar.com\/wp-content\/uploads\/2025\/03\/logo_acompanyamnet_familiar.png","width":241,"height":126,"caption":"Acompanyament Familiar"},"image":{"@id":"https:\/\/acompanyamentfamiliar.com\/es\/#\/schema\/logo\/image\/"}},{"@type":"Person","@id":"https:\/\/acompanyamentfamiliar.com\/es\/#\/schema\/person\/2cd1d7b797c09f8e73d0ab6b36585040","name":"admin","image":{"@type":"ImageObject","inLanguage":"es","@id":"https:\/\/acompanyamentfamiliar.com\/es\/#\/schema\/person\/image\/","url":"https:\/\/secure.gravatar.com\/avatar\/073937bd7f1a8c2904d9fa1ec5e3919f37a465744fcb187f31d4ddf76bcbd0d0?s=96&d=mm&r=g","contentUrl":"https:\/\/secure.gravatar.com\/avatar\/073937bd7f1a8c2904d9fa1ec5e3919f37a465744fcb187f31d4ddf76bcbd0d0?s=96&d=mm&r=g","caption":"admin"},"sameAs":["https:\/\/acompanyamentfamiliar.com"],"url":"https:\/\/acompanyamentfamiliar.com\/es\/author\/admin\/"}]}},"_links":{"self":[{"href":"https:\/\/acompanyamentfamiliar.com\/es\/wp-json\/wp\/v2\/posts\/1157","targetHints":{"allow":["GET"]}}],"collection":[{"href":"https:\/\/acompanyamentfamiliar.com\/es\/wp-json\/wp\/v2\/posts"}],"about":[{"href":"https:\/\/acompanyamentfamiliar.com\/es\/wp-json\/wp\/v2\/types\/post"}],"author":[{"embeddable":true,"href":"https:\/\/acompanyamentfamiliar.com\/es\/wp-json\/wp\/v2\/users\/1"}],"replies":[{"embeddable":true,"href":"https:\/\/acompanyamentfamiliar.com\/es\/wp-json\/wp\/v2\/comments?post=1157"}],"version-history":[{"count":1,"href":"https:\/\/acompanyamentfamiliar.com\/es\/wp-json\/wp\/v2\/posts\/1157\/revisions"}],"predecessor-version":[{"id":1158,"href":"https:\/\/acompanyamentfamiliar.com\/es\/wp-json\/wp\/v2\/posts\/1157\/revisions\/1158"}],"wp:featuredmedia":[{"embeddable":true,"href":"https:\/\/acompanyamentfamiliar.com\/es\/wp-json\/wp\/v2\/media\/1219"}],"wp:attachment":[{"href":"https:\/\/acompanyamentfamiliar.com\/es\/wp-json\/wp\/v2\/media?parent=1157"}],"wp:term":[{"taxonomy":"category","embeddable":true,"href":"https:\/\/acompanyamentfamiliar.com\/es\/wp-json\/wp\/v2\/categories?post=1157"},{"taxonomy":"post_tag","embeddable":true,"href":"https:\/\/acompanyamentfamiliar.com\/es\/wp-json\/wp\/v2\/tags?post=1157"}],"curies":[{"name":"wp","href":"https:\/\/api.w.org\/{rel}","templated":true}]}}