{"id":1159,"date":"2017-12-12T13:00:00","date_gmt":"2017-12-12T13:00:00","guid":{"rendered":"https:\/\/acompanyamentfamiliar.com\/?p=1159"},"modified":"2025-04-13T13:00:48","modified_gmt":"2025-04-13T13:00:48","slug":"navidades","status":"publish","type":"post","link":"https:\/\/acompanyamentfamiliar.com\/es\/articulos\/navidades\/","title":{"rendered":"NAVIDADES"},"content":{"rendered":"\n<p>Se acercan las Navidades y con ello, se abre la veda a deseos, caprichos y encuentros m\u00e1gicos con personajes barbudos, troncos que cagan dulces y purpurina, renos voladores y tantas otras criaturas inimaginables.<\/p>\n\n\n\n<p>Son muchas las familias que os acerc\u00e1is a preguntar c\u00f3mo poder gestionar estas fechas tan familiares, donde los l\u00edmites y las pinceladas de tonos respetuosos y comedidos que hab\u00e9is ido forjando a lo largo del a\u00f1o, acostumbran a pasar a un segundo plano para satisfacer la parte m\u00e1s egoica de lxs ni\u00f1xs (y de lxs ni\u00f1xs de lxs adultxs, \u00a1claro!).<\/p>\n\n\n\n<p>Nuestra cultura de bases judeo-cristianas marca un hito importante en estos d\u00edas venideros. El nacimiento del redentor: hombre salvador, hijo de Dios, hecho a su imagen y semejanza. \u00bfOs suena, cierto? Es para celebrar su nacimiento que nos reunimos alrededor de una mesa y compartimos comida rica con nuestros seres queridos. Nos brindamos regalos igual que- en esa fecha- nos cuentan que se los brindaron a \u00e9l: oro, incienso y mirra. Seguro que lo aprendiste en tu edad escolar, \u00bfverdad?<\/p>\n\n\n\n<p>Lo que no se si te han contado, es que es justo en el d\u00eda 25 de este mes cuando el Sol, el astro rei, hace su nacimiento desde su punto m\u00e1s bajo en el cielo. El 21 de Diciembre es el solsticio de invierno en el hemisferio norte, y si nuestra memoria escolar sigue sin fallarnos, recordaremos que es el d\u00eda en que menos horas brilla en el cielo. Pues bien, antes de retomar su camino creciente, el astro permanece 3 d\u00edas en el mismo punto antes de \u201cnacer\u201d de nuevo y remontar el terreno cedido durante los meses de decrecimiento. Lograr\u00e1 llegar a su c\u00e9nit el 21 de Junio, d\u00eda del solsticio de verano (en el norte, claro).<\/p>\n\n\n\n<p>Para nuestrxs ancestrxs, el Sol era el gran dador de Vida. Su luz y su calor fecundan a la madre tierra para proveer las condiciones \u00f3ptimas para que, juntxs, den Vida al planeta. \u00a1Vaya! \u00a1Qu\u00e9 sorpresa! As\u00ed que Los Reyes Magos, los renos voladores y los barbudos barrigones con sus sacos llenos de regalos parpadeantes nos han hecho perder de vista qu\u00e9 luz es la que realmente brilla en estas fiestas.<\/p>\n\n\n\n<p>Antes del patriarcado -momento en que las grandes figuras masculinas empezaron a tomar el control de los acontecimientos importantes del Planeta- el cuido de la Vida era lo prioritario en las culturas matrifocales. Hablo de hace 7000 a\u00f1os atr\u00e1s. Un poco demasiado lejos para poder tener alg\u00fan resquicio de memoria de ello. Si por lo menos nos quedaran las brujas con su sabidur\u00eda\u2026.<\/p>\n\n\n\n<p>\u00bfY qu\u00e9 tendr\u00e1 que ver todo esto con la crianza, las familias y lxs ni\u00f1xs, te preguntar\u00e1s?<\/p>\n\n\n\n<p>Pues me ha parecido que todo este rodeo ejemplifica este <strong>\u201cdesv\u00edo\u201d de lo esencial a lo creado<\/strong>. Es un s\u00edmil adecuado para mostrar todo aquello que se nos puede mover como familias en estas fechas. Me explico: cuando perdemos de vista el cuido de lo esencial, de la Vida por lo que es, sin m\u00e1s rodeos y sin m\u00e1s adornos, podemos llegar a perdernos en este escenario de purpurina que nos desconecta de la verdadera naturaleza de estas fiestas. El consumismo y la confusi\u00f3n de lo material nos aleja de lo verdaderamente aut\u00e9ntico. Hoy en d\u00eda parece que equiparamos los regalos, los brillos y los adornos al amor que merecemos recibir o que sentimos por lxs dem\u00e1s. \u201cSi me porto bien me traer\u00e1n regalos\u201d. Es como decir que, si soy buenx, me van a querer.<\/p>\n\n\n\n<p>Si nos dejamos arrastrar por esta fiebre de Black Friday, de Navidad dorada y otros muchos cebos que nos rodean en estos momentos del a\u00f1o, estaremos perdiendo de vista todos aquellos valores que, de una manera u otra, estamos queriendo transmitir a nuestrxs hijxs. Tal las distintas religiones pueden llegar a eclipsar las festividades paganas, origen natural de la mayor\u00eda de nuestras festividades. Mantener vivas las tradiciones puede ser sin\u00f3nimo de autoregulaci\u00f3n adulta y de firmeza en nuestros criterios. Estas son unas buenas \u00e9pocas para poner a prueba nuestro compromiso con nuestros valores, con la Vida, con el planeta.<\/p>\n\n\n\n<p><em>\u00bfA qui\u00e9n le compras tus regalos? \u00bfEs para ti la cantidad un sin\u00f3nimo de m\u00e1s afecto? \u00bfQu\u00e9 simbolizan para ti las Navidades? \u00bfQu\u00e9 les explicas a tus hijxs sobre la magia de estos d\u00edas?<\/em><\/p>\n\n\n\n<p>Podemos ense\u00f1arles a lxs ni\u00f1xs que el consumo responsable y el cuido de lo esencial, es compatible con estas fiestas de derroche y confusi\u00f3n. De nosotrxs depende lo que ellxs aprendan y, en consecuencia, reproduzcan con m\u00e1s facilidad. A ti, igual que a mi, posiblemente, te han hablado del oro, del incienso y de la mirra. De un Dios masculino que vino a salvar el mundo. Pero \u00bfa cu\u00e1ntxs de nosotrxs nos han contado el papel relevante del Sol en estas fechas? \u00bfA cu\u00e1ntxs nos han remarcado el valor de lo femenino en nuestra existencia? La historia siempre est\u00e1 sesgada, y es nuestro deber completarla para que nuestra realidad sea m\u00e1s amplia y menos anestesiada. Sean cuales sean tus creencias, comprender que los ciclos naturales son los que nos mantienen donde estamos, me parece fundamental. Honrar a la Tierra y hacer lo posible para cuidar de ella, es el mejor regalo de Navidades que podemos darles a nuestras futuras generaciones.<\/p>\n\n\n\n<p><strong>\u00a1Deseo que estas Navidades las puedas gozar de quienes m\u00e1s quieres con amor, respeto, conciencia y mucha LUZ!<\/strong><\/p>\n","protected":false},"excerpt":{"rendered":"<p>Se acercan las Navidades y con ello, se abre la veda a deseos, caprichos y encuentros m\u00e1gicos con personajes barbudos, troncos que cagan dulces y purpurina, renos voladores y tantas otras criaturas inimaginables. Son muchas las familias que os acerc\u00e1is a preguntar c\u00f3mo poder gestionar estas fechas tan familiares, donde los l\u00edmites y las pinceladas [&hellip;]<\/p>\n","protected":false},"author":1,"featured_media":1161,"comment_status":"closed","ping_status":"closed","sticky":false,"template":"","format":"standard","meta":{"footnotes":""},"categories":[9],"tags":[],"class_list":["post-1159","post","type-post","status-publish","format-standard","has-post-thumbnail","hentry","category-articulos"],"yoast_head":"<!-- This site is optimized with the Yoast SEO plugin v26.8 - https:\/\/yoast.com\/product\/yoast-seo-wordpress\/ -->\n<title>NAVIDADES - Acompanyament Familiar<\/title>\n<meta name=\"robots\" content=\"index, follow, max-snippet:-1, max-image-preview:large, max-video-preview:-1\" \/>\n<link rel=\"canonical\" href=\"https:\/\/acompanyamentfamiliar.com\/es\/articulos\/navidades\/\" \/>\n<meta property=\"og:locale\" content=\"es_ES\" \/>\n<meta property=\"og:type\" content=\"article\" \/>\n<meta property=\"og:title\" content=\"NAVIDADES - Acompanyament Familiar\" \/>\n<meta property=\"og:description\" content=\"Se acercan las Navidades y con ello, se abre la veda a deseos, caprichos y encuentros m\u00e1gicos con personajes barbudos, troncos que cagan dulces y purpurina, renos voladores y tantas otras criaturas inimaginables. Son muchas las familias que os acerc\u00e1is a preguntar c\u00f3mo poder gestionar estas fechas tan familiares, donde los l\u00edmites y las pinceladas [&hellip;]\" \/>\n<meta property=\"og:url\" content=\"https:\/\/acompanyamentfamiliar.com\/es\/articulos\/navidades\/\" \/>\n<meta property=\"og:site_name\" content=\"Acompanyament Familiar\" \/>\n<meta property=\"article:published_time\" content=\"2017-12-12T13:00:00+00:00\" \/>\n<meta property=\"article:modified_time\" content=\"2025-04-13T13:00:48+00:00\" \/>\n<meta property=\"og:image\" content=\"https:\/\/acompanyamentfamiliar.com\/wp-content\/uploads\/2017\/12\/navidades.jpg\" \/>\n\t<meta property=\"og:image:width\" content=\"645\" \/>\n\t<meta property=\"og:image:height\" content=\"320\" \/>\n\t<meta property=\"og:image:type\" content=\"image\/jpeg\" \/>\n<meta name=\"author\" content=\"admin\" \/>\n<meta name=\"twitter:card\" content=\"summary_large_image\" \/>\n<meta name=\"twitter:label1\" content=\"Escrito por\" \/>\n\t<meta name=\"twitter:data1\" content=\"admin\" \/>\n\t<meta name=\"twitter:label2\" content=\"Tiempo de lectura\" \/>\n\t<meta name=\"twitter:data2\" content=\"5 minutos\" \/>\n<script type=\"application\/ld+json\" class=\"yoast-schema-graph\">{\"@context\":\"https:\/\/schema.org\",\"@graph\":[{\"@type\":\"Article\",\"@id\":\"https:\/\/acompanyamentfamiliar.com\/es\/articulos\/navidades\/#article\",\"isPartOf\":{\"@id\":\"https:\/\/acompanyamentfamiliar.com\/es\/articulos\/navidades\/\"},\"author\":{\"name\":\"admin\",\"@id\":\"https:\/\/acompanyamentfamiliar.com\/es\/#\/schema\/person\/2cd1d7b797c09f8e73d0ab6b36585040\"},\"headline\":\"NAVIDADES\",\"datePublished\":\"2017-12-12T13:00:00+00:00\",\"dateModified\":\"2025-04-13T13:00:48+00:00\",\"mainEntityOfPage\":{\"@id\":\"https:\/\/acompanyamentfamiliar.com\/es\/articulos\/navidades\/\"},\"wordCount\":933,\"publisher\":{\"@id\":\"https:\/\/acompanyamentfamiliar.com\/es\/#organization\"},\"image\":{\"@id\":\"https:\/\/acompanyamentfamiliar.com\/es\/articulos\/navidades\/#primaryimage\"},\"thumbnailUrl\":\"https:\/\/acompanyamentfamiliar.com\/wp-content\/uploads\/2017\/12\/navidades.jpg\",\"articleSection\":[\"Art\u00edculos\"],\"inLanguage\":\"es\"},{\"@type\":\"WebPage\",\"@id\":\"https:\/\/acompanyamentfamiliar.com\/es\/articulos\/navidades\/\",\"url\":\"https:\/\/acompanyamentfamiliar.com\/es\/articulos\/navidades\/\",\"name\":\"NAVIDADES - Acompanyament Familiar\",\"isPartOf\":{\"@id\":\"https:\/\/acompanyamentfamiliar.com\/es\/#website\"},\"primaryImageOfPage\":{\"@id\":\"https:\/\/acompanyamentfamiliar.com\/es\/articulos\/navidades\/#primaryimage\"},\"image\":{\"@id\":\"https:\/\/acompanyamentfamiliar.com\/es\/articulos\/navidades\/#primaryimage\"},\"thumbnailUrl\":\"https:\/\/acompanyamentfamiliar.com\/wp-content\/uploads\/2017\/12\/navidades.jpg\",\"datePublished\":\"2017-12-12T13:00:00+00:00\",\"dateModified\":\"2025-04-13T13:00:48+00:00\",\"breadcrumb\":{\"@id\":\"https:\/\/acompanyamentfamiliar.com\/es\/articulos\/navidades\/#breadcrumb\"},\"inLanguage\":\"es\",\"potentialAction\":[{\"@type\":\"ReadAction\",\"target\":[\"https:\/\/acompanyamentfamiliar.com\/es\/articulos\/navidades\/\"]}]},{\"@type\":\"ImageObject\",\"inLanguage\":\"es\",\"@id\":\"https:\/\/acompanyamentfamiliar.com\/es\/articulos\/navidades\/#primaryimage\",\"url\":\"https:\/\/acompanyamentfamiliar.com\/wp-content\/uploads\/2017\/12\/navidades.jpg\",\"contentUrl\":\"https:\/\/acompanyamentfamiliar.com\/wp-content\/uploads\/2017\/12\/navidades.jpg\",\"width\":645,\"height\":320,\"caption\":\"Navidades Blog Acompanyament Familiar\"},{\"@type\":\"BreadcrumbList\",\"@id\":\"https:\/\/acompanyamentfamiliar.com\/es\/articulos\/navidades\/#breadcrumb\",\"itemListElement\":[{\"@type\":\"ListItem\",\"position\":1,\"name\":\"Portada\",\"item\":\"https:\/\/acompanyamentfamiliar.com\/es\/\"},{\"@type\":\"ListItem\",\"position\":2,\"name\":\"NAVIDADES\"}]},{\"@type\":\"WebSite\",\"@id\":\"https:\/\/acompanyamentfamiliar.com\/es\/#website\",\"url\":\"https:\/\/acompanyamentfamiliar.com\/es\/\",\"name\":\"Acompanyament Familiar\",\"description\":\"Psic\u00f3logas en Barcelona: Acompa\u00f1amiento familiar\",\"publisher\":{\"@id\":\"https:\/\/acompanyamentfamiliar.com\/es\/#organization\"},\"potentialAction\":[{\"@type\":\"SearchAction\",\"target\":{\"@type\":\"EntryPoint\",\"urlTemplate\":\"https:\/\/acompanyamentfamiliar.com\/es\/?s={search_term_string}\"},\"query-input\":{\"@type\":\"PropertyValueSpecification\",\"valueRequired\":true,\"valueName\":\"search_term_string\"}}],\"inLanguage\":\"es\"},{\"@type\":\"Organization\",\"@id\":\"https:\/\/acompanyamentfamiliar.com\/es\/#organization\",\"name\":\"Acompanyament Familiar\",\"url\":\"https:\/\/acompanyamentfamiliar.com\/es\/\",\"logo\":{\"@type\":\"ImageObject\",\"inLanguage\":\"es\",\"@id\":\"https:\/\/acompanyamentfamiliar.com\/es\/#\/schema\/logo\/image\/\",\"url\":\"https:\/\/acompanyamentfamiliar.com\/wp-content\/uploads\/2025\/03\/logo_acompanyamnet_familiar.png\",\"contentUrl\":\"https:\/\/acompanyamentfamiliar.com\/wp-content\/uploads\/2025\/03\/logo_acompanyamnet_familiar.png\",\"width\":241,\"height\":126,\"caption\":\"Acompanyament Familiar\"},\"image\":{\"@id\":\"https:\/\/acompanyamentfamiliar.com\/es\/#\/schema\/logo\/image\/\"}},{\"@type\":\"Person\",\"@id\":\"https:\/\/acompanyamentfamiliar.com\/es\/#\/schema\/person\/2cd1d7b797c09f8e73d0ab6b36585040\",\"name\":\"admin\",\"image\":{\"@type\":\"ImageObject\",\"inLanguage\":\"es\",\"@id\":\"https:\/\/acompanyamentfamiliar.com\/es\/#\/schema\/person\/image\/\",\"url\":\"https:\/\/secure.gravatar.com\/avatar\/073937bd7f1a8c2904d9fa1ec5e3919f37a465744fcb187f31d4ddf76bcbd0d0?s=96&d=mm&r=g\",\"contentUrl\":\"https:\/\/secure.gravatar.com\/avatar\/073937bd7f1a8c2904d9fa1ec5e3919f37a465744fcb187f31d4ddf76bcbd0d0?s=96&d=mm&r=g\",\"caption\":\"admin\"},\"sameAs\":[\"https:\/\/acompanyamentfamiliar.com\"],\"url\":\"https:\/\/acompanyamentfamiliar.com\/es\/author\/admin\/\"}]}<\/script>\n<!-- \/ Yoast SEO plugin. -->","yoast_head_json":{"title":"NAVIDADES - Acompanyament Familiar","robots":{"index":"index","follow":"follow","max-snippet":"max-snippet:-1","max-image-preview":"max-image-preview:large","max-video-preview":"max-video-preview:-1"},"canonical":"https:\/\/acompanyamentfamiliar.com\/es\/articulos\/navidades\/","og_locale":"es_ES","og_type":"article","og_title":"NAVIDADES - Acompanyament Familiar","og_description":"Se acercan las Navidades y con ello, se abre la veda a deseos, caprichos y encuentros m\u00e1gicos con personajes barbudos, troncos que cagan dulces y purpurina, renos voladores y tantas otras criaturas inimaginables. Son muchas las familias que os acerc\u00e1is a preguntar c\u00f3mo poder gestionar estas fechas tan familiares, donde los l\u00edmites y las pinceladas [&hellip;]","og_url":"https:\/\/acompanyamentfamiliar.com\/es\/articulos\/navidades\/","og_site_name":"Acompanyament Familiar","article_published_time":"2017-12-12T13:00:00+00:00","article_modified_time":"2025-04-13T13:00:48+00:00","og_image":[{"width":645,"height":320,"url":"https:\/\/acompanyamentfamiliar.com\/wp-content\/uploads\/2017\/12\/navidades.jpg","type":"image\/jpeg"}],"author":"admin","twitter_card":"summary_large_image","twitter_misc":{"Escrito por":"admin","Tiempo de lectura":"5 minutos"},"schema":{"@context":"https:\/\/schema.org","@graph":[{"@type":"Article","@id":"https:\/\/acompanyamentfamiliar.com\/es\/articulos\/navidades\/#article","isPartOf":{"@id":"https:\/\/acompanyamentfamiliar.com\/es\/articulos\/navidades\/"},"author":{"name":"admin","@id":"https:\/\/acompanyamentfamiliar.com\/es\/#\/schema\/person\/2cd1d7b797c09f8e73d0ab6b36585040"},"headline":"NAVIDADES","datePublished":"2017-12-12T13:00:00+00:00","dateModified":"2025-04-13T13:00:48+00:00","mainEntityOfPage":{"@id":"https:\/\/acompanyamentfamiliar.com\/es\/articulos\/navidades\/"},"wordCount":933,"publisher":{"@id":"https:\/\/acompanyamentfamiliar.com\/es\/#organization"},"image":{"@id":"https:\/\/acompanyamentfamiliar.com\/es\/articulos\/navidades\/#primaryimage"},"thumbnailUrl":"https:\/\/acompanyamentfamiliar.com\/wp-content\/uploads\/2017\/12\/navidades.jpg","articleSection":["Art\u00edculos"],"inLanguage":"es"},{"@type":"WebPage","@id":"https:\/\/acompanyamentfamiliar.com\/es\/articulos\/navidades\/","url":"https:\/\/acompanyamentfamiliar.com\/es\/articulos\/navidades\/","name":"NAVIDADES - Acompanyament Familiar","isPartOf":{"@id":"https:\/\/acompanyamentfamiliar.com\/es\/#website"},"primaryImageOfPage":{"@id":"https:\/\/acompanyamentfamiliar.com\/es\/articulos\/navidades\/#primaryimage"},"image":{"@id":"https:\/\/acompanyamentfamiliar.com\/es\/articulos\/navidades\/#primaryimage"},"thumbnailUrl":"https:\/\/acompanyamentfamiliar.com\/wp-content\/uploads\/2017\/12\/navidades.jpg","datePublished":"2017-12-12T13:00:00+00:00","dateModified":"2025-04-13T13:00:48+00:00","breadcrumb":{"@id":"https:\/\/acompanyamentfamiliar.com\/es\/articulos\/navidades\/#breadcrumb"},"inLanguage":"es","potentialAction":[{"@type":"ReadAction","target":["https:\/\/acompanyamentfamiliar.com\/es\/articulos\/navidades\/"]}]},{"@type":"ImageObject","inLanguage":"es","@id":"https:\/\/acompanyamentfamiliar.com\/es\/articulos\/navidades\/#primaryimage","url":"https:\/\/acompanyamentfamiliar.com\/wp-content\/uploads\/2017\/12\/navidades.jpg","contentUrl":"https:\/\/acompanyamentfamiliar.com\/wp-content\/uploads\/2017\/12\/navidades.jpg","width":645,"height":320,"caption":"Navidades Blog Acompanyament Familiar"},{"@type":"BreadcrumbList","@id":"https:\/\/acompanyamentfamiliar.com\/es\/articulos\/navidades\/#breadcrumb","itemListElement":[{"@type":"ListItem","position":1,"name":"Portada","item":"https:\/\/acompanyamentfamiliar.com\/es\/"},{"@type":"ListItem","position":2,"name":"NAVIDADES"}]},{"@type":"WebSite","@id":"https:\/\/acompanyamentfamiliar.com\/es\/#website","url":"https:\/\/acompanyamentfamiliar.com\/es\/","name":"Acompanyament Familiar","description":"Psic\u00f3logas en Barcelona: Acompa\u00f1amiento familiar","publisher":{"@id":"https:\/\/acompanyamentfamiliar.com\/es\/#organization"},"potentialAction":[{"@type":"SearchAction","target":{"@type":"EntryPoint","urlTemplate":"https:\/\/acompanyamentfamiliar.com\/es\/?s={search_term_string}"},"query-input":{"@type":"PropertyValueSpecification","valueRequired":true,"valueName":"search_term_string"}}],"inLanguage":"es"},{"@type":"Organization","@id":"https:\/\/acompanyamentfamiliar.com\/es\/#organization","name":"Acompanyament Familiar","url":"https:\/\/acompanyamentfamiliar.com\/es\/","logo":{"@type":"ImageObject","inLanguage":"es","@id":"https:\/\/acompanyamentfamiliar.com\/es\/#\/schema\/logo\/image\/","url":"https:\/\/acompanyamentfamiliar.com\/wp-content\/uploads\/2025\/03\/logo_acompanyamnet_familiar.png","contentUrl":"https:\/\/acompanyamentfamiliar.com\/wp-content\/uploads\/2025\/03\/logo_acompanyamnet_familiar.png","width":241,"height":126,"caption":"Acompanyament Familiar"},"image":{"@id":"https:\/\/acompanyamentfamiliar.com\/es\/#\/schema\/logo\/image\/"}},{"@type":"Person","@id":"https:\/\/acompanyamentfamiliar.com\/es\/#\/schema\/person\/2cd1d7b797c09f8e73d0ab6b36585040","name":"admin","image":{"@type":"ImageObject","inLanguage":"es","@id":"https:\/\/acompanyamentfamiliar.com\/es\/#\/schema\/person\/image\/","url":"https:\/\/secure.gravatar.com\/avatar\/073937bd7f1a8c2904d9fa1ec5e3919f37a465744fcb187f31d4ddf76bcbd0d0?s=96&d=mm&r=g","contentUrl":"https:\/\/secure.gravatar.com\/avatar\/073937bd7f1a8c2904d9fa1ec5e3919f37a465744fcb187f31d4ddf76bcbd0d0?s=96&d=mm&r=g","caption":"admin"},"sameAs":["https:\/\/acompanyamentfamiliar.com"],"url":"https:\/\/acompanyamentfamiliar.com\/es\/author\/admin\/"}]}},"_links":{"self":[{"href":"https:\/\/acompanyamentfamiliar.com\/es\/wp-json\/wp\/v2\/posts\/1159","targetHints":{"allow":["GET"]}}],"collection":[{"href":"https:\/\/acompanyamentfamiliar.com\/es\/wp-json\/wp\/v2\/posts"}],"about":[{"href":"https:\/\/acompanyamentfamiliar.com\/es\/wp-json\/wp\/v2\/types\/post"}],"author":[{"embeddable":true,"href":"https:\/\/acompanyamentfamiliar.com\/es\/wp-json\/wp\/v2\/users\/1"}],"replies":[{"embeddable":true,"href":"https:\/\/acompanyamentfamiliar.com\/es\/wp-json\/wp\/v2\/comments?post=1159"}],"version-history":[{"count":1,"href":"https:\/\/acompanyamentfamiliar.com\/es\/wp-json\/wp\/v2\/posts\/1159\/revisions"}],"predecessor-version":[{"id":1160,"href":"https:\/\/acompanyamentfamiliar.com\/es\/wp-json\/wp\/v2\/posts\/1159\/revisions\/1160"}],"wp:featuredmedia":[{"embeddable":true,"href":"https:\/\/acompanyamentfamiliar.com\/es\/wp-json\/wp\/v2\/media\/1161"}],"wp:attachment":[{"href":"https:\/\/acompanyamentfamiliar.com\/es\/wp-json\/wp\/v2\/media?parent=1159"}],"wp:term":[{"taxonomy":"category","embeddable":true,"href":"https:\/\/acompanyamentfamiliar.com\/es\/wp-json\/wp\/v2\/categories?post=1159"},{"taxonomy":"post_tag","embeddable":true,"href":"https:\/\/acompanyamentfamiliar.com\/es\/wp-json\/wp\/v2\/tags?post=1159"}],"curies":[{"name":"wp","href":"https:\/\/api.w.org\/{rel}","templated":true}]}}