{"id":2265,"date":"2026-01-11T10:27:20","date_gmt":"2026-01-11T10:27:20","guid":{"rendered":"https:\/\/acompanyamentfamiliar.com\/?p=2265"},"modified":"2026-01-11T10:50:36","modified_gmt":"2026-01-11T10:50:36","slug":"la-relacion-entre-hermanos-el-primer-gran-espejo","status":"publish","type":"post","link":"https:\/\/acompanyamentfamiliar.com\/es\/articulos\/la-relacion-entre-hermanos-el-primer-gran-espejo\/","title":{"rendered":"La relaci\u00f3n entre hermanos: el primer gran espejo"},"content":{"rendered":"\n<p>La relaci\u00f3n fraternal es \u00fanica y muy especial. Has nacido en la misma familia, mismos progenitores (o una parte), mismas rutinas y horarios, normas, mismo hogar, &#8230; . No es una amistad (aunque a veces puede llegar a serlo) y, sobre todo, no es una relaci\u00f3n elegida. No los necesitas para sobrevivir, pero te tocan muy profundamente. <strong>Los hermanos entran en el v\u00ednculo paterno-filial, en el hogar, en el espacio m\u00e1s seguro, y ah\u00ed aparecen, para aportar luz, y tambi\u00e9n oscuridad<\/strong>. Un hermano\/a puede ser el m\u00e1ximo c\u00f3mplice y compa\u00f1ero\/a de aventuras y, al mismo tiempo, tambi\u00e9n el m\u00e1ximo rival.<\/p>\n\n\n\n<p>Puede existir la creencia de que la relaci\u00f3n con un hermano debe ser como la de un mejor amigo, cercana, con confianza y buena comunicaci\u00f3n, y no siempre es as\u00ed; cada una es \u00fanica y diferente. <strong>Bajar la expectativa de lo que esperas de la relaci\u00f3n entre hermanos de tus hijos es la primera recomendaci\u00f3n<\/strong>,<strong> ya que reduce mucha tensi\u00f3n ante los conflictos entre ellos<\/strong>. Tambi\u00e9n es importante c\u00f3mo esta expectativa se alimenta de tu propia relaci\u00f3n con un hermano, si la has tenido. Si no la has tenido, justo esto tambi\u00e9n puede influenciarte a querer aquello que t\u00fa no tuviste.<\/p>\n\n\n\n<p>Cuando un ni\u00f1o nace y sobre todo en los primeros a\u00f1os, la figura principal de apego es el m\u00e1ximo referente y elemento de seguridad. Incluso al nacer, el beb\u00e9 se siente uno con esta persona. Se puede llegar a vivir con posesi\u00f3n, \u201cel pap\u00e1\/la mam\u00e1 es m\u00edo\/m\u00eda\u201d. Y por eso, es lo m\u00e1s valioso y apreciado para un ni\u00f1o. \u00a1Imag\u00ednense lo que debe ser para un ni\u00f1o tener que compartir esto! A veces, sin duda, <strong>puede ser la mayor competencia de la vida y \u00fanica en esencia, la competencia por el padre o la madre<\/strong>.<\/p>\n\n\n\n<p>Por otro lado, <strong>a menudo llegan los hermanos y hermanas en edades en las que la socializaci\u00f3n a\u00fan es inmadura<\/strong>, lo que implica de golpe tener a un \u201cigual\u201d en el espacio de m\u00e1xima intimidad y confianza. <strong>A pesar de la diferencia de edad que en algunos casos pueda existir, la adaptaci\u00f3n y comprensi\u00f3n de lo que implica la llegada de un hermano y, sobre todo, el compartir a los padres, es algo que puede necesitar tiempo<\/strong>. Aunque los hermanos se lleven varios a\u00f1os, est\u00e1n al mismo nivel de jerarqu\u00eda entre ellos y eso ya moviliza.<\/p>\n\n\n\n<p><strong>El\/la hermano\/a act\u00faa como un espejo constante entre d\u00f3nde termina el yo y empieza el otro.<\/strong> En el caso de los hermanos gemelos, todav\u00eda hay m\u00e1s \u201cconfusi\u00f3n\u201d entre d\u00f3nde termina el \u201cyo\u201d y el \u201cotro\u201d, ya que al principio todav\u00eda no hay diferenciaci\u00f3n de uno mismo y menos si el otro est\u00e1 contigo desde el nacimiento. El otro es como un \u201cyo\u201d, pero su presencia saca cosas que uno quiere: como el pap\u00e1 o la mam\u00e1, juguetes que yo quiero, espacios que quiero ocupar, ideas, \u2026. Por eso, puede ser normal que est\u00e9n buscando los l\u00edmites constantemente entre ellos.<\/p>\n\n\n\n<p>Por estos factores, <strong>cuando los conflictos y peleas aumentan entre los hermanos, ser\u00e1 necesario que un adulto est\u00e9 m\u00e1s presente para regular todo aquello que ellos no est\u00e1n pudiendo y se est\u00e1 volviendo excesivo<\/strong>. Es cierto que no debemos asumir el papel de juez de qui\u00e9n tiene raz\u00f3n y qui\u00e9n no, pero s\u00ed proporcionar seguridad en aquello que ellos no est\u00e1n pudiendo sostener. Por ejemplo, cuando hay mucho contacto f\u00edsico y agresividad. Cuando los roles entre ellos est\u00e1n siendo muy marcados y r\u00edgidos, por ejemplo, que uno es el que siempre no quiere jugar, que no cede, que siempre es el que quiere \u201cparar\u201d, que toma los juguetes del otro, que no respeta los no,&#8230; . El adulto proporciona \u201cseguridad y descanso\u201d, una persona con la que saben que podr\u00e1n ser respetados y tomados en cuenta de manera diferente que con un\/a hermano\/a.<\/p>\n\n\n\n<p>Por otro lado, normalizamos que los hermanos deben convivir juntos, pero as\u00ed como con compa\u00f1eros\/as de escuela limitamos la interacci\u00f3n seg\u00fan c\u00f3mo observamos a los ni\u00f1os, con los hermanos tambi\u00e9n.<strong> A pesar de vivir en el mismo hogar, tambi\u00e9n se saturan de la interacci\u00f3n entre ellos<\/strong>. Como los adultos con las parejas, tambi\u00e9n hay d\u00edas y momentos en que necesitamos estar solos o \u201cno estar\u201d con esa persona.<\/p>\n\n\n\n<p>En este sentido, puede ser muy beneficioso separar a los ni\u00f1os en diferentes espacios de la casa con juegos distintos o incluso en actividades fuera de casa cada uno con uno de los progenitores, \u201cdivide y vencer\u00e1s\u201d. <strong>Tener espacios de exclusividad refuerza la seguridad personal y la individualidad. <\/strong>Una opci\u00f3n es que en la planificaci\u00f3n semanal se contemplen espacios de separaci\u00f3n e individualidad.<\/p>\n\n\n\n<p><strong>Las peleas a menudo tambi\u00e9n son fruto de la liberaci\u00f3n de tensiones acumuladas en la interacci\u00f3n y a lo largo del d\u00eda, de descargas, que la presencia del adulto puede ayudar a canalizar y liberar de manera positiva.<\/strong> Por ejemplo, cuando hay tensi\u00f3n y conflicto, puede ser un buen momento para jugar a atrapar, esconderse, donde el adulto es quien atrapa y busca. Tambi\u00e9n puede ser un momento id\u00f3neo para salir al exterior y hacer juegos f\u00edsicos corporales.<\/p>\n\n\n\n<p>Finalmente, es importante hablar del <em>principio de orden<\/em> de la psicolog\u00eda sist\u00e9mica: donde cada uno tiene un lugar y una funci\u00f3n en la familia. A menudo, <strong>los hermanos ocupan los \u201clugares\u201d que quedan libres dentro de una familia<\/strong>. Las caracter\u00edsticas y cualidades que adopta el primer hermano ya est\u00e1n ocupadas, y los que vienen despu\u00e9s les \u201ctoca\u201d tomar otras cualidades, y a menudo, en el rol contrario, pues as\u00ed te aseguras de que \u201ctienes un lugar \u00fanico\u201d. Ver c\u00f3mo los padres refuerzan las conductas del hermano puede conectar con que t\u00fa mismo no eres as\u00ed, no puedes ser como el otro, y eso puede generar enfado, y as\u00ed querer diferenciarte m\u00e1s. <strong>Lo que ves en el hermano te conecta con lo que tienes o no dentro, te hace de espejo<\/strong>.<\/p>\n\n\n\n<p>Para disminuir la asignaci\u00f3n de roles involuntarios, es importante evitar las comparaciones y etiquetas. Es f\u00e1cil caer en el \u201c\u00bfqui\u00e9n es m\u00e1s t\u00edmido\/a?\u201d, para buscar la diferencia r\u00e1pidamente en un primer momento. Cada hijo o hija tendr\u00e1 momentos de todo y es importante poderlo reconocer cuando son capaces de desarrollar diferentes habilidades independientemente de lo que haga su hermano\/a. Evitar expresiones como \u201cmira a tu hermano que ya se lo ha terminado todo\u201d. <strong>Tanto los elogios continuos en alg\u00fan mismo aspecto<\/strong> (ej. menos mal que t\u00fa s\u00ed recoges, hijo) <strong>como las cr\u00edticas<\/strong> (ej. es que t\u00fa nunca recoges, eh, o siempre se te caen las cosas) <strong>pueden reforzar roles y etiquetas que promueven la rivalidad y comparaci\u00f3n entre hermanos<\/strong>.<\/p>\n\n\n\n<p>Paralelamente, <strong>ir sembrando el sentimiento de familia, de grupo y equipo cuando hay espacios compartidos en conjunto<\/strong>. Reforzando y poniendo palabras a aquello especial que une como familia, a hacer equipo y cuidarse unos a otros, ayudarse y tener en cuenta. Nombrar cuando hay interacciones de complicidad, de ayuda mutua, de alegr\u00eda compartida para ir tomando conciencia de todo aquello que tener hermanos tambi\u00e9n permite.<\/p>\n\n\n\n<p>La familia y la relaci\u00f3n entre hermanos es el primer espacio de interacci\u00f3n grupal, esto implica un mont\u00f3n de aprendizajes y experiencias que nos influir\u00e1n seg\u00fan lo que ocurra &nbsp;y c\u00f3mo se acompa\u00f1e.<\/p>\n\n\n\n<h4 class=\"wp-block-heading\">Naima Salr\u00e0 Camps<\/h4>\n\n\n\n<h4 class=\"wp-block-heading\">Psic\u00f3loga infanto-juvenil y familiar<br><\/h4>\n\n\n\n<h3 class=\"wp-block-heading\"><\/h3>\n\n\n\n<h3 class=\"wp-block-heading\"><\/h3>\n\n\n\n<h3 class=\"wp-block-heading\"><\/h3>\n\n\n\n<p><\/p>\n\n\n\n<p><\/p>\n\n\n\n<h4 class=\"wp-block-heading\"><\/h4>\n\n\n\n<p><\/p>\n","protected":false},"excerpt":{"rendered":"<p>La relaci\u00f3n fraternal es \u00fanica y muy especial. Has nacido en la misma familia, mismos progenitores (o una parte), mismas rutinas y horarios, normas, mismo hogar, &#8230; . No es una amistad (aunque a veces puede llegar a serlo) y, sobre todo, no es una relaci\u00f3n elegida. No los necesitas para sobrevivir, pero te tocan [&hellip;]<\/p>\n","protected":false},"author":2,"featured_media":2268,"comment_status":"closed","ping_status":"closed","sticky":false,"template":"","format":"standard","meta":{"footnotes":""},"categories":[9],"tags":[],"class_list":["post-2265","post","type-post","status-publish","format-standard","has-post-thumbnail","hentry","category-articulos"],"yoast_head":"<!-- This site is optimized with the Yoast SEO plugin v26.8 - https:\/\/yoast.com\/product\/yoast-seo-wordpress\/ -->\n<title>La relaci\u00f3n entre hermanos: el primer gran espejo - Acompanyament Familiar<\/title>\n<meta name=\"description\" content=\"La relaci\u00f3n de hermanos y sus conflictos es una de las principales preocupaciones de madres y padres.\" \/>\n<meta name=\"robots\" content=\"index, follow, max-snippet:-1, max-image-preview:large, max-video-preview:-1\" \/>\n<link rel=\"canonical\" href=\"https:\/\/acompanyamentfamiliar.com\/es\/articulos\/la-relacion-entre-hermanos-el-primer-gran-espejo\/\" \/>\n<meta property=\"og:locale\" content=\"es_ES\" \/>\n<meta property=\"og:type\" content=\"article\" \/>\n<meta property=\"og:title\" content=\"La relaci\u00f3n entre hermanos: el primer gran espejo - Acompanyament Familiar\" \/>\n<meta property=\"og:description\" content=\"La relaci\u00f3n de hermanos y sus conflictos es una de las principales preocupaciones de madres y padres.\" \/>\n<meta property=\"og:url\" content=\"https:\/\/acompanyamentfamiliar.com\/es\/articulos\/la-relacion-entre-hermanos-el-primer-gran-espejo\/\" \/>\n<meta property=\"og:site_name\" content=\"Acompanyament Familiar\" \/>\n<meta property=\"article:published_time\" content=\"2026-01-11T10:27:20+00:00\" \/>\n<meta property=\"article:modified_time\" content=\"2026-01-11T10:50:36+00:00\" \/>\n<meta property=\"og:image\" content=\"https:\/\/acompanyamentfamiliar.com\/wp-content\/uploads\/2026\/01\/children-2178857_1280.jpg\" \/>\n\t<meta property=\"og:image:width\" content=\"1280\" \/>\n\t<meta property=\"og:image:height\" content=\"872\" \/>\n\t<meta property=\"og:image:type\" content=\"image\/jpeg\" \/>\n<meta name=\"author\" content=\"Elisenda Pascual\" \/>\n<meta name=\"twitter:card\" content=\"summary_large_image\" \/>\n<meta name=\"twitter:label1\" content=\"Escrito por\" \/>\n\t<meta name=\"twitter:data1\" content=\"Elisenda Pascual\" \/>\n\t<meta name=\"twitter:label2\" content=\"Tiempo de lectura\" \/>\n\t<meta name=\"twitter:data2\" content=\"7 minutos\" \/>\n<script type=\"application\/ld+json\" class=\"yoast-schema-graph\">{\"@context\":\"https:\/\/schema.org\",\"@graph\":[{\"@type\":\"Article\",\"@id\":\"https:\/\/acompanyamentfamiliar.com\/es\/articulos\/la-relacion-entre-hermanos-el-primer-gran-espejo\/#article\",\"isPartOf\":{\"@id\":\"https:\/\/acompanyamentfamiliar.com\/es\/articulos\/la-relacion-entre-hermanos-el-primer-gran-espejo\/\"},\"author\":{\"name\":\"Elisenda Pascual\",\"@id\":\"https:\/\/acompanyamentfamiliar.com\/es\/#\/schema\/person\/f4f451fe83728261d18d62c9dcfdd66c\"},\"headline\":\"La relaci\u00f3n entre hermanos: el primer gran espejo\",\"datePublished\":\"2026-01-11T10:27:20+00:00\",\"dateModified\":\"2026-01-11T10:50:36+00:00\",\"mainEntityOfPage\":{\"@id\":\"https:\/\/acompanyamentfamiliar.com\/es\/articulos\/la-relacion-entre-hermanos-el-primer-gran-espejo\/\"},\"wordCount\":1321,\"publisher\":{\"@id\":\"https:\/\/acompanyamentfamiliar.com\/es\/#organization\"},\"image\":{\"@id\":\"https:\/\/acompanyamentfamiliar.com\/es\/articulos\/la-relacion-entre-hermanos-el-primer-gran-espejo\/#primaryimage\"},\"thumbnailUrl\":\"https:\/\/acompanyamentfamiliar.com\/wp-content\/uploads\/2026\/01\/children-2178857_1280.jpg\",\"articleSection\":[\"Art\u00edculos\"],\"inLanguage\":\"es\"},{\"@type\":\"WebPage\",\"@id\":\"https:\/\/acompanyamentfamiliar.com\/es\/articulos\/la-relacion-entre-hermanos-el-primer-gran-espejo\/\",\"url\":\"https:\/\/acompanyamentfamiliar.com\/es\/articulos\/la-relacion-entre-hermanos-el-primer-gran-espejo\/\",\"name\":\"La relaci\u00f3n entre hermanos: el primer gran espejo - Acompanyament Familiar\",\"isPartOf\":{\"@id\":\"https:\/\/acompanyamentfamiliar.com\/es\/#website\"},\"primaryImageOfPage\":{\"@id\":\"https:\/\/acompanyamentfamiliar.com\/es\/articulos\/la-relacion-entre-hermanos-el-primer-gran-espejo\/#primaryimage\"},\"image\":{\"@id\":\"https:\/\/acompanyamentfamiliar.com\/es\/articulos\/la-relacion-entre-hermanos-el-primer-gran-espejo\/#primaryimage\"},\"thumbnailUrl\":\"https:\/\/acompanyamentfamiliar.com\/wp-content\/uploads\/2026\/01\/children-2178857_1280.jpg\",\"datePublished\":\"2026-01-11T10:27:20+00:00\",\"dateModified\":\"2026-01-11T10:50:36+00:00\",\"description\":\"La relaci\u00f3n de hermanos y sus conflictos es una de las principales preocupaciones de madres y padres.\",\"breadcrumb\":{\"@id\":\"https:\/\/acompanyamentfamiliar.com\/es\/articulos\/la-relacion-entre-hermanos-el-primer-gran-espejo\/#breadcrumb\"},\"inLanguage\":\"es\",\"potentialAction\":[{\"@type\":\"ReadAction\",\"target\":[\"https:\/\/acompanyamentfamiliar.com\/es\/articulos\/la-relacion-entre-hermanos-el-primer-gran-espejo\/\"]}]},{\"@type\":\"ImageObject\",\"inLanguage\":\"es\",\"@id\":\"https:\/\/acompanyamentfamiliar.com\/es\/articulos\/la-relacion-entre-hermanos-el-primer-gran-espejo\/#primaryimage\",\"url\":\"https:\/\/acompanyamentfamiliar.com\/wp-content\/uploads\/2026\/01\/children-2178857_1280.jpg\",\"contentUrl\":\"https:\/\/acompanyamentfamiliar.com\/wp-content\/uploads\/2026\/01\/children-2178857_1280.jpg\",\"width\":1280,\"height\":872},{\"@type\":\"BreadcrumbList\",\"@id\":\"https:\/\/acompanyamentfamiliar.com\/es\/articulos\/la-relacion-entre-hermanos-el-primer-gran-espejo\/#breadcrumb\",\"itemListElement\":[{\"@type\":\"ListItem\",\"position\":1,\"name\":\"Portada\",\"item\":\"https:\/\/acompanyamentfamiliar.com\/es\/\"},{\"@type\":\"ListItem\",\"position\":2,\"name\":\"La relaci\u00f3n entre hermanos: el primer gran espejo\"}]},{\"@type\":\"WebSite\",\"@id\":\"https:\/\/acompanyamentfamiliar.com\/es\/#website\",\"url\":\"https:\/\/acompanyamentfamiliar.com\/es\/\",\"name\":\"Acompanyament Familiar\",\"description\":\"Psic\u00f3logas en Barcelona: Acompa\u00f1amiento familiar\",\"publisher\":{\"@id\":\"https:\/\/acompanyamentfamiliar.com\/es\/#organization\"},\"potentialAction\":[{\"@type\":\"SearchAction\",\"target\":{\"@type\":\"EntryPoint\",\"urlTemplate\":\"https:\/\/acompanyamentfamiliar.com\/es\/?s={search_term_string}\"},\"query-input\":{\"@type\":\"PropertyValueSpecification\",\"valueRequired\":true,\"valueName\":\"search_term_string\"}}],\"inLanguage\":\"es\"},{\"@type\":\"Organization\",\"@id\":\"https:\/\/acompanyamentfamiliar.com\/es\/#organization\",\"name\":\"Acompanyament Familiar\",\"url\":\"https:\/\/acompanyamentfamiliar.com\/es\/\",\"logo\":{\"@type\":\"ImageObject\",\"inLanguage\":\"es\",\"@id\":\"https:\/\/acompanyamentfamiliar.com\/es\/#\/schema\/logo\/image\/\",\"url\":\"https:\/\/acompanyamentfamiliar.com\/wp-content\/uploads\/2025\/03\/logo_acompanyamnet_familiar.png\",\"contentUrl\":\"https:\/\/acompanyamentfamiliar.com\/wp-content\/uploads\/2025\/03\/logo_acompanyamnet_familiar.png\",\"width\":241,\"height\":126,\"caption\":\"Acompanyament Familiar\"},\"image\":{\"@id\":\"https:\/\/acompanyamentfamiliar.com\/es\/#\/schema\/logo\/image\/\"}},{\"@type\":\"Person\",\"@id\":\"https:\/\/acompanyamentfamiliar.com\/es\/#\/schema\/person\/f4f451fe83728261d18d62c9dcfdd66c\",\"name\":\"Elisenda Pascual\",\"image\":{\"@type\":\"ImageObject\",\"inLanguage\":\"es\",\"@id\":\"https:\/\/acompanyamentfamiliar.com\/es\/#\/schema\/person\/image\/\",\"url\":\"https:\/\/secure.gravatar.com\/avatar\/6fe99b227f227be12564392bc5ccae10e319707d971bd6104849e0f7b447b179?s=96&d=mm&r=g\",\"contentUrl\":\"https:\/\/secure.gravatar.com\/avatar\/6fe99b227f227be12564392bc5ccae10e319707d971bd6104849e0f7b447b179?s=96&d=mm&r=g\",\"caption\":\"Elisenda Pascual\"},\"url\":\"https:\/\/acompanyamentfamiliar.com\/es\/author\/elisendapascual\/\"}]}<\/script>\n<!-- \/ Yoast SEO plugin. -->","yoast_head_json":{"title":"La relaci\u00f3n entre hermanos: el primer gran espejo - Acompanyament Familiar","description":"La relaci\u00f3n de hermanos y sus conflictos es una de las principales preocupaciones de madres y padres.","robots":{"index":"index","follow":"follow","max-snippet":"max-snippet:-1","max-image-preview":"max-image-preview:large","max-video-preview":"max-video-preview:-1"},"canonical":"https:\/\/acompanyamentfamiliar.com\/es\/articulos\/la-relacion-entre-hermanos-el-primer-gran-espejo\/","og_locale":"es_ES","og_type":"article","og_title":"La relaci\u00f3n entre hermanos: el primer gran espejo - Acompanyament Familiar","og_description":"La relaci\u00f3n de hermanos y sus conflictos es una de las principales preocupaciones de madres y padres.","og_url":"https:\/\/acompanyamentfamiliar.com\/es\/articulos\/la-relacion-entre-hermanos-el-primer-gran-espejo\/","og_site_name":"Acompanyament Familiar","article_published_time":"2026-01-11T10:27:20+00:00","article_modified_time":"2026-01-11T10:50:36+00:00","og_image":[{"width":1280,"height":872,"url":"https:\/\/acompanyamentfamiliar.com\/wp-content\/uploads\/2026\/01\/children-2178857_1280.jpg","type":"image\/jpeg"}],"author":"Elisenda Pascual","twitter_card":"summary_large_image","twitter_misc":{"Escrito por":"Elisenda Pascual","Tiempo de lectura":"7 minutos"},"schema":{"@context":"https:\/\/schema.org","@graph":[{"@type":"Article","@id":"https:\/\/acompanyamentfamiliar.com\/es\/articulos\/la-relacion-entre-hermanos-el-primer-gran-espejo\/#article","isPartOf":{"@id":"https:\/\/acompanyamentfamiliar.com\/es\/articulos\/la-relacion-entre-hermanos-el-primer-gran-espejo\/"},"author":{"name":"Elisenda Pascual","@id":"https:\/\/acompanyamentfamiliar.com\/es\/#\/schema\/person\/f4f451fe83728261d18d62c9dcfdd66c"},"headline":"La relaci\u00f3n entre hermanos: el primer gran espejo","datePublished":"2026-01-11T10:27:20+00:00","dateModified":"2026-01-11T10:50:36+00:00","mainEntityOfPage":{"@id":"https:\/\/acompanyamentfamiliar.com\/es\/articulos\/la-relacion-entre-hermanos-el-primer-gran-espejo\/"},"wordCount":1321,"publisher":{"@id":"https:\/\/acompanyamentfamiliar.com\/es\/#organization"},"image":{"@id":"https:\/\/acompanyamentfamiliar.com\/es\/articulos\/la-relacion-entre-hermanos-el-primer-gran-espejo\/#primaryimage"},"thumbnailUrl":"https:\/\/acompanyamentfamiliar.com\/wp-content\/uploads\/2026\/01\/children-2178857_1280.jpg","articleSection":["Art\u00edculos"],"inLanguage":"es"},{"@type":"WebPage","@id":"https:\/\/acompanyamentfamiliar.com\/es\/articulos\/la-relacion-entre-hermanos-el-primer-gran-espejo\/","url":"https:\/\/acompanyamentfamiliar.com\/es\/articulos\/la-relacion-entre-hermanos-el-primer-gran-espejo\/","name":"La relaci\u00f3n entre hermanos: el primer gran espejo - Acompanyament Familiar","isPartOf":{"@id":"https:\/\/acompanyamentfamiliar.com\/es\/#website"},"primaryImageOfPage":{"@id":"https:\/\/acompanyamentfamiliar.com\/es\/articulos\/la-relacion-entre-hermanos-el-primer-gran-espejo\/#primaryimage"},"image":{"@id":"https:\/\/acompanyamentfamiliar.com\/es\/articulos\/la-relacion-entre-hermanos-el-primer-gran-espejo\/#primaryimage"},"thumbnailUrl":"https:\/\/acompanyamentfamiliar.com\/wp-content\/uploads\/2026\/01\/children-2178857_1280.jpg","datePublished":"2026-01-11T10:27:20+00:00","dateModified":"2026-01-11T10:50:36+00:00","description":"La relaci\u00f3n de hermanos y sus conflictos es una de las principales preocupaciones de madres y padres.","breadcrumb":{"@id":"https:\/\/acompanyamentfamiliar.com\/es\/articulos\/la-relacion-entre-hermanos-el-primer-gran-espejo\/#breadcrumb"},"inLanguage":"es","potentialAction":[{"@type":"ReadAction","target":["https:\/\/acompanyamentfamiliar.com\/es\/articulos\/la-relacion-entre-hermanos-el-primer-gran-espejo\/"]}]},{"@type":"ImageObject","inLanguage":"es","@id":"https:\/\/acompanyamentfamiliar.com\/es\/articulos\/la-relacion-entre-hermanos-el-primer-gran-espejo\/#primaryimage","url":"https:\/\/acompanyamentfamiliar.com\/wp-content\/uploads\/2026\/01\/children-2178857_1280.jpg","contentUrl":"https:\/\/acompanyamentfamiliar.com\/wp-content\/uploads\/2026\/01\/children-2178857_1280.jpg","width":1280,"height":872},{"@type":"BreadcrumbList","@id":"https:\/\/acompanyamentfamiliar.com\/es\/articulos\/la-relacion-entre-hermanos-el-primer-gran-espejo\/#breadcrumb","itemListElement":[{"@type":"ListItem","position":1,"name":"Portada","item":"https:\/\/acompanyamentfamiliar.com\/es\/"},{"@type":"ListItem","position":2,"name":"La relaci\u00f3n entre hermanos: el primer gran espejo"}]},{"@type":"WebSite","@id":"https:\/\/acompanyamentfamiliar.com\/es\/#website","url":"https:\/\/acompanyamentfamiliar.com\/es\/","name":"Acompanyament Familiar","description":"Psic\u00f3logas en Barcelona: Acompa\u00f1amiento familiar","publisher":{"@id":"https:\/\/acompanyamentfamiliar.com\/es\/#organization"},"potentialAction":[{"@type":"SearchAction","target":{"@type":"EntryPoint","urlTemplate":"https:\/\/acompanyamentfamiliar.com\/es\/?s={search_term_string}"},"query-input":{"@type":"PropertyValueSpecification","valueRequired":true,"valueName":"search_term_string"}}],"inLanguage":"es"},{"@type":"Organization","@id":"https:\/\/acompanyamentfamiliar.com\/es\/#organization","name":"Acompanyament Familiar","url":"https:\/\/acompanyamentfamiliar.com\/es\/","logo":{"@type":"ImageObject","inLanguage":"es","@id":"https:\/\/acompanyamentfamiliar.com\/es\/#\/schema\/logo\/image\/","url":"https:\/\/acompanyamentfamiliar.com\/wp-content\/uploads\/2025\/03\/logo_acompanyamnet_familiar.png","contentUrl":"https:\/\/acompanyamentfamiliar.com\/wp-content\/uploads\/2025\/03\/logo_acompanyamnet_familiar.png","width":241,"height":126,"caption":"Acompanyament Familiar"},"image":{"@id":"https:\/\/acompanyamentfamiliar.com\/es\/#\/schema\/logo\/image\/"}},{"@type":"Person","@id":"https:\/\/acompanyamentfamiliar.com\/es\/#\/schema\/person\/f4f451fe83728261d18d62c9dcfdd66c","name":"Elisenda Pascual","image":{"@type":"ImageObject","inLanguage":"es","@id":"https:\/\/acompanyamentfamiliar.com\/es\/#\/schema\/person\/image\/","url":"https:\/\/secure.gravatar.com\/avatar\/6fe99b227f227be12564392bc5ccae10e319707d971bd6104849e0f7b447b179?s=96&d=mm&r=g","contentUrl":"https:\/\/secure.gravatar.com\/avatar\/6fe99b227f227be12564392bc5ccae10e319707d971bd6104849e0f7b447b179?s=96&d=mm&r=g","caption":"Elisenda Pascual"},"url":"https:\/\/acompanyamentfamiliar.com\/es\/author\/elisendapascual\/"}]}},"_links":{"self":[{"href":"https:\/\/acompanyamentfamiliar.com\/es\/wp-json\/wp\/v2\/posts\/2265","targetHints":{"allow":["GET"]}}],"collection":[{"href":"https:\/\/acompanyamentfamiliar.com\/es\/wp-json\/wp\/v2\/posts"}],"about":[{"href":"https:\/\/acompanyamentfamiliar.com\/es\/wp-json\/wp\/v2\/types\/post"}],"author":[{"embeddable":true,"href":"https:\/\/acompanyamentfamiliar.com\/es\/wp-json\/wp\/v2\/users\/2"}],"replies":[{"embeddable":true,"href":"https:\/\/acompanyamentfamiliar.com\/es\/wp-json\/wp\/v2\/comments?post=2265"}],"version-history":[{"count":2,"href":"https:\/\/acompanyamentfamiliar.com\/es\/wp-json\/wp\/v2\/posts\/2265\/revisions"}],"predecessor-version":[{"id":2272,"href":"https:\/\/acompanyamentfamiliar.com\/es\/wp-json\/wp\/v2\/posts\/2265\/revisions\/2272"}],"wp:featuredmedia":[{"embeddable":true,"href":"https:\/\/acompanyamentfamiliar.com\/es\/wp-json\/wp\/v2\/media\/2268"}],"wp:attachment":[{"href":"https:\/\/acompanyamentfamiliar.com\/es\/wp-json\/wp\/v2\/media?parent=2265"}],"wp:term":[{"taxonomy":"category","embeddable":true,"href":"https:\/\/acompanyamentfamiliar.com\/es\/wp-json\/wp\/v2\/categories?post=2265"},{"taxonomy":"post_tag","embeddable":true,"href":"https:\/\/acompanyamentfamiliar.com\/es\/wp-json\/wp\/v2\/tags?post=2265"}],"curies":[{"name":"wp","href":"https:\/\/api.w.org\/{rel}","templated":true}]}}