{"id":2345,"date":"2026-04-29T20:28:34","date_gmt":"2026-04-29T20:28:34","guid":{"rendered":"https:\/\/acompanyamentfamiliar.com\/?p=2345"},"modified":"2026-04-29T20:32:52","modified_gmt":"2026-04-29T20:32:52","slug":"quien-puede-escoger-que","status":"publish","type":"post","link":"https:\/\/acompanyamentfamiliar.com\/es\/articulos\/quien-puede-escoger-que\/","title":{"rendered":"\u00bfQui\u00e9n puede escoger qu\u00e9?"},"content":{"rendered":"\n<h2 class=\"wp-block-heading\">Sobre decisiones peque\u00f1as y decisiones grandes<\/h2>\n\n\n\n<p>Son las 8:50h de una ma\u00f1ana cualquiera de un d\u00eda primaveral. Hoy las criaturas de la escuela hacen una ruta literaria por su pueblo. A una de las casas, un ni\u00f1o de ciclo superior, un preadolescente con fuerte despertar puberal, despu\u00e9s de diferentes intercambios verbales con su madre, grita:<\/p>\n\n\n\n<p>&#8211;&nbsp;&nbsp;&nbsp;&nbsp;&nbsp;&nbsp;&nbsp;&nbsp;&nbsp;&nbsp;&nbsp;&nbsp; \u00a1Ni de co\u00f1a!, \u00a1No quiero ponerme crema!, \u00a1Es mi cuerpo!<\/p>\n\n\n\n<p>La madre, cansada y con las manos blanquecinas de la crema que hace unos minutos ha preparado para poner a la cara del ni\u00f1o, se lo mira removida y sin decir nada, a sabiendas de la profundidad de matices y complejidad de temas que se est\u00e1n presentando. Unos segundos despu\u00e9s, arranca a decir:<\/p>\n\n\n\n<p>&#8211;&nbsp;&nbsp;&nbsp;&nbsp;&nbsp;&nbsp;&nbsp;&nbsp;&nbsp;&nbsp;&nbsp;&nbsp; S\u00ed, es tu cuerpo&#8230;<\/p>\n\n\n\n<p>\u201cY por eso lo quiero cuidar\u201d, hubiera podido decir, pero antes de pensarlo y hacerlo, el padre de lejos (tambi\u00e9n cansado por el rifirrafe tempranero) dice (en un tono fuerte):<\/p>\n\n\n\n<p>&#8211;&nbsp;&nbsp;&nbsp;&nbsp;&nbsp;&nbsp;&nbsp;&nbsp;&nbsp;&nbsp;&nbsp;&nbsp; No puedes elegir! Las decisiones de salud las tomamos nosotros, que somos las adultas.<\/p>\n\n\n\n<p>La madre, que ya hab\u00eda empezado a meter la crema viendo la cara de incomodidad que siempre ha visto en su criatura cuando tienen que hacer este procedimiento, exhala deseando acabar r\u00e1pido.<\/p>\n\n\n\n<p>Esta madre soy yo. Y con esta situaci\u00f3n cotidiana, real, humana e imperfecta, empiezo este art\u00edculo sobre \u201cQuien puede elegir (escoger) qu\u00e9: sobre decisiones peque\u00f1as y decisiones grandes\u201d.<\/p>\n\n\n\n<p><strong>Cuando hablamos de un tema<\/strong>, sea el que fuere,<strong> tenemos que tener presente que en cierto modo lo aislamos de otros muchos<\/strong>, para hacer digerible y comprensible aquello del que estamos hablando, <strong>pero la realidad los incorpora todos<\/strong>. Por eso, volvemos a revisar la situaci\u00f3n tempranera desde los aciertos o errores acontecidos en algunas de las variables que se presentan:<\/p>\n\n\n\n<p>&#8211;&nbsp;&nbsp;&nbsp;&nbsp;&nbsp;&nbsp;&nbsp;&nbsp;&nbsp;&nbsp;&nbsp;&nbsp; <strong>Tiempo<\/strong><\/p>\n\n\n\n<p>A 10 minutos de entrar en la escuela, hay poco margen para nada que requiera tiempo. Si quieres cuidar mejor (y consigues gestionar esta variable) <strong>tener tiempo para \u201cX\u201d es importante<\/strong>. Si no, pues har\u00e1s lo que puedas con lo que tienes. Y siempre te quedar\u00e1 la posibilidad de <strong>reparar <\/strong>cuando lo tengas, el tiempo.<\/p>\n\n\n\n<p>&#8211;&nbsp;&nbsp;&nbsp;&nbsp;&nbsp;&nbsp;&nbsp;&nbsp;&nbsp;&nbsp;&nbsp;&nbsp; <strong>Comunicaci\u00f3n<\/strong><\/p>\n\n\n\n<p>El tono de la conversaci\u00f3n es fuerte. Hay alguna subida de voz. Tambi\u00e9n hay <strong>validaci\u00f3n<\/strong> de una afirmaci\u00f3n muy potente y necesaria: \u201cEs mi cuerpo!\u201d. Tambi\u00e9n hay interacciones no citadas como: explicaciones previas del argumento para poner crema, riesgos posibles y una frase que se escucha en estas edades: \u201cnadie de mi clase llevar\u00e1\u201d. Aparte de la <strong>informaci\u00f3n verbal<\/strong> y <strong>paraverbal <\/strong>(tono), hay alguna de <strong>no verbal<\/strong> como carrerillas de escapada (que, en este caso, dejo que sucedan para cuidar la respuesta de defensa activa de huida).<\/p>\n\n\n\n<p>&#8211;&nbsp;&nbsp;&nbsp;&nbsp;&nbsp;&nbsp;&nbsp;&nbsp;&nbsp;&nbsp;&nbsp;&nbsp; <strong>Emocionalidad<\/strong><\/p>\n\n\n\n<p>Hay enfado y no hay tiempo para poder rebajar la intensidad y gestionar la incomodidad de una manera completamente cuidada. Hay una respuesta de defensa activa -huir del espacio donde est\u00e1 la crema- y una am\u00edgdala (centro del miedo) funcionando a toda velocidad, quiz\u00e1s juntamente en la \u00ednsula (centro de la interocepci\u00f3n). S\u00ed, el enfado y la emoci\u00f3n de la rabia son en\u00e9rgicas y potentes, y <strong>movilizan respuestas de defensa<\/strong>. Ser consciente nos puede aportar una capa m\u00e1s de profundidad a la hora de gestionar cada una de las situaciones. Al mismo tiempo, continuaremos trabajando para poder encontrar maneras cada vez m\u00e1s cuidadas de expresar y gestionar la rabia. <strong>Habr\u00e1 momentos en los que estaremos m\u00e1s cerca de aquello al que aspiramos y otros donde todas sobreviviremos.<\/strong><\/p>\n\n\n\n<p>&#8211;&nbsp;&nbsp;&nbsp;&nbsp;&nbsp;&nbsp;&nbsp;&nbsp;&nbsp;&nbsp;&nbsp;&nbsp; <strong>L\u00edmites<\/strong><\/p>\n\n\n\n<p>En esta situaci\u00f3n el l\u00edmite est\u00e1 en que toca poner crema s\u00ed o s\u00ed. Es una actividad escolar donde la criatura estar\u00e1 expuesta al sol desde la ma\u00f1ana hasta el mediod\u00eda. Es un <strong>l\u00edmite de seguridad<\/strong>. Tambi\u00e9n un <strong>l\u00edmite social <\/strong>puesto que la escuela lo ha solicitado. No es un <strong>l\u00edmite personal<\/strong> porque si en verano no quiere ponerse crema para ir la playa, lo respeto, si vamos antes de las 10.30h o a partir de las 18h (este es el l\u00edmite de seguridad, entonces). La mirada de los l\u00edmites seg\u00fan esta forma de ordenarlos (personales, sociales y de seguridad), nos permite hablar con m\u00e1s propiedad y hacer los ajustes necesarios seg\u00fan el contexto.<\/p>\n\n\n\n<p>&#8211;&nbsp;&nbsp;&nbsp;&nbsp;&nbsp;&nbsp;&nbsp;&nbsp;&nbsp;&nbsp;&nbsp;&nbsp; <strong>Valores en contradicci\u00f3n<\/strong><\/p>\n\n\n\n<p>\u201cEs mi cuerpo!\u201d frase con la cual el ni\u00f1o pone un l\u00edmite al adulto que le ha ense\u00f1ado la importancia de esto y ahora, en este preciso momento, ese mismo adulto se lo quiere saltar. Creo que todas podemos entender como en mayor o menor medida una se desencaja por dentro, sobre todo si nos quedamos en la superficie<strong>. Cada situaci\u00f3n comporta la aparici\u00f3n de varios valores y necesidades, ponderarlos y poder leer la profundidad m\u00e1s all\u00e1 del titular es esencial.<\/strong> Volviendo al ejemplo, cuando hay tiempo negocio la manera, si \u00e9l o yo, si una crema u otra. Hoy no era el d\u00eda. Bien, volviendo a las contradicciones, entender que la m\u00e1xima aqu\u00ed es: la crema solar protege tu cuerpo a corto y largo plazo, por eso, como te amo y te quiero cuidar, la ponemos.<\/p>\n\n\n\n<h3 class=\"wp-block-heading\"><strong>Momento evolutivo (autonom\u00eda y necesidades aut\u00e9nticas)<\/strong><\/h3>\n\n\n\n<p>Es importante tener presente que <strong>cada momento evolutivo permite comprender hasta puntos concretos del entramado (entre ellos, prever los riesgos) y asumir las responsabilidades que implican<\/strong>. Por eso, en esta situaci\u00f3n \u00e9l todav\u00eda no puede valorar el impacto que puede llegar a tener esta acci\u00f3n en su salud futura, sobre todo no puede asumir la responsabilidad. Tambi\u00e9n, por momento evolutivo, podemos ver la fuerza e impulso de sostener el NO de un preadolescente, m\u00e1s contundente y explosivo que en otros momentos vitales (el chispazo emocional del que nos habla Siegel, a causa de la reestructuraci\u00f3n de estructuras cerebrales implicadas).<\/p>\n\n\n\n<p>Llegados a este punto, tenemos un mapa de la multiplicidad de temas que podemos revisar en cada una de nuestras situaciones cotidianas y&#8230;<\/p>\n\n\n\n<h3 class=\"wp-block-heading\"><strong><em>\u00bfQu\u00e9 podemos decir sobre tomar decisiones?<\/em><\/strong><\/h3>\n\n\n\n<p>Pues, que decidir sobre algo que afecta a la salud es una decisi\u00f3n grande. Volviendo a la situaci\u00f3n: poner o no la crema, un d\u00eda, no es una decisi\u00f3n grande. C\u00f3mo tratamos y cuidamos la piel en exposici\u00f3n al sol como sistema, s\u00ed que es una decisi\u00f3n grande.<\/p>\n\n\n\n<p>Dejando aparte la situaci\u00f3n presentada, para hacer obtener claridad sobre el tema que hoy nos incumbe podemos ordenar las decisiones en tres grandes grupos:<\/p>\n\n\n\n<p>o&nbsp;&nbsp;&nbsp;&nbsp;&nbsp;&nbsp;&nbsp;&nbsp;&nbsp;&nbsp;&nbsp; <strong><u>Decisiones peque\u00f1as:<\/u><\/strong><\/p>\n\n\n\n<p>Aquellas que se dan en la <strong>cotidianidad<\/strong>.<\/p>\n\n\n\n<p>Son f\u00e1ciles de tomar, <strong>tienen poco impacto, con consecuencias inmediatas y reversibles<\/strong>. Por ejemplo: qu\u00e9 almorzar en la escuela, qu\u00e9 ropa meterse, en qu\u00e9 juego jugar.<\/p>\n\n\n\n<p>Las podemos ir acompa\u00f1ante desde que las criaturas empiezan a manifestar inter\u00e9s y preferencia por una cosa u otra (ya durante el <strong>primer a\u00f1o de vida<\/strong>). Ofreciendo <strong>opciones limitadas<\/strong> (dos o tres) para que eligen.<\/p>\n\n\n\n<p>o&nbsp;&nbsp;&nbsp;&nbsp;&nbsp;&nbsp;&nbsp;&nbsp;&nbsp;&nbsp;&nbsp; <strong><u>Decisiones medianas:<\/u><\/strong><\/p>\n\n\n\n<p>Aquellas que implican <strong>peque\u00f1as responsabilidades<\/strong>.<\/p>\n\n\n\n<p>Son m\u00e1s complejas puesto que se tienen que <strong>valorar opciones, considerar las consecuencias<\/strong> que pueden desencadenar a corto (medio) plazo y precisan la<strong> intervenci\u00f3n de capacidades superiores<\/strong> (organizaci\u00f3n, planificaci\u00f3n, memoria de trabajo, etc.). Por ejemplo, qu\u00e9 actividades extraescolares quieren hacer, tener la responsabilidad sobre algunas tareas de hogar, resolver conflictos con amigos, decidir c\u00f3mo distribuir el tiempo de estudio y de ocio por las tardes.<\/p>\n\n\n\n<p>Las podemos acompa\u00f1ar <strong>desde los 5-6 a\u00f1os, haciendo preguntas<\/strong> (estimulando pensamiento cr\u00edtico) <strong>y orientando el proceso<\/strong>, cogiendo progresivamente m\u00e1s un rol de supervisi\u00f3n seg\u00fan va aumentando su autonom\u00eda y el ser m\u00e1s capaces.<\/p>\n\n\n\n<p>o&nbsp;&nbsp;&nbsp;&nbsp;&nbsp;&nbsp;&nbsp;&nbsp;&nbsp;&nbsp;&nbsp; <strong><u>Decisiones grandes:<\/u><\/strong><\/p>\n\n\n\n<p>Aquellas que afectan a la <strong>estructura de la familia<\/strong>, como gesti\u00f3n de la salud, temas econ\u00f3micos, cambios de escuela o de casa, relaci\u00f3n entre adultas (separaciones, organizaci\u00f3n parental, etc.).<\/p>\n\n\n\n<p>Son decisiones con un <strong>impacto importante<\/strong>, en muchas ocasiones<strong> a largo plazo y con consecuencias duraderas<\/strong>. Este tipo de decisiones implican una complejidad dif\u00edcil de valorar por un ni\u00f1o (tambi\u00e9n el adolescente), puesto que est\u00e1n por encima del nivel de autonom\u00eda adquirido.<\/p>\n\n\n\n<p>En relaci\u00f3n a esto \u00faltimo es importante mencionar que si una criatura se encuentra expuesta a decidir sobre estas cuestiones (decisiones grandes) puede verse sobrepasada por la responsabilidad, desconectada de sus propias necesidades y entrar un rol que no le corresponde, convirti\u00e9ndose en un <strong>ni\u00f1o o ni\u00f1a parentalizado<\/strong> (asume el rol de un adulto).<\/p>\n\n\n\n<p>Entonces, <strong>\u00bfcu\u00e1l es el papel que pueden tomar las criaturas en las decisiones grandes?<\/strong><\/p>\n\n\n\n<p><strong>Como familia conviene crear espacios de conversaci\u00f3n alrededor de las decisiones grandes, puesto que los ni\u00f1os tambi\u00e9n estar\u00e1n afectados por ellas.<\/strong> Seg\u00fan la edad, ser\u00e1n conversas meramente explicativas donde tendremos ocasi\u00f3n de enterarnos de c\u00f3mo las vive el ni\u00f1o (y acompa\u00f1arlo), o ser\u00e1n conversas en las cuales podr\u00e1n participar y dar su opini\u00f3n, sabiendo que la decisi\u00f3n final la tomar\u00e1n las adultas (y asumir\u00e1n responsabilidades y consecuencias).<\/p>\n\n\n\n<p>Tal y como ya hice en mi primer art\u00edculo de Acompa\u00f1amiento Familiar, cierro el de hoy recuperando una frase de Lyd\u00eda Cuervas, escrita a <em>\u201cMusas de la educaci\u00f3n VIVA\u201d<\/em> de la Colecci\u00f3n Musas, ilustrado y autoeditado por Sara Cend\u00e1n Masip. Este re.COR.datorio es:<\/p>\n\n\n\n<p><strong><em>\u201c Madre-Padre-acompa\u00f1ante: solo estamos aprendiendo.\u201d<\/em><\/strong><\/p>\n\n\n\n<p>\u00a1Deseo que este espacio de intimidad que he abierto sea nutricio para ti y para la gran tarea que est\u00e1s haciendo! Y que te sea suave ir integrando las decisiones de tus hijxs, cuando son bien distintas a las tuyas. Te abrazo.<\/p>\n\n\n\n<h4 class=\"wp-block-heading\">Judit Lab\u00e8rnia Reverter<\/h4>\n\n\n\n<p>Psic\u00f3loga. Psicoterapeuta integradora especializada en sexualidad, perinatal y trauma<\/p>\n\n\n\n<h3 class=\"wp-block-heading\"><\/h3>\n\n\n\n<p><\/p>\n\n\n\n<p><\/p>\n\n\n\n<h4 class=\"wp-block-heading\"><\/h4>\n\n\n\n<p><\/p>\n","protected":false},"excerpt":{"rendered":"<p>Sobre decisiones peque\u00f1as y decisiones grandes Son las 8:50h de una ma\u00f1ana cualquiera de un d\u00eda primaveral. Hoy las criaturas de la escuela hacen una ruta literaria por su pueblo. A una de las casas, un ni\u00f1o de ciclo superior, un preadolescente con fuerte despertar puberal, despu\u00e9s de diferentes intercambios verbales con su madre, grita: [&hellip;]<\/p>\n","protected":false},"author":2,"featured_media":2347,"comment_status":"closed","ping_status":"closed","sticky":false,"template":"","format":"standard","meta":{"footnotes":""},"categories":[9],"tags":[],"class_list":["post-2345","post","type-post","status-publish","format-standard","has-post-thumbnail","hentry","category-articulos"],"yoast_head":"<!-- This site is optimized with the Yoast SEO plugin v26.8 - https:\/\/yoast.com\/product\/yoast-seo-wordpress\/ -->\n<title>\u00bfQui\u00e9n puede escoger qu\u00e9? - Acompanyament Familiar<\/title>\n<meta name=\"description\" content=\"Como familia conviene crear espacios de conversaci\u00f3n alrededor de las decisiones grandes, puesto que los ni\u00f1os tambi\u00e9n estar\u00e1n afectados por ellas. Seg\u00fan la edad, ser\u00e1n conversas meramente explicativas donde tendremos ocasi\u00f3n de enterarnos de c\u00f3mo las vive el ni\u00f1o (y acompa\u00f1arlo), o ser\u00e1n conversas en las cuales podr\u00e1n participar y dar su opini\u00f3n, sabiendo que la decisi\u00f3n final la tomar\u00e1n las adultas (y asumir\u00e1n responsabilidades y consecuencias).\" \/>\n<meta name=\"robots\" content=\"index, follow, max-snippet:-1, max-image-preview:large, max-video-preview:-1\" \/>\n<link rel=\"canonical\" href=\"https:\/\/acompanyamentfamiliar.com\/es\/articulos\/quien-puede-escoger-que\/\" \/>\n<meta property=\"og:locale\" content=\"es_ES\" \/>\n<meta property=\"og:type\" content=\"article\" \/>\n<meta property=\"og:title\" content=\"\u00bfQui\u00e9n puede escoger qu\u00e9? - Acompanyament Familiar\" \/>\n<meta property=\"og:description\" content=\"Como familia conviene crear espacios de conversaci\u00f3n alrededor de las decisiones grandes, puesto que los ni\u00f1os tambi\u00e9n estar\u00e1n afectados por ellas. Seg\u00fan la edad, ser\u00e1n conversas meramente explicativas donde tendremos ocasi\u00f3n de enterarnos de c\u00f3mo las vive el ni\u00f1o (y acompa\u00f1arlo), o ser\u00e1n conversas en las cuales podr\u00e1n participar y dar su opini\u00f3n, sabiendo que la decisi\u00f3n final la tomar\u00e1n las adultas (y asumir\u00e1n responsabilidades y consecuencias).\" \/>\n<meta property=\"og:url\" content=\"https:\/\/acompanyamentfamiliar.com\/es\/articulos\/quien-puede-escoger-que\/\" \/>\n<meta property=\"og:site_name\" content=\"Acompanyament Familiar\" \/>\n<meta property=\"article:published_time\" content=\"2026-04-29T20:28:34+00:00\" \/>\n<meta property=\"article:modified_time\" content=\"2026-04-29T20:32:52+00:00\" \/>\n<meta property=\"og:image\" content=\"https:\/\/acompanyamentfamiliar.com\/wp-content\/uploads\/2026\/04\/La-que-mes-magrada-scaled.jpg\" \/>\n\t<meta property=\"og:image:width\" content=\"2039\" \/>\n\t<meta property=\"og:image:height\" content=\"2560\" \/>\n\t<meta property=\"og:image:type\" content=\"image\/jpeg\" \/>\n<meta name=\"author\" content=\"Elisenda Pascual\" \/>\n<meta name=\"twitter:card\" content=\"summary_large_image\" \/>\n<meta name=\"twitter:label1\" content=\"Escrito por\" \/>\n\t<meta name=\"twitter:data1\" content=\"Elisenda Pascual\" \/>\n\t<meta name=\"twitter:label2\" content=\"Tiempo de lectura\" \/>\n\t<meta name=\"twitter:data2\" content=\"9 minutos\" \/>\n<script type=\"application\/ld+json\" class=\"yoast-schema-graph\">{\"@context\":\"https:\/\/schema.org\",\"@graph\":[{\"@type\":\"Article\",\"@id\":\"https:\/\/acompanyamentfamiliar.com\/es\/articulos\/quien-puede-escoger-que\/#article\",\"isPartOf\":{\"@id\":\"https:\/\/acompanyamentfamiliar.com\/es\/articulos\/quien-puede-escoger-que\/\"},\"author\":{\"name\":\"Elisenda Pascual\",\"@id\":\"https:\/\/acompanyamentfamiliar.com\/es\/#\/schema\/person\/f4f451fe83728261d18d62c9dcfdd66c\"},\"headline\":\"\u00bfQui\u00e9n puede escoger qu\u00e9?\",\"datePublished\":\"2026-04-29T20:28:34+00:00\",\"dateModified\":\"2026-04-29T20:32:52+00:00\",\"mainEntityOfPage\":{\"@id\":\"https:\/\/acompanyamentfamiliar.com\/es\/articulos\/quien-puede-escoger-que\/\"},\"wordCount\":1779,\"publisher\":{\"@id\":\"https:\/\/acompanyamentfamiliar.com\/es\/#organization\"},\"image\":{\"@id\":\"https:\/\/acompanyamentfamiliar.com\/es\/articulos\/quien-puede-escoger-que\/#primaryimage\"},\"thumbnailUrl\":\"https:\/\/acompanyamentfamiliar.com\/wp-content\/uploads\/2026\/04\/La-que-mes-magrada-scaled.jpg\",\"articleSection\":[\"Art\u00edculos\"],\"inLanguage\":\"es\"},{\"@type\":\"WebPage\",\"@id\":\"https:\/\/acompanyamentfamiliar.com\/es\/articulos\/quien-puede-escoger-que\/\",\"url\":\"https:\/\/acompanyamentfamiliar.com\/es\/articulos\/quien-puede-escoger-que\/\",\"name\":\"\u00bfQui\u00e9n puede escoger qu\u00e9? - Acompanyament Familiar\",\"isPartOf\":{\"@id\":\"https:\/\/acompanyamentfamiliar.com\/es\/#website\"},\"primaryImageOfPage\":{\"@id\":\"https:\/\/acompanyamentfamiliar.com\/es\/articulos\/quien-puede-escoger-que\/#primaryimage\"},\"image\":{\"@id\":\"https:\/\/acompanyamentfamiliar.com\/es\/articulos\/quien-puede-escoger-que\/#primaryimage\"},\"thumbnailUrl\":\"https:\/\/acompanyamentfamiliar.com\/wp-content\/uploads\/2026\/04\/La-que-mes-magrada-scaled.jpg\",\"datePublished\":\"2026-04-29T20:28:34+00:00\",\"dateModified\":\"2026-04-29T20:32:52+00:00\",\"description\":\"Como familia conviene crear espacios de conversaci\u00f3n alrededor de las decisiones grandes, puesto que los ni\u00f1os tambi\u00e9n estar\u00e1n afectados por ellas. Seg\u00fan la edad, ser\u00e1n conversas meramente explicativas donde tendremos ocasi\u00f3n de enterarnos de c\u00f3mo las vive el ni\u00f1o (y acompa\u00f1arlo), o ser\u00e1n conversas en las cuales podr\u00e1n participar y dar su opini\u00f3n, sabiendo que la decisi\u00f3n final la tomar\u00e1n las adultas (y asumir\u00e1n responsabilidades y consecuencias).\",\"breadcrumb\":{\"@id\":\"https:\/\/acompanyamentfamiliar.com\/es\/articulos\/quien-puede-escoger-que\/#breadcrumb\"},\"inLanguage\":\"es\",\"potentialAction\":[{\"@type\":\"ReadAction\",\"target\":[\"https:\/\/acompanyamentfamiliar.com\/es\/articulos\/quien-puede-escoger-que\/\"]}]},{\"@type\":\"ImageObject\",\"inLanguage\":\"es\",\"@id\":\"https:\/\/acompanyamentfamiliar.com\/es\/articulos\/quien-puede-escoger-que\/#primaryimage\",\"url\":\"https:\/\/acompanyamentfamiliar.com\/wp-content\/uploads\/2026\/04\/La-que-mes-magrada-scaled.jpg\",\"contentUrl\":\"https:\/\/acompanyamentfamiliar.com\/wp-content\/uploads\/2026\/04\/La-que-mes-magrada-scaled.jpg\",\"width\":2039,\"height\":2560},{\"@type\":\"BreadcrumbList\",\"@id\":\"https:\/\/acompanyamentfamiliar.com\/es\/articulos\/quien-puede-escoger-que\/#breadcrumb\",\"itemListElement\":[{\"@type\":\"ListItem\",\"position\":1,\"name\":\"Portada\",\"item\":\"https:\/\/acompanyamentfamiliar.com\/es\/\"},{\"@type\":\"ListItem\",\"position\":2,\"name\":\"\u00bfQui\u00e9n puede escoger qu\u00e9?\"}]},{\"@type\":\"WebSite\",\"@id\":\"https:\/\/acompanyamentfamiliar.com\/es\/#website\",\"url\":\"https:\/\/acompanyamentfamiliar.com\/es\/\",\"name\":\"Acompanyament Familiar\",\"description\":\"Psic\u00f3logas en Barcelona: Acompa\u00f1amiento familiar\",\"publisher\":{\"@id\":\"https:\/\/acompanyamentfamiliar.com\/es\/#organization\"},\"potentialAction\":[{\"@type\":\"SearchAction\",\"target\":{\"@type\":\"EntryPoint\",\"urlTemplate\":\"https:\/\/acompanyamentfamiliar.com\/es\/?s={search_term_string}\"},\"query-input\":{\"@type\":\"PropertyValueSpecification\",\"valueRequired\":true,\"valueName\":\"search_term_string\"}}],\"inLanguage\":\"es\"},{\"@type\":\"Organization\",\"@id\":\"https:\/\/acompanyamentfamiliar.com\/es\/#organization\",\"name\":\"Acompanyament Familiar\",\"url\":\"https:\/\/acompanyamentfamiliar.com\/es\/\",\"logo\":{\"@type\":\"ImageObject\",\"inLanguage\":\"es\",\"@id\":\"https:\/\/acompanyamentfamiliar.com\/es\/#\/schema\/logo\/image\/\",\"url\":\"https:\/\/acompanyamentfamiliar.com\/wp-content\/uploads\/2025\/03\/logo_acompanyamnet_familiar.png\",\"contentUrl\":\"https:\/\/acompanyamentfamiliar.com\/wp-content\/uploads\/2025\/03\/logo_acompanyamnet_familiar.png\",\"width\":241,\"height\":126,\"caption\":\"Acompanyament Familiar\"},\"image\":{\"@id\":\"https:\/\/acompanyamentfamiliar.com\/es\/#\/schema\/logo\/image\/\"}},{\"@type\":\"Person\",\"@id\":\"https:\/\/acompanyamentfamiliar.com\/es\/#\/schema\/person\/f4f451fe83728261d18d62c9dcfdd66c\",\"name\":\"Elisenda Pascual\",\"image\":{\"@type\":\"ImageObject\",\"inLanguage\":\"es\",\"@id\":\"https:\/\/acompanyamentfamiliar.com\/es\/#\/schema\/person\/image\/\",\"url\":\"https:\/\/secure.gravatar.com\/avatar\/6fe99b227f227be12564392bc5ccae10e319707d971bd6104849e0f7b447b179?s=96&d=mm&r=g\",\"contentUrl\":\"https:\/\/secure.gravatar.com\/avatar\/6fe99b227f227be12564392bc5ccae10e319707d971bd6104849e0f7b447b179?s=96&d=mm&r=g\",\"caption\":\"Elisenda Pascual\"},\"url\":\"https:\/\/acompanyamentfamiliar.com\/es\/author\/elisendapascual\/\"}]}<\/script>\n<!-- \/ Yoast SEO plugin. -->","yoast_head_json":{"title":"\u00bfQui\u00e9n puede escoger qu\u00e9? - Acompanyament Familiar","description":"Como familia conviene crear espacios de conversaci\u00f3n alrededor de las decisiones grandes, puesto que los ni\u00f1os tambi\u00e9n estar\u00e1n afectados por ellas. Seg\u00fan la edad, ser\u00e1n conversas meramente explicativas donde tendremos ocasi\u00f3n de enterarnos de c\u00f3mo las vive el ni\u00f1o (y acompa\u00f1arlo), o ser\u00e1n conversas en las cuales podr\u00e1n participar y dar su opini\u00f3n, sabiendo que la decisi\u00f3n final la tomar\u00e1n las adultas (y asumir\u00e1n responsabilidades y consecuencias).","robots":{"index":"index","follow":"follow","max-snippet":"max-snippet:-1","max-image-preview":"max-image-preview:large","max-video-preview":"max-video-preview:-1"},"canonical":"https:\/\/acompanyamentfamiliar.com\/es\/articulos\/quien-puede-escoger-que\/","og_locale":"es_ES","og_type":"article","og_title":"\u00bfQui\u00e9n puede escoger qu\u00e9? - Acompanyament Familiar","og_description":"Como familia conviene crear espacios de conversaci\u00f3n alrededor de las decisiones grandes, puesto que los ni\u00f1os tambi\u00e9n estar\u00e1n afectados por ellas. Seg\u00fan la edad, ser\u00e1n conversas meramente explicativas donde tendremos ocasi\u00f3n de enterarnos de c\u00f3mo las vive el ni\u00f1o (y acompa\u00f1arlo), o ser\u00e1n conversas en las cuales podr\u00e1n participar y dar su opini\u00f3n, sabiendo que la decisi\u00f3n final la tomar\u00e1n las adultas (y asumir\u00e1n responsabilidades y consecuencias).","og_url":"https:\/\/acompanyamentfamiliar.com\/es\/articulos\/quien-puede-escoger-que\/","og_site_name":"Acompanyament Familiar","article_published_time":"2026-04-29T20:28:34+00:00","article_modified_time":"2026-04-29T20:32:52+00:00","og_image":[{"width":2039,"height":2560,"url":"https:\/\/acompanyamentfamiliar.com\/wp-content\/uploads\/2026\/04\/La-que-mes-magrada-scaled.jpg","type":"image\/jpeg"}],"author":"Elisenda Pascual","twitter_card":"summary_large_image","twitter_misc":{"Escrito por":"Elisenda Pascual","Tiempo de lectura":"9 minutos"},"schema":{"@context":"https:\/\/schema.org","@graph":[{"@type":"Article","@id":"https:\/\/acompanyamentfamiliar.com\/es\/articulos\/quien-puede-escoger-que\/#article","isPartOf":{"@id":"https:\/\/acompanyamentfamiliar.com\/es\/articulos\/quien-puede-escoger-que\/"},"author":{"name":"Elisenda Pascual","@id":"https:\/\/acompanyamentfamiliar.com\/es\/#\/schema\/person\/f4f451fe83728261d18d62c9dcfdd66c"},"headline":"\u00bfQui\u00e9n puede escoger qu\u00e9?","datePublished":"2026-04-29T20:28:34+00:00","dateModified":"2026-04-29T20:32:52+00:00","mainEntityOfPage":{"@id":"https:\/\/acompanyamentfamiliar.com\/es\/articulos\/quien-puede-escoger-que\/"},"wordCount":1779,"publisher":{"@id":"https:\/\/acompanyamentfamiliar.com\/es\/#organization"},"image":{"@id":"https:\/\/acompanyamentfamiliar.com\/es\/articulos\/quien-puede-escoger-que\/#primaryimage"},"thumbnailUrl":"https:\/\/acompanyamentfamiliar.com\/wp-content\/uploads\/2026\/04\/La-que-mes-magrada-scaled.jpg","articleSection":["Art\u00edculos"],"inLanguage":"es"},{"@type":"WebPage","@id":"https:\/\/acompanyamentfamiliar.com\/es\/articulos\/quien-puede-escoger-que\/","url":"https:\/\/acompanyamentfamiliar.com\/es\/articulos\/quien-puede-escoger-que\/","name":"\u00bfQui\u00e9n puede escoger qu\u00e9? - Acompanyament Familiar","isPartOf":{"@id":"https:\/\/acompanyamentfamiliar.com\/es\/#website"},"primaryImageOfPage":{"@id":"https:\/\/acompanyamentfamiliar.com\/es\/articulos\/quien-puede-escoger-que\/#primaryimage"},"image":{"@id":"https:\/\/acompanyamentfamiliar.com\/es\/articulos\/quien-puede-escoger-que\/#primaryimage"},"thumbnailUrl":"https:\/\/acompanyamentfamiliar.com\/wp-content\/uploads\/2026\/04\/La-que-mes-magrada-scaled.jpg","datePublished":"2026-04-29T20:28:34+00:00","dateModified":"2026-04-29T20:32:52+00:00","description":"Como familia conviene crear espacios de conversaci\u00f3n alrededor de las decisiones grandes, puesto que los ni\u00f1os tambi\u00e9n estar\u00e1n afectados por ellas. Seg\u00fan la edad, ser\u00e1n conversas meramente explicativas donde tendremos ocasi\u00f3n de enterarnos de c\u00f3mo las vive el ni\u00f1o (y acompa\u00f1arlo), o ser\u00e1n conversas en las cuales podr\u00e1n participar y dar su opini\u00f3n, sabiendo que la decisi\u00f3n final la tomar\u00e1n las adultas (y asumir\u00e1n responsabilidades y consecuencias).","breadcrumb":{"@id":"https:\/\/acompanyamentfamiliar.com\/es\/articulos\/quien-puede-escoger-que\/#breadcrumb"},"inLanguage":"es","potentialAction":[{"@type":"ReadAction","target":["https:\/\/acompanyamentfamiliar.com\/es\/articulos\/quien-puede-escoger-que\/"]}]},{"@type":"ImageObject","inLanguage":"es","@id":"https:\/\/acompanyamentfamiliar.com\/es\/articulos\/quien-puede-escoger-que\/#primaryimage","url":"https:\/\/acompanyamentfamiliar.com\/wp-content\/uploads\/2026\/04\/La-que-mes-magrada-scaled.jpg","contentUrl":"https:\/\/acompanyamentfamiliar.com\/wp-content\/uploads\/2026\/04\/La-que-mes-magrada-scaled.jpg","width":2039,"height":2560},{"@type":"BreadcrumbList","@id":"https:\/\/acompanyamentfamiliar.com\/es\/articulos\/quien-puede-escoger-que\/#breadcrumb","itemListElement":[{"@type":"ListItem","position":1,"name":"Portada","item":"https:\/\/acompanyamentfamiliar.com\/es\/"},{"@type":"ListItem","position":2,"name":"\u00bfQui\u00e9n puede escoger qu\u00e9?"}]},{"@type":"WebSite","@id":"https:\/\/acompanyamentfamiliar.com\/es\/#website","url":"https:\/\/acompanyamentfamiliar.com\/es\/","name":"Acompanyament Familiar","description":"Psic\u00f3logas en Barcelona: Acompa\u00f1amiento familiar","publisher":{"@id":"https:\/\/acompanyamentfamiliar.com\/es\/#organization"},"potentialAction":[{"@type":"SearchAction","target":{"@type":"EntryPoint","urlTemplate":"https:\/\/acompanyamentfamiliar.com\/es\/?s={search_term_string}"},"query-input":{"@type":"PropertyValueSpecification","valueRequired":true,"valueName":"search_term_string"}}],"inLanguage":"es"},{"@type":"Organization","@id":"https:\/\/acompanyamentfamiliar.com\/es\/#organization","name":"Acompanyament Familiar","url":"https:\/\/acompanyamentfamiliar.com\/es\/","logo":{"@type":"ImageObject","inLanguage":"es","@id":"https:\/\/acompanyamentfamiliar.com\/es\/#\/schema\/logo\/image\/","url":"https:\/\/acompanyamentfamiliar.com\/wp-content\/uploads\/2025\/03\/logo_acompanyamnet_familiar.png","contentUrl":"https:\/\/acompanyamentfamiliar.com\/wp-content\/uploads\/2025\/03\/logo_acompanyamnet_familiar.png","width":241,"height":126,"caption":"Acompanyament Familiar"},"image":{"@id":"https:\/\/acompanyamentfamiliar.com\/es\/#\/schema\/logo\/image\/"}},{"@type":"Person","@id":"https:\/\/acompanyamentfamiliar.com\/es\/#\/schema\/person\/f4f451fe83728261d18d62c9dcfdd66c","name":"Elisenda Pascual","image":{"@type":"ImageObject","inLanguage":"es","@id":"https:\/\/acompanyamentfamiliar.com\/es\/#\/schema\/person\/image\/","url":"https:\/\/secure.gravatar.com\/avatar\/6fe99b227f227be12564392bc5ccae10e319707d971bd6104849e0f7b447b179?s=96&d=mm&r=g","contentUrl":"https:\/\/secure.gravatar.com\/avatar\/6fe99b227f227be12564392bc5ccae10e319707d971bd6104849e0f7b447b179?s=96&d=mm&r=g","caption":"Elisenda Pascual"},"url":"https:\/\/acompanyamentfamiliar.com\/es\/author\/elisendapascual\/"}]}},"_links":{"self":[{"href":"https:\/\/acompanyamentfamiliar.com\/es\/wp-json\/wp\/v2\/posts\/2345","targetHints":{"allow":["GET"]}}],"collection":[{"href":"https:\/\/acompanyamentfamiliar.com\/es\/wp-json\/wp\/v2\/posts"}],"about":[{"href":"https:\/\/acompanyamentfamiliar.com\/es\/wp-json\/wp\/v2\/types\/post"}],"author":[{"embeddable":true,"href":"https:\/\/acompanyamentfamiliar.com\/es\/wp-json\/wp\/v2\/users\/2"}],"replies":[{"embeddable":true,"href":"https:\/\/acompanyamentfamiliar.com\/es\/wp-json\/wp\/v2\/comments?post=2345"}],"version-history":[{"count":2,"href":"https:\/\/acompanyamentfamiliar.com\/es\/wp-json\/wp\/v2\/posts\/2345\/revisions"}],"predecessor-version":[{"id":2351,"href":"https:\/\/acompanyamentfamiliar.com\/es\/wp-json\/wp\/v2\/posts\/2345\/revisions\/2351"}],"wp:featuredmedia":[{"embeddable":true,"href":"https:\/\/acompanyamentfamiliar.com\/es\/wp-json\/wp\/v2\/media\/2347"}],"wp:attachment":[{"href":"https:\/\/acompanyamentfamiliar.com\/es\/wp-json\/wp\/v2\/media?parent=2345"}],"wp:term":[{"taxonomy":"category","embeddable":true,"href":"https:\/\/acompanyamentfamiliar.com\/es\/wp-json\/wp\/v2\/categories?post=2345"},{"taxonomy":"post_tag","embeddable":true,"href":"https:\/\/acompanyamentfamiliar.com\/es\/wp-json\/wp\/v2\/tags?post=2345"}],"curies":[{"name":"wp","href":"https:\/\/api.w.org\/{rel}","templated":true}]}}