{"id":306,"date":"2020-09-09T10:15:00","date_gmt":"2020-09-09T10:15:00","guid":{"rendered":"https:\/\/acompanyamentfamiliar.com\/?p=306"},"modified":"2025-04-04T10:17:38","modified_gmt":"2025-04-04T10:17:38","slug":"cos","status":"publish","type":"post","link":"https:\/\/acompanyamentfamiliar.com\/es\/actividades\/cos\/","title":{"rendered":"+COS"},"content":{"rendered":"\n<p>Nuestro cuerpo guarda&nbsp;emociones&nbsp;que a la mente le cuesta procesar. Abrimos espacios, aflojamos tensiones, nos movemos, respiramos, jugamos, bailamos, etc. para abrirnos a los mensajes internos, reconocerlos y abrazarlos. As\u00ed es como queremos acompa\u00f1ar a nuestxs hijxs para que sus emociones fluyan como el agua. As\u00ed nos acompa\u00f1amos a nosotrxs aprendiendo a fluir con lo que hay, porqu\u00e9 podemos ofrecer aquello que somos.&nbsp;La educaci\u00f3n pasa por el ejemplo, no s\u00f3lo por la palabra.&nbsp;Grupo para la investigaci\u00f3n personal desde&nbsp;t\u00e9cnicas psico-corporales con un enfoque humanista y integrativo.&nbsp;Apto para toda persona con cuerpo!<\/p>\n\n\n\n<p>TESTIMONIOS<\/p>\n\n\n\n<p>Parece mentira como con una m\u00fasica africana, empiezas a saltar y bailar, no sabes c\u00f3mo vas quitando las tensiones que llevas encima, las contracturas, empiezas a llorar y sacas todo el malestar que llevas encima &#8230; una pasada &#8230; despues al cabo de unos d\u00edas, empiezas a saltar autom\u00e1ticamente a casa y empiezas a manejar sola la descargarla de tensiones que llevamos encima. Liberador!<\/p>\n\n\n\n<p>Lali<\/p>\n\n\n\n<p><em>\u00abCon el trabajo corporal con la Lara he podido conectar, a trav\u00e9s del cuerpo, con las emociones, sentirlas, localizarlas y acept\u00e1ndolas. Y eso me ha llevado a un autoconocimiento muy profundo. A trav\u00e9s del baile he aprendido a expandirme, a soltar, a dar voz a mi cuerpo y permitir m ser. Con el cuerpo he puesto l\u00edmites que m han servido para poco a poco irlos integrando en m\u00ed. Con el trabajo corporal me he arraigado, m he empoderado, y voy aprendiendo a encontrar mi lugar de dignidad &#8230; pies en el suelo, rodillas flexionadas, aflojando &#8230; y sintiendo como voy volviendo a m\u00ed. \u00ab<\/em><\/p>\n\n\n\n<p>Victoria<\/p>\n","protected":false},"excerpt":{"rendered":"<p>Espai Cosmos &#8211; Barcelona<\/p>\n","protected":false},"author":1,"featured_media":310,"comment_status":"closed","ping_status":"closed","sticky":false,"template":"","format":"standard","meta":{"footnotes":""},"categories":[8],"tags":[],"class_list":["post-306","post","type-post","status-publish","format-standard","has-post-thumbnail","hentry","category-actividades"],"yoast_head":"<!-- This site is optimized with the Yoast SEO plugin v26.8 - https:\/\/yoast.com\/product\/yoast-seo-wordpress\/ -->\n<title>+COS - Acompanyament Familiar<\/title>\n<meta name=\"description\" content=\"Grupo para la investigaci\u00f3n personal desde\u00a0t\u00e9cnicas psico-corporales con un enfoque humanista y integrativo.\" \/>\n<meta name=\"robots\" content=\"index, follow, max-snippet:-1, max-image-preview:large, max-video-preview:-1\" \/>\n<link rel=\"canonical\" href=\"https:\/\/acompanyamentfamiliar.com\/es\/actividades\/cos\/\" \/>\n<meta property=\"og:locale\" content=\"es_ES\" \/>\n<meta property=\"og:type\" content=\"article\" \/>\n<meta property=\"og:title\" content=\"+COS - Acompanyament Familiar\" \/>\n<meta property=\"og:description\" content=\"Grupo para la investigaci\u00f3n personal desde\u00a0t\u00e9cnicas psico-corporales con un enfoque humanista y integrativo.\" \/>\n<meta property=\"og:url\" content=\"https:\/\/acompanyamentfamiliar.com\/es\/actividades\/cos\/\" \/>\n<meta property=\"og:site_name\" content=\"Acompanyament Familiar\" \/>\n<meta property=\"article:published_time\" content=\"2020-09-09T10:15:00+00:00\" \/>\n<meta property=\"article:modified_time\" content=\"2025-04-04T10:17:38+00:00\" \/>\n<meta property=\"og:image\" content=\"https:\/\/acompanyamentfamiliar.com\/wp-content\/uploads\/2020\/09\/investigacion-psico-corporea.jpeg\" \/>\n\t<meta property=\"og:image:width\" content=\"645\" \/>\n\t<meta property=\"og:image:height\" content=\"320\" \/>\n\t<meta property=\"og:image:type\" content=\"image\/jpeg\" \/>\n<meta name=\"author\" content=\"admin\" \/>\n<meta name=\"twitter:card\" content=\"summary_large_image\" \/>\n<meta name=\"twitter:label1\" content=\"Escrito por\" \/>\n\t<meta name=\"twitter:data1\" content=\"admin\" \/>\n\t<meta name=\"twitter:label2\" content=\"Tiempo de lectura\" \/>\n\t<meta name=\"twitter:data2\" content=\"2 minutos\" \/>\n<script type=\"application\/ld+json\" class=\"yoast-schema-graph\">{\"@context\":\"https:\/\/schema.org\",\"@graph\":[{\"@type\":\"Article\",\"@id\":\"https:\/\/acompanyamentfamiliar.com\/es\/actividades\/cos\/#article\",\"isPartOf\":{\"@id\":\"https:\/\/acompanyamentfamiliar.com\/es\/actividades\/cos\/\"},\"author\":{\"name\":\"admin\",\"@id\":\"https:\/\/acompanyamentfamiliar.com\/es\/#\/schema\/person\/2cd1d7b797c09f8e73d0ab6b36585040\"},\"headline\":\"+COS\",\"datePublished\":\"2020-09-09T10:15:00+00:00\",\"dateModified\":\"2025-04-04T10:17:38+00:00\",\"mainEntityOfPage\":{\"@id\":\"https:\/\/acompanyamentfamiliar.com\/es\/actividades\/cos\/\"},\"wordCount\":283,\"publisher\":{\"@id\":\"https:\/\/acompanyamentfamiliar.com\/es\/#organization\"},\"image\":{\"@id\":\"https:\/\/acompanyamentfamiliar.com\/es\/actividades\/cos\/#primaryimage\"},\"thumbnailUrl\":\"https:\/\/acompanyamentfamiliar.com\/wp-content\/uploads\/2020\/09\/investigacion-psico-corporea.jpeg\",\"articleSection\":[\"Actividades\"],\"inLanguage\":\"es\"},{\"@type\":\"WebPage\",\"@id\":\"https:\/\/acompanyamentfamiliar.com\/es\/actividades\/cos\/\",\"url\":\"https:\/\/acompanyamentfamiliar.com\/es\/actividades\/cos\/\",\"name\":\"+COS - Acompanyament Familiar\",\"isPartOf\":{\"@id\":\"https:\/\/acompanyamentfamiliar.com\/es\/#website\"},\"primaryImageOfPage\":{\"@id\":\"https:\/\/acompanyamentfamiliar.com\/es\/actividades\/cos\/#primaryimage\"},\"image\":{\"@id\":\"https:\/\/acompanyamentfamiliar.com\/es\/actividades\/cos\/#primaryimage\"},\"thumbnailUrl\":\"https:\/\/acompanyamentfamiliar.com\/wp-content\/uploads\/2020\/09\/investigacion-psico-corporea.jpeg\",\"datePublished\":\"2020-09-09T10:15:00+00:00\",\"dateModified\":\"2025-04-04T10:17:38+00:00\",\"description\":\"Grupo para la investigaci\u00f3n personal desde\u00a0t\u00e9cnicas psico-corporales con un enfoque humanista y integrativo.\",\"breadcrumb\":{\"@id\":\"https:\/\/acompanyamentfamiliar.com\/es\/actividades\/cos\/#breadcrumb\"},\"inLanguage\":\"es\",\"potentialAction\":[{\"@type\":\"ReadAction\",\"target\":[\"https:\/\/acompanyamentfamiliar.com\/es\/actividades\/cos\/\"]}]},{\"@type\":\"ImageObject\",\"inLanguage\":\"es\",\"@id\":\"https:\/\/acompanyamentfamiliar.com\/es\/actividades\/cos\/#primaryimage\",\"url\":\"https:\/\/acompanyamentfamiliar.com\/wp-content\/uploads\/2020\/09\/investigacion-psico-corporea.jpeg\",\"contentUrl\":\"https:\/\/acompanyamentfamiliar.com\/wp-content\/uploads\/2020\/09\/investigacion-psico-corporea.jpeg\",\"width\":645,\"height\":320},{\"@type\":\"BreadcrumbList\",\"@id\":\"https:\/\/acompanyamentfamiliar.com\/es\/actividades\/cos\/#breadcrumb\",\"itemListElement\":[{\"@type\":\"ListItem\",\"position\":1,\"name\":\"Portada\",\"item\":\"https:\/\/acompanyamentfamiliar.com\/es\/\"},{\"@type\":\"ListItem\",\"position\":2,\"name\":\"+COS\"}]},{\"@type\":\"WebSite\",\"@id\":\"https:\/\/acompanyamentfamiliar.com\/es\/#website\",\"url\":\"https:\/\/acompanyamentfamiliar.com\/es\/\",\"name\":\"Acompanyament Familiar\",\"description\":\"Psic\u00f3logas en Barcelona: Acompa\u00f1amiento familiar\",\"publisher\":{\"@id\":\"https:\/\/acompanyamentfamiliar.com\/es\/#organization\"},\"potentialAction\":[{\"@type\":\"SearchAction\",\"target\":{\"@type\":\"EntryPoint\",\"urlTemplate\":\"https:\/\/acompanyamentfamiliar.com\/es\/?s={search_term_string}\"},\"query-input\":{\"@type\":\"PropertyValueSpecification\",\"valueRequired\":true,\"valueName\":\"search_term_string\"}}],\"inLanguage\":\"es\"},{\"@type\":\"Organization\",\"@id\":\"https:\/\/acompanyamentfamiliar.com\/es\/#organization\",\"name\":\"Acompanyament Familiar\",\"url\":\"https:\/\/acompanyamentfamiliar.com\/es\/\",\"logo\":{\"@type\":\"ImageObject\",\"inLanguage\":\"es\",\"@id\":\"https:\/\/acompanyamentfamiliar.com\/es\/#\/schema\/logo\/image\/\",\"url\":\"https:\/\/acompanyamentfamiliar.com\/wp-content\/uploads\/2025\/03\/logo_acompanyamnet_familiar.png\",\"contentUrl\":\"https:\/\/acompanyamentfamiliar.com\/wp-content\/uploads\/2025\/03\/logo_acompanyamnet_familiar.png\",\"width\":241,\"height\":126,\"caption\":\"Acompanyament Familiar\"},\"image\":{\"@id\":\"https:\/\/acompanyamentfamiliar.com\/es\/#\/schema\/logo\/image\/\"}},{\"@type\":\"Person\",\"@id\":\"https:\/\/acompanyamentfamiliar.com\/es\/#\/schema\/person\/2cd1d7b797c09f8e73d0ab6b36585040\",\"name\":\"admin\",\"image\":{\"@type\":\"ImageObject\",\"inLanguage\":\"es\",\"@id\":\"https:\/\/acompanyamentfamiliar.com\/es\/#\/schema\/person\/image\/\",\"url\":\"https:\/\/secure.gravatar.com\/avatar\/073937bd7f1a8c2904d9fa1ec5e3919f37a465744fcb187f31d4ddf76bcbd0d0?s=96&d=mm&r=g\",\"contentUrl\":\"https:\/\/secure.gravatar.com\/avatar\/073937bd7f1a8c2904d9fa1ec5e3919f37a465744fcb187f31d4ddf76bcbd0d0?s=96&d=mm&r=g\",\"caption\":\"admin\"},\"sameAs\":[\"https:\/\/acompanyamentfamiliar.com\"],\"url\":\"https:\/\/acompanyamentfamiliar.com\/es\/author\/admin\/\"}]}<\/script>\n<!-- \/ Yoast SEO plugin. -->","yoast_head_json":{"title":"+COS - Acompanyament Familiar","description":"Grupo para la investigaci\u00f3n personal desde\u00a0t\u00e9cnicas psico-corporales con un enfoque humanista y integrativo.","robots":{"index":"index","follow":"follow","max-snippet":"max-snippet:-1","max-image-preview":"max-image-preview:large","max-video-preview":"max-video-preview:-1"},"canonical":"https:\/\/acompanyamentfamiliar.com\/es\/actividades\/cos\/","og_locale":"es_ES","og_type":"article","og_title":"+COS - Acompanyament Familiar","og_description":"Grupo para la investigaci\u00f3n personal desde\u00a0t\u00e9cnicas psico-corporales con un enfoque humanista y integrativo.","og_url":"https:\/\/acompanyamentfamiliar.com\/es\/actividades\/cos\/","og_site_name":"Acompanyament Familiar","article_published_time":"2020-09-09T10:15:00+00:00","article_modified_time":"2025-04-04T10:17:38+00:00","og_image":[{"width":645,"height":320,"url":"https:\/\/acompanyamentfamiliar.com\/wp-content\/uploads\/2020\/09\/investigacion-psico-corporea.jpeg","type":"image\/jpeg"}],"author":"admin","twitter_card":"summary_large_image","twitter_misc":{"Escrito por":"admin","Tiempo de lectura":"2 minutos"},"schema":{"@context":"https:\/\/schema.org","@graph":[{"@type":"Article","@id":"https:\/\/acompanyamentfamiliar.com\/es\/actividades\/cos\/#article","isPartOf":{"@id":"https:\/\/acompanyamentfamiliar.com\/es\/actividades\/cos\/"},"author":{"name":"admin","@id":"https:\/\/acompanyamentfamiliar.com\/es\/#\/schema\/person\/2cd1d7b797c09f8e73d0ab6b36585040"},"headline":"+COS","datePublished":"2020-09-09T10:15:00+00:00","dateModified":"2025-04-04T10:17:38+00:00","mainEntityOfPage":{"@id":"https:\/\/acompanyamentfamiliar.com\/es\/actividades\/cos\/"},"wordCount":283,"publisher":{"@id":"https:\/\/acompanyamentfamiliar.com\/es\/#organization"},"image":{"@id":"https:\/\/acompanyamentfamiliar.com\/es\/actividades\/cos\/#primaryimage"},"thumbnailUrl":"https:\/\/acompanyamentfamiliar.com\/wp-content\/uploads\/2020\/09\/investigacion-psico-corporea.jpeg","articleSection":["Actividades"],"inLanguage":"es"},{"@type":"WebPage","@id":"https:\/\/acompanyamentfamiliar.com\/es\/actividades\/cos\/","url":"https:\/\/acompanyamentfamiliar.com\/es\/actividades\/cos\/","name":"+COS - Acompanyament Familiar","isPartOf":{"@id":"https:\/\/acompanyamentfamiliar.com\/es\/#website"},"primaryImageOfPage":{"@id":"https:\/\/acompanyamentfamiliar.com\/es\/actividades\/cos\/#primaryimage"},"image":{"@id":"https:\/\/acompanyamentfamiliar.com\/es\/actividades\/cos\/#primaryimage"},"thumbnailUrl":"https:\/\/acompanyamentfamiliar.com\/wp-content\/uploads\/2020\/09\/investigacion-psico-corporea.jpeg","datePublished":"2020-09-09T10:15:00+00:00","dateModified":"2025-04-04T10:17:38+00:00","description":"Grupo para la investigaci\u00f3n personal desde\u00a0t\u00e9cnicas psico-corporales con un enfoque humanista y integrativo.","breadcrumb":{"@id":"https:\/\/acompanyamentfamiliar.com\/es\/actividades\/cos\/#breadcrumb"},"inLanguage":"es","potentialAction":[{"@type":"ReadAction","target":["https:\/\/acompanyamentfamiliar.com\/es\/actividades\/cos\/"]}]},{"@type":"ImageObject","inLanguage":"es","@id":"https:\/\/acompanyamentfamiliar.com\/es\/actividades\/cos\/#primaryimage","url":"https:\/\/acompanyamentfamiliar.com\/wp-content\/uploads\/2020\/09\/investigacion-psico-corporea.jpeg","contentUrl":"https:\/\/acompanyamentfamiliar.com\/wp-content\/uploads\/2020\/09\/investigacion-psico-corporea.jpeg","width":645,"height":320},{"@type":"BreadcrumbList","@id":"https:\/\/acompanyamentfamiliar.com\/es\/actividades\/cos\/#breadcrumb","itemListElement":[{"@type":"ListItem","position":1,"name":"Portada","item":"https:\/\/acompanyamentfamiliar.com\/es\/"},{"@type":"ListItem","position":2,"name":"+COS"}]},{"@type":"WebSite","@id":"https:\/\/acompanyamentfamiliar.com\/es\/#website","url":"https:\/\/acompanyamentfamiliar.com\/es\/","name":"Acompanyament Familiar","description":"Psic\u00f3logas en Barcelona: Acompa\u00f1amiento familiar","publisher":{"@id":"https:\/\/acompanyamentfamiliar.com\/es\/#organization"},"potentialAction":[{"@type":"SearchAction","target":{"@type":"EntryPoint","urlTemplate":"https:\/\/acompanyamentfamiliar.com\/es\/?s={search_term_string}"},"query-input":{"@type":"PropertyValueSpecification","valueRequired":true,"valueName":"search_term_string"}}],"inLanguage":"es"},{"@type":"Organization","@id":"https:\/\/acompanyamentfamiliar.com\/es\/#organization","name":"Acompanyament Familiar","url":"https:\/\/acompanyamentfamiliar.com\/es\/","logo":{"@type":"ImageObject","inLanguage":"es","@id":"https:\/\/acompanyamentfamiliar.com\/es\/#\/schema\/logo\/image\/","url":"https:\/\/acompanyamentfamiliar.com\/wp-content\/uploads\/2025\/03\/logo_acompanyamnet_familiar.png","contentUrl":"https:\/\/acompanyamentfamiliar.com\/wp-content\/uploads\/2025\/03\/logo_acompanyamnet_familiar.png","width":241,"height":126,"caption":"Acompanyament Familiar"},"image":{"@id":"https:\/\/acompanyamentfamiliar.com\/es\/#\/schema\/logo\/image\/"}},{"@type":"Person","@id":"https:\/\/acompanyamentfamiliar.com\/es\/#\/schema\/person\/2cd1d7b797c09f8e73d0ab6b36585040","name":"admin","image":{"@type":"ImageObject","inLanguage":"es","@id":"https:\/\/acompanyamentfamiliar.com\/es\/#\/schema\/person\/image\/","url":"https:\/\/secure.gravatar.com\/avatar\/073937bd7f1a8c2904d9fa1ec5e3919f37a465744fcb187f31d4ddf76bcbd0d0?s=96&d=mm&r=g","contentUrl":"https:\/\/secure.gravatar.com\/avatar\/073937bd7f1a8c2904d9fa1ec5e3919f37a465744fcb187f31d4ddf76bcbd0d0?s=96&d=mm&r=g","caption":"admin"},"sameAs":["https:\/\/acompanyamentfamiliar.com"],"url":"https:\/\/acompanyamentfamiliar.com\/es\/author\/admin\/"}]}},"_links":{"self":[{"href":"https:\/\/acompanyamentfamiliar.com\/es\/wp-json\/wp\/v2\/posts\/306","targetHints":{"allow":["GET"]}}],"collection":[{"href":"https:\/\/acompanyamentfamiliar.com\/es\/wp-json\/wp\/v2\/posts"}],"about":[{"href":"https:\/\/acompanyamentfamiliar.com\/es\/wp-json\/wp\/v2\/types\/post"}],"author":[{"embeddable":true,"href":"https:\/\/acompanyamentfamiliar.com\/es\/wp-json\/wp\/v2\/users\/1"}],"replies":[{"embeddable":true,"href":"https:\/\/acompanyamentfamiliar.com\/es\/wp-json\/wp\/v2\/comments?post=306"}],"version-history":[{"count":2,"href":"https:\/\/acompanyamentfamiliar.com\/es\/wp-json\/wp\/v2\/posts\/306\/revisions"}],"predecessor-version":[{"id":312,"href":"https:\/\/acompanyamentfamiliar.com\/es\/wp-json\/wp\/v2\/posts\/306\/revisions\/312"}],"wp:featuredmedia":[{"embeddable":true,"href":"https:\/\/acompanyamentfamiliar.com\/es\/wp-json\/wp\/v2\/media\/310"}],"wp:attachment":[{"href":"https:\/\/acompanyamentfamiliar.com\/es\/wp-json\/wp\/v2\/media?parent=306"}],"wp:term":[{"taxonomy":"category","embeddable":true,"href":"https:\/\/acompanyamentfamiliar.com\/es\/wp-json\/wp\/v2\/categories?post=306"},{"taxonomy":"post_tag","embeddable":true,"href":"https:\/\/acompanyamentfamiliar.com\/es\/wp-json\/wp\/v2\/tags?post=306"}],"curies":[{"name":"wp","href":"https:\/\/api.w.org\/{rel}","templated":true}]}}