{"id":896,"date":"2021-04-02T10:57:00","date_gmt":"2021-04-02T10:57:00","guid":{"rendered":"https:\/\/acompanyamentfamiliar.com\/?p=896"},"modified":"2025-05-02T17:33:28","modified_gmt":"2025-05-02T17:33:28","slug":"el-viaje-interior-acompanarme-a-mi-para-acompanar-a-mis-hijxs","status":"publish","type":"post","link":"https:\/\/acompanyamentfamiliar.com\/es\/articulos\/el-viaje-interior-acompanarme-a-mi-para-acompanar-a-mis-hijxs\/","title":{"rendered":"El viaje interior: ACOMPA\u00d1ARME A MI PARA ACOMPA\u00d1AR A MIS HIJXS"},"content":{"rendered":"\n<p>Ya sabemos que en la biograf\u00eda de cualquier persona adulta no s\u00f3lo hay buenos momentos sino tambi\u00e9n heridas, no-permisos, frustraciones, no-reconocimiento. Las memorias emocionales de estas vivencias configuran el contenido de nuestro coraz\u00f3n.<\/p>\n\n\n\n<p>Cuando acompa\u00f1amos a una criatura invocamos involuntariamente todo este bagaje de memorias emocionales y las ponemos al servicio de la crianza y de nuestro maternaje.&nbsp;<\/p>\n\n\n\n<p>La absoluta relaci\u00f3n que existe entre mis emociones y las emociones de mi criatura hace imprescindible que para acompa\u00f1ar conscientemente a mi hijx tenga que acompa\u00f1arme conscientemente a mi misma.&nbsp;<\/p>\n\n\n\n<p><strong>Esta exploraci\u00f3n hacia adentro me invita a construir herramientas conscientes para estar en PRESENCIA ante mi criatura.<\/strong><\/p>\n\n\n\n<p>A veces, cuando una madre o padre viene a mi consulta y me comenta que no soporta un comportamiento de su hijx yo le suelo preguntar \u201c\u00bf<em>tu te sientes reflejadx con este comportamiento de tu hijx<\/em>?\u201d Y la mayor\u00eda de veces la respuesta es afirmativa: \u201c<em>s\u00ed, yo soy igual, y me da rabia ver esta parte de m\u00ed mismx en \u00e9l\/ella<\/em>\u201d.<\/p>\n\n\n\n<p>El estado de presencia no solamente implica estar en cuerpo presente para mi criatura, sino tambi\u00e9n poder escuchar y reconocer aquello que me est\u00e1 mostrando como algo que es l\u00edcito, desvincul\u00e1ndolo de mi emoci\u00f3n, y sin tom\u00e1rmelo como algo personal.&nbsp;<\/p>\n\n\n\n<p><strong>Tomarse como personal un comportamiento de nuestra criatura es un nudo que puede desenredarse, por supuesto, pero necesitamos una buena dosis de consciencia.&nbsp;<\/strong><\/p>\n\n\n\n<p>Una segunda pregunta que hago en consulta ante este tipo de situaciones es \u201c<em>cuando eras peque\u00f1x, \u00bfc\u00f3mo te trataron tus mapadres ante esta conducta tuya<\/em>?\u201d, y otra casi m\u00e1s importante es: \u201c<em>y hoy en d\u00eda, \u00bfc\u00f3mo te tratas tu<\/em>?, \u00bf<em>te tratas con buenas palabras?, esta conducta que no te gusta \u00bfte la est\u00e1s acompa\u00f1ando con amor, o te est\u00e1s maltratando<\/em>?\u201d.&nbsp;<\/p>\n\n\n\n<p>Es f\u00e1cil deducir que si estamos internamente en guerra con el mismo rasgo de car\u00e1cter que nos muestra nuestra criatura nos sea profundamente complicado acompa\u00f1arla con una actitud libre de juicios y de emociones viscerales.&nbsp;<strong>Nuestra guerra interna es del mismo tama\u00f1o que la guerra externa que ejercemos con nuestrxs hijxs.<\/strong><\/p>\n\n\n\n<p>Esta relaci\u00f3n tan directa es la que hace imprescindible estar en constante \u201cmirada hacia dentro\u201d cuando acompa\u00f1amos a nuestrxs hijxs.&nbsp;<\/p>\n\n\n\n<p>A estas alturas del art\u00edculo nos puede surgir la reflexi\u00f3n siguiente: \u201c\u00bfcon esta actitud de consciencia interna se puede llegar a ser una madre\/padre perfecto?\u201d Y la respuesta categ\u00f3rica es NO.&nbsp;<\/p>\n\n\n\n<p>Y digo que no porque simplemente la perfecci\u00f3n no existe. La perfecci\u00f3n es un estado que tiene m\u00e1s que ver con idealizaciones de la MENTE que con la aut\u00e9ntica vivencia de la REALIDAD.&nbsp;<\/p>\n\n\n\n<p><strong>Querer llegar a la perfecci\u00f3n s\u00f3lo nos encarcela dentro de conductas r\u00edgidas y de maltrato interno hacia nosotrxs mismxs.<\/strong>&nbsp;La \u201cbuena\u201d actitud de perfecci\u00f3n tiene m\u00e1s que ver con no desvincularnos del presente y, sobretodo, de estar ATENTX a lo que va sucedi\u00e9ndonos internamente.<\/p>\n\n\n\n<p>Nos podr\u00eda parecer que mirar a dentro de nosotras es sin\u00f3nimo a entrar en la oscuridad y la sombra. Y lo cierto es que hay una parte de verdad: las emociones no digeridas y las heridas tienen un contenido de dureza muy grande que no apetece \u201cdesvelar\u201d.&nbsp;<\/p>\n\n\n\n<p>Pero lo cierto es que tambi\u00e9n hay grandes tesoros cuando gestamos ese compromiso con nuestro interior.&nbsp;<\/p>\n\n\n\n<p>El viaje interno en el que me escucho y me acompa\u00f1o para poder escuchar y acompa\u00f1ar es un regalo que no solamente ofrecemos a nuestras criaturas, tambi\u00e9n nos lo ofrecemos a nosotras mismas. Estar dispuestas a comprometernos en esa actitud de constante revisi\u00f3n interna es el tim\u00f3n que nos permite conducir poco a poco nuestro \u201cbarco familiar\u201d a buen puerto en este viaje tan hermoso y complejo de la crianza.&nbsp;<\/p>\n\n\n\n<p><strong>Elisenda Roig Sol\u00e9<\/strong><\/p>\n\n\n\n<p>Licenciada en Psicolog\u00eda, especializada en Psicolog\u00eda Sist\u00e9mica. Formada en Pedagog\u00eda Sist\u00e9mica. Postgrado en Constelaciones Familiares y Organizacionales. Pratitioner en Programaci\u00f3n Neuroling\u00fc\u00edstica. Psicoterapeuta y docente.<\/p>\n","protected":false},"excerpt":{"rendered":"<p>Ya sabemos que en la biograf\u00eda de cualquier persona adulta no s\u00f3lo hay buenos momentos sino tambi\u00e9n heridas, no-permisos, frustraciones, no-reconocimiento. Las memorias emocionales de estas vivencias configuran el contenido de nuestro coraz\u00f3n. Cuando acompa\u00f1amos a una criatura invocamos involuntariamente todo este bagaje de memorias emocionales y las ponemos al servicio de la crianza y [&hellip;]<\/p>\n","protected":false},"author":1,"featured_media":898,"comment_status":"closed","ping_status":"closed","sticky":false,"template":"","format":"standard","meta":{"footnotes":""},"categories":[9],"tags":[],"class_list":["post-896","post","type-post","status-publish","format-standard","has-post-thumbnail","hentry","category-articulos"],"yoast_head":"<!-- This site is optimized with the Yoast SEO plugin v26.8 - https:\/\/yoast.com\/product\/yoast-seo-wordpress\/ -->\n<title>El viaje interior: ACOMPA\u00d1ARME A MI PARA ACOMPA\u00d1AR A MIS HIJXS - Acompanyament Familiar<\/title>\n<meta name=\"robots\" content=\"index, follow, max-snippet:-1, max-image-preview:large, max-video-preview:-1\" \/>\n<link rel=\"canonical\" href=\"https:\/\/acompanyamentfamiliar.com\/es\/articulos\/el-viaje-interior-acompanarme-a-mi-para-acompanar-a-mis-hijxs\/\" \/>\n<meta property=\"og:locale\" content=\"es_ES\" \/>\n<meta property=\"og:type\" content=\"article\" \/>\n<meta property=\"og:title\" content=\"El viaje interior: ACOMPA\u00d1ARME A MI PARA ACOMPA\u00d1AR A MIS HIJXS - Acompanyament Familiar\" \/>\n<meta property=\"og:description\" content=\"Ya sabemos que en la biograf\u00eda de cualquier persona adulta no s\u00f3lo hay buenos momentos sino tambi\u00e9n heridas, no-permisos, frustraciones, no-reconocimiento. Las memorias emocionales de estas vivencias configuran el contenido de nuestro coraz\u00f3n. Cuando acompa\u00f1amos a una criatura invocamos involuntariamente todo este bagaje de memorias emocionales y las ponemos al servicio de la crianza y [&hellip;]\" \/>\n<meta property=\"og:url\" content=\"https:\/\/acompanyamentfamiliar.com\/es\/articulos\/el-viaje-interior-acompanarme-a-mi-para-acompanar-a-mis-hijxs\/\" \/>\n<meta property=\"og:site_name\" content=\"Acompanyament Familiar\" \/>\n<meta property=\"article:published_time\" content=\"2021-04-02T10:57:00+00:00\" \/>\n<meta property=\"article:modified_time\" content=\"2025-05-02T17:33:28+00:00\" \/>\n<meta property=\"og:image\" content=\"https:\/\/acompanyamentfamiliar.com\/wp-content\/uploads\/2021\/04\/el-viaje-interior-acompanar-infancia.jpg\" \/>\n\t<meta property=\"og:image:width\" content=\"640\" \/>\n\t<meta property=\"og:image:height\" content=\"318\" \/>\n\t<meta property=\"og:image:type\" content=\"image\/jpeg\" \/>\n<meta name=\"author\" content=\"admin\" \/>\n<meta name=\"twitter:card\" content=\"summary_large_image\" \/>\n<meta name=\"twitter:label1\" content=\"Escrito por\" \/>\n\t<meta name=\"twitter:data1\" content=\"admin\" \/>\n\t<meta name=\"twitter:label2\" content=\"Tiempo de lectura\" \/>\n\t<meta name=\"twitter:data2\" content=\"3 minutos\" \/>\n<script type=\"application\/ld+json\" class=\"yoast-schema-graph\">{\"@context\":\"https:\/\/schema.org\",\"@graph\":[{\"@type\":\"Article\",\"@id\":\"https:\/\/acompanyamentfamiliar.com\/es\/articulos\/el-viaje-interior-acompanarme-a-mi-para-acompanar-a-mis-hijxs\/#article\",\"isPartOf\":{\"@id\":\"https:\/\/acompanyamentfamiliar.com\/es\/articulos\/el-viaje-interior-acompanarme-a-mi-para-acompanar-a-mis-hijxs\/\"},\"author\":{\"name\":\"admin\",\"@id\":\"https:\/\/acompanyamentfamiliar.com\/es\/#\/schema\/person\/2cd1d7b797c09f8e73d0ab6b36585040\"},\"headline\":\"El viaje interior: ACOMPA\u00d1ARME A MI PARA ACOMPA\u00d1AR A MIS HIJXS\",\"datePublished\":\"2021-04-02T10:57:00+00:00\",\"dateModified\":\"2025-05-02T17:33:28+00:00\",\"mainEntityOfPage\":{\"@id\":\"https:\/\/acompanyamentfamiliar.com\/es\/articulos\/el-viaje-interior-acompanarme-a-mi-para-acompanar-a-mis-hijxs\/\"},\"wordCount\":713,\"publisher\":{\"@id\":\"https:\/\/acompanyamentfamiliar.com\/es\/#organization\"},\"image\":{\"@id\":\"https:\/\/acompanyamentfamiliar.com\/es\/articulos\/el-viaje-interior-acompanarme-a-mi-para-acompanar-a-mis-hijxs\/#primaryimage\"},\"thumbnailUrl\":\"https:\/\/acompanyamentfamiliar.com\/wp-content\/uploads\/2021\/04\/el-viaje-interior-acompanar-infancia.jpg\",\"articleSection\":[\"Art\u00edculos\"],\"inLanguage\":\"es\"},{\"@type\":\"WebPage\",\"@id\":\"https:\/\/acompanyamentfamiliar.com\/es\/articulos\/el-viaje-interior-acompanarme-a-mi-para-acompanar-a-mis-hijxs\/\",\"url\":\"https:\/\/acompanyamentfamiliar.com\/es\/articulos\/el-viaje-interior-acompanarme-a-mi-para-acompanar-a-mis-hijxs\/\",\"name\":\"El viaje interior: ACOMPA\u00d1ARME A MI PARA ACOMPA\u00d1AR A MIS HIJXS - Acompanyament Familiar\",\"isPartOf\":{\"@id\":\"https:\/\/acompanyamentfamiliar.com\/es\/#website\"},\"primaryImageOfPage\":{\"@id\":\"https:\/\/acompanyamentfamiliar.com\/es\/articulos\/el-viaje-interior-acompanarme-a-mi-para-acompanar-a-mis-hijxs\/#primaryimage\"},\"image\":{\"@id\":\"https:\/\/acompanyamentfamiliar.com\/es\/articulos\/el-viaje-interior-acompanarme-a-mi-para-acompanar-a-mis-hijxs\/#primaryimage\"},\"thumbnailUrl\":\"https:\/\/acompanyamentfamiliar.com\/wp-content\/uploads\/2021\/04\/el-viaje-interior-acompanar-infancia.jpg\",\"datePublished\":\"2021-04-02T10:57:00+00:00\",\"dateModified\":\"2025-05-02T17:33:28+00:00\",\"breadcrumb\":{\"@id\":\"https:\/\/acompanyamentfamiliar.com\/es\/articulos\/el-viaje-interior-acompanarme-a-mi-para-acompanar-a-mis-hijxs\/#breadcrumb\"},\"inLanguage\":\"es\",\"potentialAction\":[{\"@type\":\"ReadAction\",\"target\":[\"https:\/\/acompanyamentfamiliar.com\/es\/articulos\/el-viaje-interior-acompanarme-a-mi-para-acompanar-a-mis-hijxs\/\"]}]},{\"@type\":\"ImageObject\",\"inLanguage\":\"es\",\"@id\":\"https:\/\/acompanyamentfamiliar.com\/es\/articulos\/el-viaje-interior-acompanarme-a-mi-para-acompanar-a-mis-hijxs\/#primaryimage\",\"url\":\"https:\/\/acompanyamentfamiliar.com\/wp-content\/uploads\/2021\/04\/el-viaje-interior-acompanar-infancia.jpg\",\"contentUrl\":\"https:\/\/acompanyamentfamiliar.com\/wp-content\/uploads\/2021\/04\/el-viaje-interior-acompanar-infancia.jpg\",\"width\":640,\"height\":318,\"caption\":\"Blog Acompanyament Familiar\"},{\"@type\":\"BreadcrumbList\",\"@id\":\"https:\/\/acompanyamentfamiliar.com\/es\/articulos\/el-viaje-interior-acompanarme-a-mi-para-acompanar-a-mis-hijxs\/#breadcrumb\",\"itemListElement\":[{\"@type\":\"ListItem\",\"position\":1,\"name\":\"Portada\",\"item\":\"https:\/\/acompanyamentfamiliar.com\/es\/\"},{\"@type\":\"ListItem\",\"position\":2,\"name\":\"El viaje interior: ACOMPA\u00d1ARME A MI PARA ACOMPA\u00d1AR A MIS HIJXS\"}]},{\"@type\":\"WebSite\",\"@id\":\"https:\/\/acompanyamentfamiliar.com\/es\/#website\",\"url\":\"https:\/\/acompanyamentfamiliar.com\/es\/\",\"name\":\"Acompanyament Familiar\",\"description\":\"Psic\u00f3logas en Barcelona: Acompa\u00f1amiento familiar\",\"publisher\":{\"@id\":\"https:\/\/acompanyamentfamiliar.com\/es\/#organization\"},\"potentialAction\":[{\"@type\":\"SearchAction\",\"target\":{\"@type\":\"EntryPoint\",\"urlTemplate\":\"https:\/\/acompanyamentfamiliar.com\/es\/?s={search_term_string}\"},\"query-input\":{\"@type\":\"PropertyValueSpecification\",\"valueRequired\":true,\"valueName\":\"search_term_string\"}}],\"inLanguage\":\"es\"},{\"@type\":\"Organization\",\"@id\":\"https:\/\/acompanyamentfamiliar.com\/es\/#organization\",\"name\":\"Acompanyament Familiar\",\"url\":\"https:\/\/acompanyamentfamiliar.com\/es\/\",\"logo\":{\"@type\":\"ImageObject\",\"inLanguage\":\"es\",\"@id\":\"https:\/\/acompanyamentfamiliar.com\/es\/#\/schema\/logo\/image\/\",\"url\":\"https:\/\/acompanyamentfamiliar.com\/wp-content\/uploads\/2025\/03\/logo_acompanyamnet_familiar.png\",\"contentUrl\":\"https:\/\/acompanyamentfamiliar.com\/wp-content\/uploads\/2025\/03\/logo_acompanyamnet_familiar.png\",\"width\":241,\"height\":126,\"caption\":\"Acompanyament Familiar\"},\"image\":{\"@id\":\"https:\/\/acompanyamentfamiliar.com\/es\/#\/schema\/logo\/image\/\"}},{\"@type\":\"Person\",\"@id\":\"https:\/\/acompanyamentfamiliar.com\/es\/#\/schema\/person\/2cd1d7b797c09f8e73d0ab6b36585040\",\"name\":\"admin\",\"image\":{\"@type\":\"ImageObject\",\"inLanguage\":\"es\",\"@id\":\"https:\/\/acompanyamentfamiliar.com\/es\/#\/schema\/person\/image\/\",\"url\":\"https:\/\/secure.gravatar.com\/avatar\/073937bd7f1a8c2904d9fa1ec5e3919f37a465744fcb187f31d4ddf76bcbd0d0?s=96&d=mm&r=g\",\"contentUrl\":\"https:\/\/secure.gravatar.com\/avatar\/073937bd7f1a8c2904d9fa1ec5e3919f37a465744fcb187f31d4ddf76bcbd0d0?s=96&d=mm&r=g\",\"caption\":\"admin\"},\"sameAs\":[\"https:\/\/acompanyamentfamiliar.com\"],\"url\":\"https:\/\/acompanyamentfamiliar.com\/es\/author\/admin\/\"}]}<\/script>\n<!-- \/ Yoast SEO plugin. -->","yoast_head_json":{"title":"El viaje interior: ACOMPA\u00d1ARME A MI PARA ACOMPA\u00d1AR A MIS HIJXS - Acompanyament Familiar","robots":{"index":"index","follow":"follow","max-snippet":"max-snippet:-1","max-image-preview":"max-image-preview:large","max-video-preview":"max-video-preview:-1"},"canonical":"https:\/\/acompanyamentfamiliar.com\/es\/articulos\/el-viaje-interior-acompanarme-a-mi-para-acompanar-a-mis-hijxs\/","og_locale":"es_ES","og_type":"article","og_title":"El viaje interior: ACOMPA\u00d1ARME A MI PARA ACOMPA\u00d1AR A MIS HIJXS - Acompanyament Familiar","og_description":"Ya sabemos que en la biograf\u00eda de cualquier persona adulta no s\u00f3lo hay buenos momentos sino tambi\u00e9n heridas, no-permisos, frustraciones, no-reconocimiento. Las memorias emocionales de estas vivencias configuran el contenido de nuestro coraz\u00f3n. Cuando acompa\u00f1amos a una criatura invocamos involuntariamente todo este bagaje de memorias emocionales y las ponemos al servicio de la crianza y [&hellip;]","og_url":"https:\/\/acompanyamentfamiliar.com\/es\/articulos\/el-viaje-interior-acompanarme-a-mi-para-acompanar-a-mis-hijxs\/","og_site_name":"Acompanyament Familiar","article_published_time":"2021-04-02T10:57:00+00:00","article_modified_time":"2025-05-02T17:33:28+00:00","og_image":[{"width":640,"height":318,"url":"https:\/\/acompanyamentfamiliar.com\/wp-content\/uploads\/2021\/04\/el-viaje-interior-acompanar-infancia.jpg","type":"image\/jpeg"}],"author":"admin","twitter_card":"summary_large_image","twitter_misc":{"Escrito por":"admin","Tiempo de lectura":"3 minutos"},"schema":{"@context":"https:\/\/schema.org","@graph":[{"@type":"Article","@id":"https:\/\/acompanyamentfamiliar.com\/es\/articulos\/el-viaje-interior-acompanarme-a-mi-para-acompanar-a-mis-hijxs\/#article","isPartOf":{"@id":"https:\/\/acompanyamentfamiliar.com\/es\/articulos\/el-viaje-interior-acompanarme-a-mi-para-acompanar-a-mis-hijxs\/"},"author":{"name":"admin","@id":"https:\/\/acompanyamentfamiliar.com\/es\/#\/schema\/person\/2cd1d7b797c09f8e73d0ab6b36585040"},"headline":"El viaje interior: ACOMPA\u00d1ARME A MI PARA ACOMPA\u00d1AR A MIS HIJXS","datePublished":"2021-04-02T10:57:00+00:00","dateModified":"2025-05-02T17:33:28+00:00","mainEntityOfPage":{"@id":"https:\/\/acompanyamentfamiliar.com\/es\/articulos\/el-viaje-interior-acompanarme-a-mi-para-acompanar-a-mis-hijxs\/"},"wordCount":713,"publisher":{"@id":"https:\/\/acompanyamentfamiliar.com\/es\/#organization"},"image":{"@id":"https:\/\/acompanyamentfamiliar.com\/es\/articulos\/el-viaje-interior-acompanarme-a-mi-para-acompanar-a-mis-hijxs\/#primaryimage"},"thumbnailUrl":"https:\/\/acompanyamentfamiliar.com\/wp-content\/uploads\/2021\/04\/el-viaje-interior-acompanar-infancia.jpg","articleSection":["Art\u00edculos"],"inLanguage":"es"},{"@type":"WebPage","@id":"https:\/\/acompanyamentfamiliar.com\/es\/articulos\/el-viaje-interior-acompanarme-a-mi-para-acompanar-a-mis-hijxs\/","url":"https:\/\/acompanyamentfamiliar.com\/es\/articulos\/el-viaje-interior-acompanarme-a-mi-para-acompanar-a-mis-hijxs\/","name":"El viaje interior: ACOMPA\u00d1ARME A MI PARA ACOMPA\u00d1AR A MIS HIJXS - Acompanyament Familiar","isPartOf":{"@id":"https:\/\/acompanyamentfamiliar.com\/es\/#website"},"primaryImageOfPage":{"@id":"https:\/\/acompanyamentfamiliar.com\/es\/articulos\/el-viaje-interior-acompanarme-a-mi-para-acompanar-a-mis-hijxs\/#primaryimage"},"image":{"@id":"https:\/\/acompanyamentfamiliar.com\/es\/articulos\/el-viaje-interior-acompanarme-a-mi-para-acompanar-a-mis-hijxs\/#primaryimage"},"thumbnailUrl":"https:\/\/acompanyamentfamiliar.com\/wp-content\/uploads\/2021\/04\/el-viaje-interior-acompanar-infancia.jpg","datePublished":"2021-04-02T10:57:00+00:00","dateModified":"2025-05-02T17:33:28+00:00","breadcrumb":{"@id":"https:\/\/acompanyamentfamiliar.com\/es\/articulos\/el-viaje-interior-acompanarme-a-mi-para-acompanar-a-mis-hijxs\/#breadcrumb"},"inLanguage":"es","potentialAction":[{"@type":"ReadAction","target":["https:\/\/acompanyamentfamiliar.com\/es\/articulos\/el-viaje-interior-acompanarme-a-mi-para-acompanar-a-mis-hijxs\/"]}]},{"@type":"ImageObject","inLanguage":"es","@id":"https:\/\/acompanyamentfamiliar.com\/es\/articulos\/el-viaje-interior-acompanarme-a-mi-para-acompanar-a-mis-hijxs\/#primaryimage","url":"https:\/\/acompanyamentfamiliar.com\/wp-content\/uploads\/2021\/04\/el-viaje-interior-acompanar-infancia.jpg","contentUrl":"https:\/\/acompanyamentfamiliar.com\/wp-content\/uploads\/2021\/04\/el-viaje-interior-acompanar-infancia.jpg","width":640,"height":318,"caption":"Blog Acompanyament Familiar"},{"@type":"BreadcrumbList","@id":"https:\/\/acompanyamentfamiliar.com\/es\/articulos\/el-viaje-interior-acompanarme-a-mi-para-acompanar-a-mis-hijxs\/#breadcrumb","itemListElement":[{"@type":"ListItem","position":1,"name":"Portada","item":"https:\/\/acompanyamentfamiliar.com\/es\/"},{"@type":"ListItem","position":2,"name":"El viaje interior: ACOMPA\u00d1ARME A MI PARA ACOMPA\u00d1AR A MIS HIJXS"}]},{"@type":"WebSite","@id":"https:\/\/acompanyamentfamiliar.com\/es\/#website","url":"https:\/\/acompanyamentfamiliar.com\/es\/","name":"Acompanyament Familiar","description":"Psic\u00f3logas en Barcelona: Acompa\u00f1amiento familiar","publisher":{"@id":"https:\/\/acompanyamentfamiliar.com\/es\/#organization"},"potentialAction":[{"@type":"SearchAction","target":{"@type":"EntryPoint","urlTemplate":"https:\/\/acompanyamentfamiliar.com\/es\/?s={search_term_string}"},"query-input":{"@type":"PropertyValueSpecification","valueRequired":true,"valueName":"search_term_string"}}],"inLanguage":"es"},{"@type":"Organization","@id":"https:\/\/acompanyamentfamiliar.com\/es\/#organization","name":"Acompanyament Familiar","url":"https:\/\/acompanyamentfamiliar.com\/es\/","logo":{"@type":"ImageObject","inLanguage":"es","@id":"https:\/\/acompanyamentfamiliar.com\/es\/#\/schema\/logo\/image\/","url":"https:\/\/acompanyamentfamiliar.com\/wp-content\/uploads\/2025\/03\/logo_acompanyamnet_familiar.png","contentUrl":"https:\/\/acompanyamentfamiliar.com\/wp-content\/uploads\/2025\/03\/logo_acompanyamnet_familiar.png","width":241,"height":126,"caption":"Acompanyament Familiar"},"image":{"@id":"https:\/\/acompanyamentfamiliar.com\/es\/#\/schema\/logo\/image\/"}},{"@type":"Person","@id":"https:\/\/acompanyamentfamiliar.com\/es\/#\/schema\/person\/2cd1d7b797c09f8e73d0ab6b36585040","name":"admin","image":{"@type":"ImageObject","inLanguage":"es","@id":"https:\/\/acompanyamentfamiliar.com\/es\/#\/schema\/person\/image\/","url":"https:\/\/secure.gravatar.com\/avatar\/073937bd7f1a8c2904d9fa1ec5e3919f37a465744fcb187f31d4ddf76bcbd0d0?s=96&d=mm&r=g","contentUrl":"https:\/\/secure.gravatar.com\/avatar\/073937bd7f1a8c2904d9fa1ec5e3919f37a465744fcb187f31d4ddf76bcbd0d0?s=96&d=mm&r=g","caption":"admin"},"sameAs":["https:\/\/acompanyamentfamiliar.com"],"url":"https:\/\/acompanyamentfamiliar.com\/es\/author\/admin\/"}]}},"_links":{"self":[{"href":"https:\/\/acompanyamentfamiliar.com\/es\/wp-json\/wp\/v2\/posts\/896","targetHints":{"allow":["GET"]}}],"collection":[{"href":"https:\/\/acompanyamentfamiliar.com\/es\/wp-json\/wp\/v2\/posts"}],"about":[{"href":"https:\/\/acompanyamentfamiliar.com\/es\/wp-json\/wp\/v2\/types\/post"}],"author":[{"embeddable":true,"href":"https:\/\/acompanyamentfamiliar.com\/es\/wp-json\/wp\/v2\/users\/1"}],"replies":[{"embeddable":true,"href":"https:\/\/acompanyamentfamiliar.com\/es\/wp-json\/wp\/v2\/comments?post=896"}],"version-history":[{"count":2,"href":"https:\/\/acompanyamentfamiliar.com\/es\/wp-json\/wp\/v2\/posts\/896\/revisions"}],"predecessor-version":[{"id":1908,"href":"https:\/\/acompanyamentfamiliar.com\/es\/wp-json\/wp\/v2\/posts\/896\/revisions\/1908"}],"wp:featuredmedia":[{"embeddable":true,"href":"https:\/\/acompanyamentfamiliar.com\/es\/wp-json\/wp\/v2\/media\/898"}],"wp:attachment":[{"href":"https:\/\/acompanyamentfamiliar.com\/es\/wp-json\/wp\/v2\/media?parent=896"}],"wp:term":[{"taxonomy":"category","embeddable":true,"href":"https:\/\/acompanyamentfamiliar.com\/es\/wp-json\/wp\/v2\/categories?post=896"},{"taxonomy":"post_tag","embeddable":true,"href":"https:\/\/acompanyamentfamiliar.com\/es\/wp-json\/wp\/v2\/tags?post=896"}],"curies":[{"name":"wp","href":"https:\/\/api.w.org\/{rel}","templated":true}]}}