{"id":934,"date":"2020-09-14T11:12:00","date_gmt":"2020-09-14T11:12:00","guid":{"rendered":"https:\/\/acompanyamentfamiliar.com\/?p=934"},"modified":"2025-04-13T12:23:10","modified_gmt":"2025-04-13T12:23:10","slug":"efectos-de-las-medidas-en-la-infancia-durante-el-covid","status":"publish","type":"post","link":"https:\/\/acompanyamentfamiliar.com\/es\/articulos\/efectos-de-las-medidas-en-la-infancia-durante-el-covid\/","title":{"rendered":"Efectos de las medidas en la infancia durante el Covid"},"content":{"rendered":"\n<p>Estimados y estimadas,<\/p>\n\n\n\n<p>Soy Susanna D&#8217; Ambrosio, m\u00e9dico psiquiatra por la Universidad de Padua. Ejerzo mi profesi\u00f3n en Barcelona desde el 2010. He trabajado en la sanidad p\u00fablica con poblaci\u00f3n adulta en el 2010-2011, y desde el 2011 hasta el 2017, en un centro de salud mental infanto-juvenil (3-18 a\u00f1os).&nbsp;<\/p>\n\n\n\n<p>Actualmente en la sanidad privada en colaboraci\u00f3n con el equipo de Acompanyament Familiar.<\/p>\n\n\n\n<p>Voy a contaros la informaci\u00f3n que aprend\u00ed en la carrera de medicina. Durante esos seis largos a\u00f1os, tom\u00e9 cuenta que los estudios justo nos permiten conocer en profundidad el cuerpo humano. Aprendemos su fisiolog\u00eda y sus patolog\u00edas de forma superficial porque nuestro organismo es muy complejo, hecho de muchas partes que funcionan de manera aut\u00f3noma y, al mismo tiempo, interact\u00faan y se influencian entre ellas. No se puede tratar un \u00f3rgano sin pensar de qu\u00e9 manera esto influye en las partes que est\u00e1n conectadas con \u00e9l, ya sea f\u00edsicamente, como a trav\u00e9s de las hormonas y todas las se\u00f1ales que permiten que funcione de forma coordinada y ordenada. Esto viene a ser una explicaci\u00f3n biol\u00f3gica de lo que a continuaci\u00f3n quiero extrapolar en el \u00e1mbito relacional, vincular y social.&nbsp;<\/p>\n\n\n\n<p>Como psiquiatra infantil, no puedo no expresar mi gran preocupaci\u00f3n sobre&nbsp;<strong>las consecuencias que tendr\u00e1n en la poblaci\u00f3n infantil las medidas aplicadas durante la pandemia<\/strong>&nbsp;&#8211; tanto de forma directa como indirecta &#8211; por las consecuencias en&nbsp;<strong>familiares<\/strong>&nbsp;y en&nbsp;<strong>cuidadorxs<\/strong>&nbsp;del entorno escolar.<\/p>\n\n\n\n<p><strong>Tras el confinamiento hubo un incremento incre\u00edble del malestar y de las patolog\u00edas a nivel psicol\u00f3gico<\/strong>: aislamiento, adicci\u00f3n a las tecnolog\u00edas, fobia social, crisis de p\u00e1nico, agresividad verbal y f\u00edsica, n\u00e1useas, v\u00f3mitos, depresi\u00f3n, autolesiones. No hay datos definitivos todav\u00eda pero cualquier profesional de la salud mental infantil puede decir que hubo un aumento de las consultas y un aumento del uso de psicof\u00e1rmacos debido tanto a un empeoramiento de los casos ya en seguimiento, como al presentarse de nuevos.<\/p>\n\n\n\n<p>Cuando hay una situaci\u00f3n de incertidumbre, de crisis, como una enfermedad en los progenitores, una separaci\u00f3n\/divorcio, un despido laboral o un traslado, etc., siempre se recomienda &#8211; desde los profesionales de la salud &#8211; prestar m\u00e1s atenci\u00f3n al&nbsp;<strong>aspecto emocional<\/strong>: observar&nbsp;&nbsp;si hay variaci\u00f3n en el sue\u00f1o, en el rendimiento escolar, si hay labilidad emocional, si aparecen tics, si aprietan los dientes por la noche, si se comen las u\u00f1as, si se muerden los labios, y muchos m\u00e1s s\u00edntomas que son an\u00f3malos al desarrollo sano de las criaturas.<\/p>\n\n\n\n<p>Con esta situaci\u00f3n sanitaria vivimos, desde hace meses, en la incertidumbre, en la inestabilidad, en la imposibilidad de planificar, pensando el miedo a la enfermedad y a la muerte: vivimos esto cada d\u00eda, pero se habla muy poco, como si no existiera o no fuera importante.&nbsp;<\/p>\n\n\n\n<p>Nos llega mucha informaci\u00f3n sobre las medidas que hay que tomar: mascarilla, distanciamiento, limpieza de manos, etc. pero:&nbsp;<\/p>\n\n\n\n<p><strong><em>\u00bfqu\u00e9 hacer si un ni\u00f1x presenta un ataque de ansiedad? \u00bfy si hiperventila?<\/em><\/strong><\/p>\n\n\n\n<p><strong><em>\u00bfQu\u00e9&nbsp;pasa si empieza a llorar y necesita un abrazo y ser calmado?&nbsp;<\/em><\/strong><\/p>\n\n\n\n<p><strong><em>\u00bfQu\u00e9 pasa si empieza a dar patadas, a hacerse da\u00f1o y necesita contenci\u00f3n f\u00edsica?<\/em><\/strong><\/p>\n\n\n\n<p><strong><em>\u00bfY que hacemos con las patolog\u00edas psicosom\u00e1ticas?&nbsp;<\/em><\/strong><\/p>\n\n\n\n<p><strong><em>Un dolor de barriga, una diarrea, un ataque de asma que son manifestaci\u00f3n de un malestar emocional, \u00bfc\u00f3mo se gestionan?<\/em><\/strong><\/p>\n\n\n\n<p>Hay muchos protocolos para poder detectar el Covid-19, pero&nbsp;<strong><em>\u00bfc\u00f3mo se detecta el malestar an\u00edmico?<\/em><\/strong>&nbsp;&nbsp;Pues a trav\u00e9s del&nbsp;<strong>cuerpo<\/strong>, de los s\u00edntomas que pueden manifestarse en \u00e9l y a trav\u00e9s del&nbsp;<strong>lenguaje no verbal<\/strong>: la falta de sonrisas, las manos sudadas, la falta de espontaneidad\u2026&nbsp;<strong><em>\u00bfc\u00f3mo podremos conseguir esto si vamos todo el d\u00eda tapados y con miedo a contagiarnos?&nbsp;<\/em><\/strong><\/p>\n\n\n\n<p>No olvidemos el&nbsp;<strong>profesorado<\/strong>, al cual se le pide estar m\u00e1s pendiente de las normas que de ense\u00f1ar y acompa\u00f1ar, y que se sienten m\u00e1s polic\u00edas que adultxs que cuidan y ejercen de referentes de la infancia.<\/p>\n\n\n\n<p>No podemos negar la ausencia de medidas que cuiden el aspecto emocional. Vemos c\u00f3mo no se han valorado los efectos que el confinamiento produce en la salud psicof\u00edsica de la infancia, y c\u00f3mo no se da importancia a los efectos que esto ha tenido y tendr\u00e1 en un futuro.&nbsp;<\/p>\n\n\n\n<p><strong>Puedo asegurar que las medidas que hay ahora tendr\u00e1n consecuencias negativas en la salud emocional de lxs ni\u00f1xs y adolescentes&nbsp;<\/strong>porqu\u00e9 estamos pidi\u00e9ndole a la infancia que vaya en contra de su naturaleza, de su instinto y de su espontaneidad sin poner la debida atenci\u00f3n en el significado que esto puede tener en su salud emocional.<\/p>\n\n\n\n<p>A veces es dif\u00edcil ponerse en el lugar de los ni\u00f1xs. Quiz\u00e1s pueda ayudarnos pensar en una situaci\u00f3n un tanto extrema: \u00bfpodemos imaginar c\u00f3mo estar\u00edamos si nos obligar\u00e1n a ir a 4 patas porque el virus, por su peso, no baja m\u00e1s del metro y medio? Tendr\u00edamos que respirar la suciedad del suelo y no podr\u00edamos mirar al otro en la cara; nos doler\u00edan las manos, las rodillas y la espalda, algo inaceptable para lxs adultxs. Estoy segura de que entonces, habr\u00eda soluciones alternativas. \u00bfPor qu\u00e9 nos cuesta tanto encontrarlas ahora para las criaturas?<\/p>\n\n\n\n<p>Una vez m\u00e1s, como no se pueden hacer anal\u00edticas y pruebas que den n\u00fameros, parece que el aspecto emocional no existe o no tiene importancia; pero&nbsp;<strong>todxs sabemos que la salud mental es una de las ramas de la medicina con mayor coste para la sanidad a largo plazo<\/strong>. Lamentablemente, ni siquiera esto parece tener gran peso hoy en d\u00eda.<\/p>\n\n\n\n<p>Quiero acabar con la reflexi\u00f3n y la preocupaci\u00f3n de que hay una falta de mirada hacia el futuro: tanto a corto como a medio y largo plazo.&nbsp;<strong>La salud mental&nbsp;<\/strong>(igual que una enfermedad f\u00edsica)&nbsp;<strong>es clave para el desarrollo de una persona<\/strong>. Sin ella cualquier evento de la vida puede ser vivido de forma patol\u00f3gica y traum\u00e1tica y me preocupa que, ante las medidas que obvian el bienestar infanto-juvenil, acabemos gestando una generaci\u00f3n de personas que arrastren dolores emocionales y de salud mental fruto de esta ausencia actual.<\/p>\n\n\n\n<p>Susanna d\u2019Ambrosio<\/p>\n\n\n\n<p>M\u00e9dico psiquiatra y psicoterapeuta perinatal&nbsp;<\/p>\n\n\n\n<p>N. Col. 46680-05<\/p>\n","protected":false},"excerpt":{"rendered":"<p>Estimados y estimadas, Soy Susanna D&#8217; Ambrosio, m\u00e9dico psiquiatra por la Universidad de Padua. Ejerzo mi profesi\u00f3n en Barcelona desde el 2010. He trabajado en la sanidad p\u00fablica con poblaci\u00f3n adulta en el 2010-2011, y desde el 2011 hasta el 2017, en un centro de salud mental infanto-juvenil (3-18 a\u00f1os).&nbsp; Actualmente en la sanidad privada [&hellip;]<\/p>\n","protected":false},"author":1,"featured_media":1098,"comment_status":"closed","ping_status":"closed","sticky":false,"template":"","format":"standard","meta":{"footnotes":""},"categories":[9],"tags":[],"class_list":["post-934","post","type-post","status-publish","format-standard","has-post-thumbnail","hentry","category-articulos"],"yoast_head":"<!-- This site is optimized with the Yoast SEO plugin v26.8 - https:\/\/yoast.com\/product\/yoast-seo-wordpress\/ -->\n<title>Efectos de las medidas en la infancia durante el Covid - Acompanyament Familiar<\/title>\n<meta name=\"robots\" content=\"index, follow, max-snippet:-1, max-image-preview:large, max-video-preview:-1\" \/>\n<link rel=\"canonical\" href=\"https:\/\/acompanyamentfamiliar.com\/es\/articulos\/efectos-de-las-medidas-en-la-infancia-durante-el-covid\/\" \/>\n<meta property=\"og:locale\" content=\"es_ES\" \/>\n<meta property=\"og:type\" content=\"article\" \/>\n<meta property=\"og:title\" content=\"Efectos de las medidas en la infancia durante el Covid - Acompanyament Familiar\" \/>\n<meta property=\"og:description\" content=\"Estimados y estimadas, Soy Susanna D&#8217; Ambrosio, m\u00e9dico psiquiatra por la Universidad de Padua. Ejerzo mi profesi\u00f3n en Barcelona desde el 2010. He trabajado en la sanidad p\u00fablica con poblaci\u00f3n adulta en el 2010-2011, y desde el 2011 hasta el 2017, en un centro de salud mental infanto-juvenil (3-18 a\u00f1os).&nbsp; Actualmente en la sanidad privada [&hellip;]\" \/>\n<meta property=\"og:url\" content=\"https:\/\/acompanyamentfamiliar.com\/es\/articulos\/efectos-de-las-medidas-en-la-infancia-durante-el-covid\/\" \/>\n<meta property=\"og:site_name\" content=\"Acompanyament Familiar\" \/>\n<meta property=\"article:published_time\" content=\"2020-09-14T11:12:00+00:00\" \/>\n<meta property=\"article:modified_time\" content=\"2025-04-13T12:23:10+00:00\" \/>\n<meta property=\"og:image\" content=\"https:\/\/acompanyamentfamiliar.com\/wp-content\/uploads\/2020\/09\/efectos-medidas-covid.jpeg\" \/>\n\t<meta property=\"og:image:width\" content=\"645\" \/>\n\t<meta property=\"og:image:height\" content=\"320\" \/>\n\t<meta property=\"og:image:type\" content=\"image\/jpeg\" \/>\n<meta name=\"author\" content=\"admin\" \/>\n<meta name=\"twitter:card\" content=\"summary_large_image\" \/>\n<meta name=\"twitter:label1\" content=\"Escrito por\" \/>\n\t<meta name=\"twitter:data1\" content=\"admin\" \/>\n\t<meta name=\"twitter:label2\" content=\"Tiempo de lectura\" \/>\n\t<meta name=\"twitter:data2\" content=\"5 minutos\" \/>\n<script type=\"application\/ld+json\" class=\"yoast-schema-graph\">{\"@context\":\"https:\/\/schema.org\",\"@graph\":[{\"@type\":\"Article\",\"@id\":\"https:\/\/acompanyamentfamiliar.com\/es\/articulos\/efectos-de-las-medidas-en-la-infancia-durante-el-covid\/#article\",\"isPartOf\":{\"@id\":\"https:\/\/acompanyamentfamiliar.com\/es\/articulos\/efectos-de-las-medidas-en-la-infancia-durante-el-covid\/\"},\"author\":{\"name\":\"admin\",\"@id\":\"https:\/\/acompanyamentfamiliar.com\/es\/#\/schema\/person\/2cd1d7b797c09f8e73d0ab6b36585040\"},\"headline\":\"Efectos de las medidas en la infancia durante el Covid\",\"datePublished\":\"2020-09-14T11:12:00+00:00\",\"dateModified\":\"2025-04-13T12:23:10+00:00\",\"mainEntityOfPage\":{\"@id\":\"https:\/\/acompanyamentfamiliar.com\/es\/articulos\/efectos-de-las-medidas-en-la-infancia-durante-el-covid\/\"},\"wordCount\":1126,\"publisher\":{\"@id\":\"https:\/\/acompanyamentfamiliar.com\/es\/#organization\"},\"image\":{\"@id\":\"https:\/\/acompanyamentfamiliar.com\/es\/articulos\/efectos-de-las-medidas-en-la-infancia-durante-el-covid\/#primaryimage\"},\"thumbnailUrl\":\"https:\/\/acompanyamentfamiliar.com\/wp-content\/uploads\/2020\/09\/efectos-medidas-covid.jpeg\",\"articleSection\":[\"Art\u00edculos\"],\"inLanguage\":\"es\"},{\"@type\":\"WebPage\",\"@id\":\"https:\/\/acompanyamentfamiliar.com\/es\/articulos\/efectos-de-las-medidas-en-la-infancia-durante-el-covid\/\",\"url\":\"https:\/\/acompanyamentfamiliar.com\/es\/articulos\/efectos-de-las-medidas-en-la-infancia-durante-el-covid\/\",\"name\":\"Efectos de las medidas en la infancia durante el Covid - Acompanyament Familiar\",\"isPartOf\":{\"@id\":\"https:\/\/acompanyamentfamiliar.com\/es\/#website\"},\"primaryImageOfPage\":{\"@id\":\"https:\/\/acompanyamentfamiliar.com\/es\/articulos\/efectos-de-las-medidas-en-la-infancia-durante-el-covid\/#primaryimage\"},\"image\":{\"@id\":\"https:\/\/acompanyamentfamiliar.com\/es\/articulos\/efectos-de-las-medidas-en-la-infancia-durante-el-covid\/#primaryimage\"},\"thumbnailUrl\":\"https:\/\/acompanyamentfamiliar.com\/wp-content\/uploads\/2020\/09\/efectos-medidas-covid.jpeg\",\"datePublished\":\"2020-09-14T11:12:00+00:00\",\"dateModified\":\"2025-04-13T12:23:10+00:00\",\"breadcrumb\":{\"@id\":\"https:\/\/acompanyamentfamiliar.com\/es\/articulos\/efectos-de-las-medidas-en-la-infancia-durante-el-covid\/#breadcrumb\"},\"inLanguage\":\"es\",\"potentialAction\":[{\"@type\":\"ReadAction\",\"target\":[\"https:\/\/acompanyamentfamiliar.com\/es\/articulos\/efectos-de-las-medidas-en-la-infancia-durante-el-covid\/\"]}]},{\"@type\":\"ImageObject\",\"inLanguage\":\"es\",\"@id\":\"https:\/\/acompanyamentfamiliar.com\/es\/articulos\/efectos-de-las-medidas-en-la-infancia-durante-el-covid\/#primaryimage\",\"url\":\"https:\/\/acompanyamentfamiliar.com\/wp-content\/uploads\/2020\/09\/efectos-medidas-covid.jpeg\",\"contentUrl\":\"https:\/\/acompanyamentfamiliar.com\/wp-content\/uploads\/2020\/09\/efectos-medidas-covid.jpeg\",\"width\":645,\"height\":320,\"caption\":\"Blog Acompanyament Familiar\"},{\"@type\":\"BreadcrumbList\",\"@id\":\"https:\/\/acompanyamentfamiliar.com\/es\/articulos\/efectos-de-las-medidas-en-la-infancia-durante-el-covid\/#breadcrumb\",\"itemListElement\":[{\"@type\":\"ListItem\",\"position\":1,\"name\":\"Portada\",\"item\":\"https:\/\/acompanyamentfamiliar.com\/es\/\"},{\"@type\":\"ListItem\",\"position\":2,\"name\":\"Efectos de las medidas en la infancia durante el Covid\"}]},{\"@type\":\"WebSite\",\"@id\":\"https:\/\/acompanyamentfamiliar.com\/es\/#website\",\"url\":\"https:\/\/acompanyamentfamiliar.com\/es\/\",\"name\":\"Acompanyament Familiar\",\"description\":\"Psic\u00f3logas en Barcelona: Acompa\u00f1amiento familiar\",\"publisher\":{\"@id\":\"https:\/\/acompanyamentfamiliar.com\/es\/#organization\"},\"potentialAction\":[{\"@type\":\"SearchAction\",\"target\":{\"@type\":\"EntryPoint\",\"urlTemplate\":\"https:\/\/acompanyamentfamiliar.com\/es\/?s={search_term_string}\"},\"query-input\":{\"@type\":\"PropertyValueSpecification\",\"valueRequired\":true,\"valueName\":\"search_term_string\"}}],\"inLanguage\":\"es\"},{\"@type\":\"Organization\",\"@id\":\"https:\/\/acompanyamentfamiliar.com\/es\/#organization\",\"name\":\"Acompanyament Familiar\",\"url\":\"https:\/\/acompanyamentfamiliar.com\/es\/\",\"logo\":{\"@type\":\"ImageObject\",\"inLanguage\":\"es\",\"@id\":\"https:\/\/acompanyamentfamiliar.com\/es\/#\/schema\/logo\/image\/\",\"url\":\"https:\/\/acompanyamentfamiliar.com\/wp-content\/uploads\/2025\/03\/logo_acompanyamnet_familiar.png\",\"contentUrl\":\"https:\/\/acompanyamentfamiliar.com\/wp-content\/uploads\/2025\/03\/logo_acompanyamnet_familiar.png\",\"width\":241,\"height\":126,\"caption\":\"Acompanyament Familiar\"},\"image\":{\"@id\":\"https:\/\/acompanyamentfamiliar.com\/es\/#\/schema\/logo\/image\/\"}},{\"@type\":\"Person\",\"@id\":\"https:\/\/acompanyamentfamiliar.com\/es\/#\/schema\/person\/2cd1d7b797c09f8e73d0ab6b36585040\",\"name\":\"admin\",\"image\":{\"@type\":\"ImageObject\",\"inLanguage\":\"es\",\"@id\":\"https:\/\/acompanyamentfamiliar.com\/es\/#\/schema\/person\/image\/\",\"url\":\"https:\/\/secure.gravatar.com\/avatar\/073937bd7f1a8c2904d9fa1ec5e3919f37a465744fcb187f31d4ddf76bcbd0d0?s=96&d=mm&r=g\",\"contentUrl\":\"https:\/\/secure.gravatar.com\/avatar\/073937bd7f1a8c2904d9fa1ec5e3919f37a465744fcb187f31d4ddf76bcbd0d0?s=96&d=mm&r=g\",\"caption\":\"admin\"},\"sameAs\":[\"https:\/\/acompanyamentfamiliar.com\"],\"url\":\"https:\/\/acompanyamentfamiliar.com\/es\/author\/admin\/\"}]}<\/script>\n<!-- \/ Yoast SEO plugin. -->","yoast_head_json":{"title":"Efectos de las medidas en la infancia durante el Covid - Acompanyament Familiar","robots":{"index":"index","follow":"follow","max-snippet":"max-snippet:-1","max-image-preview":"max-image-preview:large","max-video-preview":"max-video-preview:-1"},"canonical":"https:\/\/acompanyamentfamiliar.com\/es\/articulos\/efectos-de-las-medidas-en-la-infancia-durante-el-covid\/","og_locale":"es_ES","og_type":"article","og_title":"Efectos de las medidas en la infancia durante el Covid - Acompanyament Familiar","og_description":"Estimados y estimadas, Soy Susanna D&#8217; Ambrosio, m\u00e9dico psiquiatra por la Universidad de Padua. Ejerzo mi profesi\u00f3n en Barcelona desde el 2010. He trabajado en la sanidad p\u00fablica con poblaci\u00f3n adulta en el 2010-2011, y desde el 2011 hasta el 2017, en un centro de salud mental infanto-juvenil (3-18 a\u00f1os).&nbsp; Actualmente en la sanidad privada [&hellip;]","og_url":"https:\/\/acompanyamentfamiliar.com\/es\/articulos\/efectos-de-las-medidas-en-la-infancia-durante-el-covid\/","og_site_name":"Acompanyament Familiar","article_published_time":"2020-09-14T11:12:00+00:00","article_modified_time":"2025-04-13T12:23:10+00:00","og_image":[{"width":645,"height":320,"url":"https:\/\/acompanyamentfamiliar.com\/wp-content\/uploads\/2020\/09\/efectos-medidas-covid.jpeg","type":"image\/jpeg"}],"author":"admin","twitter_card":"summary_large_image","twitter_misc":{"Escrito por":"admin","Tiempo de lectura":"5 minutos"},"schema":{"@context":"https:\/\/schema.org","@graph":[{"@type":"Article","@id":"https:\/\/acompanyamentfamiliar.com\/es\/articulos\/efectos-de-las-medidas-en-la-infancia-durante-el-covid\/#article","isPartOf":{"@id":"https:\/\/acompanyamentfamiliar.com\/es\/articulos\/efectos-de-las-medidas-en-la-infancia-durante-el-covid\/"},"author":{"name":"admin","@id":"https:\/\/acompanyamentfamiliar.com\/es\/#\/schema\/person\/2cd1d7b797c09f8e73d0ab6b36585040"},"headline":"Efectos de las medidas en la infancia durante el Covid","datePublished":"2020-09-14T11:12:00+00:00","dateModified":"2025-04-13T12:23:10+00:00","mainEntityOfPage":{"@id":"https:\/\/acompanyamentfamiliar.com\/es\/articulos\/efectos-de-las-medidas-en-la-infancia-durante-el-covid\/"},"wordCount":1126,"publisher":{"@id":"https:\/\/acompanyamentfamiliar.com\/es\/#organization"},"image":{"@id":"https:\/\/acompanyamentfamiliar.com\/es\/articulos\/efectos-de-las-medidas-en-la-infancia-durante-el-covid\/#primaryimage"},"thumbnailUrl":"https:\/\/acompanyamentfamiliar.com\/wp-content\/uploads\/2020\/09\/efectos-medidas-covid.jpeg","articleSection":["Art\u00edculos"],"inLanguage":"es"},{"@type":"WebPage","@id":"https:\/\/acompanyamentfamiliar.com\/es\/articulos\/efectos-de-las-medidas-en-la-infancia-durante-el-covid\/","url":"https:\/\/acompanyamentfamiliar.com\/es\/articulos\/efectos-de-las-medidas-en-la-infancia-durante-el-covid\/","name":"Efectos de las medidas en la infancia durante el Covid - Acompanyament Familiar","isPartOf":{"@id":"https:\/\/acompanyamentfamiliar.com\/es\/#website"},"primaryImageOfPage":{"@id":"https:\/\/acompanyamentfamiliar.com\/es\/articulos\/efectos-de-las-medidas-en-la-infancia-durante-el-covid\/#primaryimage"},"image":{"@id":"https:\/\/acompanyamentfamiliar.com\/es\/articulos\/efectos-de-las-medidas-en-la-infancia-durante-el-covid\/#primaryimage"},"thumbnailUrl":"https:\/\/acompanyamentfamiliar.com\/wp-content\/uploads\/2020\/09\/efectos-medidas-covid.jpeg","datePublished":"2020-09-14T11:12:00+00:00","dateModified":"2025-04-13T12:23:10+00:00","breadcrumb":{"@id":"https:\/\/acompanyamentfamiliar.com\/es\/articulos\/efectos-de-las-medidas-en-la-infancia-durante-el-covid\/#breadcrumb"},"inLanguage":"es","potentialAction":[{"@type":"ReadAction","target":["https:\/\/acompanyamentfamiliar.com\/es\/articulos\/efectos-de-las-medidas-en-la-infancia-durante-el-covid\/"]}]},{"@type":"ImageObject","inLanguage":"es","@id":"https:\/\/acompanyamentfamiliar.com\/es\/articulos\/efectos-de-las-medidas-en-la-infancia-durante-el-covid\/#primaryimage","url":"https:\/\/acompanyamentfamiliar.com\/wp-content\/uploads\/2020\/09\/efectos-medidas-covid.jpeg","contentUrl":"https:\/\/acompanyamentfamiliar.com\/wp-content\/uploads\/2020\/09\/efectos-medidas-covid.jpeg","width":645,"height":320,"caption":"Blog Acompanyament Familiar"},{"@type":"BreadcrumbList","@id":"https:\/\/acompanyamentfamiliar.com\/es\/articulos\/efectos-de-las-medidas-en-la-infancia-durante-el-covid\/#breadcrumb","itemListElement":[{"@type":"ListItem","position":1,"name":"Portada","item":"https:\/\/acompanyamentfamiliar.com\/es\/"},{"@type":"ListItem","position":2,"name":"Efectos de las medidas en la infancia durante el Covid"}]},{"@type":"WebSite","@id":"https:\/\/acompanyamentfamiliar.com\/es\/#website","url":"https:\/\/acompanyamentfamiliar.com\/es\/","name":"Acompanyament Familiar","description":"Psic\u00f3logas en Barcelona: Acompa\u00f1amiento familiar","publisher":{"@id":"https:\/\/acompanyamentfamiliar.com\/es\/#organization"},"potentialAction":[{"@type":"SearchAction","target":{"@type":"EntryPoint","urlTemplate":"https:\/\/acompanyamentfamiliar.com\/es\/?s={search_term_string}"},"query-input":{"@type":"PropertyValueSpecification","valueRequired":true,"valueName":"search_term_string"}}],"inLanguage":"es"},{"@type":"Organization","@id":"https:\/\/acompanyamentfamiliar.com\/es\/#organization","name":"Acompanyament Familiar","url":"https:\/\/acompanyamentfamiliar.com\/es\/","logo":{"@type":"ImageObject","inLanguage":"es","@id":"https:\/\/acompanyamentfamiliar.com\/es\/#\/schema\/logo\/image\/","url":"https:\/\/acompanyamentfamiliar.com\/wp-content\/uploads\/2025\/03\/logo_acompanyamnet_familiar.png","contentUrl":"https:\/\/acompanyamentfamiliar.com\/wp-content\/uploads\/2025\/03\/logo_acompanyamnet_familiar.png","width":241,"height":126,"caption":"Acompanyament Familiar"},"image":{"@id":"https:\/\/acompanyamentfamiliar.com\/es\/#\/schema\/logo\/image\/"}},{"@type":"Person","@id":"https:\/\/acompanyamentfamiliar.com\/es\/#\/schema\/person\/2cd1d7b797c09f8e73d0ab6b36585040","name":"admin","image":{"@type":"ImageObject","inLanguage":"es","@id":"https:\/\/acompanyamentfamiliar.com\/es\/#\/schema\/person\/image\/","url":"https:\/\/secure.gravatar.com\/avatar\/073937bd7f1a8c2904d9fa1ec5e3919f37a465744fcb187f31d4ddf76bcbd0d0?s=96&d=mm&r=g","contentUrl":"https:\/\/secure.gravatar.com\/avatar\/073937bd7f1a8c2904d9fa1ec5e3919f37a465744fcb187f31d4ddf76bcbd0d0?s=96&d=mm&r=g","caption":"admin"},"sameAs":["https:\/\/acompanyamentfamiliar.com"],"url":"https:\/\/acompanyamentfamiliar.com\/es\/author\/admin\/"}]}},"_links":{"self":[{"href":"https:\/\/acompanyamentfamiliar.com\/es\/wp-json\/wp\/v2\/posts\/934","targetHints":{"allow":["GET"]}}],"collection":[{"href":"https:\/\/acompanyamentfamiliar.com\/es\/wp-json\/wp\/v2\/posts"}],"about":[{"href":"https:\/\/acompanyamentfamiliar.com\/es\/wp-json\/wp\/v2\/types\/post"}],"author":[{"embeddable":true,"href":"https:\/\/acompanyamentfamiliar.com\/es\/wp-json\/wp\/v2\/users\/1"}],"replies":[{"embeddable":true,"href":"https:\/\/acompanyamentfamiliar.com\/es\/wp-json\/wp\/v2\/comments?post=934"}],"version-history":[{"count":1,"href":"https:\/\/acompanyamentfamiliar.com\/es\/wp-json\/wp\/v2\/posts\/934\/revisions"}],"predecessor-version":[{"id":935,"href":"https:\/\/acompanyamentfamiliar.com\/es\/wp-json\/wp\/v2\/posts\/934\/revisions\/935"}],"wp:featuredmedia":[{"embeddable":true,"href":"https:\/\/acompanyamentfamiliar.com\/es\/wp-json\/wp\/v2\/media\/1098"}],"wp:attachment":[{"href":"https:\/\/acompanyamentfamiliar.com\/es\/wp-json\/wp\/v2\/media?parent=934"}],"wp:term":[{"taxonomy":"category","embeddable":true,"href":"https:\/\/acompanyamentfamiliar.com\/es\/wp-json\/wp\/v2\/categories?post=934"},{"taxonomy":"post_tag","embeddable":true,"href":"https:\/\/acompanyamentfamiliar.com\/es\/wp-json\/wp\/v2\/tags?post=934"}],"curies":[{"name":"wp","href":"https:\/\/api.w.org\/{rel}","templated":true}]}}