{"id":938,"date":"2020-03-02T11:14:00","date_gmt":"2020-03-02T11:14:00","guid":{"rendered":"https:\/\/acompanyamentfamiliar.com\/?p=938"},"modified":"2025-04-13T12:23:56","modified_gmt":"2025-04-13T12:23:56","slug":"las-varias-caras-del-abuso","status":"publish","type":"post","link":"https:\/\/acompanyamentfamiliar.com\/es\/articulos\/las-varias-caras-del-abuso\/","title":{"rendered":"Las varias caras del abuso"},"content":{"rendered":"\n<p>Hablar de abuso parece una tarea m\u00e1s f\u00e1cil hoy en d\u00eda que una generaci\u00f3n atr\u00e1s. Cada vez estamos m\u00e1s sensiblizadas en las varias caras del abuso en nuestra sociedad. Si me vas siguiendo te habr\u00e1s dado cuenta de que, despu\u00e9s de mi primer libro <strong><em>\u201cClara y su sombra\u201d<\/em><\/strong><em>,<\/em> hablar del abuso sexual se ha vuelto algo usual en mis varios canales. <strong>Dar voz a esta realidad que s\u00f3lo pueden sufrir las criaturas, es Paramount<\/strong> en mi trabajo como acompa\u00f1ante familiar.<\/p>\n\n\n\n<p>Hoy, me gustar\u00eda hablarte, a parte del abuso sexual a menores, de los otros m\u00faltiples abusos invisibilizados que podemos ejercer sobre las criaturas. La mayor\u00eda de ellos son aceptados socialmente y pasan desapercibidos en nuestra cotidianeidad. Probablemente hemos sido v\u00edctimas de alguno o varios de ellos, o tal vez somos perpetradorxs actualmente. Lo m\u00e1s com\u00fan es que nos encontremos en ambas situaciones, puesto que aquello que hemos recibido, de alguna manera lo normalizamos y acabamos ejerci\u00e9ndolo tambi\u00e9n. <strong>Aquello que no cuida la Vida en desarrollo puede transformarse en abuso. Nos hace falta una buena dosis de revisi\u00f3n personal y autocr\u00edtica para poder empezar a transformar la manera que tenemos de acompa\u00f1ar a las criaturas<\/strong>, y as\u00ed, contribuir a transformar el mundo en el que vivimos.<\/p>\n\n\n\n<p><strong><em>\u00bfQu\u00e9 tipo de abusos pueden sufrir las criaturas?<\/em><\/strong><\/p>\n\n\n\n<p>Voy a tratar de listar aqu\u00ed algunas de estas situaciones para que podamos tener plasmadas las varias realidades que las criaturas viven y no les cuidan. Mientras las lees, te invito a que vayas, no s\u00f3lo revisando tu papel como acompa\u00f1ante, sino tambi\u00e9n tu lugar como criatura que fuiste. Seguramente este ejercicio te va a brindar la oportunidad de saber m\u00e1s sobre tu forma de funcionar.<\/p>\n\n\n\n<p>Ignorar: aqu\u00ed incluyo la ausencia de presencia adulta, es decir, las veces que reclaman nuestra atenci\u00f3n y estamos demasiado ocupadxs en nuestros quehaceres adultxs, ya sea tareas dom\u00e9sticas, trabajo o hobbies. Ellxs no entienden la diferencia entre unas y otras en los primeros a\u00f1os de vida, y <strong>los <em>deberes <\/em>adultxs son igualmente negligentes para su necesidad de mirada, atenci\u00f3n y cercan\u00eda<\/strong>. A medida que se hacen m\u00e1s mayores, una gran presencia de actividades extraescolares, por ejemplo, tambi\u00e9n puede ser una manera de no tener que hacernos cargo tanto de sus demandas.<\/p>\n\n\n\n<p>Prisas: ya sabemos que el mundo est\u00e1 hecho a medida del sistema capitalista y consumista. Este es un modelo usurpador del cuido, o m\u00e1s bien, una estrategia del modelo patriarcal que lo binariza en funci\u00f3n del g\u00e9nero. Las prisas, o la m\u00e1xima de \u201c<em>el tiempo es oro<\/em>\u201d aplicada a ellas marca nuestra rutina y nuestro tempo. Con todos estos inputs, nos puede suceder que <strong>arrastremos a las criaturas a vivir en un ritmo que no les es propio<\/strong>: despertarse demasiado pronto, correr a la escuela, no tener tiempo para estar m\u00e1s rato en el parque, etc. Obviamente que nuestra presencia en su vida les ayuda a sociabilizarse en el mundo adulto del que van a formar parte, la cuesti\u00f3n es <em>\u00bfno es demasiado r\u00e1pida la forma que tenemos de introducirles ah\u00ed dentro?<\/em><\/p>\n\n\n\n<p>Bromas: lxs adultxs, a menudo, usamos este recurso para desprestigiar a las criaturas, hacerles sentir que no saben tanto como se creen y ridiculizarlas. <strong>Re\u00edrse de ellas haciendo uso de nuestra jerarqu\u00eda, es un abuso de poder<\/strong> como los otros. No porqu\u00e9 nos pintemos una sonrisa o carcajada en la cara significa que vayamos a ser menos abusivos con ellas, m\u00e1s bien normalizamos unas pr\u00e1cticas ir\u00f3nicas y sarc\u00e1sticas para que nuestro ego adulto se quede tranquilo.<\/p>\n\n\n\n<p>Comparar: cada persona es \u00fanica, un mundo maravilloso para descubrir. Tus criaturas tambi\u00e9n. <strong>Compararlas con otras<\/strong>, con sus hermanxs, primoxs, amigxs o incluso con lo que hac\u00edamos nostorxs cuando \u00e9ramos peque\u00f1xs y lo bien que nos port\u00e1bamos, o el caso que hac\u00edamos a nuestrxs padres (\u00a1habr\u00eda que verlo!), <strong>forma parte de una estrategia de separar nuestra mirada y reconocimiento hacia ellxs<\/strong>. Respetarles significa aceptar su naturaleza y las estrategias que usan para reclamar nuestra atenci\u00f3n o expresar sus emociones internas. <strong>Nuestra labor no es cambiarles, sino redirigir, con amor, el rumbo que toman para conseguir lo que desean<\/strong>.<\/p>\n\n\n\n<p>Despreciar: esta es una forma de abuso narcisista de las personas adultas. Ponerse por encima de la opini\u00f3n de alguien es un acto de soberbia que debemos revisar, y sobre todo cuando este alguien es una criatura. Seguramente no tiene la misma experiencia de vida que nosotrxs, ni el mismo conocimiento, pero te puedo asegurar que <strong>la sabidur\u00eda inherente a la Vida de una criatura es mucho m\u00e1s grande que el tama\u00f1o de sus zapatos<\/strong>. Abrirnos a escuchar sus puntos de vista y opiniones incrementa la atenci\u00f3n que recibe de nuestra parte, e incentiva su autoestima.<\/p>\n\n\n\n<p>Mentiras: utilizar la manipulaci\u00f3n de la mentira para conseguir aquello que nos interesa de una criatura es una forma de abuso y de extorsi\u00f3n. Una de las caracter\u00edsticas comunes en la mayor\u00eda de los abusos sexuales infantiles es el uso de los <strong>secretos<\/strong> entre el perpetrador y la v\u00edctima. <strong>La mentira nunca es el camino<\/strong>, y todo y que existe una gran diferencia entre decirles a las criaturas toda la verdad sobre ciertas situaciones o no, cabe evitar a toda costa usar las mentiras de forma reiterada.<\/p>\n\n\n\n<p>Gritar: los gritos, <em>per se<\/em>, no tienen nada de da\u00f1ino ni perjudicial. Ense\u00f1ar que gritar \u201ces malo\u201d no les ayuda a canalizar su agresividad en momentos en que lo puedan necesitar. Lo que si es importante es ense\u00f1ar \u2013 con el ejemplo ,por supuesto- que los gritos que implican insultos, desprecios, violencia o da\u00f1ar deben ser evitados. <strong>Gritar reiteradamente a una criatura le abre las puertas a normalizar esta forma de maltrato en su vida y a ejercerla sobre otrxs<\/strong>.<\/p>\n\n\n\n<p>Insultar: las palabras da\u00f1inas hacia nuestrxs hijxs son una de las formas de maltrato m\u00e1s extendidas. Por insulto no hace falta que nos imaginemos palabras malsonantes como <em>imb\u00e9cil, desgraciada, inservible, est\u00fapido, etc.<\/em> Los insultos m\u00e1s habituales pueden ser cosas m\u00e1s inofensivas como \u201clloras como una ni\u00f1a\u201d, \u201cte vistes como una pordiosera\u201d, \u201ceres un miedica\u201d, \u201cgritas como una gallina\u201d, etc.<\/p>\n\n\n\n<p>Manipularles fuerte: hay momentos que perdemos la paciencia y podemos caer en el error de agarrar fuerte a las criaturas para moverlas de lugar, hacerlas caminar cuando no quieren o reprocharlas por algo. Cuando hablo de los l\u00edmites, siempre llega el momento de hablar de la contenci\u00f3n f\u00edsica, y esta puede llegar ser muy agresiva y fuerte. La clave para hacerlo sin abusar de las criaturas radica del lugar del que sale tu necesidad de manipularles con fuerza: si sale de tu <strong>coraz\u00f3n <\/strong>(amor), ac\u00e9rcate a parar la acci\u00f3n que le da\u00f1a, sostener su rabia o pedirle que camine con amor, con una mirada de aceptaci\u00f3n de su necesidad diferente de la tuya. Pero si el impulso de acci\u00f3n te sale del <strong>h\u00edgado <\/strong>(rabia y enfado) y lo que intentas es imponer tu raz\u00f3n a la fuerza m\u00e1s que cuidar lo que a tu hijx le sucede, entonces atentx, porqu\u00e9 tus movimientos f\u00edsicos pueden ir cargados de enfado e impaciencia.<\/p>\n\n\n\n<p>Pegar: creo que este punto tiene peso por si mismo. Todxs sabemos que significa agredir f\u00edsicamente a una criatura. No hace falta pegarles una paliza, o usar el cintur\u00f3n para da\u00f1arles. <strong>Un simple golpe, un empuj\u00f3n, un cachetazo o una colleja son agresiones f\u00edsicas<\/strong>. Por suerte, en muchos pa\u00edses, esta acci\u00f3n que hasta hace una generaci\u00f3n estaba tolerada y aplaudida, ahora es denunciable y puede ser penada. Si sientes que te faltan recursos para no acabar cayendo en ella, pide ayuda. Tu ni\u00f1x interna y tus criaturas externas, te lo agradecer\u00e1n.<\/p>\n\n\n\n<p>Sexual: si te interesa saber m\u00e1s sobre el abuso sexual, te remito a que leas los varios art\u00edculos en los que hablo \u00edntegramente sobre ello.<\/p>\n\n\n\n<p>Para m\u00e1s informaci\u00f3n, ejemplos y preguntas sobre este tema del abuso, puedes dirigirte al v\u00eddeo de mi canal de YouTube <em>Elisenda Pascual Mart\u00ed<\/em>, o al podcast en IVOOX de <em>Acompa\u00f1amiento Familiar.<\/em><\/p>\n\n\n\n<p>Te veo pronto y feliz crianza,<\/p>\n\n\n\n<p>Elisenda Pascual i Mart\u00ed<\/p>\n\n\n\n<p>Psic\u00f3loga y psicoterapeuta<\/p>\n\n\n\n<p>Directora de Acompanyament Familiar<\/p>\n","protected":false},"excerpt":{"rendered":"<p>Hablar de abuso parece una tarea m\u00e1s f\u00e1cil hoy en d\u00eda que una generaci\u00f3n atr\u00e1s. Cada vez estamos m\u00e1s sensiblizadas en las varias caras del abuso en nuestra sociedad. Si me vas siguiendo te habr\u00e1s dado cuenta de que, despu\u00e9s de mi primer libro \u201cClara y su sombra\u201d, hablar del abuso sexual se ha vuelto [&hellip;]<\/p>\n","protected":false},"author":1,"featured_media":1100,"comment_status":"closed","ping_status":"closed","sticky":false,"template":"","format":"standard","meta":{"footnotes":""},"categories":[9],"tags":[],"class_list":["post-938","post","type-post","status-publish","format-standard","has-post-thumbnail","hentry","category-articulos"],"yoast_head":"<!-- This site is optimized with the Yoast SEO plugin v26.8 - https:\/\/yoast.com\/product\/yoast-seo-wordpress\/ -->\n<title>Las varias caras del abuso - Acompanyament Familiar<\/title>\n<meta name=\"robots\" content=\"index, follow, max-snippet:-1, max-image-preview:large, max-video-preview:-1\" \/>\n<link rel=\"canonical\" href=\"https:\/\/acompanyamentfamiliar.com\/es\/articulos\/las-varias-caras-del-abuso\/\" \/>\n<meta property=\"og:locale\" content=\"es_ES\" \/>\n<meta property=\"og:type\" content=\"article\" \/>\n<meta property=\"og:title\" content=\"Las varias caras del abuso - Acompanyament Familiar\" \/>\n<meta property=\"og:description\" content=\"Hablar de abuso parece una tarea m\u00e1s f\u00e1cil hoy en d\u00eda que una generaci\u00f3n atr\u00e1s. Cada vez estamos m\u00e1s sensiblizadas en las varias caras del abuso en nuestra sociedad. Si me vas siguiendo te habr\u00e1s dado cuenta de que, despu\u00e9s de mi primer libro \u201cClara y su sombra\u201d, hablar del abuso sexual se ha vuelto [&hellip;]\" \/>\n<meta property=\"og:url\" content=\"https:\/\/acompanyamentfamiliar.com\/es\/articulos\/las-varias-caras-del-abuso\/\" \/>\n<meta property=\"og:site_name\" content=\"Acompanyament Familiar\" \/>\n<meta property=\"article:published_time\" content=\"2020-03-02T11:14:00+00:00\" \/>\n<meta property=\"article:modified_time\" content=\"2025-04-13T12:23:56+00:00\" \/>\n<meta property=\"og:image\" content=\"https:\/\/acompanyamentfamiliar.com\/wp-content\/uploads\/2020\/03\/caras-abuso.jpeg\" \/>\n\t<meta property=\"og:image:width\" content=\"645\" \/>\n\t<meta property=\"og:image:height\" content=\"320\" \/>\n\t<meta property=\"og:image:type\" content=\"image\/jpeg\" \/>\n<meta name=\"author\" content=\"admin\" \/>\n<meta name=\"twitter:card\" content=\"summary_large_image\" \/>\n<meta name=\"twitter:label1\" content=\"Escrito por\" \/>\n\t<meta name=\"twitter:data1\" content=\"admin\" \/>\n\t<meta name=\"twitter:label2\" content=\"Tiempo de lectura\" \/>\n\t<meta name=\"twitter:data2\" content=\"7 minutos\" \/>\n<script type=\"application\/ld+json\" class=\"yoast-schema-graph\">{\"@context\":\"https:\/\/schema.org\",\"@graph\":[{\"@type\":\"Article\",\"@id\":\"https:\/\/acompanyamentfamiliar.com\/es\/articulos\/las-varias-caras-del-abuso\/#article\",\"isPartOf\":{\"@id\":\"https:\/\/acompanyamentfamiliar.com\/es\/articulos\/las-varias-caras-del-abuso\/\"},\"author\":{\"name\":\"admin\",\"@id\":\"https:\/\/acompanyamentfamiliar.com\/es\/#\/schema\/person\/2cd1d7b797c09f8e73d0ab6b36585040\"},\"headline\":\"Las varias caras del abuso\",\"datePublished\":\"2020-03-02T11:14:00+00:00\",\"dateModified\":\"2025-04-13T12:23:56+00:00\",\"mainEntityOfPage\":{\"@id\":\"https:\/\/acompanyamentfamiliar.com\/es\/articulos\/las-varias-caras-del-abuso\/\"},\"wordCount\":1429,\"publisher\":{\"@id\":\"https:\/\/acompanyamentfamiliar.com\/es\/#organization\"},\"image\":{\"@id\":\"https:\/\/acompanyamentfamiliar.com\/es\/articulos\/las-varias-caras-del-abuso\/#primaryimage\"},\"thumbnailUrl\":\"https:\/\/acompanyamentfamiliar.com\/wp-content\/uploads\/2020\/03\/caras-abuso.jpeg\",\"articleSection\":[\"Art\u00edculos\"],\"inLanguage\":\"es\"},{\"@type\":\"WebPage\",\"@id\":\"https:\/\/acompanyamentfamiliar.com\/es\/articulos\/las-varias-caras-del-abuso\/\",\"url\":\"https:\/\/acompanyamentfamiliar.com\/es\/articulos\/las-varias-caras-del-abuso\/\",\"name\":\"Las varias caras del abuso - Acompanyament Familiar\",\"isPartOf\":{\"@id\":\"https:\/\/acompanyamentfamiliar.com\/es\/#website\"},\"primaryImageOfPage\":{\"@id\":\"https:\/\/acompanyamentfamiliar.com\/es\/articulos\/las-varias-caras-del-abuso\/#primaryimage\"},\"image\":{\"@id\":\"https:\/\/acompanyamentfamiliar.com\/es\/articulos\/las-varias-caras-del-abuso\/#primaryimage\"},\"thumbnailUrl\":\"https:\/\/acompanyamentfamiliar.com\/wp-content\/uploads\/2020\/03\/caras-abuso.jpeg\",\"datePublished\":\"2020-03-02T11:14:00+00:00\",\"dateModified\":\"2025-04-13T12:23:56+00:00\",\"breadcrumb\":{\"@id\":\"https:\/\/acompanyamentfamiliar.com\/es\/articulos\/las-varias-caras-del-abuso\/#breadcrumb\"},\"inLanguage\":\"es\",\"potentialAction\":[{\"@type\":\"ReadAction\",\"target\":[\"https:\/\/acompanyamentfamiliar.com\/es\/articulos\/las-varias-caras-del-abuso\/\"]}]},{\"@type\":\"ImageObject\",\"inLanguage\":\"es\",\"@id\":\"https:\/\/acompanyamentfamiliar.com\/es\/articulos\/las-varias-caras-del-abuso\/#primaryimage\",\"url\":\"https:\/\/acompanyamentfamiliar.com\/wp-content\/uploads\/2020\/03\/caras-abuso.jpeg\",\"contentUrl\":\"https:\/\/acompanyamentfamiliar.com\/wp-content\/uploads\/2020\/03\/caras-abuso.jpeg\",\"width\":645,\"height\":320,\"caption\":\"Blog Acompanyament Familiar\"},{\"@type\":\"BreadcrumbList\",\"@id\":\"https:\/\/acompanyamentfamiliar.com\/es\/articulos\/las-varias-caras-del-abuso\/#breadcrumb\",\"itemListElement\":[{\"@type\":\"ListItem\",\"position\":1,\"name\":\"Portada\",\"item\":\"https:\/\/acompanyamentfamiliar.com\/es\/\"},{\"@type\":\"ListItem\",\"position\":2,\"name\":\"Las varias caras del abuso\"}]},{\"@type\":\"WebSite\",\"@id\":\"https:\/\/acompanyamentfamiliar.com\/es\/#website\",\"url\":\"https:\/\/acompanyamentfamiliar.com\/es\/\",\"name\":\"Acompanyament Familiar\",\"description\":\"Psic\u00f3logas en Barcelona: Acompa\u00f1amiento familiar\",\"publisher\":{\"@id\":\"https:\/\/acompanyamentfamiliar.com\/es\/#organization\"},\"potentialAction\":[{\"@type\":\"SearchAction\",\"target\":{\"@type\":\"EntryPoint\",\"urlTemplate\":\"https:\/\/acompanyamentfamiliar.com\/es\/?s={search_term_string}\"},\"query-input\":{\"@type\":\"PropertyValueSpecification\",\"valueRequired\":true,\"valueName\":\"search_term_string\"}}],\"inLanguage\":\"es\"},{\"@type\":\"Organization\",\"@id\":\"https:\/\/acompanyamentfamiliar.com\/es\/#organization\",\"name\":\"Acompanyament Familiar\",\"url\":\"https:\/\/acompanyamentfamiliar.com\/es\/\",\"logo\":{\"@type\":\"ImageObject\",\"inLanguage\":\"es\",\"@id\":\"https:\/\/acompanyamentfamiliar.com\/es\/#\/schema\/logo\/image\/\",\"url\":\"https:\/\/acompanyamentfamiliar.com\/wp-content\/uploads\/2025\/03\/logo_acompanyamnet_familiar.png\",\"contentUrl\":\"https:\/\/acompanyamentfamiliar.com\/wp-content\/uploads\/2025\/03\/logo_acompanyamnet_familiar.png\",\"width\":241,\"height\":126,\"caption\":\"Acompanyament Familiar\"},\"image\":{\"@id\":\"https:\/\/acompanyamentfamiliar.com\/es\/#\/schema\/logo\/image\/\"}},{\"@type\":\"Person\",\"@id\":\"https:\/\/acompanyamentfamiliar.com\/es\/#\/schema\/person\/2cd1d7b797c09f8e73d0ab6b36585040\",\"name\":\"admin\",\"image\":{\"@type\":\"ImageObject\",\"inLanguage\":\"es\",\"@id\":\"https:\/\/acompanyamentfamiliar.com\/es\/#\/schema\/person\/image\/\",\"url\":\"https:\/\/secure.gravatar.com\/avatar\/073937bd7f1a8c2904d9fa1ec5e3919f37a465744fcb187f31d4ddf76bcbd0d0?s=96&d=mm&r=g\",\"contentUrl\":\"https:\/\/secure.gravatar.com\/avatar\/073937bd7f1a8c2904d9fa1ec5e3919f37a465744fcb187f31d4ddf76bcbd0d0?s=96&d=mm&r=g\",\"caption\":\"admin\"},\"sameAs\":[\"https:\/\/acompanyamentfamiliar.com\"],\"url\":\"https:\/\/acompanyamentfamiliar.com\/es\/author\/admin\/\"}]}<\/script>\n<!-- \/ Yoast SEO plugin. -->","yoast_head_json":{"title":"Las varias caras del abuso - Acompanyament Familiar","robots":{"index":"index","follow":"follow","max-snippet":"max-snippet:-1","max-image-preview":"max-image-preview:large","max-video-preview":"max-video-preview:-1"},"canonical":"https:\/\/acompanyamentfamiliar.com\/es\/articulos\/las-varias-caras-del-abuso\/","og_locale":"es_ES","og_type":"article","og_title":"Las varias caras del abuso - Acompanyament Familiar","og_description":"Hablar de abuso parece una tarea m\u00e1s f\u00e1cil hoy en d\u00eda que una generaci\u00f3n atr\u00e1s. Cada vez estamos m\u00e1s sensiblizadas en las varias caras del abuso en nuestra sociedad. Si me vas siguiendo te habr\u00e1s dado cuenta de que, despu\u00e9s de mi primer libro \u201cClara y su sombra\u201d, hablar del abuso sexual se ha vuelto [&hellip;]","og_url":"https:\/\/acompanyamentfamiliar.com\/es\/articulos\/las-varias-caras-del-abuso\/","og_site_name":"Acompanyament Familiar","article_published_time":"2020-03-02T11:14:00+00:00","article_modified_time":"2025-04-13T12:23:56+00:00","og_image":[{"width":645,"height":320,"url":"https:\/\/acompanyamentfamiliar.com\/wp-content\/uploads\/2020\/03\/caras-abuso.jpeg","type":"image\/jpeg"}],"author":"admin","twitter_card":"summary_large_image","twitter_misc":{"Escrito por":"admin","Tiempo de lectura":"7 minutos"},"schema":{"@context":"https:\/\/schema.org","@graph":[{"@type":"Article","@id":"https:\/\/acompanyamentfamiliar.com\/es\/articulos\/las-varias-caras-del-abuso\/#article","isPartOf":{"@id":"https:\/\/acompanyamentfamiliar.com\/es\/articulos\/las-varias-caras-del-abuso\/"},"author":{"name":"admin","@id":"https:\/\/acompanyamentfamiliar.com\/es\/#\/schema\/person\/2cd1d7b797c09f8e73d0ab6b36585040"},"headline":"Las varias caras del abuso","datePublished":"2020-03-02T11:14:00+00:00","dateModified":"2025-04-13T12:23:56+00:00","mainEntityOfPage":{"@id":"https:\/\/acompanyamentfamiliar.com\/es\/articulos\/las-varias-caras-del-abuso\/"},"wordCount":1429,"publisher":{"@id":"https:\/\/acompanyamentfamiliar.com\/es\/#organization"},"image":{"@id":"https:\/\/acompanyamentfamiliar.com\/es\/articulos\/las-varias-caras-del-abuso\/#primaryimage"},"thumbnailUrl":"https:\/\/acompanyamentfamiliar.com\/wp-content\/uploads\/2020\/03\/caras-abuso.jpeg","articleSection":["Art\u00edculos"],"inLanguage":"es"},{"@type":"WebPage","@id":"https:\/\/acompanyamentfamiliar.com\/es\/articulos\/las-varias-caras-del-abuso\/","url":"https:\/\/acompanyamentfamiliar.com\/es\/articulos\/las-varias-caras-del-abuso\/","name":"Las varias caras del abuso - Acompanyament Familiar","isPartOf":{"@id":"https:\/\/acompanyamentfamiliar.com\/es\/#website"},"primaryImageOfPage":{"@id":"https:\/\/acompanyamentfamiliar.com\/es\/articulos\/las-varias-caras-del-abuso\/#primaryimage"},"image":{"@id":"https:\/\/acompanyamentfamiliar.com\/es\/articulos\/las-varias-caras-del-abuso\/#primaryimage"},"thumbnailUrl":"https:\/\/acompanyamentfamiliar.com\/wp-content\/uploads\/2020\/03\/caras-abuso.jpeg","datePublished":"2020-03-02T11:14:00+00:00","dateModified":"2025-04-13T12:23:56+00:00","breadcrumb":{"@id":"https:\/\/acompanyamentfamiliar.com\/es\/articulos\/las-varias-caras-del-abuso\/#breadcrumb"},"inLanguage":"es","potentialAction":[{"@type":"ReadAction","target":["https:\/\/acompanyamentfamiliar.com\/es\/articulos\/las-varias-caras-del-abuso\/"]}]},{"@type":"ImageObject","inLanguage":"es","@id":"https:\/\/acompanyamentfamiliar.com\/es\/articulos\/las-varias-caras-del-abuso\/#primaryimage","url":"https:\/\/acompanyamentfamiliar.com\/wp-content\/uploads\/2020\/03\/caras-abuso.jpeg","contentUrl":"https:\/\/acompanyamentfamiliar.com\/wp-content\/uploads\/2020\/03\/caras-abuso.jpeg","width":645,"height":320,"caption":"Blog Acompanyament Familiar"},{"@type":"BreadcrumbList","@id":"https:\/\/acompanyamentfamiliar.com\/es\/articulos\/las-varias-caras-del-abuso\/#breadcrumb","itemListElement":[{"@type":"ListItem","position":1,"name":"Portada","item":"https:\/\/acompanyamentfamiliar.com\/es\/"},{"@type":"ListItem","position":2,"name":"Las varias caras del abuso"}]},{"@type":"WebSite","@id":"https:\/\/acompanyamentfamiliar.com\/es\/#website","url":"https:\/\/acompanyamentfamiliar.com\/es\/","name":"Acompanyament Familiar","description":"Psic\u00f3logas en Barcelona: Acompa\u00f1amiento familiar","publisher":{"@id":"https:\/\/acompanyamentfamiliar.com\/es\/#organization"},"potentialAction":[{"@type":"SearchAction","target":{"@type":"EntryPoint","urlTemplate":"https:\/\/acompanyamentfamiliar.com\/es\/?s={search_term_string}"},"query-input":{"@type":"PropertyValueSpecification","valueRequired":true,"valueName":"search_term_string"}}],"inLanguage":"es"},{"@type":"Organization","@id":"https:\/\/acompanyamentfamiliar.com\/es\/#organization","name":"Acompanyament Familiar","url":"https:\/\/acompanyamentfamiliar.com\/es\/","logo":{"@type":"ImageObject","inLanguage":"es","@id":"https:\/\/acompanyamentfamiliar.com\/es\/#\/schema\/logo\/image\/","url":"https:\/\/acompanyamentfamiliar.com\/wp-content\/uploads\/2025\/03\/logo_acompanyamnet_familiar.png","contentUrl":"https:\/\/acompanyamentfamiliar.com\/wp-content\/uploads\/2025\/03\/logo_acompanyamnet_familiar.png","width":241,"height":126,"caption":"Acompanyament Familiar"},"image":{"@id":"https:\/\/acompanyamentfamiliar.com\/es\/#\/schema\/logo\/image\/"}},{"@type":"Person","@id":"https:\/\/acompanyamentfamiliar.com\/es\/#\/schema\/person\/2cd1d7b797c09f8e73d0ab6b36585040","name":"admin","image":{"@type":"ImageObject","inLanguage":"es","@id":"https:\/\/acompanyamentfamiliar.com\/es\/#\/schema\/person\/image\/","url":"https:\/\/secure.gravatar.com\/avatar\/073937bd7f1a8c2904d9fa1ec5e3919f37a465744fcb187f31d4ddf76bcbd0d0?s=96&d=mm&r=g","contentUrl":"https:\/\/secure.gravatar.com\/avatar\/073937bd7f1a8c2904d9fa1ec5e3919f37a465744fcb187f31d4ddf76bcbd0d0?s=96&d=mm&r=g","caption":"admin"},"sameAs":["https:\/\/acompanyamentfamiliar.com"],"url":"https:\/\/acompanyamentfamiliar.com\/es\/author\/admin\/"}]}},"_links":{"self":[{"href":"https:\/\/acompanyamentfamiliar.com\/es\/wp-json\/wp\/v2\/posts\/938","targetHints":{"allow":["GET"]}}],"collection":[{"href":"https:\/\/acompanyamentfamiliar.com\/es\/wp-json\/wp\/v2\/posts"}],"about":[{"href":"https:\/\/acompanyamentfamiliar.com\/es\/wp-json\/wp\/v2\/types\/post"}],"author":[{"embeddable":true,"href":"https:\/\/acompanyamentfamiliar.com\/es\/wp-json\/wp\/v2\/users\/1"}],"replies":[{"embeddable":true,"href":"https:\/\/acompanyamentfamiliar.com\/es\/wp-json\/wp\/v2\/comments?post=938"}],"version-history":[{"count":1,"href":"https:\/\/acompanyamentfamiliar.com\/es\/wp-json\/wp\/v2\/posts\/938\/revisions"}],"predecessor-version":[{"id":939,"href":"https:\/\/acompanyamentfamiliar.com\/es\/wp-json\/wp\/v2\/posts\/938\/revisions\/939"}],"wp:featuredmedia":[{"embeddable":true,"href":"https:\/\/acompanyamentfamiliar.com\/es\/wp-json\/wp\/v2\/media\/1100"}],"wp:attachment":[{"href":"https:\/\/acompanyamentfamiliar.com\/es\/wp-json\/wp\/v2\/media?parent=938"}],"wp:term":[{"taxonomy":"category","embeddable":true,"href":"https:\/\/acompanyamentfamiliar.com\/es\/wp-json\/wp\/v2\/categories?post=938"},{"taxonomy":"post_tag","embeddable":true,"href":"https:\/\/acompanyamentfamiliar.com\/es\/wp-json\/wp\/v2\/tags?post=938"}],"curies":[{"name":"wp","href":"https:\/\/api.w.org\/{rel}","templated":true}]}}