{"id":953,"date":"2020-01-29T11:21:00","date_gmt":"2020-01-29T11:21:00","guid":{"rendered":"https:\/\/acompanyamentfamiliar.com\/?p=953"},"modified":"2025-04-13T11:22:47","modified_gmt":"2025-04-13T11:22:47","slug":"la-adolescencia-un-camino-con-historia","status":"publish","type":"post","link":"https:\/\/acompanyamentfamiliar.com\/es\/articulos\/la-adolescencia-un-camino-con-historia\/","title":{"rendered":"La adolescencia, un camino con historia"},"content":{"rendered":"\n<p>Es curioso como la especie humana tenemos la habilidad -como eufemismo- de desconectarnos del presente y proyectarnos, constantemente, hacia un futuro no creado en base a unas experiencias pasadas.<\/p>\n\n\n\n<p>Esto es lo que me acostumbro a encontrar cuando las familias os acerc\u00e1is a Acompa\u00f1amiento Familiar con dudas relacionadas con las criaturas: siempre hay una prisa m\u00e1s o menos expl\u00edcita por \u201creparar\u201d los problemas antes que llegue la architemida adolescencia. Parece como si esta etapa se llevara el m\u00e1ximo exponente de preocupaci\u00f3n maparental. Y si, puedo comprender que el impacto del \u201c<strong>poder de la hormona<\/strong>\u201d puede generar en el comportamiento adolescente; b\u00e1sciamente porqu\u00e9 tambi\u00e9n lo he experimentado y porqu\u00e9 la vida est\u00e1 repleta de situaciones en las que tenemos la oportunidad de observar, interaccionar e incluso juzgar el comportamiento de esta <em>tribu urbana<\/em>. Por momentos nos fascina, por otros nos asusta, y por otros lo repelemos. Pero lo que est\u00e1 claro es que no nos deja indiferentes.<\/p>\n\n\n\n<p>Antes de sumergirme en el maravilloso mundo de la adolescencia, debemos rescordar que <strong>todas las etapas de la Vida de las criaturas son importantes y que atesoran aprendizajes esenciales. Debemos, por lo tanto, aprender a respirar el presente y ofrecer nuestro mayor potencial en su acompa\u00f1amiento.<\/strong><\/p>\n\n\n\n<p>La adolescencia, ciertamente, <strong>es un camino con historia<\/strong>. De nada sirve observar a unx adolescente si no tuviera pasado, despoj\u00e1ndolx de sus experiencias previas, de sus dolores, sus \u00e9xitos, las dificultades vividas, los hitos conquistados, etc. Cuando una criatura corona la etapa de su desarrollo hormonal, lo hace con una mochila en sus espaldas.<\/p>\n\n\n\n<p><em>\u00bfCu\u00e1l ha sido su historia?<\/em><\/p>\n\n\n\n<p><em>\u00bfC\u00f3mo hemos acompa\u00f1ado su desarrollo hasta ahora?<\/em><\/p>\n\n\n\n<p><em>\u00bfQu\u00e9 tipo de v\u00ednculo hemos cultivado entre nosotrxs?<\/em><\/p>\n\n\n\n<p><em>\u00bfConocemos la persona que tenemos delante?<\/em><\/p>\n\n\n\n<p>Es muy importante que puedas responderte a estas preguntas sinceramente porqu\u00e9 son la llave para poder acceder al reino de lx adolescente que tienes delante. <strong>La adolescencia es una infancia revivida. Es la etapa producto de todas las previas, de aquello que le hemos ofrecido, y tambi\u00e9n de lo que no<\/strong>. Generar un v\u00ednculo suficientemente bueno y sano con lxs adolescentes requiere de una crianza respetuosa, amorosa y firme desde el inicio de la Vida (dentro del \u00fatero).<\/p>\n\n\n\n<p><em>\u00bfSignifica esto que si no lo he hecho antes ya voy tarde?<\/em><\/p>\n\n\n\n<p>Lo que quiero decir con esta pregunta es que, en parte, <strong>la reparaci\u00f3n de aquello que tu hijx no tuvo tomar\u00e1 m\u00e1s tiempo<\/strong>. Por esto es tan importante que te centres en la etapa presente de ellxs y que conozcas cuales son las necesidades aut\u00e9nticas de cada una de las etapas evolutivas de la primera infancia (0 a 7 a\u00f1os). <strong>Ofrecer el cuido que las criaturas necesitan en estos primeros a\u00f1os de Vida establece una buena base &nbsp;para futuras etapas<\/strong>: la adolescencia y la etapa adulta (con todas sus variaciones). Si conoces las dificultades o absencias en tu acompa\u00f1amiento infantil y ya tienes unx adolescente en tu hogar, no vas tarde. Hace falta, eso s\u00ed, un acto profundo de conciencia y voluntad para hacerte responsable de la parte que no pudiste ofrecer (por favor, trata que la culpa no se te cuele por debajo de la camiseta) en primer lugar, y luego, un acompa\u00f1amiento externo que te pueda ofrecer pautas en el restablecimiento del v\u00ednculo sano que, des de dentro de la familia, a menudo es complejo de detallar objetivamente.<\/p>\n\n\n\n<p><strong>Las personas adolescentes est\u00e1n en camino de soltar la etapa infantil y adentrarse en el mundo adulto.<\/strong> Es un momento de frontera, de transici\u00f3n y es sabido que es en estos espacios geogr\u00e1ficos y per\u00edodos sociales donde los grandes cambios y movimientos tienen lugar. A menudo nos hace falta un mapa para transitar tiempos convulsos y la etapa infantil nos prepara para este hito. Una vez llegue <strong>debemos encontrar la mano izquierda suficiente para seguir sosteniendo y preservando sin ahogar, a la vez que abrir la confianza y el espacio personal sin caer en el abandono o el rechazo.<\/strong><\/p>\n\n\n\n<p><em>\u00bfRecuerdas qu\u00e9 necesitabas t\u00fa durante tu adolescencia?<\/em><\/p>\n\n\n\n<p>Si te apetece compartir un poco m\u00e1s, te espero en el&nbsp;DIRECTO&nbsp;del pr\u00f3ximo&nbsp;JUEVES, 6 DE FEBRERO A las 21h&nbsp;horario de Barcelona.&nbsp;<\/p>\n\n\n\n<h3 class=\"wp-block-heading\">Puedes conectarte a:<\/h3>\n\n\n\n<h3 class=\"wp-block-heading\"><strong>FBK:&nbsp;<\/strong><a href=\"https:\/\/www.facebook.com\/psicologiarespetuosa\" target=\"_blank\" rel=\"noreferrer noopener\"><strong>https:\/\/www.facebook.com\/psicologiarespetuosa<\/strong><\/a><\/h3>\n\n\n\n<h3 class=\"wp-block-heading\"><strong>Instagram:&nbsp;<\/strong><a href=\"https:\/\/www.instagram.com\/elisendapascualmarti\/\" target=\"_blank\" rel=\"noreferrer noopener\"><strong>@elisendapascualmarti<\/strong><\/a><\/h3>\n\n\n\n<h3 class=\"wp-block-heading\"><strong>\u00bfCu\u00e1ndo?&nbsp;JUEVES, 6 DE FEBRERO a las 21H<\/strong><\/h3>\n\n\n\n<p>Puedes seguir&nbsp;<a href=\"https:\/\/www.youtube.com\/channel\/UCbjsD423EU0nxWZewIFwS_g?view_as=subscriber\" target=\"_blank\" rel=\"noreferrer noopener\">mi Canal de YouTube<\/a>&nbsp;\u201cElisenda Pascual Mart\u00ed\u201d para poder escuchar todos los otros videos que ya he grabado.<\/p>\n\n\n\n<p>Te veo pronto y feliz crianza,<\/p>\n\n\n\n<p>Elisenda Pascual i Mart\u00ed<\/p>\n\n\n\n<p>Psic\u00f3loga y psicoterapeuta<\/p>\n\n\n\n<p>Directora de Acompanyament Familiar<\/p>\n","protected":false},"excerpt":{"rendered":"<p>Es curioso como la especie humana tenemos la habilidad -como eufemismo- de desconectarnos del presente y proyectarnos, constantemente, hacia un futuro no creado en base a unas experiencias pasadas. Esto es lo que me acostumbro a encontrar cuando las familias os acerc\u00e1is a Acompa\u00f1amiento Familiar con dudas relacionadas con las criaturas: siempre hay una prisa [&hellip;]<\/p>\n","protected":false},"author":1,"featured_media":955,"comment_status":"closed","ping_status":"closed","sticky":false,"template":"","format":"standard","meta":{"footnotes":""},"categories":[9],"tags":[],"class_list":["post-953","post","type-post","status-publish","format-standard","has-post-thumbnail","hentry","category-articulos"],"yoast_head":"<!-- This site is optimized with the Yoast SEO plugin v26.8 - https:\/\/yoast.com\/product\/yoast-seo-wordpress\/ -->\n<title>La adolescencia, un camino con historia - Acompanyament Familiar<\/title>\n<meta name=\"robots\" content=\"index, follow, max-snippet:-1, max-image-preview:large, max-video-preview:-1\" \/>\n<link rel=\"canonical\" href=\"https:\/\/acompanyamentfamiliar.com\/es\/articulos\/la-adolescencia-un-camino-con-historia\/\" \/>\n<meta property=\"og:locale\" content=\"es_ES\" \/>\n<meta property=\"og:type\" content=\"article\" \/>\n<meta property=\"og:title\" content=\"La adolescencia, un camino con historia - Acompanyament Familiar\" \/>\n<meta property=\"og:description\" content=\"Es curioso como la especie humana tenemos la habilidad -como eufemismo- de desconectarnos del presente y proyectarnos, constantemente, hacia un futuro no creado en base a unas experiencias pasadas. Esto es lo que me acostumbro a encontrar cuando las familias os acerc\u00e1is a Acompa\u00f1amiento Familiar con dudas relacionadas con las criaturas: siempre hay una prisa [&hellip;]\" \/>\n<meta property=\"og:url\" content=\"https:\/\/acompanyamentfamiliar.com\/es\/articulos\/la-adolescencia-un-camino-con-historia\/\" \/>\n<meta property=\"og:site_name\" content=\"Acompanyament Familiar\" \/>\n<meta property=\"article:published_time\" content=\"2020-01-29T11:21:00+00:00\" \/>\n<meta property=\"article:modified_time\" content=\"2025-04-13T11:22:47+00:00\" \/>\n<meta property=\"og:image\" content=\"https:\/\/acompanyamentfamiliar.com\/wp-content\/uploads\/2020\/01\/adolescencia-camino-con-historia.png\" \/>\n\t<meta property=\"og:image:width\" content=\"645\" \/>\n\t<meta property=\"og:image:height\" content=\"320\" \/>\n\t<meta property=\"og:image:type\" content=\"image\/png\" \/>\n<meta name=\"author\" content=\"admin\" \/>\n<meta name=\"twitter:card\" content=\"summary_large_image\" \/>\n<meta name=\"twitter:label1\" content=\"Escrito por\" \/>\n\t<meta name=\"twitter:data1\" content=\"admin\" \/>\n\t<meta name=\"twitter:label2\" content=\"Tiempo de lectura\" \/>\n\t<meta name=\"twitter:data2\" content=\"4 minutos\" \/>\n<script type=\"application\/ld+json\" class=\"yoast-schema-graph\">{\"@context\":\"https:\/\/schema.org\",\"@graph\":[{\"@type\":\"Article\",\"@id\":\"https:\/\/acompanyamentfamiliar.com\/es\/articulos\/la-adolescencia-un-camino-con-historia\/#article\",\"isPartOf\":{\"@id\":\"https:\/\/acompanyamentfamiliar.com\/es\/articulos\/la-adolescencia-un-camino-con-historia\/\"},\"author\":{\"name\":\"admin\",\"@id\":\"https:\/\/acompanyamentfamiliar.com\/es\/#\/schema\/person\/2cd1d7b797c09f8e73d0ab6b36585040\"},\"headline\":\"La adolescencia, un camino con historia\",\"datePublished\":\"2020-01-29T11:21:00+00:00\",\"dateModified\":\"2025-04-13T11:22:47+00:00\",\"mainEntityOfPage\":{\"@id\":\"https:\/\/acompanyamentfamiliar.com\/es\/articulos\/la-adolescencia-un-camino-con-historia\/\"},\"wordCount\":783,\"publisher\":{\"@id\":\"https:\/\/acompanyamentfamiliar.com\/es\/#organization\"},\"image\":{\"@id\":\"https:\/\/acompanyamentfamiliar.com\/es\/articulos\/la-adolescencia-un-camino-con-historia\/#primaryimage\"},\"thumbnailUrl\":\"https:\/\/acompanyamentfamiliar.com\/wp-content\/uploads\/2020\/01\/adolescencia-camino-con-historia.png\",\"articleSection\":[\"Art\u00edculos\"],\"inLanguage\":\"es\"},{\"@type\":\"WebPage\",\"@id\":\"https:\/\/acompanyamentfamiliar.com\/es\/articulos\/la-adolescencia-un-camino-con-historia\/\",\"url\":\"https:\/\/acompanyamentfamiliar.com\/es\/articulos\/la-adolescencia-un-camino-con-historia\/\",\"name\":\"La adolescencia, un camino con historia - Acompanyament Familiar\",\"isPartOf\":{\"@id\":\"https:\/\/acompanyamentfamiliar.com\/es\/#website\"},\"primaryImageOfPage\":{\"@id\":\"https:\/\/acompanyamentfamiliar.com\/es\/articulos\/la-adolescencia-un-camino-con-historia\/#primaryimage\"},\"image\":{\"@id\":\"https:\/\/acompanyamentfamiliar.com\/es\/articulos\/la-adolescencia-un-camino-con-historia\/#primaryimage\"},\"thumbnailUrl\":\"https:\/\/acompanyamentfamiliar.com\/wp-content\/uploads\/2020\/01\/adolescencia-camino-con-historia.png\",\"datePublished\":\"2020-01-29T11:21:00+00:00\",\"dateModified\":\"2025-04-13T11:22:47+00:00\",\"breadcrumb\":{\"@id\":\"https:\/\/acompanyamentfamiliar.com\/es\/articulos\/la-adolescencia-un-camino-con-historia\/#breadcrumb\"},\"inLanguage\":\"es\",\"potentialAction\":[{\"@type\":\"ReadAction\",\"target\":[\"https:\/\/acompanyamentfamiliar.com\/es\/articulos\/la-adolescencia-un-camino-con-historia\/\"]}]},{\"@type\":\"ImageObject\",\"inLanguage\":\"es\",\"@id\":\"https:\/\/acompanyamentfamiliar.com\/es\/articulos\/la-adolescencia-un-camino-con-historia\/#primaryimage\",\"url\":\"https:\/\/acompanyamentfamiliar.com\/wp-content\/uploads\/2020\/01\/adolescencia-camino-con-historia.png\",\"contentUrl\":\"https:\/\/acompanyamentfamiliar.com\/wp-content\/uploads\/2020\/01\/adolescencia-camino-con-historia.png\",\"width\":645,\"height\":320,\"caption\":\"Blog Acompanyament Familiar\"},{\"@type\":\"BreadcrumbList\",\"@id\":\"https:\/\/acompanyamentfamiliar.com\/es\/articulos\/la-adolescencia-un-camino-con-historia\/#breadcrumb\",\"itemListElement\":[{\"@type\":\"ListItem\",\"position\":1,\"name\":\"Portada\",\"item\":\"https:\/\/acompanyamentfamiliar.com\/es\/\"},{\"@type\":\"ListItem\",\"position\":2,\"name\":\"La adolescencia, un camino con historia\"}]},{\"@type\":\"WebSite\",\"@id\":\"https:\/\/acompanyamentfamiliar.com\/es\/#website\",\"url\":\"https:\/\/acompanyamentfamiliar.com\/es\/\",\"name\":\"Acompanyament Familiar\",\"description\":\"Psic\u00f3logas en Barcelona: Acompa\u00f1amiento familiar\",\"publisher\":{\"@id\":\"https:\/\/acompanyamentfamiliar.com\/es\/#organization\"},\"potentialAction\":[{\"@type\":\"SearchAction\",\"target\":{\"@type\":\"EntryPoint\",\"urlTemplate\":\"https:\/\/acompanyamentfamiliar.com\/es\/?s={search_term_string}\"},\"query-input\":{\"@type\":\"PropertyValueSpecification\",\"valueRequired\":true,\"valueName\":\"search_term_string\"}}],\"inLanguage\":\"es\"},{\"@type\":\"Organization\",\"@id\":\"https:\/\/acompanyamentfamiliar.com\/es\/#organization\",\"name\":\"Acompanyament Familiar\",\"url\":\"https:\/\/acompanyamentfamiliar.com\/es\/\",\"logo\":{\"@type\":\"ImageObject\",\"inLanguage\":\"es\",\"@id\":\"https:\/\/acompanyamentfamiliar.com\/es\/#\/schema\/logo\/image\/\",\"url\":\"https:\/\/acompanyamentfamiliar.com\/wp-content\/uploads\/2025\/03\/logo_acompanyamnet_familiar.png\",\"contentUrl\":\"https:\/\/acompanyamentfamiliar.com\/wp-content\/uploads\/2025\/03\/logo_acompanyamnet_familiar.png\",\"width\":241,\"height\":126,\"caption\":\"Acompanyament Familiar\"},\"image\":{\"@id\":\"https:\/\/acompanyamentfamiliar.com\/es\/#\/schema\/logo\/image\/\"}},{\"@type\":\"Person\",\"@id\":\"https:\/\/acompanyamentfamiliar.com\/es\/#\/schema\/person\/2cd1d7b797c09f8e73d0ab6b36585040\",\"name\":\"admin\",\"image\":{\"@type\":\"ImageObject\",\"inLanguage\":\"es\",\"@id\":\"https:\/\/acompanyamentfamiliar.com\/es\/#\/schema\/person\/image\/\",\"url\":\"https:\/\/secure.gravatar.com\/avatar\/073937bd7f1a8c2904d9fa1ec5e3919f37a465744fcb187f31d4ddf76bcbd0d0?s=96&d=mm&r=g\",\"contentUrl\":\"https:\/\/secure.gravatar.com\/avatar\/073937bd7f1a8c2904d9fa1ec5e3919f37a465744fcb187f31d4ddf76bcbd0d0?s=96&d=mm&r=g\",\"caption\":\"admin\"},\"sameAs\":[\"https:\/\/acompanyamentfamiliar.com\"],\"url\":\"https:\/\/acompanyamentfamiliar.com\/es\/author\/admin\/\"}]}<\/script>\n<!-- \/ Yoast SEO plugin. -->","yoast_head_json":{"title":"La adolescencia, un camino con historia - Acompanyament Familiar","robots":{"index":"index","follow":"follow","max-snippet":"max-snippet:-1","max-image-preview":"max-image-preview:large","max-video-preview":"max-video-preview:-1"},"canonical":"https:\/\/acompanyamentfamiliar.com\/es\/articulos\/la-adolescencia-un-camino-con-historia\/","og_locale":"es_ES","og_type":"article","og_title":"La adolescencia, un camino con historia - Acompanyament Familiar","og_description":"Es curioso como la especie humana tenemos la habilidad -como eufemismo- de desconectarnos del presente y proyectarnos, constantemente, hacia un futuro no creado en base a unas experiencias pasadas. Esto es lo que me acostumbro a encontrar cuando las familias os acerc\u00e1is a Acompa\u00f1amiento Familiar con dudas relacionadas con las criaturas: siempre hay una prisa [&hellip;]","og_url":"https:\/\/acompanyamentfamiliar.com\/es\/articulos\/la-adolescencia-un-camino-con-historia\/","og_site_name":"Acompanyament Familiar","article_published_time":"2020-01-29T11:21:00+00:00","article_modified_time":"2025-04-13T11:22:47+00:00","og_image":[{"width":645,"height":320,"url":"https:\/\/acompanyamentfamiliar.com\/wp-content\/uploads\/2020\/01\/adolescencia-camino-con-historia.png","type":"image\/png"}],"author":"admin","twitter_card":"summary_large_image","twitter_misc":{"Escrito por":"admin","Tiempo de lectura":"4 minutos"},"schema":{"@context":"https:\/\/schema.org","@graph":[{"@type":"Article","@id":"https:\/\/acompanyamentfamiliar.com\/es\/articulos\/la-adolescencia-un-camino-con-historia\/#article","isPartOf":{"@id":"https:\/\/acompanyamentfamiliar.com\/es\/articulos\/la-adolescencia-un-camino-con-historia\/"},"author":{"name":"admin","@id":"https:\/\/acompanyamentfamiliar.com\/es\/#\/schema\/person\/2cd1d7b797c09f8e73d0ab6b36585040"},"headline":"La adolescencia, un camino con historia","datePublished":"2020-01-29T11:21:00+00:00","dateModified":"2025-04-13T11:22:47+00:00","mainEntityOfPage":{"@id":"https:\/\/acompanyamentfamiliar.com\/es\/articulos\/la-adolescencia-un-camino-con-historia\/"},"wordCount":783,"publisher":{"@id":"https:\/\/acompanyamentfamiliar.com\/es\/#organization"},"image":{"@id":"https:\/\/acompanyamentfamiliar.com\/es\/articulos\/la-adolescencia-un-camino-con-historia\/#primaryimage"},"thumbnailUrl":"https:\/\/acompanyamentfamiliar.com\/wp-content\/uploads\/2020\/01\/adolescencia-camino-con-historia.png","articleSection":["Art\u00edculos"],"inLanguage":"es"},{"@type":"WebPage","@id":"https:\/\/acompanyamentfamiliar.com\/es\/articulos\/la-adolescencia-un-camino-con-historia\/","url":"https:\/\/acompanyamentfamiliar.com\/es\/articulos\/la-adolescencia-un-camino-con-historia\/","name":"La adolescencia, un camino con historia - Acompanyament Familiar","isPartOf":{"@id":"https:\/\/acompanyamentfamiliar.com\/es\/#website"},"primaryImageOfPage":{"@id":"https:\/\/acompanyamentfamiliar.com\/es\/articulos\/la-adolescencia-un-camino-con-historia\/#primaryimage"},"image":{"@id":"https:\/\/acompanyamentfamiliar.com\/es\/articulos\/la-adolescencia-un-camino-con-historia\/#primaryimage"},"thumbnailUrl":"https:\/\/acompanyamentfamiliar.com\/wp-content\/uploads\/2020\/01\/adolescencia-camino-con-historia.png","datePublished":"2020-01-29T11:21:00+00:00","dateModified":"2025-04-13T11:22:47+00:00","breadcrumb":{"@id":"https:\/\/acompanyamentfamiliar.com\/es\/articulos\/la-adolescencia-un-camino-con-historia\/#breadcrumb"},"inLanguage":"es","potentialAction":[{"@type":"ReadAction","target":["https:\/\/acompanyamentfamiliar.com\/es\/articulos\/la-adolescencia-un-camino-con-historia\/"]}]},{"@type":"ImageObject","inLanguage":"es","@id":"https:\/\/acompanyamentfamiliar.com\/es\/articulos\/la-adolescencia-un-camino-con-historia\/#primaryimage","url":"https:\/\/acompanyamentfamiliar.com\/wp-content\/uploads\/2020\/01\/adolescencia-camino-con-historia.png","contentUrl":"https:\/\/acompanyamentfamiliar.com\/wp-content\/uploads\/2020\/01\/adolescencia-camino-con-historia.png","width":645,"height":320,"caption":"Blog Acompanyament Familiar"},{"@type":"BreadcrumbList","@id":"https:\/\/acompanyamentfamiliar.com\/es\/articulos\/la-adolescencia-un-camino-con-historia\/#breadcrumb","itemListElement":[{"@type":"ListItem","position":1,"name":"Portada","item":"https:\/\/acompanyamentfamiliar.com\/es\/"},{"@type":"ListItem","position":2,"name":"La adolescencia, un camino con historia"}]},{"@type":"WebSite","@id":"https:\/\/acompanyamentfamiliar.com\/es\/#website","url":"https:\/\/acompanyamentfamiliar.com\/es\/","name":"Acompanyament Familiar","description":"Psic\u00f3logas en Barcelona: Acompa\u00f1amiento familiar","publisher":{"@id":"https:\/\/acompanyamentfamiliar.com\/es\/#organization"},"potentialAction":[{"@type":"SearchAction","target":{"@type":"EntryPoint","urlTemplate":"https:\/\/acompanyamentfamiliar.com\/es\/?s={search_term_string}"},"query-input":{"@type":"PropertyValueSpecification","valueRequired":true,"valueName":"search_term_string"}}],"inLanguage":"es"},{"@type":"Organization","@id":"https:\/\/acompanyamentfamiliar.com\/es\/#organization","name":"Acompanyament Familiar","url":"https:\/\/acompanyamentfamiliar.com\/es\/","logo":{"@type":"ImageObject","inLanguage":"es","@id":"https:\/\/acompanyamentfamiliar.com\/es\/#\/schema\/logo\/image\/","url":"https:\/\/acompanyamentfamiliar.com\/wp-content\/uploads\/2025\/03\/logo_acompanyamnet_familiar.png","contentUrl":"https:\/\/acompanyamentfamiliar.com\/wp-content\/uploads\/2025\/03\/logo_acompanyamnet_familiar.png","width":241,"height":126,"caption":"Acompanyament Familiar"},"image":{"@id":"https:\/\/acompanyamentfamiliar.com\/es\/#\/schema\/logo\/image\/"}},{"@type":"Person","@id":"https:\/\/acompanyamentfamiliar.com\/es\/#\/schema\/person\/2cd1d7b797c09f8e73d0ab6b36585040","name":"admin","image":{"@type":"ImageObject","inLanguage":"es","@id":"https:\/\/acompanyamentfamiliar.com\/es\/#\/schema\/person\/image\/","url":"https:\/\/secure.gravatar.com\/avatar\/073937bd7f1a8c2904d9fa1ec5e3919f37a465744fcb187f31d4ddf76bcbd0d0?s=96&d=mm&r=g","contentUrl":"https:\/\/secure.gravatar.com\/avatar\/073937bd7f1a8c2904d9fa1ec5e3919f37a465744fcb187f31d4ddf76bcbd0d0?s=96&d=mm&r=g","caption":"admin"},"sameAs":["https:\/\/acompanyamentfamiliar.com"],"url":"https:\/\/acompanyamentfamiliar.com\/es\/author\/admin\/"}]}},"_links":{"self":[{"href":"https:\/\/acompanyamentfamiliar.com\/es\/wp-json\/wp\/v2\/posts\/953","targetHints":{"allow":["GET"]}}],"collection":[{"href":"https:\/\/acompanyamentfamiliar.com\/es\/wp-json\/wp\/v2\/posts"}],"about":[{"href":"https:\/\/acompanyamentfamiliar.com\/es\/wp-json\/wp\/v2\/types\/post"}],"author":[{"embeddable":true,"href":"https:\/\/acompanyamentfamiliar.com\/es\/wp-json\/wp\/v2\/users\/1"}],"replies":[{"embeddable":true,"href":"https:\/\/acompanyamentfamiliar.com\/es\/wp-json\/wp\/v2\/comments?post=953"}],"version-history":[{"count":1,"href":"https:\/\/acompanyamentfamiliar.com\/es\/wp-json\/wp\/v2\/posts\/953\/revisions"}],"predecessor-version":[{"id":954,"href":"https:\/\/acompanyamentfamiliar.com\/es\/wp-json\/wp\/v2\/posts\/953\/revisions\/954"}],"wp:featuredmedia":[{"embeddable":true,"href":"https:\/\/acompanyamentfamiliar.com\/es\/wp-json\/wp\/v2\/media\/955"}],"wp:attachment":[{"href":"https:\/\/acompanyamentfamiliar.com\/es\/wp-json\/wp\/v2\/media?parent=953"}],"wp:term":[{"taxonomy":"category","embeddable":true,"href":"https:\/\/acompanyamentfamiliar.com\/es\/wp-json\/wp\/v2\/categories?post=953"},{"taxonomy":"post_tag","embeddable":true,"href":"https:\/\/acompanyamentfamiliar.com\/es\/wp-json\/wp\/v2\/tags?post=953"}],"curies":[{"name":"wp","href":"https:\/\/api.w.org\/{rel}","templated":true}]}}