{"id":991,"date":"2019-05-01T11:42:00","date_gmt":"2019-05-01T11:42:00","guid":{"rendered":"https:\/\/acompanyamentfamiliar.com\/?p=991"},"modified":"2025-04-13T11:43:39","modified_gmt":"2025-04-13T11:43:39","slug":"salud-mental-perinatal","status":"publish","type":"post","link":"https:\/\/acompanyamentfamiliar.com\/es\/articulos\/salud-mental-perinatal\/","title":{"rendered":"SALUD MENTAL PERINATAL"},"content":{"rendered":"\n<p>Hoy te toca revisi\u00f3n con la comadrona, te esperas lo de siempre, una visita como otras y mientras est\u00e1s en la sala de espera, la comadrona se acerca, te saluda y dice:<\/p>\n\n\n\n<p>\u2013Hoy te voy a pasar un cuestionario diferente&nbsp;\u2013al entrar a la consulta te mira a los ojos y te pregunta\u2013 \u00bfTe has sentido a menudo con \u00e1nimo triste, desesperada, deprimida? \u00bfSientes que has perdido inter\u00e9s para las cosas? \u00bfTe sientes ansiosa, desbordada y que no puedes controlar tus preocupaciones?<\/p>\n\n\n\n<p>\u00bfQu\u00e9 pensar\u00edas? Que la comadrona se ha equivocado, que esto no tiene nada que ver contigo o quiz\u00e1s se te remueve un poco la tripa y las entra\u00f1as\u2026 Lo m\u00e1s probable es que algo te resuene. Convertirse en madre es un acontecimiento fascinante en la vida de una mujer, pero momentos como el embarazo, el parto y el puerperio, tambi\u00e9n la crianza de los primeros a\u00f1os, son complejos a nivel emocional y f\u00edsico, pueden incluso convertirse en el resorte que avive patolog\u00edas presentes o previas. Sin embargo, no es f\u00e1cil reconocer, o ver, la necesidad de ayuda. Es posible que alguna vez hayas pensado: \u00abno valgo para nada, me siento incapaz, seguro que lo estoy haciendo fatal\u00bb, \u00abeso de tener un hijo es un agobio; no tengo tiempo para nada, la casa es un desastre, me veo fea, cansada, mi cuerpo ya no es lo que era\u00bb, o hayas vivido momentos tristes: \u00abNo paro de llorar, no tengo ganas de salir pero en casa me pongo hist\u00e9rica: mi pareja llega tarde, no me entiende, me dice que soy una exagerada y pasa de m\u00ed\u00bb.<\/p>\n\n\n\n<p>La depresi\u00f3n y la ansiedad son los problemas de salud mental m\u00e1s frecuentes durante el embarazo, el 12% de las mujeres pueden tener una depresi\u00f3n y el 13% experimenta ansiedad en algunos momentos y estas patolog\u00edas tambi\u00e9n se pueden experimentar de manera conjunta.<\/p>\n\n\n\n<p>En Catalu\u00f1a la prevalencia de trastornos depresivos y de ansiedad en el posparto es del 18% (Navarro P 2008). Debemos ser conscientes de que le puede pasar a cualquier mujer, e igual que se habla, cada vez m\u00e1s, el parto puede acabar como no esperamos. Tambi\u00e9n hay que mencionar que un porcentaje importante de mujeres va a tener dificultades emocionales de depresi\u00f3n o ansiedad; tanto en el embarazo como en el posparto y que, si esto sucede, hay que pedir ayuda. Existen tratamientos psicol\u00f3gicos especializados en la salud mental perinatal y funcionan muy bien.<\/p>\n\n\n\n<p>\u00bfPor qu\u00e9 entonces cuesta hablar de todo esto? El estigma social que se asocia a la patolog\u00eda mental y que aumenta en la maternidad por la idea que ser madre es lo mejor del mundo, tiende a minimizar los s\u00edntomas psicol\u00f3gicos. La idea de que es una situaci\u00f3n pasajera hace que para una madre sea muy dif\u00edcil poder expresar sus emociones por la culpa, el miedo al juicio y el desconocimiento de que es algo que puede suceder. Por otro lado, siendo la salud mental perinatal algo todav\u00eda desconocido, se requiere una formaci\u00f3n espec\u00edfica: la sintomatolog\u00eda no siempre f\u00e1cil de detectar, junto a la falta de recursos adecuados que provocan que la detecci\u00f3n precoz no sea tan f\u00e1cil y que no siempre se proporcione la ayuda correcta.<\/p>\n\n\n\n<p>La salud mental perinatal centra su atenci\u00f3n en la importancia que las emociones tienen en la salud y en c\u00f3mo afectan aspectos cruciales como la evoluci\u00f3n del parto, el \u00e9xito de la lactancia, el v\u00ednculo, la relaci\u00f3n de pareja o la crianza.<\/p>\n\n\n\n<p>Propone ayudar a mujeres y a sus parejas a navegar el desconcierto, la soledad, la culpa, el miedo que trae consigo la maternidad. \u00a1Pero no solo esto!&nbsp;Existen varias herramientas amigas que pueden ayudar a prevenir estas patolog\u00edas: La psicoterapia, la farmacolog\u00eda por un lado, los grupos de apoyo, el mindfulness, el yoga por otro, son posibilidades que permiten prevenir y tratar, seg\u00fan las diferentes necesidades.<\/p>\n\n\n\n<p>Recibir un beb\u00e9 en la familia es un momento \u00fanico, el gran encuentro de nuestras vidas; as\u00ed que es pertinente darle la importancia que merece a la salud mental perinatal. Poder intervenir profesionalmente, si surge la necesidad, en esta \u00e9poca es vital es una oportunidad para mejorar la calidad de vida y generar salud. El bienestar mental empodera a los progenitores, la d\u00edada madre-beb\u00e9 y la familia que acaba de crecer y los beneficios son a corto, medio y largo plazo: cuidar el nacimiento es invertir en el individuo y en el futuro de la sociedad.<\/p>\n\n\n\n<p>Susanna d&#8217;Ambrosio<\/p>\n\n\n\n<p>Psiquiatra infantil y de adultxs<\/p>\n\n\n\n<p>Si te apetece compartir un poco m\u00e1s acerca la salud mental perinatal, te espero en el DIRECTO del pr\u00f3ximo Martes 28 de mayo&nbsp;junto a Susanna d&#8217;Ambrosio, responsable del \u00e1rea de psiquiatria infantil y de adultxs de Acompanyament Familiar a las 21h horario de Barcelona.&nbsp;&nbsp;<\/p>\n\n\n\n<p>Puedes conectarte a:<\/p>\n\n\n\n<p>FBK: https:\/\/www.facebook.com\/psicologiarespetuosa<\/p>\n\n\n\n<p>Instagram: @elisendapascualmarti<\/p>\n\n\n\n<p>\u00bfCu\u00e1ndo? MARTES 28 de mayo a las 21H<\/p>\n\n\n\n<p>Te veo pronto y feliz crianza,<\/p>\n\n\n\n<p>Elisenda Pascual i Mart\u00ed<\/p>\n\n\n\n<p>Psic\u00f3loga y psicoterapeuta<\/p>\n\n\n\n<p>Directora de Acompanyament Familiar<\/p>\n","protected":false},"excerpt":{"rendered":"<p>Hoy te toca revisi\u00f3n con la comadrona, te esperas lo de siempre, una visita como otras y mientras est\u00e1s en la sala de espera, la comadrona se acerca, te saluda y dice: \u2013Hoy te voy a pasar un cuestionario diferente&nbsp;\u2013al entrar a la consulta te mira a los ojos y te pregunta\u2013 \u00bfTe has sentido [&hellip;]<\/p>\n","protected":false},"author":1,"featured_media":993,"comment_status":"closed","ping_status":"closed","sticky":false,"template":"","format":"standard","meta":{"footnotes":""},"categories":[9],"tags":[],"class_list":["post-991","post","type-post","status-publish","format-standard","has-post-thumbnail","hentry","category-articulos"],"yoast_head":"<!-- This site is optimized with the Yoast SEO plugin v26.8 - https:\/\/yoast.com\/product\/yoast-seo-wordpress\/ -->\n<title>SALUD MENTAL PERINATAL - Acompanyament Familiar<\/title>\n<meta name=\"robots\" content=\"index, follow, max-snippet:-1, max-image-preview:large, max-video-preview:-1\" \/>\n<link rel=\"canonical\" href=\"https:\/\/acompanyamentfamiliar.com\/es\/articulos\/salud-mental-perinatal\/\" \/>\n<meta property=\"og:locale\" content=\"es_ES\" \/>\n<meta property=\"og:type\" content=\"article\" \/>\n<meta property=\"og:title\" content=\"SALUD MENTAL PERINATAL - Acompanyament Familiar\" \/>\n<meta property=\"og:description\" content=\"Hoy te toca revisi\u00f3n con la comadrona, te esperas lo de siempre, una visita como otras y mientras est\u00e1s en la sala de espera, la comadrona se acerca, te saluda y dice: \u2013Hoy te voy a pasar un cuestionario diferente&nbsp;\u2013al entrar a la consulta te mira a los ojos y te pregunta\u2013 \u00bfTe has sentido [&hellip;]\" \/>\n<meta property=\"og:url\" content=\"https:\/\/acompanyamentfamiliar.com\/es\/articulos\/salud-mental-perinatal\/\" \/>\n<meta property=\"og:site_name\" content=\"Acompanyament Familiar\" \/>\n<meta property=\"article:published_time\" content=\"2019-05-01T11:42:00+00:00\" \/>\n<meta property=\"article:modified_time\" content=\"2025-04-13T11:43:39+00:00\" \/>\n<meta property=\"og:image\" content=\"https:\/\/acompanyamentfamiliar.com\/wp-content\/uploads\/2019\/05\/salud-mental-perinatal.jpeg\" \/>\n\t<meta property=\"og:image:width\" content=\"645\" \/>\n\t<meta property=\"og:image:height\" content=\"320\" \/>\n\t<meta property=\"og:image:type\" content=\"image\/jpeg\" \/>\n<meta name=\"author\" content=\"admin\" \/>\n<meta name=\"twitter:card\" content=\"summary_large_image\" \/>\n<meta name=\"twitter:label1\" content=\"Escrito por\" \/>\n\t<meta name=\"twitter:data1\" content=\"admin\" \/>\n\t<meta name=\"twitter:label2\" content=\"Tiempo de lectura\" \/>\n\t<meta name=\"twitter:data2\" content=\"4 minutos\" \/>\n<script type=\"application\/ld+json\" class=\"yoast-schema-graph\">{\"@context\":\"https:\/\/schema.org\",\"@graph\":[{\"@type\":\"Article\",\"@id\":\"https:\/\/acompanyamentfamiliar.com\/es\/articulos\/salud-mental-perinatal\/#article\",\"isPartOf\":{\"@id\":\"https:\/\/acompanyamentfamiliar.com\/es\/articulos\/salud-mental-perinatal\/\"},\"author\":{\"name\":\"admin\",\"@id\":\"https:\/\/acompanyamentfamiliar.com\/es\/#\/schema\/person\/2cd1d7b797c09f8e73d0ab6b36585040\"},\"headline\":\"SALUD MENTAL PERINATAL\",\"datePublished\":\"2019-05-01T11:42:00+00:00\",\"dateModified\":\"2025-04-13T11:43:39+00:00\",\"mainEntityOfPage\":{\"@id\":\"https:\/\/acompanyamentfamiliar.com\/es\/articulos\/salud-mental-perinatal\/\"},\"wordCount\":874,\"publisher\":{\"@id\":\"https:\/\/acompanyamentfamiliar.com\/es\/#organization\"},\"image\":{\"@id\":\"https:\/\/acompanyamentfamiliar.com\/es\/articulos\/salud-mental-perinatal\/#primaryimage\"},\"thumbnailUrl\":\"https:\/\/acompanyamentfamiliar.com\/wp-content\/uploads\/2019\/05\/salud-mental-perinatal.jpeg\",\"articleSection\":[\"Art\u00edculos\"],\"inLanguage\":\"es\"},{\"@type\":\"WebPage\",\"@id\":\"https:\/\/acompanyamentfamiliar.com\/es\/articulos\/salud-mental-perinatal\/\",\"url\":\"https:\/\/acompanyamentfamiliar.com\/es\/articulos\/salud-mental-perinatal\/\",\"name\":\"SALUD MENTAL PERINATAL - Acompanyament Familiar\",\"isPartOf\":{\"@id\":\"https:\/\/acompanyamentfamiliar.com\/es\/#website\"},\"primaryImageOfPage\":{\"@id\":\"https:\/\/acompanyamentfamiliar.com\/es\/articulos\/salud-mental-perinatal\/#primaryimage\"},\"image\":{\"@id\":\"https:\/\/acompanyamentfamiliar.com\/es\/articulos\/salud-mental-perinatal\/#primaryimage\"},\"thumbnailUrl\":\"https:\/\/acompanyamentfamiliar.com\/wp-content\/uploads\/2019\/05\/salud-mental-perinatal.jpeg\",\"datePublished\":\"2019-05-01T11:42:00+00:00\",\"dateModified\":\"2025-04-13T11:43:39+00:00\",\"breadcrumb\":{\"@id\":\"https:\/\/acompanyamentfamiliar.com\/es\/articulos\/salud-mental-perinatal\/#breadcrumb\"},\"inLanguage\":\"es\",\"potentialAction\":[{\"@type\":\"ReadAction\",\"target\":[\"https:\/\/acompanyamentfamiliar.com\/es\/articulos\/salud-mental-perinatal\/\"]}]},{\"@type\":\"ImageObject\",\"inLanguage\":\"es\",\"@id\":\"https:\/\/acompanyamentfamiliar.com\/es\/articulos\/salud-mental-perinatal\/#primaryimage\",\"url\":\"https:\/\/acompanyamentfamiliar.com\/wp-content\/uploads\/2019\/05\/salud-mental-perinatal.jpeg\",\"contentUrl\":\"https:\/\/acompanyamentfamiliar.com\/wp-content\/uploads\/2019\/05\/salud-mental-perinatal.jpeg\",\"width\":645,\"height\":320,\"caption\":\"Blog Acompanyament Familiar\"},{\"@type\":\"BreadcrumbList\",\"@id\":\"https:\/\/acompanyamentfamiliar.com\/es\/articulos\/salud-mental-perinatal\/#breadcrumb\",\"itemListElement\":[{\"@type\":\"ListItem\",\"position\":1,\"name\":\"Portada\",\"item\":\"https:\/\/acompanyamentfamiliar.com\/es\/\"},{\"@type\":\"ListItem\",\"position\":2,\"name\":\"SALUD MENTAL PERINATAL\"}]},{\"@type\":\"WebSite\",\"@id\":\"https:\/\/acompanyamentfamiliar.com\/es\/#website\",\"url\":\"https:\/\/acompanyamentfamiliar.com\/es\/\",\"name\":\"Acompanyament Familiar\",\"description\":\"Psic\u00f3logas en Barcelona: Acompa\u00f1amiento familiar\",\"publisher\":{\"@id\":\"https:\/\/acompanyamentfamiliar.com\/es\/#organization\"},\"potentialAction\":[{\"@type\":\"SearchAction\",\"target\":{\"@type\":\"EntryPoint\",\"urlTemplate\":\"https:\/\/acompanyamentfamiliar.com\/es\/?s={search_term_string}\"},\"query-input\":{\"@type\":\"PropertyValueSpecification\",\"valueRequired\":true,\"valueName\":\"search_term_string\"}}],\"inLanguage\":\"es\"},{\"@type\":\"Organization\",\"@id\":\"https:\/\/acompanyamentfamiliar.com\/es\/#organization\",\"name\":\"Acompanyament Familiar\",\"url\":\"https:\/\/acompanyamentfamiliar.com\/es\/\",\"logo\":{\"@type\":\"ImageObject\",\"inLanguage\":\"es\",\"@id\":\"https:\/\/acompanyamentfamiliar.com\/es\/#\/schema\/logo\/image\/\",\"url\":\"https:\/\/acompanyamentfamiliar.com\/wp-content\/uploads\/2025\/03\/logo_acompanyamnet_familiar.png\",\"contentUrl\":\"https:\/\/acompanyamentfamiliar.com\/wp-content\/uploads\/2025\/03\/logo_acompanyamnet_familiar.png\",\"width\":241,\"height\":126,\"caption\":\"Acompanyament Familiar\"},\"image\":{\"@id\":\"https:\/\/acompanyamentfamiliar.com\/es\/#\/schema\/logo\/image\/\"}},{\"@type\":\"Person\",\"@id\":\"https:\/\/acompanyamentfamiliar.com\/es\/#\/schema\/person\/2cd1d7b797c09f8e73d0ab6b36585040\",\"name\":\"admin\",\"image\":{\"@type\":\"ImageObject\",\"inLanguage\":\"es\",\"@id\":\"https:\/\/acompanyamentfamiliar.com\/es\/#\/schema\/person\/image\/\",\"url\":\"https:\/\/secure.gravatar.com\/avatar\/073937bd7f1a8c2904d9fa1ec5e3919f37a465744fcb187f31d4ddf76bcbd0d0?s=96&d=mm&r=g\",\"contentUrl\":\"https:\/\/secure.gravatar.com\/avatar\/073937bd7f1a8c2904d9fa1ec5e3919f37a465744fcb187f31d4ddf76bcbd0d0?s=96&d=mm&r=g\",\"caption\":\"admin\"},\"sameAs\":[\"https:\/\/acompanyamentfamiliar.com\"],\"url\":\"https:\/\/acompanyamentfamiliar.com\/es\/author\/admin\/\"}]}<\/script>\n<!-- \/ Yoast SEO plugin. -->","yoast_head_json":{"title":"SALUD MENTAL PERINATAL - Acompanyament Familiar","robots":{"index":"index","follow":"follow","max-snippet":"max-snippet:-1","max-image-preview":"max-image-preview:large","max-video-preview":"max-video-preview:-1"},"canonical":"https:\/\/acompanyamentfamiliar.com\/es\/articulos\/salud-mental-perinatal\/","og_locale":"es_ES","og_type":"article","og_title":"SALUD MENTAL PERINATAL - Acompanyament Familiar","og_description":"Hoy te toca revisi\u00f3n con la comadrona, te esperas lo de siempre, una visita como otras y mientras est\u00e1s en la sala de espera, la comadrona se acerca, te saluda y dice: \u2013Hoy te voy a pasar un cuestionario diferente&nbsp;\u2013al entrar a la consulta te mira a los ojos y te pregunta\u2013 \u00bfTe has sentido [&hellip;]","og_url":"https:\/\/acompanyamentfamiliar.com\/es\/articulos\/salud-mental-perinatal\/","og_site_name":"Acompanyament Familiar","article_published_time":"2019-05-01T11:42:00+00:00","article_modified_time":"2025-04-13T11:43:39+00:00","og_image":[{"width":645,"height":320,"url":"https:\/\/acompanyamentfamiliar.com\/wp-content\/uploads\/2019\/05\/salud-mental-perinatal.jpeg","type":"image\/jpeg"}],"author":"admin","twitter_card":"summary_large_image","twitter_misc":{"Escrito por":"admin","Tiempo de lectura":"4 minutos"},"schema":{"@context":"https:\/\/schema.org","@graph":[{"@type":"Article","@id":"https:\/\/acompanyamentfamiliar.com\/es\/articulos\/salud-mental-perinatal\/#article","isPartOf":{"@id":"https:\/\/acompanyamentfamiliar.com\/es\/articulos\/salud-mental-perinatal\/"},"author":{"name":"admin","@id":"https:\/\/acompanyamentfamiliar.com\/es\/#\/schema\/person\/2cd1d7b797c09f8e73d0ab6b36585040"},"headline":"SALUD MENTAL PERINATAL","datePublished":"2019-05-01T11:42:00+00:00","dateModified":"2025-04-13T11:43:39+00:00","mainEntityOfPage":{"@id":"https:\/\/acompanyamentfamiliar.com\/es\/articulos\/salud-mental-perinatal\/"},"wordCount":874,"publisher":{"@id":"https:\/\/acompanyamentfamiliar.com\/es\/#organization"},"image":{"@id":"https:\/\/acompanyamentfamiliar.com\/es\/articulos\/salud-mental-perinatal\/#primaryimage"},"thumbnailUrl":"https:\/\/acompanyamentfamiliar.com\/wp-content\/uploads\/2019\/05\/salud-mental-perinatal.jpeg","articleSection":["Art\u00edculos"],"inLanguage":"es"},{"@type":"WebPage","@id":"https:\/\/acompanyamentfamiliar.com\/es\/articulos\/salud-mental-perinatal\/","url":"https:\/\/acompanyamentfamiliar.com\/es\/articulos\/salud-mental-perinatal\/","name":"SALUD MENTAL PERINATAL - Acompanyament Familiar","isPartOf":{"@id":"https:\/\/acompanyamentfamiliar.com\/es\/#website"},"primaryImageOfPage":{"@id":"https:\/\/acompanyamentfamiliar.com\/es\/articulos\/salud-mental-perinatal\/#primaryimage"},"image":{"@id":"https:\/\/acompanyamentfamiliar.com\/es\/articulos\/salud-mental-perinatal\/#primaryimage"},"thumbnailUrl":"https:\/\/acompanyamentfamiliar.com\/wp-content\/uploads\/2019\/05\/salud-mental-perinatal.jpeg","datePublished":"2019-05-01T11:42:00+00:00","dateModified":"2025-04-13T11:43:39+00:00","breadcrumb":{"@id":"https:\/\/acompanyamentfamiliar.com\/es\/articulos\/salud-mental-perinatal\/#breadcrumb"},"inLanguage":"es","potentialAction":[{"@type":"ReadAction","target":["https:\/\/acompanyamentfamiliar.com\/es\/articulos\/salud-mental-perinatal\/"]}]},{"@type":"ImageObject","inLanguage":"es","@id":"https:\/\/acompanyamentfamiliar.com\/es\/articulos\/salud-mental-perinatal\/#primaryimage","url":"https:\/\/acompanyamentfamiliar.com\/wp-content\/uploads\/2019\/05\/salud-mental-perinatal.jpeg","contentUrl":"https:\/\/acompanyamentfamiliar.com\/wp-content\/uploads\/2019\/05\/salud-mental-perinatal.jpeg","width":645,"height":320,"caption":"Blog Acompanyament Familiar"},{"@type":"BreadcrumbList","@id":"https:\/\/acompanyamentfamiliar.com\/es\/articulos\/salud-mental-perinatal\/#breadcrumb","itemListElement":[{"@type":"ListItem","position":1,"name":"Portada","item":"https:\/\/acompanyamentfamiliar.com\/es\/"},{"@type":"ListItem","position":2,"name":"SALUD MENTAL PERINATAL"}]},{"@type":"WebSite","@id":"https:\/\/acompanyamentfamiliar.com\/es\/#website","url":"https:\/\/acompanyamentfamiliar.com\/es\/","name":"Acompanyament Familiar","description":"Psic\u00f3logas en Barcelona: Acompa\u00f1amiento familiar","publisher":{"@id":"https:\/\/acompanyamentfamiliar.com\/es\/#organization"},"potentialAction":[{"@type":"SearchAction","target":{"@type":"EntryPoint","urlTemplate":"https:\/\/acompanyamentfamiliar.com\/es\/?s={search_term_string}"},"query-input":{"@type":"PropertyValueSpecification","valueRequired":true,"valueName":"search_term_string"}}],"inLanguage":"es"},{"@type":"Organization","@id":"https:\/\/acompanyamentfamiliar.com\/es\/#organization","name":"Acompanyament Familiar","url":"https:\/\/acompanyamentfamiliar.com\/es\/","logo":{"@type":"ImageObject","inLanguage":"es","@id":"https:\/\/acompanyamentfamiliar.com\/es\/#\/schema\/logo\/image\/","url":"https:\/\/acompanyamentfamiliar.com\/wp-content\/uploads\/2025\/03\/logo_acompanyamnet_familiar.png","contentUrl":"https:\/\/acompanyamentfamiliar.com\/wp-content\/uploads\/2025\/03\/logo_acompanyamnet_familiar.png","width":241,"height":126,"caption":"Acompanyament Familiar"},"image":{"@id":"https:\/\/acompanyamentfamiliar.com\/es\/#\/schema\/logo\/image\/"}},{"@type":"Person","@id":"https:\/\/acompanyamentfamiliar.com\/es\/#\/schema\/person\/2cd1d7b797c09f8e73d0ab6b36585040","name":"admin","image":{"@type":"ImageObject","inLanguage":"es","@id":"https:\/\/acompanyamentfamiliar.com\/es\/#\/schema\/person\/image\/","url":"https:\/\/secure.gravatar.com\/avatar\/073937bd7f1a8c2904d9fa1ec5e3919f37a465744fcb187f31d4ddf76bcbd0d0?s=96&d=mm&r=g","contentUrl":"https:\/\/secure.gravatar.com\/avatar\/073937bd7f1a8c2904d9fa1ec5e3919f37a465744fcb187f31d4ddf76bcbd0d0?s=96&d=mm&r=g","caption":"admin"},"sameAs":["https:\/\/acompanyamentfamiliar.com"],"url":"https:\/\/acompanyamentfamiliar.com\/es\/author\/admin\/"}]}},"_links":{"self":[{"href":"https:\/\/acompanyamentfamiliar.com\/es\/wp-json\/wp\/v2\/posts\/991","targetHints":{"allow":["GET"]}}],"collection":[{"href":"https:\/\/acompanyamentfamiliar.com\/es\/wp-json\/wp\/v2\/posts"}],"about":[{"href":"https:\/\/acompanyamentfamiliar.com\/es\/wp-json\/wp\/v2\/types\/post"}],"author":[{"embeddable":true,"href":"https:\/\/acompanyamentfamiliar.com\/es\/wp-json\/wp\/v2\/users\/1"}],"replies":[{"embeddable":true,"href":"https:\/\/acompanyamentfamiliar.com\/es\/wp-json\/wp\/v2\/comments?post=991"}],"version-history":[{"count":1,"href":"https:\/\/acompanyamentfamiliar.com\/es\/wp-json\/wp\/v2\/posts\/991\/revisions"}],"predecessor-version":[{"id":992,"href":"https:\/\/acompanyamentfamiliar.com\/es\/wp-json\/wp\/v2\/posts\/991\/revisions\/992"}],"wp:featuredmedia":[{"embeddable":true,"href":"https:\/\/acompanyamentfamiliar.com\/es\/wp-json\/wp\/v2\/media\/993"}],"wp:attachment":[{"href":"https:\/\/acompanyamentfamiliar.com\/es\/wp-json\/wp\/v2\/media?parent=991"}],"wp:term":[{"taxonomy":"category","embeddable":true,"href":"https:\/\/acompanyamentfamiliar.com\/es\/wp-json\/wp\/v2\/categories?post=991"},{"taxonomy":"post_tag","embeddable":true,"href":"https:\/\/acompanyamentfamiliar.com\/es\/wp-json\/wp\/v2\/tags?post=991"}],"curies":[{"name":"wp","href":"https:\/\/api.w.org\/{rel}","templated":true}]}}