{"id":999,"date":"2019-04-03T11:45:00","date_gmt":"2019-04-03T11:45:00","guid":{"rendered":"https:\/\/acompanyamentfamiliar.com\/?p=999"},"modified":"2025-04-13T11:45:32","modified_gmt":"2025-04-13T11:45:32","slug":"acompanar-las-emociones-en-la-crianza","status":"publish","type":"post","link":"https:\/\/acompanyamentfamiliar.com\/es\/articulos\/acompanar-las-emociones-en-la-crianza\/","title":{"rendered":"ACOMPA\u00d1AR LAS EMOCIONES EN LA CRIANZA"},"content":{"rendered":"\n<hr class=\"wp-block-separator has-alpha-channel-opacity\"\/>\n\n\n\n<p>La inteligencia emocional, de la que tanto se habla y tanto preocupa, es una habilidad que debe cultivarse en el d\u00eda a d\u00eda, desde el hogar. Es importante ofrecer un espacio de salud emocional en el hogar, en las rutinas y con nuestro ejemplo. Me gusta siempre recordar aquella frase que dice \u201ctus hijxs hacen aquello que ven, no aquello que les dices\u201d. Es una gran toma de tierra y de realidad necesaria para poder abrazar la responsabilidad que la mapaternidad lleva impl\u00edcita.<\/p>\n\n\n\n<p>Acompa\u00f1ar las emociones implica, inestimablemente, una mirada hacia unx mismx. Cuando como adulta me puedo preguntar:<\/p>\n\n\n\n<p>\u00bfC\u00f3mo vivo mis emociones en el d\u00eda a d\u00eda?<\/p>\n\n\n\n<p>\u00bfHay alguna emoci\u00f3n que me cueste m\u00e1s de sostener?<\/p>\n\n\n\n<p>Si me pudiera ver desde la mirada de mis hijos, \u00bfc\u00f3mo me ver\u00eda?<\/p>\n\n\n\n<p>Responderse a estas cuestiones nos puede dar una idea de como manejamos nuestra parte emocional y qu\u00e9 tipo de modelo ofrecemos a las criaturas.<\/p>\n\n\n\n<p>Existen senos familiares donde ciertas emociones est\u00e1n prohibidas por mandato familiar. Por ejemplo, un hogar donde hay alguien enfermo cr\u00f3nico, puede llegar a censurar la alegr\u00eda del resto de sus miembros. \u201c\u00bfC\u00f3mo vas a estar contentx teniendo a tu madre enferma en la cama?\u201d. Este tipo de frases, aunque no verbalizadas, pueden llegar a sentirse en el ambiente del d\u00eda a d\u00eda. Recuerda que las criaturas tienen una percepci\u00f3n mucho m\u00e1s amplia y global que solamente la verbal, y que este tipo de sentencias no hacen falta ser pronunciadas para ser totalmente absorbidas e incorporadas en su forma de relacionarse con el mundo.<\/p>\n\n\n\n<p>Durante mucho tiempo se ha concebido las emociones como buenas y malas. Ya es hora de que esto empiece a transformarse para lograr una coherencia en nuestra pr\u00e1ctica diaria con las criaturas.<\/p>\n\n\n\n<p>\u00bfQui\u00e9n dijo que llorar es malo?<\/p>\n\n\n\n<p>\u00bfCu\u00e1ndo dejamos de permitir el enfado en nuestras criaturas?<\/p>\n\n\n\n<p>\u00bfQu\u00e9 te pasa cuando tienen miedo?<\/p>\n\n\n\n<p>Aceptar que la alegr\u00eda -y las emociones secundarias que derivan de esta emoci\u00f3n b\u00e1sica- es la \u00fanica emoci\u00f3n \u201cbuena\u201d o \u201cpositiva\u201d es, a parte de falso, totalmente determinante de c\u00f3mo nos predisponemos a acompa\u00f1ar las otras. Una alegr\u00eda no regulada, puede llegar a ser man\u00edaca y producir patolog\u00eda, as\u00ed como un miedo prolongado, o una rabia engullida y no expresada, o una tristeza mal gestionada. Si tiramos del hilo de cada una de estas emociones llevadas al extremo, tendremos patolog\u00edas como la depresi\u00f3n, autolesiones, violencia, p\u00e1nico, etc. Estoy segura que ningunx mapadre suficientemente buenx querr\u00eda esto para sus reto\u00f1os. As\u00ed que de aqu\u00ed que hagamos tanto \u00e9nfasis en la gesti\u00f3n equilibrada de las cuatro emociones b\u00e1sicas (y de todas las que derivan de ellas): miedo, alegr\u00eda, tristeza y rabia.<\/p>\n\n\n\n<p>Poder habitar todas las emociones de una forma sana y coherente nos va a facilitar la tarea de poder acompa\u00f1arlas cuando nuestras criaturas las expresen. Piensa, adem\u00e1s, que la forma como tus hijxs lo van a hacer, probablemente va a diferir mucho de como tu lo gestiones. M\u00e1s de una vez me habr\u00e1s escuchado hablar de la regulaci\u00f3n de los impulsos, \u00bfverdad? La especie humana hemos desarrollado ontogen\u00e9ticamente una zona del cerebro que nos permite regular los impulsos, tomar decisiones pr\u00e1cticas y sobreponer, por veces, la raz\u00f3n a la emoci\u00f3n. Pues bien, esta \u00e1rea cerebral se llama l\u00f3bulo pre-frontal, y es el que se sit\u00faa detr\u00e1s del hueso de nuestra frente. \u00c9ste, s\u00f3lo alcanza su madurez alrededor de los 21 a\u00f1os. As\u00ed que imagina todo el camino que les falta a tus hijxs para poder llegar a autorregularse a nivel emocional. Si a eso le sumas el efecto de las neuronas espejo que son capaces de introyectar nuestros comportamientos y funcionamiento como modelos que tienen, pues tienes un buen c\u00f3ctel de responsabilidad y coherencia que, como mapadres, debemos poder conquistar.<\/p>\n\n\n\n<p>Si te apetece compartir un poco m\u00e1s acerca de c\u00f3mo acompa\u00f1ar las emociones en la crianza, te espero en el DIRECTO del pr\u00f3ximo Martes 16 a las 21h horario de Barcelona.&nbsp;&nbsp;<\/p>\n\n\n\n<p>Puedes conectarte a:<\/p>\n\n\n\n<p>FBK: https:\/\/www.facebook.com\/psicologiarespetuosa<\/p>\n\n\n\n<p>Instagram: @elisendapascualmarti<\/p>\n\n\n\n<p>\u00bfCu\u00e1ndo? MARTES 16 de abril a las 21H<\/p>\n\n\n\n<p>Te veo pronto y feliz crianza,<\/p>\n\n\n\n<p>Elisenda Pascual i Mart\u00ed<\/p>\n\n\n\n<p>Psic\u00f3loga y psicoterapeuta<\/p>\n\n\n\n<p>Directora de Acompanyament Familia<\/p>\n\n\n\n<p><\/p>\n","protected":false},"excerpt":{"rendered":"<p>La inteligencia emocional, de la que tanto se habla y tanto preocupa, es una habilidad que debe cultivarse en el d\u00eda a d\u00eda, desde el hogar. Es importante ofrecer un espacio de salud emocional en el hogar, en las rutinas y con nuestro ejemplo. Me gusta siempre recordar aquella frase que dice \u201ctus hijxs hacen [&hellip;]<\/p>\n","protected":false},"author":1,"featured_media":1001,"comment_status":"closed","ping_status":"closed","sticky":false,"template":"","format":"standard","meta":{"footnotes":""},"categories":[9],"tags":[],"class_list":["post-999","post","type-post","status-publish","format-standard","has-post-thumbnail","hentry","category-articulos"],"yoast_head":"<!-- This site is optimized with the Yoast SEO plugin v26.8 - https:\/\/yoast.com\/product\/yoast-seo-wordpress\/ -->\n<title>ACOMPA\u00d1AR LAS EMOCIONES EN LA CRIANZA - Acompanyament Familiar<\/title>\n<meta name=\"robots\" content=\"index, follow, max-snippet:-1, max-image-preview:large, max-video-preview:-1\" \/>\n<link rel=\"canonical\" href=\"https:\/\/acompanyamentfamiliar.com\/es\/articulos\/acompanar-las-emociones-en-la-crianza\/\" \/>\n<meta property=\"og:locale\" content=\"es_ES\" \/>\n<meta property=\"og:type\" content=\"article\" \/>\n<meta property=\"og:title\" content=\"ACOMPA\u00d1AR LAS EMOCIONES EN LA CRIANZA - Acompanyament Familiar\" \/>\n<meta property=\"og:description\" content=\"La inteligencia emocional, de la que tanto se habla y tanto preocupa, es una habilidad que debe cultivarse en el d\u00eda a d\u00eda, desde el hogar. Es importante ofrecer un espacio de salud emocional en el hogar, en las rutinas y con nuestro ejemplo. Me gusta siempre recordar aquella frase que dice \u201ctus hijxs hacen [&hellip;]\" \/>\n<meta property=\"og:url\" content=\"https:\/\/acompanyamentfamiliar.com\/es\/articulos\/acompanar-las-emociones-en-la-crianza\/\" \/>\n<meta property=\"og:site_name\" content=\"Acompanyament Familiar\" \/>\n<meta property=\"article:published_time\" content=\"2019-04-03T11:45:00+00:00\" \/>\n<meta property=\"article:modified_time\" content=\"2025-04-13T11:45:32+00:00\" \/>\n<meta property=\"og:image\" content=\"https:\/\/acompanyamentfamiliar.com\/wp-content\/uploads\/2025\/04\/acompanar-emociones-crianza.jpeg\" \/>\n\t<meta property=\"og:image:width\" content=\"645\" \/>\n\t<meta property=\"og:image:height\" content=\"320\" \/>\n\t<meta property=\"og:image:type\" content=\"image\/jpeg\" \/>\n<meta name=\"author\" content=\"admin\" \/>\n<meta name=\"twitter:card\" content=\"summary_large_image\" \/>\n<meta name=\"twitter:label1\" content=\"Escrito por\" \/>\n\t<meta name=\"twitter:data1\" content=\"admin\" \/>\n\t<meta name=\"twitter:label2\" content=\"Tiempo de lectura\" \/>\n\t<meta name=\"twitter:data2\" content=\"4 minutos\" \/>\n<script type=\"application\/ld+json\" class=\"yoast-schema-graph\">{\"@context\":\"https:\/\/schema.org\",\"@graph\":[{\"@type\":\"Article\",\"@id\":\"https:\/\/acompanyamentfamiliar.com\/es\/articulos\/acompanar-las-emociones-en-la-crianza\/#article\",\"isPartOf\":{\"@id\":\"https:\/\/acompanyamentfamiliar.com\/es\/articulos\/acompanar-las-emociones-en-la-crianza\/\"},\"author\":{\"name\":\"admin\",\"@id\":\"https:\/\/acompanyamentfamiliar.com\/es\/#\/schema\/person\/2cd1d7b797c09f8e73d0ab6b36585040\"},\"headline\":\"ACOMPA\u00d1AR LAS EMOCIONES EN LA CRIANZA\",\"datePublished\":\"2019-04-03T11:45:00+00:00\",\"dateModified\":\"2025-04-13T11:45:32+00:00\",\"mainEntityOfPage\":{\"@id\":\"https:\/\/acompanyamentfamiliar.com\/es\/articulos\/acompanar-las-emociones-en-la-crianza\/\"},\"wordCount\":752,\"publisher\":{\"@id\":\"https:\/\/acompanyamentfamiliar.com\/es\/#organization\"},\"image\":{\"@id\":\"https:\/\/acompanyamentfamiliar.com\/es\/articulos\/acompanar-las-emociones-en-la-crianza\/#primaryimage\"},\"thumbnailUrl\":\"https:\/\/acompanyamentfamiliar.com\/wp-content\/uploads\/2025\/04\/acompanar-emociones-crianza.jpeg\",\"articleSection\":[\"Art\u00edculos\"],\"inLanguage\":\"es\"},{\"@type\":\"WebPage\",\"@id\":\"https:\/\/acompanyamentfamiliar.com\/es\/articulos\/acompanar-las-emociones-en-la-crianza\/\",\"url\":\"https:\/\/acompanyamentfamiliar.com\/es\/articulos\/acompanar-las-emociones-en-la-crianza\/\",\"name\":\"ACOMPA\u00d1AR LAS EMOCIONES EN LA CRIANZA - Acompanyament Familiar\",\"isPartOf\":{\"@id\":\"https:\/\/acompanyamentfamiliar.com\/es\/#website\"},\"primaryImageOfPage\":{\"@id\":\"https:\/\/acompanyamentfamiliar.com\/es\/articulos\/acompanar-las-emociones-en-la-crianza\/#primaryimage\"},\"image\":{\"@id\":\"https:\/\/acompanyamentfamiliar.com\/es\/articulos\/acompanar-las-emociones-en-la-crianza\/#primaryimage\"},\"thumbnailUrl\":\"https:\/\/acompanyamentfamiliar.com\/wp-content\/uploads\/2025\/04\/acompanar-emociones-crianza.jpeg\",\"datePublished\":\"2019-04-03T11:45:00+00:00\",\"dateModified\":\"2025-04-13T11:45:32+00:00\",\"breadcrumb\":{\"@id\":\"https:\/\/acompanyamentfamiliar.com\/es\/articulos\/acompanar-las-emociones-en-la-crianza\/#breadcrumb\"},\"inLanguage\":\"es\",\"potentialAction\":[{\"@type\":\"ReadAction\",\"target\":[\"https:\/\/acompanyamentfamiliar.com\/es\/articulos\/acompanar-las-emociones-en-la-crianza\/\"]}]},{\"@type\":\"ImageObject\",\"inLanguage\":\"es\",\"@id\":\"https:\/\/acompanyamentfamiliar.com\/es\/articulos\/acompanar-las-emociones-en-la-crianza\/#primaryimage\",\"url\":\"https:\/\/acompanyamentfamiliar.com\/wp-content\/uploads\/2025\/04\/acompanar-emociones-crianza.jpeg\",\"contentUrl\":\"https:\/\/acompanyamentfamiliar.com\/wp-content\/uploads\/2025\/04\/acompanar-emociones-crianza.jpeg\",\"width\":645,\"height\":320,\"caption\":\"Blog Acompanyament Familiar\"},{\"@type\":\"BreadcrumbList\",\"@id\":\"https:\/\/acompanyamentfamiliar.com\/es\/articulos\/acompanar-las-emociones-en-la-crianza\/#breadcrumb\",\"itemListElement\":[{\"@type\":\"ListItem\",\"position\":1,\"name\":\"Portada\",\"item\":\"https:\/\/acompanyamentfamiliar.com\/es\/\"},{\"@type\":\"ListItem\",\"position\":2,\"name\":\"ACOMPA\u00d1AR LAS EMOCIONES EN LA CRIANZA\"}]},{\"@type\":\"WebSite\",\"@id\":\"https:\/\/acompanyamentfamiliar.com\/es\/#website\",\"url\":\"https:\/\/acompanyamentfamiliar.com\/es\/\",\"name\":\"Acompanyament Familiar\",\"description\":\"Psic\u00f3logas en Barcelona: Acompa\u00f1amiento familiar\",\"publisher\":{\"@id\":\"https:\/\/acompanyamentfamiliar.com\/es\/#organization\"},\"potentialAction\":[{\"@type\":\"SearchAction\",\"target\":{\"@type\":\"EntryPoint\",\"urlTemplate\":\"https:\/\/acompanyamentfamiliar.com\/es\/?s={search_term_string}\"},\"query-input\":{\"@type\":\"PropertyValueSpecification\",\"valueRequired\":true,\"valueName\":\"search_term_string\"}}],\"inLanguage\":\"es\"},{\"@type\":\"Organization\",\"@id\":\"https:\/\/acompanyamentfamiliar.com\/es\/#organization\",\"name\":\"Acompanyament Familiar\",\"url\":\"https:\/\/acompanyamentfamiliar.com\/es\/\",\"logo\":{\"@type\":\"ImageObject\",\"inLanguage\":\"es\",\"@id\":\"https:\/\/acompanyamentfamiliar.com\/es\/#\/schema\/logo\/image\/\",\"url\":\"https:\/\/acompanyamentfamiliar.com\/wp-content\/uploads\/2025\/03\/logo_acompanyamnet_familiar.png\",\"contentUrl\":\"https:\/\/acompanyamentfamiliar.com\/wp-content\/uploads\/2025\/03\/logo_acompanyamnet_familiar.png\",\"width\":241,\"height\":126,\"caption\":\"Acompanyament Familiar\"},\"image\":{\"@id\":\"https:\/\/acompanyamentfamiliar.com\/es\/#\/schema\/logo\/image\/\"}},{\"@type\":\"Person\",\"@id\":\"https:\/\/acompanyamentfamiliar.com\/es\/#\/schema\/person\/2cd1d7b797c09f8e73d0ab6b36585040\",\"name\":\"admin\",\"image\":{\"@type\":\"ImageObject\",\"inLanguage\":\"es\",\"@id\":\"https:\/\/acompanyamentfamiliar.com\/es\/#\/schema\/person\/image\/\",\"url\":\"https:\/\/secure.gravatar.com\/avatar\/073937bd7f1a8c2904d9fa1ec5e3919f37a465744fcb187f31d4ddf76bcbd0d0?s=96&d=mm&r=g\",\"contentUrl\":\"https:\/\/secure.gravatar.com\/avatar\/073937bd7f1a8c2904d9fa1ec5e3919f37a465744fcb187f31d4ddf76bcbd0d0?s=96&d=mm&r=g\",\"caption\":\"admin\"},\"sameAs\":[\"https:\/\/acompanyamentfamiliar.com\"],\"url\":\"https:\/\/acompanyamentfamiliar.com\/es\/author\/admin\/\"}]}<\/script>\n<!-- \/ Yoast SEO plugin. -->","yoast_head_json":{"title":"ACOMPA\u00d1AR LAS EMOCIONES EN LA CRIANZA - Acompanyament Familiar","robots":{"index":"index","follow":"follow","max-snippet":"max-snippet:-1","max-image-preview":"max-image-preview:large","max-video-preview":"max-video-preview:-1"},"canonical":"https:\/\/acompanyamentfamiliar.com\/es\/articulos\/acompanar-las-emociones-en-la-crianza\/","og_locale":"es_ES","og_type":"article","og_title":"ACOMPA\u00d1AR LAS EMOCIONES EN LA CRIANZA - Acompanyament Familiar","og_description":"La inteligencia emocional, de la que tanto se habla y tanto preocupa, es una habilidad que debe cultivarse en el d\u00eda a d\u00eda, desde el hogar. Es importante ofrecer un espacio de salud emocional en el hogar, en las rutinas y con nuestro ejemplo. Me gusta siempre recordar aquella frase que dice \u201ctus hijxs hacen [&hellip;]","og_url":"https:\/\/acompanyamentfamiliar.com\/es\/articulos\/acompanar-las-emociones-en-la-crianza\/","og_site_name":"Acompanyament Familiar","article_published_time":"2019-04-03T11:45:00+00:00","article_modified_time":"2025-04-13T11:45:32+00:00","og_image":[{"width":645,"height":320,"url":"https:\/\/acompanyamentfamiliar.com\/wp-content\/uploads\/2025\/04\/acompanar-emociones-crianza.jpeg","type":"image\/jpeg"}],"author":"admin","twitter_card":"summary_large_image","twitter_misc":{"Escrito por":"admin","Tiempo de lectura":"4 minutos"},"schema":{"@context":"https:\/\/schema.org","@graph":[{"@type":"Article","@id":"https:\/\/acompanyamentfamiliar.com\/es\/articulos\/acompanar-las-emociones-en-la-crianza\/#article","isPartOf":{"@id":"https:\/\/acompanyamentfamiliar.com\/es\/articulos\/acompanar-las-emociones-en-la-crianza\/"},"author":{"name":"admin","@id":"https:\/\/acompanyamentfamiliar.com\/es\/#\/schema\/person\/2cd1d7b797c09f8e73d0ab6b36585040"},"headline":"ACOMPA\u00d1AR LAS EMOCIONES EN LA CRIANZA","datePublished":"2019-04-03T11:45:00+00:00","dateModified":"2025-04-13T11:45:32+00:00","mainEntityOfPage":{"@id":"https:\/\/acompanyamentfamiliar.com\/es\/articulos\/acompanar-las-emociones-en-la-crianza\/"},"wordCount":752,"publisher":{"@id":"https:\/\/acompanyamentfamiliar.com\/es\/#organization"},"image":{"@id":"https:\/\/acompanyamentfamiliar.com\/es\/articulos\/acompanar-las-emociones-en-la-crianza\/#primaryimage"},"thumbnailUrl":"https:\/\/acompanyamentfamiliar.com\/wp-content\/uploads\/2025\/04\/acompanar-emociones-crianza.jpeg","articleSection":["Art\u00edculos"],"inLanguage":"es"},{"@type":"WebPage","@id":"https:\/\/acompanyamentfamiliar.com\/es\/articulos\/acompanar-las-emociones-en-la-crianza\/","url":"https:\/\/acompanyamentfamiliar.com\/es\/articulos\/acompanar-las-emociones-en-la-crianza\/","name":"ACOMPA\u00d1AR LAS EMOCIONES EN LA CRIANZA - Acompanyament Familiar","isPartOf":{"@id":"https:\/\/acompanyamentfamiliar.com\/es\/#website"},"primaryImageOfPage":{"@id":"https:\/\/acompanyamentfamiliar.com\/es\/articulos\/acompanar-las-emociones-en-la-crianza\/#primaryimage"},"image":{"@id":"https:\/\/acompanyamentfamiliar.com\/es\/articulos\/acompanar-las-emociones-en-la-crianza\/#primaryimage"},"thumbnailUrl":"https:\/\/acompanyamentfamiliar.com\/wp-content\/uploads\/2025\/04\/acompanar-emociones-crianza.jpeg","datePublished":"2019-04-03T11:45:00+00:00","dateModified":"2025-04-13T11:45:32+00:00","breadcrumb":{"@id":"https:\/\/acompanyamentfamiliar.com\/es\/articulos\/acompanar-las-emociones-en-la-crianza\/#breadcrumb"},"inLanguage":"es","potentialAction":[{"@type":"ReadAction","target":["https:\/\/acompanyamentfamiliar.com\/es\/articulos\/acompanar-las-emociones-en-la-crianza\/"]}]},{"@type":"ImageObject","inLanguage":"es","@id":"https:\/\/acompanyamentfamiliar.com\/es\/articulos\/acompanar-las-emociones-en-la-crianza\/#primaryimage","url":"https:\/\/acompanyamentfamiliar.com\/wp-content\/uploads\/2025\/04\/acompanar-emociones-crianza.jpeg","contentUrl":"https:\/\/acompanyamentfamiliar.com\/wp-content\/uploads\/2025\/04\/acompanar-emociones-crianza.jpeg","width":645,"height":320,"caption":"Blog Acompanyament Familiar"},{"@type":"BreadcrumbList","@id":"https:\/\/acompanyamentfamiliar.com\/es\/articulos\/acompanar-las-emociones-en-la-crianza\/#breadcrumb","itemListElement":[{"@type":"ListItem","position":1,"name":"Portada","item":"https:\/\/acompanyamentfamiliar.com\/es\/"},{"@type":"ListItem","position":2,"name":"ACOMPA\u00d1AR LAS EMOCIONES EN LA CRIANZA"}]},{"@type":"WebSite","@id":"https:\/\/acompanyamentfamiliar.com\/es\/#website","url":"https:\/\/acompanyamentfamiliar.com\/es\/","name":"Acompanyament Familiar","description":"Psic\u00f3logas en Barcelona: Acompa\u00f1amiento familiar","publisher":{"@id":"https:\/\/acompanyamentfamiliar.com\/es\/#organization"},"potentialAction":[{"@type":"SearchAction","target":{"@type":"EntryPoint","urlTemplate":"https:\/\/acompanyamentfamiliar.com\/es\/?s={search_term_string}"},"query-input":{"@type":"PropertyValueSpecification","valueRequired":true,"valueName":"search_term_string"}}],"inLanguage":"es"},{"@type":"Organization","@id":"https:\/\/acompanyamentfamiliar.com\/es\/#organization","name":"Acompanyament Familiar","url":"https:\/\/acompanyamentfamiliar.com\/es\/","logo":{"@type":"ImageObject","inLanguage":"es","@id":"https:\/\/acompanyamentfamiliar.com\/es\/#\/schema\/logo\/image\/","url":"https:\/\/acompanyamentfamiliar.com\/wp-content\/uploads\/2025\/03\/logo_acompanyamnet_familiar.png","contentUrl":"https:\/\/acompanyamentfamiliar.com\/wp-content\/uploads\/2025\/03\/logo_acompanyamnet_familiar.png","width":241,"height":126,"caption":"Acompanyament Familiar"},"image":{"@id":"https:\/\/acompanyamentfamiliar.com\/es\/#\/schema\/logo\/image\/"}},{"@type":"Person","@id":"https:\/\/acompanyamentfamiliar.com\/es\/#\/schema\/person\/2cd1d7b797c09f8e73d0ab6b36585040","name":"admin","image":{"@type":"ImageObject","inLanguage":"es","@id":"https:\/\/acompanyamentfamiliar.com\/es\/#\/schema\/person\/image\/","url":"https:\/\/secure.gravatar.com\/avatar\/073937bd7f1a8c2904d9fa1ec5e3919f37a465744fcb187f31d4ddf76bcbd0d0?s=96&d=mm&r=g","contentUrl":"https:\/\/secure.gravatar.com\/avatar\/073937bd7f1a8c2904d9fa1ec5e3919f37a465744fcb187f31d4ddf76bcbd0d0?s=96&d=mm&r=g","caption":"admin"},"sameAs":["https:\/\/acompanyamentfamiliar.com"],"url":"https:\/\/acompanyamentfamiliar.com\/es\/author\/admin\/"}]}},"_links":{"self":[{"href":"https:\/\/acompanyamentfamiliar.com\/es\/wp-json\/wp\/v2\/posts\/999","targetHints":{"allow":["GET"]}}],"collection":[{"href":"https:\/\/acompanyamentfamiliar.com\/es\/wp-json\/wp\/v2\/posts"}],"about":[{"href":"https:\/\/acompanyamentfamiliar.com\/es\/wp-json\/wp\/v2\/types\/post"}],"author":[{"embeddable":true,"href":"https:\/\/acompanyamentfamiliar.com\/es\/wp-json\/wp\/v2\/users\/1"}],"replies":[{"embeddable":true,"href":"https:\/\/acompanyamentfamiliar.com\/es\/wp-json\/wp\/v2\/comments?post=999"}],"version-history":[{"count":1,"href":"https:\/\/acompanyamentfamiliar.com\/es\/wp-json\/wp\/v2\/posts\/999\/revisions"}],"predecessor-version":[{"id":1000,"href":"https:\/\/acompanyamentfamiliar.com\/es\/wp-json\/wp\/v2\/posts\/999\/revisions\/1000"}],"wp:featuredmedia":[{"embeddable":true,"href":"https:\/\/acompanyamentfamiliar.com\/es\/wp-json\/wp\/v2\/media\/1001"}],"wp:attachment":[{"href":"https:\/\/acompanyamentfamiliar.com\/es\/wp-json\/wp\/v2\/media?parent=999"}],"wp:term":[{"taxonomy":"category","embeddable":true,"href":"https:\/\/acompanyamentfamiliar.com\/es\/wp-json\/wp\/v2\/categories?post=999"},{"taxonomy":"post_tag","embeddable":true,"href":"https:\/\/acompanyamentfamiliar.com\/es\/wp-json\/wp\/v2\/tags?post=999"}],"curies":[{"name":"wp","href":"https:\/\/api.w.org\/{rel}","templated":true}]}}